{"id":1129,"date":"2024-11-26T07:51:20","date_gmt":"2024-11-26T06:51:20","guid":{"rendered":"https:\/\/dualar.com\/nl\/2024\/11\/26\/abdli-musluman-grup-bideni-oorlogsmisdadiger-verklaarde\/"},"modified":"2024-11-26T07:51:26","modified_gmt":"2024-11-26T06:51:26","slug":"abdli-musluman-grup-bideni-oorlogsmisdadiger-verklaarde","status":"publish","type":"post","link":"https:\/\/dualar.com\/nl\/2024\/11\/26\/abdli-musluman-grup-bideni-oorlogsmisdadiger-verklaarde\/","title":{"rendered":"&#8216;ABD&#8217;li M\u00fcsl\u00fcman Grup, Biden&#8217;\u0131 &#8216;Oorlogsmisdadiger&#8217; Verklaarde&#8217;"},"content":{"rendered":"<div>\n<p><strong>President Biden door CAIR uitgeroepen tot &#8220;Oorlogsmisdadiger&#8221;<\/strong><\/p>\n<p>De Council on American-Islamic Relations (CAIR), de grootste organisatie voor de mensenrechten van moslims in de VS, heeft President Joe Biden op woensdag uitgeroepen tot &#8220;oorlogsmisdadiger&#8221; vanwege zijn beslissing om door te gaan met het leveren van wapens aan Isra\u00ebl. Deze beslissing bekritiseert Biden\u2019s houding ten opzichte van Isra\u00ebl, dat niet voldoet aan de door de VS gestelde deadline voor het toestaan van humanitaire hulp aan Gaza.<\/p>\n<p>CAIR benadrukte dat Biden\u2019s acties betekenen dat hij medeplichtig is aan oorlogsmisdaden en zei: \u201cHet opzettelijk financieren van oorlogsmisdaden is een schending van de Amerikaanse en internationale wetgeving, en betekent dat je een oorlogsmisdadiger bent.\u201d De organisatie veroordeelde Biden\u2019s beslissing met de volgende woorden: \u201cWe veroordelen krachtig de beslissing van President Biden om voort te gaan met het leveren van dodelijke wapens aan de Isra\u00eblische regering, ondanks de 30 dagen deadline die we hebben vastgesteld voor (Premier) Benjamin Netanyahu om de belegering van Gaza te stoppen.\u201d<\/p>\n<p><strong>Waarschuwing aan Isra\u00ebl en Gevolgen<\/strong><\/p>\n<p>Buitenlandse Zaken Minister Antony Blinken en Defensie Minister Lloyd Austin stuurden op 13 oktober een brief naar hun Isra\u00eblische tegenhangers, waarin zij aangaven dat de humanitaire omstandigheden in Gaza binnen 30 dagen moeten verbeteren, anders zullen er gevolgen zijn. In de brief werden concrete eisen opgesomd, zoals het toestaan van minstens 350 hulpvoertuigen per dag in Gaza en het vermijden van het aannemen van een controversi\u00eble wet die de activiteiten van de VN-organisatie voor Palestijnse vluchtelingen (UNRWA) zou verbieden.<\/p>\n<p><strong>Isra\u00ebl\u2019s Acties en de Reactie van de VS<\/strong><\/p>\n<p>De VS hebben op dinsdag verklaard dat er geen aankondiging van een beleidsverandering is geweest, omdat Isra\u00ebl geen maatregelen heeft genomen om de humanitaire crisis in Gaza te verlichten. \u201cOp dit moment hebben we geen beoordeling gemaakt dat Isra\u00ebl de Amerikaanse wetten overtreedt,\u201d werd er gezegd.<\/p>\n<p>In een rapport gepubliceerd op dinsdag zeiden acht humanitaire organisaties, waaronder Anera en Oxfam, dat Isra\u00ebl \u201cniet alleen voldoet aan de Amerikaanse criteria die een humanitaire reactie ondersteunen, maar ook acties onderneemt die de situatie ter plaatse dramatisch verergeren.\u201d<\/p>\n<p><strong>Conclusie en Uitnodiging<\/strong><\/p>\n<p>Deze ontwikkelingen benadrukken opnieuw hoe controversieel de Amerikaanse politiek en humanitaire inspanningen in het Midden-Oosten zijn. Wilt u ook uw gedachten delen? U kunt onze links bekijken voor meer nieuws.<\/p>\n<p><a href=\"https:\/\/www.cair.com\">CAIR Offici\u00eble Website<\/a> | <a href=\"https:\/\/www.state.gov\">Amerikaanse Ministerie van Buitenlandse Zaken<\/a><\/p>\n<\/div>\n","protected":false},"excerpt":{"rendered":"<p>De Council on American-Islamic Relations (CAIR) heeft President Joe Biden uitgeroepen tot &#8220;oorlogsmisdadiger&#8221; vanwege zijn beslissing om wapens aan Isra\u00ebl te blijven leveren, ondanks de humanitaire crisis in Gaza. CAIR stelt dat Biden medeplichtig is aan oorlogsmisdaden en schendt zowel Amerikaanse als internationale wetgeving. Buitenlandse Zaken Minister Antony Blinken en Defensie Minister Lloyd Austin hebben Isra\u00ebl gewaarschuwd dat er gevolgen zullen zijn als de humanitaire omstandigheden in Gaza niet verbeteren binnen 30 dagen. Humanitaire organisaties wijzen erop dat Isra\u00ebl de situatie verergert en niet voldoet aan de Amerikaanse criteria voor humanitaire hulp.<\/p>\n","protected":false},"author":1,"featured_media":1130,"comment_status":"open","ping_status":"open","sticky":false,"template":"","format":"standard","meta":{"_kad_blocks_custom_css":"","_kad_blocks_head_custom_js":"","_kad_blocks_body_custom_js":"","_kad_blocks_footer_custom_js":"","_kadence_starter_templates_imported_post":false,"_kad_post_transparent":"","_kad_post_title":"","_kad_post_layout":"","_kad_post_sidebar_id":"","_kad_post_content_style":"","_kad_post_vertical_padding":"","_kad_post_feature":"","_kad_post_feature_position":"","_kad_post_header":false,"_kad_post_footer":false,"footnotes":""},"categories":[2],"tags":[68,71,70,69,72,73],"class_list":["post-1129","post","type-post","status-publish","format-standard","has-post-thumbnail","hentry","category-mondiaal-moslim-nieuws","tag-abd","tag-biden","tag-grup","tag-musluman","tag-oorlogsmisdadiger","tag-verklaarde"],"yoast_head":"<!-- This site is optimized with the Yoast SEO plugin v23.9 - https:\/\/yoast.com\/wordpress\/plugins\/seo\/ -->\n<title>&#039;ABD&#039;li M\u00fcsl\u00fcman Grup, Biden&#039;\u0131 &#039;Oorlogsmisdadiger&#039; Verklaarde&#039; - Dualar.com\/nl<\/title>\n<meta name=\"description\" content=\"CAIR heeft President Biden uitgeroepen tot &quot;oorlogsmisdadiger&quot; vanwege wapenleveringen aan Isra\u00ebl en de humanitaire situatie in Gaza.\" \/>\n<meta name=\"robots\" content=\"index, follow, max-snippet:-1, max-image-preview:large, max-video-preview:-1\" \/>\n<link rel=\"canonical\" href=\"https:\/\/dualar.com\/nl\/2024\/11\/26\/abdli-musluman-grup-bideni-oorlogsmisdadiger-verklaarde\/\" \/>\n<meta property=\"og:locale\" content=\"nl_NL\" \/>\n<meta property=\"og:type\" content=\"article\" \/>\n<meta property=\"og:title\" content=\"&#039;ABD&#039;li M\u00fcsl\u00fcman Grup, Biden&#039;\u0131 &#039;Oorlogsmisdadiger&#039; Verklaarde&#039; - Dualar.com\/nl\" \/>\n<meta property=\"og:description\" content=\"CAIR heeft President Biden uitgeroepen tot &quot;oorlogsmisdadiger&quot; vanwege wapenleveringen aan Isra\u00ebl en de humanitaire situatie in Gaza.\" \/>\n<meta property=\"og:url\" content=\"https:\/\/dualar.com\/nl\/2024\/11\/26\/abdli-musluman-grup-bideni-oorlogsmisdadiger-verklaarde\/\" \/>\n<meta property=\"og:site_name\" content=\"Dualar.com\/nl\" \/>\n<meta property=\"article:published_time\" content=\"2024-11-26T06:51:20+00:00\" \/>\n<meta property=\"article:modified_time\" content=\"2024-11-26T06:51:26+00:00\" \/>\n<meta property=\"og:image\" content=\"https:\/\/dualar.com\/nl\/wp-content\/uploads\/sites\/2\/2024\/11\/ABDli-Musluman-Grup-Bideni-Oorlogsmisdadiger-Verklaarde.jpeg\" \/>\n\t<meta property=\"og:image:width\" content=\"550\" \/>\n\t<meta property=\"og:image:height\" content=\"309\" \/>\n\t<meta property=\"og:image:type\" content=\"image\/jpeg\" \/>\n<meta name=\"author\" content=\"info@blueappleagency.nl\" \/>\n<meta name=\"twitter:card\" content=\"summary_large_image\" \/>\n<meta name=\"twitter:label1\" content=\"Geschreven door\" \/>\n\t<meta name=\"twitter:data1\" content=\"info@blueappleagency.nl\" \/>\n\t<meta name=\"twitter:label2\" content=\"Geschatte leestijd\" \/>\n\t<meta name=\"twitter:data2\" content=\"2 minuten\" \/>\n<script type=\"application\/ld+json\" class=\"yoast-schema-graph\">{\"@context\":\"https:\/\/schema.org\",\"@graph\":[{\"@type\":\"Article\",\"@id\":\"https:\/\/dualar.com\/nl\/2024\/11\/26\/abdli-musluman-grup-bideni-oorlogsmisdadiger-verklaarde\/#article\",\"isPartOf\":{\"@id\":\"https:\/\/dualar.com\/nl\/2024\/11\/26\/abdli-musluman-grup-bideni-oorlogsmisdadiger-verklaarde\/\"},\"author\":{\"name\":\"info@blueappleagency.nl\",\"@id\":\"https:\/\/dualar.com\/nl\/#\/schema\/person\/d920bfed24e7ef4d145c3664464931fd\"},\"headline\":\"&#8216;ABD&#8217;li M\u00fcsl\u00fcman Grup, Biden&#8217;\u0131 &#8216;Oorlogsmisdadiger&#8217; Verklaarde&#8217;\",\"datePublished\":\"2024-11-26T06:51:20+00:00\",\"dateModified\":\"2024-11-26T06:51:26+00:00\",\"mainEntityOfPage\":{\"@id\":\"https:\/\/dualar.com\/nl\/2024\/11\/26\/abdli-musluman-grup-bideni-oorlogsmisdadiger-verklaarde\/\"},\"wordCount\":398,\"commentCount\":0,\"publisher\":{\"@id\":\"https:\/\/dualar.com\/nl\/#organization\"},\"image\":{\"@id\":\"https:\/\/dualar.com\/nl\/2024\/11\/26\/abdli-musluman-grup-bideni-oorlogsmisdadiger-verklaarde\/#primaryimage\"},\"thumbnailUrl\":\"https:\/\/dualar.com\/nl\/wp-content\/uploads\/sites\/2\/2024\/11\/ABDli-Musluman-Grup-Bideni-Oorlogsmisdadiger-Verklaarde.jpeg\",\"keywords\":[\"ABD\",\"Biden\",\"Grup\",\"M\u00fcsl\u00fcman\",\"Oorlogsmisdadiger\",\"Verklaarde\"],\"articleSection\":[\"Mondiaal Moslim Nieuws\"],\"inLanguage\":\"nl-NL\",\"potentialAction\":[{\"@type\":\"CommentAction\",\"name\":\"Comment\",\"target\":[\"https:\/\/dualar.com\/nl\/2024\/11\/26\/abdli-musluman-grup-bideni-oorlogsmisdadiger-verklaarde\/#respond\"]}]},{\"@type\":\"WebPage\",\"@id\":\"https:\/\/dualar.com\/nl\/2024\/11\/26\/abdli-musluman-grup-bideni-oorlogsmisdadiger-verklaarde\/\",\"url\":\"https:\/\/dualar.com\/nl\/2024\/11\/26\/abdli-musluman-grup-bideni-oorlogsmisdadiger-verklaarde\/\",\"name\":\"'ABD'li M\u00fcsl\u00fcman Grup, Biden'\u0131 'Oorlogsmisdadiger' Verklaarde' - Dualar.com\/nl\",\"isPartOf\":{\"@id\":\"https:\/\/dualar.com\/nl\/#website\"},\"primaryImageOfPage\":{\"@id\":\"https:\/\/dualar.com\/nl\/2024\/11\/26\/abdli-musluman-grup-bideni-oorlogsmisdadiger-verklaarde\/#primaryimage\"},\"image\":{\"@id\":\"https:\/\/dualar.com\/nl\/2024\/11\/26\/abdli-musluman-grup-bideni-oorlogsmisdadiger-verklaarde\/#primaryimage\"},\"thumbnailUrl\":\"https:\/\/dualar.com\/nl\/wp-content\/uploads\/sites\/2\/2024\/11\/ABDli-Musluman-Grup-Bideni-Oorlogsmisdadiger-Verklaarde.jpeg\",\"datePublished\":\"2024-11-26T06:51:20+00:00\",\"dateModified\":\"2024-11-26T06:51:26+00:00\",\"description\":\"CAIR heeft President Biden uitgeroepen tot \\\"oorlogsmisdadiger\\\" vanwege wapenleveringen aan Isra\u00ebl en de humanitaire situatie in Gaza.\",\"breadcrumb\":{\"@id\":\"https:\/\/dualar.com\/nl\/2024\/11\/26\/abdli-musluman-grup-bideni-oorlogsmisdadiger-verklaarde\/#breadcrumb\"},\"inLanguage\":\"nl-NL\",\"potentialAction\":[{\"@type\":\"ReadAction\",\"target\":[\"https:\/\/dualar.com\/nl\/2024\/11\/26\/abdli-musluman-grup-bideni-oorlogsmisdadiger-verklaarde\/\"]}]},{\"@type\":\"ImageObject\",\"inLanguage\":\"nl-NL\",\"@id\":\"https:\/\/dualar.com\/nl\/2024\/11\/26\/abdli-musluman-grup-bideni-oorlogsmisdadiger-verklaarde\/#primaryimage\",\"url\":\"https:\/\/dualar.com\/nl\/wp-content\/uploads\/sites\/2\/2024\/11\/ABDli-Musluman-Grup-Bideni-Oorlogsmisdadiger-Verklaarde.jpeg\",\"contentUrl\":\"https:\/\/dualar.com\/nl\/wp-content\/uploads\/sites\/2\/2024\/11\/ABDli-Musluman-Grup-Bideni-Oorlogsmisdadiger-Verklaarde.jpeg\",\"width\":550,\"height\":309,\"caption\":\"'ABD'li M\u00fcsl\u00fcman Grup, Biden'\u0131 'Oorlogsmisdadiger' Verklaarde'\"},{\"@type\":\"BreadcrumbList\",\"@id\":\"https:\/\/dualar.com\/nl\/2024\/11\/26\/abdli-musluman-grup-bideni-oorlogsmisdadiger-verklaarde\/#breadcrumb\",\"itemListElement\":[{\"@type\":\"ListItem\",\"position\":1,\"name\":\"Home\",\"item\":\"https:\/\/dualar.com\/nl\/\"},{\"@type\":\"ListItem\",\"position\":2,\"name\":\"&#8216;ABD&#8217;li M\u00fcsl\u00fcman Grup, Biden&#8217;\u0131 &#8216;Oorlogsmisdadiger&#8217; Verklaarde&#8217;\"}]},{\"@type\":\"WebSite\",\"@id\":\"https:\/\/dualar.com\/nl\/#website\",\"url\":\"https:\/\/dualar.com\/nl\/\",\"name\":\"Dualar.com\/nl\",\"description\":\"Gebeden die u op elk moment inspireren\",\"publisher\":{\"@id\":\"https:\/\/dualar.com\/nl\/#organization\"},\"potentialAction\":[{\"@type\":\"SearchAction\",\"target\":{\"@type\":\"EntryPoint\",\"urlTemplate\":\"https:\/\/dualar.com\/nl\/?s={search_term_string}\"},\"query-input\":{\"@type\":\"PropertyValueSpecification\",\"valueRequired\":true,\"valueName\":\"search_term_string\"}}],\"inLanguage\":\"nl-NL\"},{\"@type\":\"Organization\",\"@id\":\"https:\/\/dualar.com\/nl\/#organization\",\"name\":\"Dualar.com\/nl\",\"url\":\"https:\/\/dualar.com\/nl\/\",\"logo\":{\"@type\":\"ImageObject\",\"inLanguage\":\"nl-NL\",\"@id\":\"https:\/\/dualar.com\/nl\/#\/schema\/logo\/image\/\",\"url\":\"https:\/\/dualar.com\/nl\/wp-content\/uploads\/sites\/2\/2024\/11\/Her-Aniniza-Ilham-Veren-Dualar-1.png\",\"contentUrl\":\"https:\/\/dualar.com\/nl\/wp-content\/uploads\/sites\/2\/2024\/11\/Her-Aniniza-Ilham-Veren-Dualar-1.png\",\"width\":1000,\"height\":300,\"caption\":\"Dualar.com\/nl\"},\"image\":{\"@id\":\"https:\/\/dualar.com\/nl\/#\/schema\/logo\/image\/\"}},{\"@type\":\"Person\",\"@id\":\"https:\/\/dualar.com\/nl\/#\/schema\/person\/d920bfed24e7ef4d145c3664464931fd\",\"name\":\"info@blueappleagency.nl\",\"image\":{\"@type\":\"ImageObject\",\"inLanguage\":\"nl-NL\",\"@id\":\"https:\/\/dualar.com\/nl\/#\/schema\/person\/image\/\",\"url\":\"https:\/\/secure.gravatar.com\/avatar\/4bcc94ad74be7f14c7e9a39e3f95a587?s=96&d=mm&r=g\",\"contentUrl\":\"https:\/\/secure.gravatar.com\/avatar\/4bcc94ad74be7f14c7e9a39e3f95a587?s=96&d=mm&r=g\",\"caption\":\"info@blueappleagency.nl\"},\"sameAs\":[\"http:\/\/dualar.com\"],\"url\":\"#\"}]}<\/script>\n<!-- \/ Yoast SEO plugin. -->","yoast_head_json":{"title":"'ABD'li M\u00fcsl\u00fcman Grup, Biden'\u0131 'Oorlogsmisdadiger' Verklaarde' - Dualar.com\/nl","description":"CAIR heeft President Biden uitgeroepen tot \"oorlogsmisdadiger\" vanwege wapenleveringen aan Isra\u00ebl en de humanitaire situatie in Gaza.","robots":{"index":"index","follow":"follow","max-snippet":"max-snippet:-1","max-image-preview":"max-image-preview:large","max-video-preview":"max-video-preview:-1"},"canonical":"https:\/\/dualar.com\/nl\/2024\/11\/26\/abdli-musluman-grup-bideni-oorlogsmisdadiger-verklaarde\/","og_locale":"nl_NL","og_type":"article","og_title":"'ABD'li M\u00fcsl\u00fcman Grup, Biden'\u0131 'Oorlogsmisdadiger' Verklaarde' - Dualar.com\/nl","og_description":"CAIR heeft President Biden uitgeroepen tot \"oorlogsmisdadiger\" vanwege wapenleveringen aan Isra\u00ebl en de humanitaire situatie in Gaza.","og_url":"https:\/\/dualar.com\/nl\/2024\/11\/26\/abdli-musluman-grup-bideni-oorlogsmisdadiger-verklaarde\/","og_site_name":"Dualar.com\/nl","article_published_time":"2024-11-26T06:51:20+00:00","article_modified_time":"2024-11-26T06:51:26+00:00","og_image":[{"width":550,"height":309,"url":"https:\/\/dualar.com\/nl\/wp-content\/uploads\/sites\/2\/2024\/11\/ABDli-Musluman-Grup-Bideni-Oorlogsmisdadiger-Verklaarde.jpeg","type":"image\/jpeg"}],"author":"info@blueappleagency.nl","twitter_card":"summary_large_image","twitter_misc":{"Geschreven door":"info@blueappleagency.nl","Geschatte leestijd":"2 minuten"},"schema":{"@context":"https:\/\/schema.org","@graph":[{"@type":"Article","@id":"https:\/\/dualar.com\/nl\/2024\/11\/26\/abdli-musluman-grup-bideni-oorlogsmisdadiger-verklaarde\/#article","isPartOf":{"@id":"https:\/\/dualar.com\/nl\/2024\/11\/26\/abdli-musluman-grup-bideni-oorlogsmisdadiger-verklaarde\/"},"author":{"name":"info@blueappleagency.nl","@id":"https:\/\/dualar.com\/nl\/#\/schema\/person\/d920bfed24e7ef4d145c3664464931fd"},"headline":"&#8216;ABD&#8217;li M\u00fcsl\u00fcman Grup, Biden&#8217;\u0131 &#8216;Oorlogsmisdadiger&#8217; Verklaarde&#8217;","datePublished":"2024-11-26T06:51:20+00:00","dateModified":"2024-11-26T06:51:26+00:00","mainEntityOfPage":{"@id":"https:\/\/dualar.com\/nl\/2024\/11\/26\/abdli-musluman-grup-bideni-oorlogsmisdadiger-verklaarde\/"},"wordCount":398,"commentCount":0,"publisher":{"@id":"https:\/\/dualar.com\/nl\/#organization"},"image":{"@id":"https:\/\/dualar.com\/nl\/2024\/11\/26\/abdli-musluman-grup-bideni-oorlogsmisdadiger-verklaarde\/#primaryimage"},"thumbnailUrl":"https:\/\/dualar.com\/nl\/wp-content\/uploads\/sites\/2\/2024\/11\/ABDli-Musluman-Grup-Bideni-Oorlogsmisdadiger-Verklaarde.jpeg","keywords":["ABD","Biden","Grup","M\u00fcsl\u00fcman","Oorlogsmisdadiger","Verklaarde"],"articleSection":["Mondiaal Moslim Nieuws"],"inLanguage":"nl-NL","potentialAction":[{"@type":"CommentAction","name":"Comment","target":["https:\/\/dualar.com\/nl\/2024\/11\/26\/abdli-musluman-grup-bideni-oorlogsmisdadiger-verklaarde\/#respond"]}]},{"@type":"WebPage","@id":"https:\/\/dualar.com\/nl\/2024\/11\/26\/abdli-musluman-grup-bideni-oorlogsmisdadiger-verklaarde\/","url":"https:\/\/dualar.com\/nl\/2024\/11\/26\/abdli-musluman-grup-bideni-oorlogsmisdadiger-verklaarde\/","name":"'ABD'li M\u00fcsl\u00fcman Grup, Biden'\u0131 'Oorlogsmisdadiger' Verklaarde' - Dualar.com\/nl","isPartOf":{"@id":"https:\/\/dualar.com\/nl\/#website"},"primaryImageOfPage":{"@id":"https:\/\/dualar.com\/nl\/2024\/11\/26\/abdli-musluman-grup-bideni-oorlogsmisdadiger-verklaarde\/#primaryimage"},"image":{"@id":"https:\/\/dualar.com\/nl\/2024\/11\/26\/abdli-musluman-grup-bideni-oorlogsmisdadiger-verklaarde\/#primaryimage"},"thumbnailUrl":"https:\/\/dualar.com\/nl\/wp-content\/uploads\/sites\/2\/2024\/11\/ABDli-Musluman-Grup-Bideni-Oorlogsmisdadiger-Verklaarde.jpeg","datePublished":"2024-11-26T06:51:20+00:00","dateModified":"2024-11-26T06:51:26+00:00","description":"CAIR heeft President Biden uitgeroepen tot \"oorlogsmisdadiger\" vanwege wapenleveringen aan Isra\u00ebl en de humanitaire situatie in Gaza.","breadcrumb":{"@id":"https:\/\/dualar.com\/nl\/2024\/11\/26\/abdli-musluman-grup-bideni-oorlogsmisdadiger-verklaarde\/#breadcrumb"},"inLanguage":"nl-NL","potentialAction":[{"@type":"ReadAction","target":["https:\/\/dualar.com\/nl\/2024\/11\/26\/abdli-musluman-grup-bideni-oorlogsmisdadiger-verklaarde\/"]}]},{"@type":"ImageObject","inLanguage":"nl-NL","@id":"https:\/\/dualar.com\/nl\/2024\/11\/26\/abdli-musluman-grup-bideni-oorlogsmisdadiger-verklaarde\/#primaryimage","url":"https:\/\/dualar.com\/nl\/wp-content\/uploads\/sites\/2\/2024\/11\/ABDli-Musluman-Grup-Bideni-Oorlogsmisdadiger-Verklaarde.jpeg","contentUrl":"https:\/\/dualar.com\/nl\/wp-content\/uploads\/sites\/2\/2024\/11\/ABDli-Musluman-Grup-Bideni-Oorlogsmisdadiger-Verklaarde.jpeg","width":550,"height":309,"caption":"'ABD'li M\u00fcsl\u00fcman Grup, Biden'\u0131 'Oorlogsmisdadiger' Verklaarde'"},{"@type":"BreadcrumbList","@id":"https:\/\/dualar.com\/nl\/2024\/11\/26\/abdli-musluman-grup-bideni-oorlogsmisdadiger-verklaarde\/#breadcrumb","itemListElement":[{"@type":"ListItem","position":1,"name":"Home","item":"https:\/\/dualar.com\/nl\/"},{"@type":"ListItem","position":2,"name":"&#8216;ABD&#8217;li M\u00fcsl\u00fcman Grup, Biden&#8217;\u0131 &#8216;Oorlogsmisdadiger&#8217; Verklaarde&#8217;"}]},{"@type":"WebSite","@id":"https:\/\/dualar.com\/nl\/#website","url":"https:\/\/dualar.com\/nl\/","name":"Dualar.com\/nl","description":"Gebeden die u op elk moment inspireren","publisher":{"@id":"https:\/\/dualar.com\/nl\/#organization"},"potentialAction":[{"@type":"SearchAction","target":{"@type":"EntryPoint","urlTemplate":"https:\/\/dualar.com\/nl\/?s={search_term_string}"},"query-input":{"@type":"PropertyValueSpecification","valueRequired":true,"valueName":"search_term_string"}}],"inLanguage":"nl-NL"},{"@type":"Organization","@id":"https:\/\/dualar.com\/nl\/#organization","name":"Dualar.com\/nl","url":"https:\/\/dualar.com\/nl\/","logo":{"@type":"ImageObject","inLanguage":"nl-NL","@id":"https:\/\/dualar.com\/nl\/#\/schema\/logo\/image\/","url":"https:\/\/dualar.com\/nl\/wp-content\/uploads\/sites\/2\/2024\/11\/Her-Aniniza-Ilham-Veren-Dualar-1.png","contentUrl":"https:\/\/dualar.com\/nl\/wp-content\/uploads\/sites\/2\/2024\/11\/Her-Aniniza-Ilham-Veren-Dualar-1.png","width":1000,"height":300,"caption":"Dualar.com\/nl"},"image":{"@id":"https:\/\/dualar.com\/nl\/#\/schema\/logo\/image\/"}},{"@type":"Person","@id":"https:\/\/dualar.com\/nl\/#\/schema\/person\/d920bfed24e7ef4d145c3664464931fd","name":"info@blueappleagency.nl","image":{"@type":"ImageObject","inLanguage":"nl-NL","@id":"https:\/\/dualar.com\/nl\/#\/schema\/person\/image\/","url":"https:\/\/secure.gravatar.com\/avatar\/4bcc94ad74be7f14c7e9a39e3f95a587?s=96&d=mm&r=g","contentUrl":"https:\/\/secure.gravatar.com\/avatar\/4bcc94ad74be7f14c7e9a39e3f95a587?s=96&d=mm&r=g","caption":"info@blueappleagency.nl"},"sameAs":["http:\/\/dualar.com"],"url":"#"}]}},"taxonomy_info":{"category":[{"value":2,"label":"Mondiaal Moslim Nieuws"}],"post_tag":[{"value":68,"label":"ABD"},{"value":71,"label":"Biden"},{"value":70,"label":"Grup"},{"value":69,"label":"M\u00fcsl\u00fcman"},{"value":72,"label":"Oorlogsmisdadiger"},{"value":73,"label":"Verklaarde"}]},"featured_image_src_large":["https:\/\/dualar.com\/nl\/wp-content\/uploads\/sites\/2\/2024\/11\/ABDli-Musluman-Grup-Bideni-Oorlogsmisdadiger-Verklaarde.jpeg",550,309,false],"author_info":{"display_name":"info@blueappleagency.nl","author_link":"#"},"comment_info":0,"category_info":[{"term_id":2,"name":"Mondiaal Moslim Nieuws","slug":"mondiaal-moslim-nieuws","term_group":0,"term_taxonomy_id":2,"taxonomy":"category","description":"","parent":0,"count":1312,"filter":"raw","cat_ID":2,"category_count":1312,"category_description":"","cat_name":"Mondiaal Moslim Nieuws","category_nicename":"mondiaal-moslim-nieuws","category_parent":0}],"tag_info":[{"term_id":68,"name":"ABD","slug":"abd","term_group":0,"term_taxonomy_id":68,"taxonomy":"post_tag","description":"","parent":0,"count":1,"filter":"raw"},{"term_id":71,"name":"Biden","slug":"biden","term_group":0,"term_taxonomy_id":71,"taxonomy":"post_tag","description":"","parent":0,"count":5,"filter":"raw"},{"term_id":70,"name":"Grup","slug":"grup","term_group":0,"term_taxonomy_id":70,"taxonomy":"post_tag","description":"","parent":0,"count":1,"filter":"raw"},{"term_id":69,"name":"M\u00fcsl\u00fcman","slug":"musluman","term_group":0,"term_taxonomy_id":69,"taxonomy":"post_tag","description":"","parent":0,"count":3,"filter":"raw"},{"term_id":72,"name":"Oorlogsmisdadiger","slug":"oorlogsmisdadiger","term_group":0,"term_taxonomy_id":72,"taxonomy":"post_tag","description":"","parent":0,"count":1,"filter":"raw"},{"term_id":73,"name":"Verklaarde","slug":"verklaarde","term_group":0,"term_taxonomy_id":73,"taxonomy":"post_tag","description":"","parent":0,"count":1,"filter":"raw"}],"_links":{"self":[{"href":"https:\/\/dualar.com\/nl\/wp-json\/wp\/v2\/posts\/1129","targetHints":{"allow":["GET"]}}],"collection":[{"href":"https:\/\/dualar.com\/nl\/wp-json\/wp\/v2\/posts"}],"about":[{"href":"https:\/\/dualar.com\/nl\/wp-json\/wp\/v2\/types\/post"}],"author":[{"embeddable":true,"href":"https:\/\/dualar.com\/nl\/wp-json\/wp\/v2\/users\/1"}],"replies":[{"embeddable":true,"href":"https:\/\/dualar.com\/nl\/wp-json\/wp\/v2\/comments?post=1129"}],"version-history":[{"count":1,"href":"https:\/\/dualar.com\/nl\/wp-json\/wp\/v2\/posts\/1129\/revisions"}],"predecessor-version":[{"id":1131,"href":"https:\/\/dualar.com\/nl\/wp-json\/wp\/v2\/posts\/1129\/revisions\/1131"}],"wp:featuredmedia":[{"embeddable":true,"href":"https:\/\/dualar.com\/nl\/wp-json\/wp\/v2\/media\/1130"}],"wp:attachment":[{"href":"https:\/\/dualar.com\/nl\/wp-json\/wp\/v2\/media?parent=1129"}],"wp:term":[{"taxonomy":"category","embeddable":true,"href":"https:\/\/dualar.com\/nl\/wp-json\/wp\/v2\/categories?post=1129"},{"taxonomy":"post_tag","embeddable":true,"href":"https:\/\/dualar.com\/nl\/wp-json\/wp\/v2\/tags?post=1129"}],"curies":[{"name":"wp","href":"https:\/\/api.w.org\/{rel}","templated":true}]}}