{"id":1149,"date":"2024-11-26T08:45:11","date_gmt":"2024-11-26T07:45:11","guid":{"rendered":"https:\/\/dualar.com\/nl\/2024\/11\/26\/turkije-heeft-alle-banden-met-israel-verbroken-vanwege-de-genocide-in-gaza\/"},"modified":"2024-11-26T08:45:17","modified_gmt":"2024-11-26T07:45:17","slug":"turkije-heeft-alle-banden-met-israel-verbroken-vanwege-de-genocide-in-gaza","status":"publish","type":"post","link":"https:\/\/dualar.com\/nl\/2024\/11\/26\/turkije-heeft-alle-banden-met-israel-verbroken-vanwege-de-genocide-in-gaza\/","title":{"rendered":"Turkije heeft alle banden met Isra\u00ebl verbroken vanwege de &#8216;genocide&#8217; in Gaza"},"content":{"rendered":"<div>\n<p><strong>Turkije-Isra\u00ebl Relaties: Erdo\u011fan Zei dat Hij Alle Relaties met Isra\u00ebl Heeft Verbroken<\/strong><\/p>\n<p>Ankara: De Turkse president Recep Tayyip Erdo\u011fan heeft aangekondigd dat zijn regering alle banden met Isra\u00ebl heeft verbroken vanwege de aanhoudende genocide in de Gazastrook. Op 13 november, na zijn bezoeken aan Saoedi-Arabi\u00eb en Azerbeidzjan, sprak Erdo\u011fan met journalisten en zei: &#8220;De regering van de Republiek Turkije kan onder mijn leiding de relaties met Isra\u00ebl niet voortzetten en ontwikkelen.&#8221; Met deze verklaring maakte Erdo\u011fan duidelijk wat zijn standpunt is over het sleutelwoord &#8220;Turkije-Isra\u00ebl relaties&#8221;.<\/p>\n<h3>Turkije&#8217;s Harde Reactie Tegenover Isra\u00ebl<\/h3>\n<p>Erdo\u011fan benadrukte dat Turkije de sterkste reactie heeft gegeven op de situatie in Palestina en riep de Isra\u00eblische premier Benjamin Netanyahu op om verantwoording af te leggen voor de genocide. Daarnaast uitte hij zijn bezorgdheid over de toenemende agressie van Isra\u00ebl op Palestijnse grond en de situaties in Libanon. Erdo\u011fan gaf aan dat de stroom van wapens en munitie de situatie verder zou verergeren.<\/p>\n<h3>Turkije&#8217;s Reactie op de Gebeurtenissen in Gaza<\/h3>\n<p>Sinds oktober 2023 heeft Turkije Isra\u00ebl&#8217;s acties in Gaza krachtig veroordeeld. Turkije heeft een wapenstilstand ge\u00ebist voor Isra\u00ebl, dat het beschuldigt van het uitvoeren van massamoorden op Palestijnse burgers, en grote druk uitgeoefend op Tel Aviv. In mei stopte Turkije de handel met Isra\u00ebl, ondanks beperkingen op de export van 54 producten. De Isra\u00eblische agressie tegen Gaza ging echter onverminderd door.<\/p>\n<h3>De Situatie in Gaza<\/h3>\n<p>Tijdens de oorlog die op 7 oktober 2023 begon, zijn volgens het Gazaanse Ministerie van Gezondheid 43.712 Palestijnen omgekomen en zijn 103.258 mensen gewond geraakt door de aanvallen van Isra\u00ebl op Gaza. Naar schatting zijn minstens 10.000 mensen vermist en onder het puin begraven.<\/p>\n<p>Turkije&#8217;s nieuwe houding ten opzichte van de &#8220;Turkije-Isra\u00ebl relaties&#8221; kan de verhoudingen in de regio be\u00efnvloeden. Het lijkt erop dat Turkije zijn vastberadenheid in deze kwestie wil vergroten om meer steun in de internationale gemeenschap te verwerven.<\/p>\n<p><strong>Deel uw Gedachten<\/strong><\/p>\n<p>Deel uw gedachten met ons over dit onderwerp of bezoek onze site om gerelateerde artikelen te lezen. Voor meer informatie over de Turkije-Isra\u00ebl relaties kunt u bronnen zoals <a href=\"https:\/\/www.bbc.com\">BBC<\/a> en <a href=\"https:\/\/www.aljazeera.com\">Al Jazeera<\/a> volgen.<\/p>\n<\/div>\n","protected":false},"excerpt":{"rendered":"<p>De Turkse president Recep Tayyip Erdo\u011fan heeft aangekondigd dat Turkije alle relaties met Isra\u00ebl heeft verbroken als reactie op de genocide in de Gazastrook. Tijdens een persconferentie op 13 november verklaarde hij dat het onder zijn leiding niet mogelijk is om de banden met Isra\u00ebl voort te zetten. Erdo\u011fan riep premier Netanyahu op om verantwoording af te leggen en uitte zorgen over de Isra\u00eblische agressie tegen Palestijnen en de situatie in Libanon. Sinds oktober heeft Turkije Isra\u00ebl&#8217;s acties in Gaza krachtig veroordeeld, met een eis voor wapenstilstand en het stopzetten van handel, terwijl het aantal slachtoffers in Gaza blijft stijgen.<\/p>\n","protected":false},"author":1,"featured_media":1150,"comment_status":"open","ping_status":"open","sticky":false,"template":"","format":"standard","meta":{"_kad_blocks_custom_css":"","_kad_blocks_head_custom_js":"","_kad_blocks_body_custom_js":"","_kad_blocks_footer_custom_js":"","_kadence_starter_templates_imported_post":false,"_kad_post_transparent":"","_kad_post_title":"","_kad_post_layout":"","_kad_post_sidebar_id":"","_kad_post_content_style":"","_kad_post_vertical_padding":"","_kad_post_feature":"","_kad_post_feature_position":"","_kad_post_header":false,"_kad_post_footer":false,"footnotes":""},"categories":[2],"tags":[95,85,97,38,94,96],"class_list":["post-1149","post","type-post","status-publish","format-standard","has-post-thumbnail","hentry","category-mondiaal-moslim-nieuws","tag-banden","tag-gaza","tag-genocide","tag-israel","tag-turkije","tag-verbroken"],"yoast_head":"<!-- This site is optimized with the Yoast SEO plugin v23.9 - https:\/\/yoast.com\/wordpress\/plugins\/seo\/ -->\n<title>Turkije heeft alle banden met Isra\u00ebl verbroken vanwege de &#039;genocide&#039; in Gaza - Dualar.com\/nl<\/title>\n<meta name=\"description\" content=\"Erdo\u011fan heeft aangekondigd dat Turkije alle relaties met Isra\u00ebl heeft verbroken vanwege de genocide in Gaza en roept op tot verantwoording.\" \/>\n<meta name=\"robots\" content=\"index, follow, max-snippet:-1, max-image-preview:large, max-video-preview:-1\" \/>\n<link rel=\"canonical\" href=\"https:\/\/dualar.com\/nl\/2024\/11\/26\/turkije-heeft-alle-banden-met-israel-verbroken-vanwege-de-genocide-in-gaza\/\" \/>\n<meta property=\"og:locale\" content=\"nl_NL\" \/>\n<meta property=\"og:type\" content=\"article\" \/>\n<meta property=\"og:title\" content=\"Turkije heeft alle banden met Isra\u00ebl verbroken vanwege de &#039;genocide&#039; in Gaza - Dualar.com\/nl\" \/>\n<meta property=\"og:description\" content=\"Erdo\u011fan heeft aangekondigd dat Turkije alle relaties met Isra\u00ebl heeft verbroken vanwege de genocide in Gaza en roept op tot verantwoording.\" \/>\n<meta property=\"og:url\" content=\"https:\/\/dualar.com\/nl\/2024\/11\/26\/turkije-heeft-alle-banden-met-israel-verbroken-vanwege-de-genocide-in-gaza\/\" \/>\n<meta property=\"og:site_name\" content=\"Dualar.com\/nl\" \/>\n<meta property=\"article:published_time\" content=\"2024-11-26T07:45:11+00:00\" \/>\n<meta property=\"article:modified_time\" content=\"2024-11-26T07:45:17+00:00\" \/>\n<meta property=\"og:image\" content=\"https:\/\/dualar.com\/nl\/wp-content\/uploads\/sites\/2\/2024\/11\/Turkije-heeft-alle-banden-met-Israel-verbroken-vanwege-de-genocide.jpg\" \/>\n\t<meta property=\"og:image:width\" content=\"600\" \/>\n\t<meta property=\"og:image:height\" content=\"337\" \/>\n\t<meta property=\"og:image:type\" content=\"image\/jpeg\" \/>\n<meta name=\"author\" content=\"info@blueappleagency.nl\" \/>\n<meta name=\"twitter:card\" content=\"summary_large_image\" \/>\n<meta name=\"twitter:label1\" content=\"Geschreven door\" \/>\n\t<meta name=\"twitter:data1\" content=\"info@blueappleagency.nl\" \/>\n\t<meta name=\"twitter:label2\" content=\"Geschatte leestijd\" \/>\n\t<meta name=\"twitter:data2\" content=\"2 minuten\" \/>\n<script type=\"application\/ld+json\" class=\"yoast-schema-graph\">{\"@context\":\"https:\/\/schema.org\",\"@graph\":[{\"@type\":\"Article\",\"@id\":\"https:\/\/dualar.com\/nl\/2024\/11\/26\/turkije-heeft-alle-banden-met-israel-verbroken-vanwege-de-genocide-in-gaza\/#article\",\"isPartOf\":{\"@id\":\"https:\/\/dualar.com\/nl\/2024\/11\/26\/turkije-heeft-alle-banden-met-israel-verbroken-vanwege-de-genocide-in-gaza\/\"},\"author\":{\"name\":\"info@blueappleagency.nl\",\"@id\":\"https:\/\/dualar.com\/nl\/#\/schema\/person\/d920bfed24e7ef4d145c3664464931fd\"},\"headline\":\"Turkije heeft alle banden met Isra\u00ebl verbroken vanwege de &#8216;genocide&#8217; in Gaza\",\"datePublished\":\"2024-11-26T07:45:11+00:00\",\"dateModified\":\"2024-11-26T07:45:17+00:00\",\"mainEntityOfPage\":{\"@id\":\"https:\/\/dualar.com\/nl\/2024\/11\/26\/turkije-heeft-alle-banden-met-israel-verbroken-vanwege-de-genocide-in-gaza\/\"},\"wordCount\":376,\"commentCount\":0,\"publisher\":{\"@id\":\"https:\/\/dualar.com\/nl\/#organization\"},\"image\":{\"@id\":\"https:\/\/dualar.com\/nl\/2024\/11\/26\/turkije-heeft-alle-banden-met-israel-verbroken-vanwege-de-genocide-in-gaza\/#primaryimage\"},\"thumbnailUrl\":\"https:\/\/dualar.com\/nl\/wp-content\/uploads\/sites\/2\/2024\/11\/Turkije-heeft-alle-banden-met-Israel-verbroken-vanwege-de-genocide.jpg\",\"keywords\":[\"banden\",\"Gaza\",\"genocide\",\"Isra\u00ebl\",\"Turkije\",\"verbroken\"],\"articleSection\":[\"Mondiaal Moslim Nieuws\"],\"inLanguage\":\"nl-NL\",\"potentialAction\":[{\"@type\":\"CommentAction\",\"name\":\"Comment\",\"target\":[\"https:\/\/dualar.com\/nl\/2024\/11\/26\/turkije-heeft-alle-banden-met-israel-verbroken-vanwege-de-genocide-in-gaza\/#respond\"]}]},{\"@type\":\"WebPage\",\"@id\":\"https:\/\/dualar.com\/nl\/2024\/11\/26\/turkije-heeft-alle-banden-met-israel-verbroken-vanwege-de-genocide-in-gaza\/\",\"url\":\"https:\/\/dualar.com\/nl\/2024\/11\/26\/turkije-heeft-alle-banden-met-israel-verbroken-vanwege-de-genocide-in-gaza\/\",\"name\":\"Turkije heeft alle banden met Isra\u00ebl verbroken vanwege de 'genocide' in Gaza - Dualar.com\/nl\",\"isPartOf\":{\"@id\":\"https:\/\/dualar.com\/nl\/#website\"},\"primaryImageOfPage\":{\"@id\":\"https:\/\/dualar.com\/nl\/2024\/11\/26\/turkije-heeft-alle-banden-met-israel-verbroken-vanwege-de-genocide-in-gaza\/#primaryimage\"},\"image\":{\"@id\":\"https:\/\/dualar.com\/nl\/2024\/11\/26\/turkije-heeft-alle-banden-met-israel-verbroken-vanwege-de-genocide-in-gaza\/#primaryimage\"},\"thumbnailUrl\":\"https:\/\/dualar.com\/nl\/wp-content\/uploads\/sites\/2\/2024\/11\/Turkije-heeft-alle-banden-met-Israel-verbroken-vanwege-de-genocide.jpg\",\"datePublished\":\"2024-11-26T07:45:11+00:00\",\"dateModified\":\"2024-11-26T07:45:17+00:00\",\"description\":\"Erdo\u011fan heeft aangekondigd dat Turkije alle relaties met Isra\u00ebl heeft verbroken vanwege de genocide in Gaza en roept op tot verantwoording.\",\"breadcrumb\":{\"@id\":\"https:\/\/dualar.com\/nl\/2024\/11\/26\/turkije-heeft-alle-banden-met-israel-verbroken-vanwege-de-genocide-in-gaza\/#breadcrumb\"},\"inLanguage\":\"nl-NL\",\"potentialAction\":[{\"@type\":\"ReadAction\",\"target\":[\"https:\/\/dualar.com\/nl\/2024\/11\/26\/turkije-heeft-alle-banden-met-israel-verbroken-vanwege-de-genocide-in-gaza\/\"]}]},{\"@type\":\"ImageObject\",\"inLanguage\":\"nl-NL\",\"@id\":\"https:\/\/dualar.com\/nl\/2024\/11\/26\/turkije-heeft-alle-banden-met-israel-verbroken-vanwege-de-genocide-in-gaza\/#primaryimage\",\"url\":\"https:\/\/dualar.com\/nl\/wp-content\/uploads\/sites\/2\/2024\/11\/Turkije-heeft-alle-banden-met-Israel-verbroken-vanwege-de-genocide.jpg\",\"contentUrl\":\"https:\/\/dualar.com\/nl\/wp-content\/uploads\/sites\/2\/2024\/11\/Turkije-heeft-alle-banden-met-Israel-verbroken-vanwege-de-genocide.jpg\",\"width\":600,\"height\":337,\"caption\":\"Turkije heeft alle banden met Isra\u00ebl verbroken vanwege de 'genocide' in Gaza\"},{\"@type\":\"BreadcrumbList\",\"@id\":\"https:\/\/dualar.com\/nl\/2024\/11\/26\/turkije-heeft-alle-banden-met-israel-verbroken-vanwege-de-genocide-in-gaza\/#breadcrumb\",\"itemListElement\":[{\"@type\":\"ListItem\",\"position\":1,\"name\":\"Home\",\"item\":\"https:\/\/dualar.com\/nl\/\"},{\"@type\":\"ListItem\",\"position\":2,\"name\":\"Turkije heeft alle banden met Isra\u00ebl verbroken vanwege de &#8216;genocide&#8217; in Gaza\"}]},{\"@type\":\"WebSite\",\"@id\":\"https:\/\/dualar.com\/nl\/#website\",\"url\":\"https:\/\/dualar.com\/nl\/\",\"name\":\"Dualar.com\/nl\",\"description\":\"Gebeden die u op elk moment inspireren\",\"publisher\":{\"@id\":\"https:\/\/dualar.com\/nl\/#organization\"},\"potentialAction\":[{\"@type\":\"SearchAction\",\"target\":{\"@type\":\"EntryPoint\",\"urlTemplate\":\"https:\/\/dualar.com\/nl\/?s={search_term_string}\"},\"query-input\":{\"@type\":\"PropertyValueSpecification\",\"valueRequired\":true,\"valueName\":\"search_term_string\"}}],\"inLanguage\":\"nl-NL\"},{\"@type\":\"Organization\",\"@id\":\"https:\/\/dualar.com\/nl\/#organization\",\"name\":\"Dualar.com\/nl\",\"url\":\"https:\/\/dualar.com\/nl\/\",\"logo\":{\"@type\":\"ImageObject\",\"inLanguage\":\"nl-NL\",\"@id\":\"https:\/\/dualar.com\/nl\/#\/schema\/logo\/image\/\",\"url\":\"https:\/\/dualar.com\/nl\/wp-content\/uploads\/sites\/2\/2024\/11\/Her-Aniniza-Ilham-Veren-Dualar-1.png\",\"contentUrl\":\"https:\/\/dualar.com\/nl\/wp-content\/uploads\/sites\/2\/2024\/11\/Her-Aniniza-Ilham-Veren-Dualar-1.png\",\"width\":1000,\"height\":300,\"caption\":\"Dualar.com\/nl\"},\"image\":{\"@id\":\"https:\/\/dualar.com\/nl\/#\/schema\/logo\/image\/\"}},{\"@type\":\"Person\",\"@id\":\"https:\/\/dualar.com\/nl\/#\/schema\/person\/d920bfed24e7ef4d145c3664464931fd\",\"name\":\"info@blueappleagency.nl\",\"image\":{\"@type\":\"ImageObject\",\"inLanguage\":\"nl-NL\",\"@id\":\"https:\/\/dualar.com\/nl\/#\/schema\/person\/image\/\",\"url\":\"https:\/\/secure.gravatar.com\/avatar\/4bcc94ad74be7f14c7e9a39e3f95a587?s=96&d=mm&r=g\",\"contentUrl\":\"https:\/\/secure.gravatar.com\/avatar\/4bcc94ad74be7f14c7e9a39e3f95a587?s=96&d=mm&r=g\",\"caption\":\"info@blueappleagency.nl\"},\"sameAs\":[\"http:\/\/dualar.com\"],\"url\":\"#\"}]}<\/script>\n<!-- \/ Yoast SEO plugin. -->","yoast_head_json":{"title":"Turkije heeft alle banden met Isra\u00ebl verbroken vanwege de 'genocide' in Gaza - Dualar.com\/nl","description":"Erdo\u011fan heeft aangekondigd dat Turkije alle relaties met Isra\u00ebl heeft verbroken vanwege de genocide in Gaza en roept op tot verantwoording.","robots":{"index":"index","follow":"follow","max-snippet":"max-snippet:-1","max-image-preview":"max-image-preview:large","max-video-preview":"max-video-preview:-1"},"canonical":"https:\/\/dualar.com\/nl\/2024\/11\/26\/turkije-heeft-alle-banden-met-israel-verbroken-vanwege-de-genocide-in-gaza\/","og_locale":"nl_NL","og_type":"article","og_title":"Turkije heeft alle banden met Isra\u00ebl verbroken vanwege de 'genocide' in Gaza - Dualar.com\/nl","og_description":"Erdo\u011fan heeft aangekondigd dat Turkije alle relaties met Isra\u00ebl heeft verbroken vanwege de genocide in Gaza en roept op tot verantwoording.","og_url":"https:\/\/dualar.com\/nl\/2024\/11\/26\/turkije-heeft-alle-banden-met-israel-verbroken-vanwege-de-genocide-in-gaza\/","og_site_name":"Dualar.com\/nl","article_published_time":"2024-11-26T07:45:11+00:00","article_modified_time":"2024-11-26T07:45:17+00:00","og_image":[{"width":600,"height":337,"url":"https:\/\/dualar.com\/nl\/wp-content\/uploads\/sites\/2\/2024\/11\/Turkije-heeft-alle-banden-met-Israel-verbroken-vanwege-de-genocide.jpg","type":"image\/jpeg"}],"author":"info@blueappleagency.nl","twitter_card":"summary_large_image","twitter_misc":{"Geschreven door":"info@blueappleagency.nl","Geschatte leestijd":"2 minuten"},"schema":{"@context":"https:\/\/schema.org","@graph":[{"@type":"Article","@id":"https:\/\/dualar.com\/nl\/2024\/11\/26\/turkije-heeft-alle-banden-met-israel-verbroken-vanwege-de-genocide-in-gaza\/#article","isPartOf":{"@id":"https:\/\/dualar.com\/nl\/2024\/11\/26\/turkije-heeft-alle-banden-met-israel-verbroken-vanwege-de-genocide-in-gaza\/"},"author":{"name":"info@blueappleagency.nl","@id":"https:\/\/dualar.com\/nl\/#\/schema\/person\/d920bfed24e7ef4d145c3664464931fd"},"headline":"Turkije heeft alle banden met Isra\u00ebl verbroken vanwege de &#8216;genocide&#8217; in Gaza","datePublished":"2024-11-26T07:45:11+00:00","dateModified":"2024-11-26T07:45:17+00:00","mainEntityOfPage":{"@id":"https:\/\/dualar.com\/nl\/2024\/11\/26\/turkije-heeft-alle-banden-met-israel-verbroken-vanwege-de-genocide-in-gaza\/"},"wordCount":376,"commentCount":0,"publisher":{"@id":"https:\/\/dualar.com\/nl\/#organization"},"image":{"@id":"https:\/\/dualar.com\/nl\/2024\/11\/26\/turkije-heeft-alle-banden-met-israel-verbroken-vanwege-de-genocide-in-gaza\/#primaryimage"},"thumbnailUrl":"https:\/\/dualar.com\/nl\/wp-content\/uploads\/sites\/2\/2024\/11\/Turkije-heeft-alle-banden-met-Israel-verbroken-vanwege-de-genocide.jpg","keywords":["banden","Gaza","genocide","Isra\u00ebl","Turkije","verbroken"],"articleSection":["Mondiaal Moslim Nieuws"],"inLanguage":"nl-NL","potentialAction":[{"@type":"CommentAction","name":"Comment","target":["https:\/\/dualar.com\/nl\/2024\/11\/26\/turkije-heeft-alle-banden-met-israel-verbroken-vanwege-de-genocide-in-gaza\/#respond"]}]},{"@type":"WebPage","@id":"https:\/\/dualar.com\/nl\/2024\/11\/26\/turkije-heeft-alle-banden-met-israel-verbroken-vanwege-de-genocide-in-gaza\/","url":"https:\/\/dualar.com\/nl\/2024\/11\/26\/turkije-heeft-alle-banden-met-israel-verbroken-vanwege-de-genocide-in-gaza\/","name":"Turkije heeft alle banden met Isra\u00ebl verbroken vanwege de 'genocide' in Gaza - Dualar.com\/nl","isPartOf":{"@id":"https:\/\/dualar.com\/nl\/#website"},"primaryImageOfPage":{"@id":"https:\/\/dualar.com\/nl\/2024\/11\/26\/turkije-heeft-alle-banden-met-israel-verbroken-vanwege-de-genocide-in-gaza\/#primaryimage"},"image":{"@id":"https:\/\/dualar.com\/nl\/2024\/11\/26\/turkije-heeft-alle-banden-met-israel-verbroken-vanwege-de-genocide-in-gaza\/#primaryimage"},"thumbnailUrl":"https:\/\/dualar.com\/nl\/wp-content\/uploads\/sites\/2\/2024\/11\/Turkije-heeft-alle-banden-met-Israel-verbroken-vanwege-de-genocide.jpg","datePublished":"2024-11-26T07:45:11+00:00","dateModified":"2024-11-26T07:45:17+00:00","description":"Erdo\u011fan heeft aangekondigd dat Turkije alle relaties met Isra\u00ebl heeft verbroken vanwege de genocide in Gaza en roept op tot verantwoording.","breadcrumb":{"@id":"https:\/\/dualar.com\/nl\/2024\/11\/26\/turkije-heeft-alle-banden-met-israel-verbroken-vanwege-de-genocide-in-gaza\/#breadcrumb"},"inLanguage":"nl-NL","potentialAction":[{"@type":"ReadAction","target":["https:\/\/dualar.com\/nl\/2024\/11\/26\/turkije-heeft-alle-banden-met-israel-verbroken-vanwege-de-genocide-in-gaza\/"]}]},{"@type":"ImageObject","inLanguage":"nl-NL","@id":"https:\/\/dualar.com\/nl\/2024\/11\/26\/turkije-heeft-alle-banden-met-israel-verbroken-vanwege-de-genocide-in-gaza\/#primaryimage","url":"https:\/\/dualar.com\/nl\/wp-content\/uploads\/sites\/2\/2024\/11\/Turkije-heeft-alle-banden-met-Israel-verbroken-vanwege-de-genocide.jpg","contentUrl":"https:\/\/dualar.com\/nl\/wp-content\/uploads\/sites\/2\/2024\/11\/Turkije-heeft-alle-banden-met-Israel-verbroken-vanwege-de-genocide.jpg","width":600,"height":337,"caption":"Turkije heeft alle banden met Isra\u00ebl verbroken vanwege de 'genocide' in Gaza"},{"@type":"BreadcrumbList","@id":"https:\/\/dualar.com\/nl\/2024\/11\/26\/turkije-heeft-alle-banden-met-israel-verbroken-vanwege-de-genocide-in-gaza\/#breadcrumb","itemListElement":[{"@type":"ListItem","position":1,"name":"Home","item":"https:\/\/dualar.com\/nl\/"},{"@type":"ListItem","position":2,"name":"Turkije heeft alle banden met Isra\u00ebl verbroken vanwege de &#8216;genocide&#8217; in Gaza"}]},{"@type":"WebSite","@id":"https:\/\/dualar.com\/nl\/#website","url":"https:\/\/dualar.com\/nl\/","name":"Dualar.com\/nl","description":"Gebeden die u op elk moment inspireren","publisher":{"@id":"https:\/\/dualar.com\/nl\/#organization"},"potentialAction":[{"@type":"SearchAction","target":{"@type":"EntryPoint","urlTemplate":"https:\/\/dualar.com\/nl\/?s={search_term_string}"},"query-input":{"@type":"PropertyValueSpecification","valueRequired":true,"valueName":"search_term_string"}}],"inLanguage":"nl-NL"},{"@type":"Organization","@id":"https:\/\/dualar.com\/nl\/#organization","name":"Dualar.com\/nl","url":"https:\/\/dualar.com\/nl\/","logo":{"@type":"ImageObject","inLanguage":"nl-NL","@id":"https:\/\/dualar.com\/nl\/#\/schema\/logo\/image\/","url":"https:\/\/dualar.com\/nl\/wp-content\/uploads\/sites\/2\/2024\/11\/Her-Aniniza-Ilham-Veren-Dualar-1.png","contentUrl":"https:\/\/dualar.com\/nl\/wp-content\/uploads\/sites\/2\/2024\/11\/Her-Aniniza-Ilham-Veren-Dualar-1.png","width":1000,"height":300,"caption":"Dualar.com\/nl"},"image":{"@id":"https:\/\/dualar.com\/nl\/#\/schema\/logo\/image\/"}},{"@type":"Person","@id":"https:\/\/dualar.com\/nl\/#\/schema\/person\/d920bfed24e7ef4d145c3664464931fd","name":"info@blueappleagency.nl","image":{"@type":"ImageObject","inLanguage":"nl-NL","@id":"https:\/\/dualar.com\/nl\/#\/schema\/person\/image\/","url":"https:\/\/secure.gravatar.com\/avatar\/4bcc94ad74be7f14c7e9a39e3f95a587?s=96&d=mm&r=g","contentUrl":"https:\/\/secure.gravatar.com\/avatar\/4bcc94ad74be7f14c7e9a39e3f95a587?s=96&d=mm&r=g","caption":"info@blueappleagency.nl"},"sameAs":["http:\/\/dualar.com"],"url":"#"}]}},"taxonomy_info":{"category":[{"value":2,"label":"Mondiaal Moslim Nieuws"}],"post_tag":[{"value":95,"label":"banden"},{"value":85,"label":"Gaza"},{"value":97,"label":"genocide"},{"value":38,"label":"Isra\u00ebl"},{"value":94,"label":"Turkije"},{"value":96,"label":"verbroken"}]},"featured_image_src_large":["https:\/\/dualar.com\/nl\/wp-content\/uploads\/sites\/2\/2024\/11\/Turkije-heeft-alle-banden-met-Israel-verbroken-vanwege-de-genocide.jpg",600,337,false],"author_info":{"display_name":"info@blueappleagency.nl","author_link":"#"},"comment_info":0,"category_info":[{"term_id":2,"name":"Mondiaal Moslim Nieuws","slug":"mondiaal-moslim-nieuws","term_group":0,"term_taxonomy_id":2,"taxonomy":"category","description":"","parent":0,"count":1312,"filter":"raw","cat_ID":2,"category_count":1312,"category_description":"","cat_name":"Mondiaal Moslim Nieuws","category_nicename":"mondiaal-moslim-nieuws","category_parent":0}],"tag_info":[{"term_id":95,"name":"banden","slug":"banden","term_group":0,"term_taxonomy_id":95,"taxonomy":"post_tag","description":"","parent":0,"count":2,"filter":"raw"},{"term_id":85,"name":"Gaza","slug":"gaza","term_group":0,"term_taxonomy_id":85,"taxonomy":"post_tag","description":"","parent":0,"count":191,"filter":"raw"},{"term_id":97,"name":"genocide","slug":"genocide","term_group":0,"term_taxonomy_id":97,"taxonomy":"post_tag","description":"","parent":0,"count":21,"filter":"raw"},{"term_id":38,"name":"Isra\u00ebl","slug":"israel","term_group":0,"term_taxonomy_id":38,"taxonomy":"post_tag","description":"","parent":0,"count":230,"filter":"raw"},{"term_id":94,"name":"Turkije","slug":"turkije","term_group":0,"term_taxonomy_id":94,"taxonomy":"post_tag","description":"","parent":0,"count":23,"filter":"raw"},{"term_id":96,"name":"verbroken","slug":"verbroken","term_group":0,"term_taxonomy_id":96,"taxonomy":"post_tag","description":"","parent":0,"count":3,"filter":"raw"}],"_links":{"self":[{"href":"https:\/\/dualar.com\/nl\/wp-json\/wp\/v2\/posts\/1149","targetHints":{"allow":["GET"]}}],"collection":[{"href":"https:\/\/dualar.com\/nl\/wp-json\/wp\/v2\/posts"}],"about":[{"href":"https:\/\/dualar.com\/nl\/wp-json\/wp\/v2\/types\/post"}],"author":[{"embeddable":true,"href":"https:\/\/dualar.com\/nl\/wp-json\/wp\/v2\/users\/1"}],"replies":[{"embeddable":true,"href":"https:\/\/dualar.com\/nl\/wp-json\/wp\/v2\/comments?post=1149"}],"version-history":[{"count":1,"href":"https:\/\/dualar.com\/nl\/wp-json\/wp\/v2\/posts\/1149\/revisions"}],"predecessor-version":[{"id":1151,"href":"https:\/\/dualar.com\/nl\/wp-json\/wp\/v2\/posts\/1149\/revisions\/1151"}],"wp:featuredmedia":[{"embeddable":true,"href":"https:\/\/dualar.com\/nl\/wp-json\/wp\/v2\/media\/1150"}],"wp:attachment":[{"href":"https:\/\/dualar.com\/nl\/wp-json\/wp\/v2\/media?parent=1149"}],"wp:term":[{"taxonomy":"category","embeddable":true,"href":"https:\/\/dualar.com\/nl\/wp-json\/wp\/v2\/categories?post=1149"},{"taxonomy":"post_tag","embeddable":true,"href":"https:\/\/dualar.com\/nl\/wp-json\/wp\/v2\/tags?post=1149"}],"curies":[{"name":"wp","href":"https:\/\/api.w.org\/{rel}","templated":true}]}}