{"id":1545,"date":"2024-12-03T23:56:15","date_gmt":"2024-12-03T22:56:15","guid":{"rendered":"https:\/\/dualar.com\/nl\/2024\/12\/03\/ilhan-omars-benjamins-tweet-storm-aipac-criticism-is-not-anti-semitic\/"},"modified":"2024-12-03T23:56:37","modified_gmt":"2024-12-03T22:56:37","slug":"ilhan-omars-benjamins-tweet-storm-aipac-criticism-is-not-anti-semitic","status":"publish","type":"post","link":"https:\/\/dualar.com\/nl\/2024\/12\/03\/ilhan-omars-benjamins-tweet-storm-aipac-criticism-is-not-anti-semitic\/","title":{"rendered":"&#8216;Ilhan Omar&#8217;s &#8216;Benjamins&#8217; Tweet Storm: &#8216;AIPAC&#8217; Criticism is Not Anti-Semitic&#8217;"},"content":{"rendered":"<div>\n<h3>Ilhan Omar en Rashida Tlaib&#8217;s Discussies over AIPAC: Politieke Klimaat<\/h3>\n<p>De laatste tijd is de dosis van de discussies in Washington toegenomen met de verkiezing van de Somalisch-Amerikaanse Ilhan Omar en de Palestijns-Amerikaanse Rashida Tlaib in het Amerikaanse Congres. De politieke standpunten van deze twee moslimvrouwen staan vooral onder intensieve scrutiny vanwege hun uitspraken over AIPAC (American Israel Public Affairs Committee). In dit artikel zullen we de impact van Omar&#8217;s uitspraken over AIPAC en de kritiek waarmee ze te maken kreeg, bespreken.<\/p>\n<h3>AIPAC en Politieke Discussies<\/h3>\n<p>Omar wees in een tweet afgelopen zondagavond erop dat de Amerikaanse regering onder invloed van AIPAC staat. Deze uitspraak veroorzaakte een grote discussie op sociale media en in de Amerikaanse media, en werd het brandpunt van kritiek.<\/p>\n<ul>\n<li><strong>Omar&#8217;s Tweet<\/strong>: &#8220;Degenen die aan AIPAC verbonden zijn, be\u00efnvloeden het Amerikaanse beleid.&#8221;<\/li>\n<li><strong>Reacties<\/strong>: Pro-Isra\u00ebl verdedigers beschuldigden Omar&#8217;s uitspraken van antisemitisme.<\/li>\n<\/ul>\n<h4>Antisemitisme Discussie<\/h4>\n<p>Omar en Tlaib&#8217;s kritiek op Isra\u00ebl werd door sommigen als antisemitisch bestempeld. Noura Erakat, een mensenrechtenadvocaat werkzaam aan de George Mason University in Virginia, zei: &#8220;De aanwezigheid van Omar en Tlaib ondermijnt het begrip van onvoorwaardelijke, bilaterale steun.&#8221; Het doel van deze kritiek wordt gezien als een aanval op Omar&#8217;s pro-Palestijnse houding.<\/p>\n<h3>Mechanisme van Politiek<\/h3>\n<p>Terwijl Omar de politieke invloed van AIPAC in twijfel trok, kreeg ze kritiek dat dergelijke uitspraken gebaseerd waren op antisemitische stereotypen. Yonah Lieberman, een woordvoerder van de IfNotNow-beweging, zei: &#8220;Deze woordkeuze was ongelukkig,&#8221; en merkte op dat Omar problematische formuleringen gebruikte terwijl ze de invloed van AIPAC op het Amerikaanse buitenlands beleid beschreef.<\/p>\n<h3>Achtergrond van de Kritiek<\/h3>\n<p>AIPAC is een organisatie die in 1951 werd opgericht en 100.000 leden heeft. AIPAC onderneemt verschillende lobbyactiviteiten met als doel beleidsmakers te be\u00efnvloeden. Hoewel het geen financi\u00eble steun biedt, moedigt het zijn leden aan om donaties aan politieke kandidaten te doen. <strong>In 2018 gaf AIPAC alleen al 3,5 miljoen dollar uit aan lobbyactiviteiten.<\/strong> Bovendien zijn er veel andere pro-Isra\u00ebl lobbygroepen buiten AIPAC.<\/p>\n<h3>Conclusie en Discussies<\/h3>\n<p>Omar&#8217;s woorden hebben de fijne lijn tussen antisemitisme en steun voor Palestina aan de orde gesteld. Nancy Pelosi riep Omar op om excuses aan te bieden, en Omar publiceerde binnen enkele uren een verontschuldiging. Deze situatie werd ge\u00efnterpreteerd als een gevoelige reactie van Omar op de kritiek.<\/p>\n<p><strong>Samenvattend<\/strong>, deze discussies bieden niet alleen een breed perspectief op hoe de kwestie Isra\u00ebl-Palestina wordt behandeld in de Amerikaanse buitenlandse politiek, maar ook op Omar en Tlaib zelf. Lezers kunnen hun gedachten over dit onderwerp delen of meer informatie vergaren door soortgelijke artikelen te lezen.<\/p>\n<h3>Gerelateerde Artikelen<\/h3>\n<hr\/>\n<p>Deze tekst is herschreven met inachtneming van de regels voor zoekmachineoptimalisatie (SEO) terwijl de inhoud van het nieuws in het Turks werd gepresenteerd. Elementen zoals de titel, inleiding, gebruik van sleutelwoorden, opbouw van koppen en subkoppen, inhoudsstructuur en CTA zijn in overweging genomen.<\/p>\n<\/div>\n","protected":false},"excerpt":{"rendered":"<p>Ilhan Omar en Rashida Tlaib, twee moslimleden van het Amerikaanse Congres, staan onder vuur vanwege hun uitspraken over AIPAC, de invloedrijke pro-Isra\u00ebl lobbygroep. Omar stelde in een tweet dat AIPAC het Amerikaanse beleid be\u00efnvloedt, wat leidde tot beschuldigingen van antisemitisme van pro-Isra\u00ebl verdedigers. Critici, zoals mensenrechtenadvocaat Noura Erakat, beweren dat hun opmerkingen de bilaterale steun ondermijnen. Ondanks de controverse bood Omar snel haar excuses aan na kritiek van onder anderen Nancy Pelosi. Deze situatie benadrukt de complexe relatie tussen antisemitisme en steun voor Palestina binnen de Amerikaanse politiek.<\/p>\n","protected":false},"author":1,"featured_media":1546,"comment_status":"open","ping_status":"open","sticky":false,"template":"","format":"standard","meta":{"_kad_blocks_custom_css":"","_kad_blocks_head_custom_js":"","_kad_blocks_body_custom_js":"","_kad_blocks_footer_custom_js":"","_kadence_starter_templates_imported_post":false,"_kad_post_transparent":"","_kad_post_title":"","_kad_post_layout":"","_kad_post_sidebar_id":"","_kad_post_content_style":"","_kad_post_vertical_padding":"","_kad_post_feature":"","_kad_post_feature_position":"","_kad_post_header":false,"_kad_post_footer":false,"footnotes":""},"categories":[2],"tags":[540,542,538,537,541,539],"class_list":["post-1545","post","type-post","status-publish","format-standard","has-post-thumbnail","hentry","category-mondiaal-moslim-nieuws","tag-aipac","tag-antisemitisch","tag-benjamins","tag-ilhan-omar","tag-kritiek","tag-tweetstorm"],"yoast_head":"<!-- This site is optimized with the Yoast SEO plugin v23.9 - https:\/\/yoast.com\/wordpress\/plugins\/seo\/ -->\n<title>&#039;Ilhan Omar&#039;s &#039;Benjamins&#039; Tweet Storm: &#039;AIPAC&#039; Criticism is Not Anti-Semitic&#039; - Dualar.com\/nl<\/title>\n<meta name=\"description\" content=\"Omar en Tlaib krijgen kritiek om uitspraken over AIPAC, wat leidt tot discussies over antisemitisme en de Isra\u00ebl-Palestina kwestie in de VS.\" \/>\n<meta name=\"robots\" content=\"index, follow, max-snippet:-1, max-image-preview:large, max-video-preview:-1\" \/>\n<link rel=\"canonical\" href=\"https:\/\/dualar.com\/nl\/2024\/12\/03\/ilhan-omars-benjamins-tweet-storm-aipac-criticism-is-not-anti-semitic\/\" \/>\n<meta property=\"og:locale\" content=\"nl_NL\" \/>\n<meta property=\"og:type\" content=\"article\" \/>\n<meta property=\"og:title\" content=\"&#039;Ilhan Omar&#039;s &#039;Benjamins&#039; Tweet Storm: &#039;AIPAC&#039; Criticism is Not Anti-Semitic&#039; - Dualar.com\/nl\" \/>\n<meta property=\"og:description\" content=\"Omar en Tlaib krijgen kritiek om uitspraken over AIPAC, wat leidt tot discussies over antisemitisme en de Isra\u00ebl-Palestina kwestie in de VS.\" \/>\n<meta property=\"og:url\" content=\"https:\/\/dualar.com\/nl\/2024\/12\/03\/ilhan-omars-benjamins-tweet-storm-aipac-criticism-is-not-anti-semitic\/\" \/>\n<meta property=\"og:site_name\" content=\"Dualar.com\/nl\" \/>\n<meta property=\"article:published_time\" content=\"2024-12-03T22:56:15+00:00\" \/>\n<meta property=\"article:modified_time\" content=\"2024-12-03T22:56:37+00:00\" \/>\n<meta property=\"og:image\" content=\"https:\/\/dualar.com\/nl\/wp-content\/uploads\/sites\/2\/2024\/12\/Ilhan-Omars-Benjamins-Tweet-Storm-AIPAC-Criticism-is-Not-Anti-Semitic.jpg\" \/>\n\t<meta property=\"og:image:width\" content=\"980\" \/>\n\t<meta property=\"og:image:height\" content=\"696\" \/>\n\t<meta property=\"og:image:type\" content=\"image\/jpeg\" \/>\n<meta name=\"author\" content=\"info@blueappleagency.nl\" \/>\n<meta name=\"twitter:card\" content=\"summary_large_image\" \/>\n<meta name=\"twitter:label1\" content=\"Geschreven door\" \/>\n\t<meta name=\"twitter:data1\" content=\"info@blueappleagency.nl\" \/>\n\t<meta name=\"twitter:label2\" content=\"Geschatte leestijd\" \/>\n\t<meta name=\"twitter:data2\" content=\"2 minuten\" \/>\n<script type=\"application\/ld+json\" class=\"yoast-schema-graph\">{\"@context\":\"https:\/\/schema.org\",\"@graph\":[{\"@type\":\"Article\",\"@id\":\"https:\/\/dualar.com\/nl\/2024\/12\/03\/ilhan-omars-benjamins-tweet-storm-aipac-criticism-is-not-anti-semitic\/#article\",\"isPartOf\":{\"@id\":\"https:\/\/dualar.com\/nl\/2024\/12\/03\/ilhan-omars-benjamins-tweet-storm-aipac-criticism-is-not-anti-semitic\/\"},\"author\":{\"name\":\"info@blueappleagency.nl\",\"@id\":\"https:\/\/dualar.com\/nl\/#\/schema\/person\/d920bfed24e7ef4d145c3664464931fd\"},\"headline\":\"&#8216;Ilhan Omar&#8217;s &#8216;Benjamins&#8217; Tweet Storm: &#8216;AIPAC&#8217; Criticism is Not Anti-Semitic&#8217;\",\"datePublished\":\"2024-12-03T22:56:15+00:00\",\"dateModified\":\"2024-12-03T22:56:37+00:00\",\"mainEntityOfPage\":{\"@id\":\"https:\/\/dualar.com\/nl\/2024\/12\/03\/ilhan-omars-benjamins-tweet-storm-aipac-criticism-is-not-anti-semitic\/\"},\"wordCount\":481,\"commentCount\":0,\"publisher\":{\"@id\":\"https:\/\/dualar.com\/nl\/#organization\"},\"image\":{\"@id\":\"https:\/\/dualar.com\/nl\/2024\/12\/03\/ilhan-omars-benjamins-tweet-storm-aipac-criticism-is-not-anti-semitic\/#primaryimage\"},\"thumbnailUrl\":\"https:\/\/dualar.com\/nl\/wp-content\/uploads\/sites\/2\/2024\/12\/Ilhan-Omars-Benjamins-Tweet-Storm-AIPAC-Criticism-is-Not-Anti-Semitic.jpg\",\"keywords\":[\"AIPAC\",\"antisemitisch\",\"Benjamins\",\"Ilhan Omar\",\"kritiek\",\"Tweetstorm\"],\"articleSection\":[\"Mondiaal Moslim Nieuws\"],\"inLanguage\":\"nl-NL\",\"potentialAction\":[{\"@type\":\"CommentAction\",\"name\":\"Comment\",\"target\":[\"https:\/\/dualar.com\/nl\/2024\/12\/03\/ilhan-omars-benjamins-tweet-storm-aipac-criticism-is-not-anti-semitic\/#respond\"]}]},{\"@type\":\"WebPage\",\"@id\":\"https:\/\/dualar.com\/nl\/2024\/12\/03\/ilhan-omars-benjamins-tweet-storm-aipac-criticism-is-not-anti-semitic\/\",\"url\":\"https:\/\/dualar.com\/nl\/2024\/12\/03\/ilhan-omars-benjamins-tweet-storm-aipac-criticism-is-not-anti-semitic\/\",\"name\":\"'Ilhan Omar's 'Benjamins' Tweet Storm: 'AIPAC' Criticism is Not Anti-Semitic' - Dualar.com\/nl\",\"isPartOf\":{\"@id\":\"https:\/\/dualar.com\/nl\/#website\"},\"primaryImageOfPage\":{\"@id\":\"https:\/\/dualar.com\/nl\/2024\/12\/03\/ilhan-omars-benjamins-tweet-storm-aipac-criticism-is-not-anti-semitic\/#primaryimage\"},\"image\":{\"@id\":\"https:\/\/dualar.com\/nl\/2024\/12\/03\/ilhan-omars-benjamins-tweet-storm-aipac-criticism-is-not-anti-semitic\/#primaryimage\"},\"thumbnailUrl\":\"https:\/\/dualar.com\/nl\/wp-content\/uploads\/sites\/2\/2024\/12\/Ilhan-Omars-Benjamins-Tweet-Storm-AIPAC-Criticism-is-Not-Anti-Semitic.jpg\",\"datePublished\":\"2024-12-03T22:56:15+00:00\",\"dateModified\":\"2024-12-03T22:56:37+00:00\",\"description\":\"Omar en Tlaib krijgen kritiek om uitspraken over AIPAC, wat leidt tot discussies over antisemitisme en de Isra\u00ebl-Palestina kwestie in de VS.\",\"breadcrumb\":{\"@id\":\"https:\/\/dualar.com\/nl\/2024\/12\/03\/ilhan-omars-benjamins-tweet-storm-aipac-criticism-is-not-anti-semitic\/#breadcrumb\"},\"inLanguage\":\"nl-NL\",\"potentialAction\":[{\"@type\":\"ReadAction\",\"target\":[\"https:\/\/dualar.com\/nl\/2024\/12\/03\/ilhan-omars-benjamins-tweet-storm-aipac-criticism-is-not-anti-semitic\/\"]}]},{\"@type\":\"ImageObject\",\"inLanguage\":\"nl-NL\",\"@id\":\"https:\/\/dualar.com\/nl\/2024\/12\/03\/ilhan-omars-benjamins-tweet-storm-aipac-criticism-is-not-anti-semitic\/#primaryimage\",\"url\":\"https:\/\/dualar.com\/nl\/wp-content\/uploads\/sites\/2\/2024\/12\/Ilhan-Omars-Benjamins-Tweet-Storm-AIPAC-Criticism-is-Not-Anti-Semitic.jpg\",\"contentUrl\":\"https:\/\/dualar.com\/nl\/wp-content\/uploads\/sites\/2\/2024\/12\/Ilhan-Omars-Benjamins-Tweet-Storm-AIPAC-Criticism-is-Not-Anti-Semitic.jpg\",\"width\":980,\"height\":696,\"caption\":\"'Ilhan Omar's 'Benjamins' Tweet Storm: 'AIPAC' Criticism is Not Anti-Semitic'\"},{\"@type\":\"BreadcrumbList\",\"@id\":\"https:\/\/dualar.com\/nl\/2024\/12\/03\/ilhan-omars-benjamins-tweet-storm-aipac-criticism-is-not-anti-semitic\/#breadcrumb\",\"itemListElement\":[{\"@type\":\"ListItem\",\"position\":1,\"name\":\"Home\",\"item\":\"https:\/\/dualar.com\/nl\/\"},{\"@type\":\"ListItem\",\"position\":2,\"name\":\"&#8216;Ilhan Omar&#8217;s &#8216;Benjamins&#8217; Tweet Storm: &#8216;AIPAC&#8217; Criticism is Not Anti-Semitic&#8217;\"}]},{\"@type\":\"WebSite\",\"@id\":\"https:\/\/dualar.com\/nl\/#website\",\"url\":\"https:\/\/dualar.com\/nl\/\",\"name\":\"Dualar.com\/nl\",\"description\":\"Gebeden die u op elk moment inspireren\",\"publisher\":{\"@id\":\"https:\/\/dualar.com\/nl\/#organization\"},\"potentialAction\":[{\"@type\":\"SearchAction\",\"target\":{\"@type\":\"EntryPoint\",\"urlTemplate\":\"https:\/\/dualar.com\/nl\/?s={search_term_string}\"},\"query-input\":{\"@type\":\"PropertyValueSpecification\",\"valueRequired\":true,\"valueName\":\"search_term_string\"}}],\"inLanguage\":\"nl-NL\"},{\"@type\":\"Organization\",\"@id\":\"https:\/\/dualar.com\/nl\/#organization\",\"name\":\"Dualar.com\/nl\",\"url\":\"https:\/\/dualar.com\/nl\/\",\"logo\":{\"@type\":\"ImageObject\",\"inLanguage\":\"nl-NL\",\"@id\":\"https:\/\/dualar.com\/nl\/#\/schema\/logo\/image\/\",\"url\":\"https:\/\/dualar.com\/nl\/wp-content\/uploads\/sites\/2\/2024\/11\/Her-Aniniza-Ilham-Veren-Dualar-1.png\",\"contentUrl\":\"https:\/\/dualar.com\/nl\/wp-content\/uploads\/sites\/2\/2024\/11\/Her-Aniniza-Ilham-Veren-Dualar-1.png\",\"width\":1000,\"height\":300,\"caption\":\"Dualar.com\/nl\"},\"image\":{\"@id\":\"https:\/\/dualar.com\/nl\/#\/schema\/logo\/image\/\"}},{\"@type\":\"Person\",\"@id\":\"https:\/\/dualar.com\/nl\/#\/schema\/person\/d920bfed24e7ef4d145c3664464931fd\",\"name\":\"info@blueappleagency.nl\",\"image\":{\"@type\":\"ImageObject\",\"inLanguage\":\"nl-NL\",\"@id\":\"https:\/\/dualar.com\/nl\/#\/schema\/person\/image\/\",\"url\":\"https:\/\/secure.gravatar.com\/avatar\/4bcc94ad74be7f14c7e9a39e3f95a587?s=96&d=mm&r=g\",\"contentUrl\":\"https:\/\/secure.gravatar.com\/avatar\/4bcc94ad74be7f14c7e9a39e3f95a587?s=96&d=mm&r=g\",\"caption\":\"info@blueappleagency.nl\"},\"sameAs\":[\"http:\/\/dualar.com\"],\"url\":\"#\"}]}<\/script>\n<!-- \/ Yoast SEO plugin. -->","yoast_head_json":{"title":"'Ilhan Omar's 'Benjamins' Tweet Storm: 'AIPAC' Criticism is Not Anti-Semitic' - Dualar.com\/nl","description":"Omar en Tlaib krijgen kritiek om uitspraken over AIPAC, wat leidt tot discussies over antisemitisme en de Isra\u00ebl-Palestina kwestie in de VS.","robots":{"index":"index","follow":"follow","max-snippet":"max-snippet:-1","max-image-preview":"max-image-preview:large","max-video-preview":"max-video-preview:-1"},"canonical":"https:\/\/dualar.com\/nl\/2024\/12\/03\/ilhan-omars-benjamins-tweet-storm-aipac-criticism-is-not-anti-semitic\/","og_locale":"nl_NL","og_type":"article","og_title":"'Ilhan Omar's 'Benjamins' Tweet Storm: 'AIPAC' Criticism is Not Anti-Semitic' - Dualar.com\/nl","og_description":"Omar en Tlaib krijgen kritiek om uitspraken over AIPAC, wat leidt tot discussies over antisemitisme en de Isra\u00ebl-Palestina kwestie in de VS.","og_url":"https:\/\/dualar.com\/nl\/2024\/12\/03\/ilhan-omars-benjamins-tweet-storm-aipac-criticism-is-not-anti-semitic\/","og_site_name":"Dualar.com\/nl","article_published_time":"2024-12-03T22:56:15+00:00","article_modified_time":"2024-12-03T22:56:37+00:00","og_image":[{"width":980,"height":696,"url":"https:\/\/dualar.com\/nl\/wp-content\/uploads\/sites\/2\/2024\/12\/Ilhan-Omars-Benjamins-Tweet-Storm-AIPAC-Criticism-is-Not-Anti-Semitic.jpg","type":"image\/jpeg"}],"author":"info@blueappleagency.nl","twitter_card":"summary_large_image","twitter_misc":{"Geschreven door":"info@blueappleagency.nl","Geschatte leestijd":"2 minuten"},"schema":{"@context":"https:\/\/schema.org","@graph":[{"@type":"Article","@id":"https:\/\/dualar.com\/nl\/2024\/12\/03\/ilhan-omars-benjamins-tweet-storm-aipac-criticism-is-not-anti-semitic\/#article","isPartOf":{"@id":"https:\/\/dualar.com\/nl\/2024\/12\/03\/ilhan-omars-benjamins-tweet-storm-aipac-criticism-is-not-anti-semitic\/"},"author":{"name":"info@blueappleagency.nl","@id":"https:\/\/dualar.com\/nl\/#\/schema\/person\/d920bfed24e7ef4d145c3664464931fd"},"headline":"&#8216;Ilhan Omar&#8217;s &#8216;Benjamins&#8217; Tweet Storm: &#8216;AIPAC&#8217; Criticism is Not Anti-Semitic&#8217;","datePublished":"2024-12-03T22:56:15+00:00","dateModified":"2024-12-03T22:56:37+00:00","mainEntityOfPage":{"@id":"https:\/\/dualar.com\/nl\/2024\/12\/03\/ilhan-omars-benjamins-tweet-storm-aipac-criticism-is-not-anti-semitic\/"},"wordCount":481,"commentCount":0,"publisher":{"@id":"https:\/\/dualar.com\/nl\/#organization"},"image":{"@id":"https:\/\/dualar.com\/nl\/2024\/12\/03\/ilhan-omars-benjamins-tweet-storm-aipac-criticism-is-not-anti-semitic\/#primaryimage"},"thumbnailUrl":"https:\/\/dualar.com\/nl\/wp-content\/uploads\/sites\/2\/2024\/12\/Ilhan-Omars-Benjamins-Tweet-Storm-AIPAC-Criticism-is-Not-Anti-Semitic.jpg","keywords":["AIPAC","antisemitisch","Benjamins","Ilhan Omar","kritiek","Tweetstorm"],"articleSection":["Mondiaal Moslim Nieuws"],"inLanguage":"nl-NL","potentialAction":[{"@type":"CommentAction","name":"Comment","target":["https:\/\/dualar.com\/nl\/2024\/12\/03\/ilhan-omars-benjamins-tweet-storm-aipac-criticism-is-not-anti-semitic\/#respond"]}]},{"@type":"WebPage","@id":"https:\/\/dualar.com\/nl\/2024\/12\/03\/ilhan-omars-benjamins-tweet-storm-aipac-criticism-is-not-anti-semitic\/","url":"https:\/\/dualar.com\/nl\/2024\/12\/03\/ilhan-omars-benjamins-tweet-storm-aipac-criticism-is-not-anti-semitic\/","name":"'Ilhan Omar's 'Benjamins' Tweet Storm: 'AIPAC' Criticism is Not Anti-Semitic' - Dualar.com\/nl","isPartOf":{"@id":"https:\/\/dualar.com\/nl\/#website"},"primaryImageOfPage":{"@id":"https:\/\/dualar.com\/nl\/2024\/12\/03\/ilhan-omars-benjamins-tweet-storm-aipac-criticism-is-not-anti-semitic\/#primaryimage"},"image":{"@id":"https:\/\/dualar.com\/nl\/2024\/12\/03\/ilhan-omars-benjamins-tweet-storm-aipac-criticism-is-not-anti-semitic\/#primaryimage"},"thumbnailUrl":"https:\/\/dualar.com\/nl\/wp-content\/uploads\/sites\/2\/2024\/12\/Ilhan-Omars-Benjamins-Tweet-Storm-AIPAC-Criticism-is-Not-Anti-Semitic.jpg","datePublished":"2024-12-03T22:56:15+00:00","dateModified":"2024-12-03T22:56:37+00:00","description":"Omar en Tlaib krijgen kritiek om uitspraken over AIPAC, wat leidt tot discussies over antisemitisme en de Isra\u00ebl-Palestina kwestie in de VS.","breadcrumb":{"@id":"https:\/\/dualar.com\/nl\/2024\/12\/03\/ilhan-omars-benjamins-tweet-storm-aipac-criticism-is-not-anti-semitic\/#breadcrumb"},"inLanguage":"nl-NL","potentialAction":[{"@type":"ReadAction","target":["https:\/\/dualar.com\/nl\/2024\/12\/03\/ilhan-omars-benjamins-tweet-storm-aipac-criticism-is-not-anti-semitic\/"]}]},{"@type":"ImageObject","inLanguage":"nl-NL","@id":"https:\/\/dualar.com\/nl\/2024\/12\/03\/ilhan-omars-benjamins-tweet-storm-aipac-criticism-is-not-anti-semitic\/#primaryimage","url":"https:\/\/dualar.com\/nl\/wp-content\/uploads\/sites\/2\/2024\/12\/Ilhan-Omars-Benjamins-Tweet-Storm-AIPAC-Criticism-is-Not-Anti-Semitic.jpg","contentUrl":"https:\/\/dualar.com\/nl\/wp-content\/uploads\/sites\/2\/2024\/12\/Ilhan-Omars-Benjamins-Tweet-Storm-AIPAC-Criticism-is-Not-Anti-Semitic.jpg","width":980,"height":696,"caption":"'Ilhan Omar's 'Benjamins' Tweet Storm: 'AIPAC' Criticism is Not Anti-Semitic'"},{"@type":"BreadcrumbList","@id":"https:\/\/dualar.com\/nl\/2024\/12\/03\/ilhan-omars-benjamins-tweet-storm-aipac-criticism-is-not-anti-semitic\/#breadcrumb","itemListElement":[{"@type":"ListItem","position":1,"name":"Home","item":"https:\/\/dualar.com\/nl\/"},{"@type":"ListItem","position":2,"name":"&#8216;Ilhan Omar&#8217;s &#8216;Benjamins&#8217; Tweet Storm: &#8216;AIPAC&#8217; Criticism is Not Anti-Semitic&#8217;"}]},{"@type":"WebSite","@id":"https:\/\/dualar.com\/nl\/#website","url":"https:\/\/dualar.com\/nl\/","name":"Dualar.com\/nl","description":"Gebeden die u op elk moment inspireren","publisher":{"@id":"https:\/\/dualar.com\/nl\/#organization"},"potentialAction":[{"@type":"SearchAction","target":{"@type":"EntryPoint","urlTemplate":"https:\/\/dualar.com\/nl\/?s={search_term_string}"},"query-input":{"@type":"PropertyValueSpecification","valueRequired":true,"valueName":"search_term_string"}}],"inLanguage":"nl-NL"},{"@type":"Organization","@id":"https:\/\/dualar.com\/nl\/#organization","name":"Dualar.com\/nl","url":"https:\/\/dualar.com\/nl\/","logo":{"@type":"ImageObject","inLanguage":"nl-NL","@id":"https:\/\/dualar.com\/nl\/#\/schema\/logo\/image\/","url":"https:\/\/dualar.com\/nl\/wp-content\/uploads\/sites\/2\/2024\/11\/Her-Aniniza-Ilham-Veren-Dualar-1.png","contentUrl":"https:\/\/dualar.com\/nl\/wp-content\/uploads\/sites\/2\/2024\/11\/Her-Aniniza-Ilham-Veren-Dualar-1.png","width":1000,"height":300,"caption":"Dualar.com\/nl"},"image":{"@id":"https:\/\/dualar.com\/nl\/#\/schema\/logo\/image\/"}},{"@type":"Person","@id":"https:\/\/dualar.com\/nl\/#\/schema\/person\/d920bfed24e7ef4d145c3664464931fd","name":"info@blueappleagency.nl","image":{"@type":"ImageObject","inLanguage":"nl-NL","@id":"https:\/\/dualar.com\/nl\/#\/schema\/person\/image\/","url":"https:\/\/secure.gravatar.com\/avatar\/4bcc94ad74be7f14c7e9a39e3f95a587?s=96&d=mm&r=g","contentUrl":"https:\/\/secure.gravatar.com\/avatar\/4bcc94ad74be7f14c7e9a39e3f95a587?s=96&d=mm&r=g","caption":"info@blueappleagency.nl"},"sameAs":["http:\/\/dualar.com"],"url":"#"}]}},"taxonomy_info":{"category":[{"value":2,"label":"Mondiaal Moslim Nieuws"}],"post_tag":[{"value":540,"label":"AIPAC"},{"value":542,"label":"antisemitisch"},{"value":538,"label":"Benjamins"},{"value":537,"label":"Ilhan Omar"},{"value":541,"label":"kritiek"},{"value":539,"label":"Tweetstorm"}]},"featured_image_src_large":["https:\/\/dualar.com\/nl\/wp-content\/uploads\/sites\/2\/2024\/12\/Ilhan-Omars-Benjamins-Tweet-Storm-AIPAC-Criticism-is-Not-Anti-Semitic.jpg",980,696,false],"author_info":{"display_name":"info@blueappleagency.nl","author_link":"#"},"comment_info":0,"category_info":[{"term_id":2,"name":"Mondiaal Moslim Nieuws","slug":"mondiaal-moslim-nieuws","term_group":0,"term_taxonomy_id":2,"taxonomy":"category","description":"","parent":0,"count":1312,"filter":"raw","cat_ID":2,"category_count":1312,"category_description":"","cat_name":"Mondiaal Moslim Nieuws","category_nicename":"mondiaal-moslim-nieuws","category_parent":0}],"tag_info":[{"term_id":540,"name":"AIPAC","slug":"aipac","term_group":0,"term_taxonomy_id":540,"taxonomy":"post_tag","description":"","parent":0,"count":1,"filter":"raw"},{"term_id":542,"name":"antisemitisch","slug":"antisemitisch","term_group":0,"term_taxonomy_id":542,"taxonomy":"post_tag","description":"","parent":0,"count":2,"filter":"raw"},{"term_id":538,"name":"Benjamins","slug":"benjamins","term_group":0,"term_taxonomy_id":538,"taxonomy":"post_tag","description":"","parent":0,"count":1,"filter":"raw"},{"term_id":537,"name":"Ilhan Omar","slug":"ilhan-omar","term_group":0,"term_taxonomy_id":537,"taxonomy":"post_tag","description":"","parent":0,"count":4,"filter":"raw"},{"term_id":541,"name":"kritiek","slug":"kritiek","term_group":0,"term_taxonomy_id":541,"taxonomy":"post_tag","description":"","parent":0,"count":12,"filter":"raw"},{"term_id":539,"name":"Tweetstorm","slug":"tweetstorm","term_group":0,"term_taxonomy_id":539,"taxonomy":"post_tag","description":"","parent":0,"count":1,"filter":"raw"}],"_links":{"self":[{"href":"https:\/\/dualar.com\/nl\/wp-json\/wp\/v2\/posts\/1545","targetHints":{"allow":["GET"]}}],"collection":[{"href":"https:\/\/dualar.com\/nl\/wp-json\/wp\/v2\/posts"}],"about":[{"href":"https:\/\/dualar.com\/nl\/wp-json\/wp\/v2\/types\/post"}],"author":[{"embeddable":true,"href":"https:\/\/dualar.com\/nl\/wp-json\/wp\/v2\/users\/1"}],"replies":[{"embeddable":true,"href":"https:\/\/dualar.com\/nl\/wp-json\/wp\/v2\/comments?post=1545"}],"version-history":[{"count":1,"href":"https:\/\/dualar.com\/nl\/wp-json\/wp\/v2\/posts\/1545\/revisions"}],"predecessor-version":[{"id":1547,"href":"https:\/\/dualar.com\/nl\/wp-json\/wp\/v2\/posts\/1545\/revisions\/1547"}],"wp:featuredmedia":[{"embeddable":true,"href":"https:\/\/dualar.com\/nl\/wp-json\/wp\/v2\/media\/1546"}],"wp:attachment":[{"href":"https:\/\/dualar.com\/nl\/wp-json\/wp\/v2\/media?parent=1545"}],"wp:term":[{"taxonomy":"category","embeddable":true,"href":"https:\/\/dualar.com\/nl\/wp-json\/wp\/v2\/categories?post=1545"},{"taxonomy":"post_tag","embeddable":true,"href":"https:\/\/dualar.com\/nl\/wp-json\/wp\/v2\/tags?post=1545"}],"curies":[{"name":"wp","href":"https:\/\/api.w.org\/{rel}","templated":true}]}}