{"id":1725,"date":"2024-12-13T22:08:53","date_gmt":"2024-12-13T21:08:53","guid":{"rendered":"https:\/\/dualar.com\/nl\/2024\/12\/13\/turkijes-erdogan-zal-syrie-en-cairo-bezoeken\/"},"modified":"2024-12-13T22:09:00","modified_gmt":"2024-12-13T21:09:00","slug":"turkijes-erdogan-zal-syrie-en-cairo-bezoeken","status":"publish","type":"post","link":"https:\/\/dualar.com\/nl\/2024\/12\/13\/turkijes-erdogan-zal-syrie-en-cairo-bezoeken\/","title":{"rendered":"Turkije&#8217;s Erdo\u011fan zal Syri\u00eb en Ca\u00efro bezoeken"},"content":{"rendered":"<div>\n<p><strong>Turkije en Egypte Leiders Vergaderen Over Syri\u00eb<\/strong><\/p>\n<p>De Turkse president Recep Tayyip Erdo\u011fan zal samenkomen met de Egyptische president Abdel Fattah el-Sisi in Ca\u00efro. Tijdens deze belangrijke bijeenkomst zullen de recente ontwikkelingen in Syri\u00eb en de effecten van de nieuwe regering op Egypte worden besproken. Egypte wil directe gesprekken met Ankara voeren om de situatie in Syri\u00eb beter te begrijpen en zijn zorgen weg te nemen.<\/p>\n<p>Hooggeplaatste Egyptische functionarissen doen hun best om het bezoek van Erdo\u011fan veilig te stellen. Sisi wil rechtstreeks met de Turkse leider over Syri\u00eb praten. Dit bezoek benadrukt de toenemende invloed van Erdo\u011fan in de regio en de inspanningen van de oppositie in Syri\u00eb om een nieuwe overgangsregering op te richten na de val van de regering van Assad.<\/p>\n<h3>Erdo\u011fan&#8217;s Rol in Syri\u00eb<\/h3>\n<p>Erdo\u011fan valt al jaren op als een leider die de oppositie in Syri\u00eb steunt. De voorzitter van de Turkse Nationale Inlichtingendienst (M\u0130T), \u0130brahim Kal\u0131n, was onlangs in Damascus en versterkte de invloed van Turkije op de Syrische oppositie. Westerse en regionale functionarissen geven aan dat de invloed van Turkije op de Syrische oppositie steeds groter wordt.<\/p>\n<ul>\n<li><strong>\u0130brahim Kal\u0131n&#8217;s Bezoek aan Damascus:<\/strong> Kal\u0131n was omringd door gewapende beveiligers tijdens zijn bezoek aan de Umayyad Moskee. Daarna werd hij rondgeleid met de militaire leider van HT\u015e (Hayat Tahrir el-\u015eam), Abu Mohammad al-Jolani.<\/li>\n<li><strong>HT\u015e&#8217;s Terroristenverklaring:<\/strong> De VS, de EU en Turkije beschouwen HT\u015e als een terroristische groepering. Echter, Amerikaanse functionarissen bespreken de voordelen van het opheffen van het terroristische label.<\/li>\n<\/ul>\n<h3>Regionale Effecten van Ontwikkelingen in Syri\u00eb<\/h3>\n<p>De ontwikkelingen in Syri\u00eb hebben bezorgdheid gewekt bij Arabische landen zoals Egypte, Jordani\u00eb, Saoedi-Arabi\u00eb en de VAE. Deze landen vrezen dat voormalige Al-Qaida-gebonden groepen de macht in Syri\u00eb zullen overnemen. Echter, het politieke kantoor van HT\u015e heeft tijdens gesprekken met de ambassadeurs van Egypte, de VAE, Jordani\u00eb en Saoedi-Arabi\u00eb plannen voor een inclusieve regering zonder terroristen veiliggesteld.<\/p>\n<p>Een Qatarese functionaris verklaarde dat ze van plan zijn om een ambassade te openen en humanitaire hulp te vergemakkelijken door gesprekken te voeren met de tijdelijke regering van Syri\u00eb. De val van de regering van Assad heeft de invloed van Iran op de &#8220;Weerstandsas&#8221; verzwakt, wat de rol van Egypte als brug tussen Turkije en Iran heeft versterkt.<\/p>\n<h3>De Top in Ca\u00efro en Regionale Diplomatie<\/h3>\n<p>De top in Ca\u00efro vindt plaats in een periode waarin de diplomatieke inspanningen in de regio zijn toegenomen. Jordani\u00eb steunt de oppositiegroepen in Zuid-Syri\u00eb en zal samen met Arabische, Turkse en Amerikaanse diplomaten een Syri\u00eb-top organiseren. De bijeenkomst tussen Erdo\u011fan en Sisi is de eerste ontmoeting tussen Erdo\u011fan en een Arabische leider sinds de val van de regering van Assad.<\/p>\n<p>Egypte was tijdens de Arabische Lente het centrum van de machtsstrijd tussen Turkije en Qatar aan de ene kant en Saoedi-Arabi\u00eb en de VAE aan de andere kant. Sisi had de democratisch gekozen leider van de Moslimbroederschap in Egypte afgezet, terwijl Erdo\u011fan Mursi steunde.<\/p>\n<h3>De Toekomst van Syri\u00eb en de Rol van Turkije<\/h3>\n<p>Syri\u00eb vormt een test voor de vraag of Arabische landen hun oude vijandigheden kunnen opzijzetten. HT\u015e herbergt een groot aantal buitenlandse strijders. De door Turkije gesteunde Syrische oppositie heeft conflicten met de door de VS gesteunde Koerdische groep. Turkije hoopt dat de stabiliteit in Syri\u00eb de terugkeer van ongeveer drie miljoen Syrische vluchtelingen mogelijk maakt.<\/p>\n<p>Daarnaast wordt verwacht dat Turkije een belangrijke rol zal spelen in de wederopbouw van Syri\u00eb. De Verenigde Naties schatten de kosten van de wederopbouw op 400 miljard dollar. Egypte speelt al lange tijd een belangrijke rol in de wederopbouwinspanningen van de Gazastrook na de oorlog. Een Egyptische functionaris gaf aan dat Sisi en Erdo\u011fan ook de wederopbouwkwesties zullen bespreken.<\/p>\n<h3>Conclusie<\/h3>\n<p>Deze belangrijke ontmoeting kan een cruciaal keerpunt zijn voor de toekomst van de Turkse-Egyptische relaties. We nodigen u uit om uw gedachten over dit onderwerp te delen of gerelateerde artikelen te lezen.<\/p>\n<\/div>\n","protected":false},"excerpt":{"rendered":"<p>De Turkse president Erdo\u011fan ontmoet de Egyptische president Sisi in Ca\u00efro om de situatie in Syri\u00eb te bespreken. Egypte zoekt directe communicatie met Ankara om zorgen over de Syrische situatie weg te nemen. Erdo\u011fan, die al jaren de Syrische oppositie steunt, heeft onlangs zijn invloed in de regio versterkt. De ontwikkelingen in Syri\u00eb wekken bezorgdheid bij Arabische landen, die vrezen voor de opkomst van voormalige Al-Qaida-groepen. Het bezoek markeert een belangrijke stap in de diplomatieke relaties tussen Turkije en Egypte, waarbij wederopbouw en stabiliteit in Syri\u00eb ook ter sprake zullen komen.<\/p>\n","protected":false},"author":1,"featured_media":1726,"comment_status":"open","ping_status":"open","sticky":false,"template":"","format":"standard","meta":{"_kad_blocks_custom_css":"","_kad_blocks_head_custom_js":"","_kad_blocks_body_custom_js":"","_kad_blocks_footer_custom_js":"","_kadence_starter_templates_imported_post":false,"_kad_post_transparent":"","_kad_post_title":"","_kad_post_layout":"","_kad_post_sidebar_id":"","_kad_post_content_style":"","_kad_post_vertical_padding":"","_kad_post_feature":"","_kad_post_feature_position":"","_kad_post_header":false,"_kad_post_footer":false,"footnotes":""},"categories":[2],"tags":[750,749,231,536,94],"class_list":["post-1725","post","type-post","status-publish","format-standard","has-post-thumbnail","hentry","category-mondiaal-moslim-nieuws","tag-bezoek","tag-cairo","tag-erdogan","tag-syrie","tag-turkije"],"yoast_head":"<!-- This site is optimized with the Yoast SEO plugin v23.9 - https:\/\/yoast.com\/wordpress\/plugins\/seo\/ -->\n<title>Turkije&#039;s Erdo\u011fan zal Syri\u00eb en Ca\u00efro bezoeken - Dualar.com\/nl<\/title>\n<meta name=\"description\" content=\"Erdo\u011fan en Sisi bespreken Syri\u00eb in Ca\u00efro, focussen op regionale stabiliteit en wederopbouw na de val van Assad.\" \/>\n<meta name=\"robots\" content=\"index, follow, max-snippet:-1, max-image-preview:large, max-video-preview:-1\" \/>\n<link rel=\"canonical\" href=\"https:\/\/dualar.com\/nl\/2024\/12\/13\/turkijes-erdogan-zal-syrie-en-cairo-bezoeken\/\" \/>\n<meta property=\"og:locale\" content=\"nl_NL\" \/>\n<meta property=\"og:type\" content=\"article\" \/>\n<meta property=\"og:title\" content=\"Turkije&#039;s Erdo\u011fan zal Syri\u00eb en Ca\u00efro bezoeken - Dualar.com\/nl\" \/>\n<meta property=\"og:description\" content=\"Erdo\u011fan en Sisi bespreken Syri\u00eb in Ca\u00efro, focussen op regionale stabiliteit en wederopbouw na de val van Assad.\" \/>\n<meta property=\"og:url\" content=\"https:\/\/dualar.com\/nl\/2024\/12\/13\/turkijes-erdogan-zal-syrie-en-cairo-bezoeken\/\" \/>\n<meta property=\"og:site_name\" content=\"Dualar.com\/nl\" \/>\n<meta property=\"article:published_time\" content=\"2024-12-13T21:08:53+00:00\" \/>\n<meta property=\"article:modified_time\" content=\"2024-12-13T21:09:00+00:00\" \/>\n<meta property=\"og:image\" content=\"https:\/\/dualar.com\/nl\/wp-content\/uploads\/sites\/2\/2024\/12\/Turkijes-Erdogan-zal-Syrie-en-Cairo-bezoeken.jpg\" \/>\n\t<meta property=\"og:image:width\" content=\"1600\" \/>\n\t<meta property=\"og:image:height\" content=\"900\" \/>\n\t<meta property=\"og:image:type\" content=\"image\/jpeg\" \/>\n<meta name=\"author\" content=\"info@blueappleagency.nl\" \/>\n<meta name=\"twitter:card\" content=\"summary_large_image\" \/>\n<meta name=\"twitter:label1\" content=\"Geschreven door\" \/>\n\t<meta name=\"twitter:data1\" content=\"info@blueappleagency.nl\" \/>\n\t<meta name=\"twitter:label2\" content=\"Geschatte leestijd\" \/>\n\t<meta name=\"twitter:data2\" content=\"3 minuten\" \/>\n<script type=\"application\/ld+json\" class=\"yoast-schema-graph\">{\"@context\":\"https:\/\/schema.org\",\"@graph\":[{\"@type\":\"Article\",\"@id\":\"https:\/\/dualar.com\/nl\/2024\/12\/13\/turkijes-erdogan-zal-syrie-en-cairo-bezoeken\/#article\",\"isPartOf\":{\"@id\":\"https:\/\/dualar.com\/nl\/2024\/12\/13\/turkijes-erdogan-zal-syrie-en-cairo-bezoeken\/\"},\"author\":{\"name\":\"info@blueappleagency.nl\",\"@id\":\"https:\/\/dualar.com\/nl\/#\/schema\/person\/d920bfed24e7ef4d145c3664464931fd\"},\"headline\":\"Turkije&#8217;s Erdo\u011fan zal Syri\u00eb en Ca\u00efro bezoeken\",\"datePublished\":\"2024-12-13T21:08:53+00:00\",\"dateModified\":\"2024-12-13T21:09:00+00:00\",\"mainEntityOfPage\":{\"@id\":\"https:\/\/dualar.com\/nl\/2024\/12\/13\/turkijes-erdogan-zal-syrie-en-cairo-bezoeken\/\"},\"wordCount\":663,\"commentCount\":0,\"publisher\":{\"@id\":\"https:\/\/dualar.com\/nl\/#organization\"},\"image\":{\"@id\":\"https:\/\/dualar.com\/nl\/2024\/12\/13\/turkijes-erdogan-zal-syrie-en-cairo-bezoeken\/#primaryimage\"},\"thumbnailUrl\":\"https:\/\/dualar.com\/nl\/wp-content\/uploads\/sites\/2\/2024\/12\/Turkijes-Erdogan-zal-Syrie-en-Cairo-bezoeken.jpg\",\"keywords\":[\"bezoek\",\"Ca\u00efro\",\"Erdo\u011fan\",\"Syri\u00eb\",\"Turkije\"],\"articleSection\":[\"Mondiaal Moslim Nieuws\"],\"inLanguage\":\"nl-NL\",\"potentialAction\":[{\"@type\":\"CommentAction\",\"name\":\"Comment\",\"target\":[\"https:\/\/dualar.com\/nl\/2024\/12\/13\/turkijes-erdogan-zal-syrie-en-cairo-bezoeken\/#respond\"]}]},{\"@type\":\"WebPage\",\"@id\":\"https:\/\/dualar.com\/nl\/2024\/12\/13\/turkijes-erdogan-zal-syrie-en-cairo-bezoeken\/\",\"url\":\"https:\/\/dualar.com\/nl\/2024\/12\/13\/turkijes-erdogan-zal-syrie-en-cairo-bezoeken\/\",\"name\":\"Turkije's Erdo\u011fan zal Syri\u00eb en Ca\u00efro bezoeken - Dualar.com\/nl\",\"isPartOf\":{\"@id\":\"https:\/\/dualar.com\/nl\/#website\"},\"primaryImageOfPage\":{\"@id\":\"https:\/\/dualar.com\/nl\/2024\/12\/13\/turkijes-erdogan-zal-syrie-en-cairo-bezoeken\/#primaryimage\"},\"image\":{\"@id\":\"https:\/\/dualar.com\/nl\/2024\/12\/13\/turkijes-erdogan-zal-syrie-en-cairo-bezoeken\/#primaryimage\"},\"thumbnailUrl\":\"https:\/\/dualar.com\/nl\/wp-content\/uploads\/sites\/2\/2024\/12\/Turkijes-Erdogan-zal-Syrie-en-Cairo-bezoeken.jpg\",\"datePublished\":\"2024-12-13T21:08:53+00:00\",\"dateModified\":\"2024-12-13T21:09:00+00:00\",\"description\":\"Erdo\u011fan en Sisi bespreken Syri\u00eb in Ca\u00efro, focussen op regionale stabiliteit en wederopbouw na de val van Assad.\",\"breadcrumb\":{\"@id\":\"https:\/\/dualar.com\/nl\/2024\/12\/13\/turkijes-erdogan-zal-syrie-en-cairo-bezoeken\/#breadcrumb\"},\"inLanguage\":\"nl-NL\",\"potentialAction\":[{\"@type\":\"ReadAction\",\"target\":[\"https:\/\/dualar.com\/nl\/2024\/12\/13\/turkijes-erdogan-zal-syrie-en-cairo-bezoeken\/\"]}]},{\"@type\":\"ImageObject\",\"inLanguage\":\"nl-NL\",\"@id\":\"https:\/\/dualar.com\/nl\/2024\/12\/13\/turkijes-erdogan-zal-syrie-en-cairo-bezoeken\/#primaryimage\",\"url\":\"https:\/\/dualar.com\/nl\/wp-content\/uploads\/sites\/2\/2024\/12\/Turkijes-Erdogan-zal-Syrie-en-Cairo-bezoeken.jpg\",\"contentUrl\":\"https:\/\/dualar.com\/nl\/wp-content\/uploads\/sites\/2\/2024\/12\/Turkijes-Erdogan-zal-Syrie-en-Cairo-bezoeken.jpg\",\"width\":1600,\"height\":900,\"caption\":\"Turkije's Erdo\u011fan zal Syri\u00eb en Ca\u00efro bezoeken\"},{\"@type\":\"BreadcrumbList\",\"@id\":\"https:\/\/dualar.com\/nl\/2024\/12\/13\/turkijes-erdogan-zal-syrie-en-cairo-bezoeken\/#breadcrumb\",\"itemListElement\":[{\"@type\":\"ListItem\",\"position\":1,\"name\":\"Home\",\"item\":\"https:\/\/dualar.com\/nl\/\"},{\"@type\":\"ListItem\",\"position\":2,\"name\":\"Turkije&#8217;s Erdo\u011fan zal Syri\u00eb en Ca\u00efro bezoeken\"}]},{\"@type\":\"WebSite\",\"@id\":\"https:\/\/dualar.com\/nl\/#website\",\"url\":\"https:\/\/dualar.com\/nl\/\",\"name\":\"Dualar.com\/nl\",\"description\":\"Gebeden die u op elk moment inspireren\",\"publisher\":{\"@id\":\"https:\/\/dualar.com\/nl\/#organization\"},\"potentialAction\":[{\"@type\":\"SearchAction\",\"target\":{\"@type\":\"EntryPoint\",\"urlTemplate\":\"https:\/\/dualar.com\/nl\/?s={search_term_string}\"},\"query-input\":{\"@type\":\"PropertyValueSpecification\",\"valueRequired\":true,\"valueName\":\"search_term_string\"}}],\"inLanguage\":\"nl-NL\"},{\"@type\":\"Organization\",\"@id\":\"https:\/\/dualar.com\/nl\/#organization\",\"name\":\"Dualar.com\/nl\",\"url\":\"https:\/\/dualar.com\/nl\/\",\"logo\":{\"@type\":\"ImageObject\",\"inLanguage\":\"nl-NL\",\"@id\":\"https:\/\/dualar.com\/nl\/#\/schema\/logo\/image\/\",\"url\":\"https:\/\/dualar.com\/nl\/wp-content\/uploads\/sites\/2\/2024\/11\/Her-Aniniza-Ilham-Veren-Dualar-1.png\",\"contentUrl\":\"https:\/\/dualar.com\/nl\/wp-content\/uploads\/sites\/2\/2024\/11\/Her-Aniniza-Ilham-Veren-Dualar-1.png\",\"width\":1000,\"height\":300,\"caption\":\"Dualar.com\/nl\"},\"image\":{\"@id\":\"https:\/\/dualar.com\/nl\/#\/schema\/logo\/image\/\"}},{\"@type\":\"Person\",\"@id\":\"https:\/\/dualar.com\/nl\/#\/schema\/person\/d920bfed24e7ef4d145c3664464931fd\",\"name\":\"info@blueappleagency.nl\",\"image\":{\"@type\":\"ImageObject\",\"inLanguage\":\"nl-NL\",\"@id\":\"https:\/\/dualar.com\/nl\/#\/schema\/person\/image\/\",\"url\":\"https:\/\/secure.gravatar.com\/avatar\/4bcc94ad74be7f14c7e9a39e3f95a587?s=96&d=mm&r=g\",\"contentUrl\":\"https:\/\/secure.gravatar.com\/avatar\/4bcc94ad74be7f14c7e9a39e3f95a587?s=96&d=mm&r=g\",\"caption\":\"info@blueappleagency.nl\"},\"sameAs\":[\"http:\/\/dualar.com\"],\"url\":\"#\"}]}<\/script>\n<!-- \/ Yoast SEO plugin. -->","yoast_head_json":{"title":"Turkije's Erdo\u011fan zal Syri\u00eb en Ca\u00efro bezoeken - Dualar.com\/nl","description":"Erdo\u011fan en Sisi bespreken Syri\u00eb in Ca\u00efro, focussen op regionale stabiliteit en wederopbouw na de val van Assad.","robots":{"index":"index","follow":"follow","max-snippet":"max-snippet:-1","max-image-preview":"max-image-preview:large","max-video-preview":"max-video-preview:-1"},"canonical":"https:\/\/dualar.com\/nl\/2024\/12\/13\/turkijes-erdogan-zal-syrie-en-cairo-bezoeken\/","og_locale":"nl_NL","og_type":"article","og_title":"Turkije's Erdo\u011fan zal Syri\u00eb en Ca\u00efro bezoeken - Dualar.com\/nl","og_description":"Erdo\u011fan en Sisi bespreken Syri\u00eb in Ca\u00efro, focussen op regionale stabiliteit en wederopbouw na de val van Assad.","og_url":"https:\/\/dualar.com\/nl\/2024\/12\/13\/turkijes-erdogan-zal-syrie-en-cairo-bezoeken\/","og_site_name":"Dualar.com\/nl","article_published_time":"2024-12-13T21:08:53+00:00","article_modified_time":"2024-12-13T21:09:00+00:00","og_image":[{"width":1600,"height":900,"url":"https:\/\/dualar.com\/nl\/wp-content\/uploads\/sites\/2\/2024\/12\/Turkijes-Erdogan-zal-Syrie-en-Cairo-bezoeken.jpg","type":"image\/jpeg"}],"author":"info@blueappleagency.nl","twitter_card":"summary_large_image","twitter_misc":{"Geschreven door":"info@blueappleagency.nl","Geschatte leestijd":"3 minuten"},"schema":{"@context":"https:\/\/schema.org","@graph":[{"@type":"Article","@id":"https:\/\/dualar.com\/nl\/2024\/12\/13\/turkijes-erdogan-zal-syrie-en-cairo-bezoeken\/#article","isPartOf":{"@id":"https:\/\/dualar.com\/nl\/2024\/12\/13\/turkijes-erdogan-zal-syrie-en-cairo-bezoeken\/"},"author":{"name":"info@blueappleagency.nl","@id":"https:\/\/dualar.com\/nl\/#\/schema\/person\/d920bfed24e7ef4d145c3664464931fd"},"headline":"Turkije&#8217;s Erdo\u011fan zal Syri\u00eb en Ca\u00efro bezoeken","datePublished":"2024-12-13T21:08:53+00:00","dateModified":"2024-12-13T21:09:00+00:00","mainEntityOfPage":{"@id":"https:\/\/dualar.com\/nl\/2024\/12\/13\/turkijes-erdogan-zal-syrie-en-cairo-bezoeken\/"},"wordCount":663,"commentCount":0,"publisher":{"@id":"https:\/\/dualar.com\/nl\/#organization"},"image":{"@id":"https:\/\/dualar.com\/nl\/2024\/12\/13\/turkijes-erdogan-zal-syrie-en-cairo-bezoeken\/#primaryimage"},"thumbnailUrl":"https:\/\/dualar.com\/nl\/wp-content\/uploads\/sites\/2\/2024\/12\/Turkijes-Erdogan-zal-Syrie-en-Cairo-bezoeken.jpg","keywords":["bezoek","Ca\u00efro","Erdo\u011fan","Syri\u00eb","Turkije"],"articleSection":["Mondiaal Moslim Nieuws"],"inLanguage":"nl-NL","potentialAction":[{"@type":"CommentAction","name":"Comment","target":["https:\/\/dualar.com\/nl\/2024\/12\/13\/turkijes-erdogan-zal-syrie-en-cairo-bezoeken\/#respond"]}]},{"@type":"WebPage","@id":"https:\/\/dualar.com\/nl\/2024\/12\/13\/turkijes-erdogan-zal-syrie-en-cairo-bezoeken\/","url":"https:\/\/dualar.com\/nl\/2024\/12\/13\/turkijes-erdogan-zal-syrie-en-cairo-bezoeken\/","name":"Turkije's Erdo\u011fan zal Syri\u00eb en Ca\u00efro bezoeken - Dualar.com\/nl","isPartOf":{"@id":"https:\/\/dualar.com\/nl\/#website"},"primaryImageOfPage":{"@id":"https:\/\/dualar.com\/nl\/2024\/12\/13\/turkijes-erdogan-zal-syrie-en-cairo-bezoeken\/#primaryimage"},"image":{"@id":"https:\/\/dualar.com\/nl\/2024\/12\/13\/turkijes-erdogan-zal-syrie-en-cairo-bezoeken\/#primaryimage"},"thumbnailUrl":"https:\/\/dualar.com\/nl\/wp-content\/uploads\/sites\/2\/2024\/12\/Turkijes-Erdogan-zal-Syrie-en-Cairo-bezoeken.jpg","datePublished":"2024-12-13T21:08:53+00:00","dateModified":"2024-12-13T21:09:00+00:00","description":"Erdo\u011fan en Sisi bespreken Syri\u00eb in Ca\u00efro, focussen op regionale stabiliteit en wederopbouw na de val van Assad.","breadcrumb":{"@id":"https:\/\/dualar.com\/nl\/2024\/12\/13\/turkijes-erdogan-zal-syrie-en-cairo-bezoeken\/#breadcrumb"},"inLanguage":"nl-NL","potentialAction":[{"@type":"ReadAction","target":["https:\/\/dualar.com\/nl\/2024\/12\/13\/turkijes-erdogan-zal-syrie-en-cairo-bezoeken\/"]}]},{"@type":"ImageObject","inLanguage":"nl-NL","@id":"https:\/\/dualar.com\/nl\/2024\/12\/13\/turkijes-erdogan-zal-syrie-en-cairo-bezoeken\/#primaryimage","url":"https:\/\/dualar.com\/nl\/wp-content\/uploads\/sites\/2\/2024\/12\/Turkijes-Erdogan-zal-Syrie-en-Cairo-bezoeken.jpg","contentUrl":"https:\/\/dualar.com\/nl\/wp-content\/uploads\/sites\/2\/2024\/12\/Turkijes-Erdogan-zal-Syrie-en-Cairo-bezoeken.jpg","width":1600,"height":900,"caption":"Turkije's Erdo\u011fan zal Syri\u00eb en Ca\u00efro bezoeken"},{"@type":"BreadcrumbList","@id":"https:\/\/dualar.com\/nl\/2024\/12\/13\/turkijes-erdogan-zal-syrie-en-cairo-bezoeken\/#breadcrumb","itemListElement":[{"@type":"ListItem","position":1,"name":"Home","item":"https:\/\/dualar.com\/nl\/"},{"@type":"ListItem","position":2,"name":"Turkije&#8217;s Erdo\u011fan zal Syri\u00eb en Ca\u00efro bezoeken"}]},{"@type":"WebSite","@id":"https:\/\/dualar.com\/nl\/#website","url":"https:\/\/dualar.com\/nl\/","name":"Dualar.com\/nl","description":"Gebeden die u op elk moment inspireren","publisher":{"@id":"https:\/\/dualar.com\/nl\/#organization"},"potentialAction":[{"@type":"SearchAction","target":{"@type":"EntryPoint","urlTemplate":"https:\/\/dualar.com\/nl\/?s={search_term_string}"},"query-input":{"@type":"PropertyValueSpecification","valueRequired":true,"valueName":"search_term_string"}}],"inLanguage":"nl-NL"},{"@type":"Organization","@id":"https:\/\/dualar.com\/nl\/#organization","name":"Dualar.com\/nl","url":"https:\/\/dualar.com\/nl\/","logo":{"@type":"ImageObject","inLanguage":"nl-NL","@id":"https:\/\/dualar.com\/nl\/#\/schema\/logo\/image\/","url":"https:\/\/dualar.com\/nl\/wp-content\/uploads\/sites\/2\/2024\/11\/Her-Aniniza-Ilham-Veren-Dualar-1.png","contentUrl":"https:\/\/dualar.com\/nl\/wp-content\/uploads\/sites\/2\/2024\/11\/Her-Aniniza-Ilham-Veren-Dualar-1.png","width":1000,"height":300,"caption":"Dualar.com\/nl"},"image":{"@id":"https:\/\/dualar.com\/nl\/#\/schema\/logo\/image\/"}},{"@type":"Person","@id":"https:\/\/dualar.com\/nl\/#\/schema\/person\/d920bfed24e7ef4d145c3664464931fd","name":"info@blueappleagency.nl","image":{"@type":"ImageObject","inLanguage":"nl-NL","@id":"https:\/\/dualar.com\/nl\/#\/schema\/person\/image\/","url":"https:\/\/secure.gravatar.com\/avatar\/4bcc94ad74be7f14c7e9a39e3f95a587?s=96&d=mm&r=g","contentUrl":"https:\/\/secure.gravatar.com\/avatar\/4bcc94ad74be7f14c7e9a39e3f95a587?s=96&d=mm&r=g","caption":"info@blueappleagency.nl"},"sameAs":["http:\/\/dualar.com"],"url":"#"}]}},"taxonomy_info":{"category":[{"value":2,"label":"Mondiaal Moslim Nieuws"}],"post_tag":[{"value":750,"label":"bezoek"},{"value":749,"label":"Ca\u00efro"},{"value":231,"label":"Erdo\u011fan"},{"value":536,"label":"Syri\u00eb"},{"value":94,"label":"Turkije"}]},"featured_image_src_large":["https:\/\/dualar.com\/nl\/wp-content\/uploads\/sites\/2\/2024\/12\/Turkijes-Erdogan-zal-Syrie-en-Cairo-bezoeken-1024x576.jpg",1024,576,true],"author_info":{"display_name":"info@blueappleagency.nl","author_link":"#"},"comment_info":0,"category_info":[{"term_id":2,"name":"Mondiaal Moslim Nieuws","slug":"mondiaal-moslim-nieuws","term_group":0,"term_taxonomy_id":2,"taxonomy":"category","description":"","parent":0,"count":1312,"filter":"raw","cat_ID":2,"category_count":1312,"category_description":"","cat_name":"Mondiaal Moslim Nieuws","category_nicename":"mondiaal-moslim-nieuws","category_parent":0}],"tag_info":[{"term_id":750,"name":"bezoek","slug":"bezoek","term_group":0,"term_taxonomy_id":750,"taxonomy":"post_tag","description":"","parent":0,"count":8,"filter":"raw"},{"term_id":749,"name":"Ca\u00efro","slug":"cairo","term_group":0,"term_taxonomy_id":749,"taxonomy":"post_tag","description":"","parent":0,"count":1,"filter":"raw"},{"term_id":231,"name":"Erdo\u011fan","slug":"erdogan","term_group":0,"term_taxonomy_id":231,"taxonomy":"post_tag","description":"","parent":0,"count":3,"filter":"raw"},{"term_id":536,"name":"Syri\u00eb","slug":"syrie","term_group":0,"term_taxonomy_id":536,"taxonomy":"post_tag","description":"","parent":0,"count":30,"filter":"raw"},{"term_id":94,"name":"Turkije","slug":"turkije","term_group":0,"term_taxonomy_id":94,"taxonomy":"post_tag","description":"","parent":0,"count":23,"filter":"raw"}],"_links":{"self":[{"href":"https:\/\/dualar.com\/nl\/wp-json\/wp\/v2\/posts\/1725","targetHints":{"allow":["GET"]}}],"collection":[{"href":"https:\/\/dualar.com\/nl\/wp-json\/wp\/v2\/posts"}],"about":[{"href":"https:\/\/dualar.com\/nl\/wp-json\/wp\/v2\/types\/post"}],"author":[{"embeddable":true,"href":"https:\/\/dualar.com\/nl\/wp-json\/wp\/v2\/users\/1"}],"replies":[{"embeddable":true,"href":"https:\/\/dualar.com\/nl\/wp-json\/wp\/v2\/comments?post=1725"}],"version-history":[{"count":1,"href":"https:\/\/dualar.com\/nl\/wp-json\/wp\/v2\/posts\/1725\/revisions"}],"predecessor-version":[{"id":1727,"href":"https:\/\/dualar.com\/nl\/wp-json\/wp\/v2\/posts\/1725\/revisions\/1727"}],"wp:featuredmedia":[{"embeddable":true,"href":"https:\/\/dualar.com\/nl\/wp-json\/wp\/v2\/media\/1726"}],"wp:attachment":[{"href":"https:\/\/dualar.com\/nl\/wp-json\/wp\/v2\/media?parent=1725"}],"wp:term":[{"taxonomy":"category","embeddable":true,"href":"https:\/\/dualar.com\/nl\/wp-json\/wp\/v2\/categories?post=1725"},{"taxonomy":"post_tag","embeddable":true,"href":"https:\/\/dualar.com\/nl\/wp-json\/wp\/v2\/tags?post=1725"}],"curies":[{"name":"wp","href":"https:\/\/api.w.org\/{rel}","templated":true}]}}