{"id":1749,"date":"2024-12-16T17:06:11","date_gmt":"2024-12-16T16:06:11","guid":{"rendered":"https:\/\/dualar.com\/nl\/2024\/12\/16\/iran-verdeling-over-syrie-de-val-van-assad-bedrigt-teheran\/"},"modified":"2024-12-16T17:06:19","modified_gmt":"2024-12-16T16:06:19","slug":"iran-verdeling-over-syrie-de-val-van-assad-bedrigt-teheran","status":"publish","type":"post","link":"https:\/\/dualar.com\/nl\/2024\/12\/16\/iran-verdeling-over-syrie-de-val-van-assad-bedrigt-teheran\/","title":{"rendered":"Iran: Verdeling Over Syri\u00eb: De Val van Assad Bedrigt Teheran"},"content":{"rendered":"<div>\n<p><strong>De Strategie van Iran in Syri\u00eb en de Val van Assad: Analyse<\/strong><\/p>\n<p>Toen de regering van Bashar al-Assad in Syri\u00eb instortte, waren Iraanse functionarissen verbijsterd getuige van de snelle opmars van de rebellen in het hele land en hun bijna ongehinderd veroveren van steden. Dit proces vond plaats in slechts twee weken. Echter, er wordt gemeld dat, toen Hezbollah-strijders vertrokken uit Syri\u00eb om tegen Isra\u00ebl in Libanon te vechten, meer dan 15 controleposten in gebieden onder controle van de rebellen grotendeels niet opnieuw zijn bezet.<\/p>\n<p>Een bron dicht bij de Iraanse regering verklaarde aan MEE: &#8220;Het luchtruim was in handen van Isra\u00ebl, daarom konden we niets bieden.&#8221; De frequent uitgevoerde Isra\u00eblische luchtaanvallen op Iraanse en Hezbollah-doelen in Syri\u00eb in de afgelopen maanden hebben deze situatie verder bemoeilijkt. Bovendien werd gemeld dat \u00e9\u00e9n dag voor de val van Assad, hoge functionarissen zich inspanden om de heilige plaatsen te beschermen en troepen te sturen, maar dit ook mislukte.<\/p>\n<h3>Verandering in de Iraanse Media<\/h3>\n<p>Toen de rebellen op 7 december de nabijheid van Damascus bereikten, veranderde de Iraanse staatstelevisie ook haar houding. De media, die de rebellen een dag eerder &#8220;terroristen&#8221; noemden, begonnen hen &#8220;gewapende groepen&#8221; te noemen. Terwijl de verdediging van Assad instortte, lekte de Iraanse media een rapport dat melding maakte van de garantie van Teheran dat de heilige sjiitische plaatsen in Syri\u00eb niet beschadigd zouden raken. Deze lek werd gedaan om de zorgen van de religieuze klasse en de aanhangers van de regering te verlichten.<\/p>\n<h3>Reacties in de Iraanse Samenleving<\/h3>\n<p>De reacties in Iran waren gemengd. Strikte supporters van de Islamitische Republiek denken dat de regering niet genoeg inspanningen heeft geleverd. Een groep gelooft dat Assad een belangrijke rol speelde in de strategie van Iran tegen extremistische groepen en Isra\u00ebl. Anderen beschouwen deze situatie echter als een noodzakelijke maar positieve uitkomst voor Iran en beweren dat de &#8220;weerstandsas&#8221; uiteenviel.<\/p>\n<p>Een hoge reformistische journalist zei: &#8220;Iran heeft een hoge prijs betaald voor zijn domme en religieuze buitenlandse politiek.&#8221; Hij bekritiseerde de situatie door te zeggen: &#8220;In lijn met onze nationale belangen moeten we landen zoals Isra\u00ebl als concurrenten beschouwen, niet als vijanden.&#8221;<\/p>\n<h3>Toekomstige Strategie\u00ebn van Iran<\/h3>\n<p>Er lijken kleine verschillen te zijn onder Iraanse besluitvormers. Een groep stelt dat Teheran de contacten met HTS moet onderhouden, terwijl de andere groep de oprichting van nieuwe proxy-groepen in Syri\u00eb ondersteunt. Een voormalige diplomaat vertelde aan MEE: &#8220;Iran zal zijn beleid in Syri\u00eb via verschillende kanalen voortzetten.&#8221;<\/p>\n<h3>Analyse en Toekomstverwachtingen<\/h3>\n<p>Analisten geloven dat het ineenstorten van de as van Iran de Westerse landen zal aanzetten om groepen zoals de Houthi\u2019s in Jemen te targeten. &#8220;De verovering van Syri\u00eb door de rebellen zal een logistiek obstakel vormen voor Hezbollah in Libanon,&#8221; zei een professor in internationale betrekkingen en voegde eraan toe: &#8220;Naarmate Iran zijn machtsnetwerk in Syri\u00eb verliest, loopt het ook het risico om in Libanon te verliezen.&#8221;<\/p>\n<p>Concluderend zal de situatie van Iran in Syri\u00eb een belangrijke factor blijven die de machtsbalans in de regio be\u00efnvloedt. U kunt ook uw gedachten over dit onderwerp delen of meer informatie verkrijgen door relevante artikelen te lezen.<\/p>\n<\/div>\n","protected":false},"excerpt":{"rendered":"<p>De val van Assad in Syri\u00eb heeft Iraanse functionarissen verrast, vooral door de snelle opmars van rebellen. Terwijl Hezbollah-strijders naar Libanon vertrokken om tegen Isra\u00ebl te vechten, bleven meer dan 15 controleposten in rebellenhanden. Isra\u00eblische luchtaanvallen bemoeilijken de situatie verder. De Iraanse media veranderden hun toon, van &#8220;terroristen&#8221; naar &#8220;gewapende groepen,&#8221; en benadrukten de bescherming van sjiitische plaatsen. Reacties binnen Iran zijn gemengd; sommigen beschouwen de situatie als een mislukking, terwijl anderen het als een kans zien. De toekomststrategie van Iran omvat mogelijk het onderhouden van contacten of het oprichten van nieuwe proxy-groepen in Syri\u00eb.<\/p>\n","protected":false},"author":1,"featured_media":1750,"comment_status":"open","ping_status":"open","sticky":false,"template":"","format":"standard","meta":{"_kad_blocks_custom_css":"","_kad_blocks_head_custom_js":"","_kad_blocks_body_custom_js":"","_kad_blocks_footer_custom_js":"","_kadence_starter_templates_imported_post":false,"_kad_post_transparent":"","_kad_post_title":"","_kad_post_layout":"","_kad_post_sidebar_id":"","_kad_post_content_style":"","_kad_post_vertical_padding":"","_kad_post_feature":"","_kad_post_feature_position":"","_kad_post_header":false,"_kad_post_footer":false,"footnotes":""},"categories":[2],"tags":[733,770,569,536,771,769,768],"class_list":["post-1749","post","type-post","status-publish","format-standard","has-post-thumbnail","hentry","category-mondiaal-moslim-nieuws","tag-assad","tag-bedrigt","tag-iran","tag-syrie","tag-teheran","tag-val","tag-verdeling"],"yoast_head":"<!-- This site is optimized with the Yoast SEO plugin v23.9 - https:\/\/yoast.com\/wordpress\/plugins\/seo\/ -->\n<title>Iran: Verdeling Over Syri\u00eb: De Val van Assad Bedrigt Teheran - Dualar.com\/nl<\/title>\n<meta name=\"description\" content=\"Iran is bezorgd over de val van Assad in Syri\u00eb en de impact op haar strategie, met gemengde reacties in de Iraanse samenleving.\" \/>\n<meta name=\"robots\" content=\"index, follow, max-snippet:-1, max-image-preview:large, max-video-preview:-1\" \/>\n<link rel=\"canonical\" href=\"https:\/\/dualar.com\/nl\/2024\/12\/16\/iran-verdeling-over-syrie-de-val-van-assad-bedrigt-teheran\/\" \/>\n<meta property=\"og:locale\" content=\"nl_NL\" \/>\n<meta property=\"og:type\" content=\"article\" \/>\n<meta property=\"og:title\" content=\"Iran: Verdeling Over Syri\u00eb: De Val van Assad Bedrigt Teheran - Dualar.com\/nl\" \/>\n<meta property=\"og:description\" content=\"Iran is bezorgd over de val van Assad in Syri\u00eb en de impact op haar strategie, met gemengde reacties in de Iraanse samenleving.\" \/>\n<meta property=\"og:url\" content=\"https:\/\/dualar.com\/nl\/2024\/12\/16\/iran-verdeling-over-syrie-de-val-van-assad-bedrigt-teheran\/\" \/>\n<meta property=\"og:site_name\" content=\"Dualar.com\/nl\" \/>\n<meta property=\"article:published_time\" content=\"2024-12-16T16:06:11+00:00\" \/>\n<meta property=\"article:modified_time\" content=\"2024-12-16T16:06:19+00:00\" \/>\n<meta property=\"og:image\" content=\"https:\/\/dualar.com\/nl\/wp-content\/uploads\/sites\/2\/2024\/12\/Iran-Verdeling-Over-Syrie-De-Val-van-Assad-Bedrigt-Teheran.jpg\" \/>\n\t<meta property=\"og:image:width\" content=\"1600\" \/>\n\t<meta property=\"og:image:height\" content=\"983\" \/>\n\t<meta property=\"og:image:type\" content=\"image\/jpeg\" \/>\n<meta name=\"author\" content=\"info@blueappleagency.nl\" \/>\n<meta name=\"twitter:card\" content=\"summary_large_image\" \/>\n<meta name=\"twitter:label1\" content=\"Geschreven door\" \/>\n\t<meta name=\"twitter:data1\" content=\"info@blueappleagency.nl\" \/>\n\t<meta name=\"twitter:label2\" content=\"Geschatte leestijd\" \/>\n\t<meta name=\"twitter:data2\" content=\"3 minuten\" \/>\n<script type=\"application\/ld+json\" class=\"yoast-schema-graph\">{\"@context\":\"https:\/\/schema.org\",\"@graph\":[{\"@type\":\"Article\",\"@id\":\"https:\/\/dualar.com\/nl\/2024\/12\/16\/iran-verdeling-over-syrie-de-val-van-assad-bedrigt-teheran\/#article\",\"isPartOf\":{\"@id\":\"https:\/\/dualar.com\/nl\/2024\/12\/16\/iran-verdeling-over-syrie-de-val-van-assad-bedrigt-teheran\/\"},\"author\":{\"name\":\"info@blueappleagency.nl\",\"@id\":\"https:\/\/dualar.com\/nl\/#\/schema\/person\/d920bfed24e7ef4d145c3664464931fd\"},\"headline\":\"Iran: Verdeling Over Syri\u00eb: De Val van Assad Bedrigt Teheran\",\"datePublished\":\"2024-12-16T16:06:11+00:00\",\"dateModified\":\"2024-12-16T16:06:19+00:00\",\"mainEntityOfPage\":{\"@id\":\"https:\/\/dualar.com\/nl\/2024\/12\/16\/iran-verdeling-over-syrie-de-val-van-assad-bedrigt-teheran\/\"},\"wordCount\":526,\"commentCount\":0,\"publisher\":{\"@id\":\"https:\/\/dualar.com\/nl\/#organization\"},\"image\":{\"@id\":\"https:\/\/dualar.com\/nl\/2024\/12\/16\/iran-verdeling-over-syrie-de-val-van-assad-bedrigt-teheran\/#primaryimage\"},\"thumbnailUrl\":\"https:\/\/dualar.com\/nl\/wp-content\/uploads\/sites\/2\/2024\/12\/Iran-Verdeling-Over-Syrie-De-Val-van-Assad-Bedrigt-Teheran.jpg\",\"keywords\":[\"Assad\",\"Bedrigt\",\"Iran\",\"Syri\u00eb\",\"Teheran\",\"Val\",\"Verdeling\"],\"articleSection\":[\"Mondiaal Moslim Nieuws\"],\"inLanguage\":\"nl-NL\",\"potentialAction\":[{\"@type\":\"CommentAction\",\"name\":\"Comment\",\"target\":[\"https:\/\/dualar.com\/nl\/2024\/12\/16\/iran-verdeling-over-syrie-de-val-van-assad-bedrigt-teheran\/#respond\"]}]},{\"@type\":\"WebPage\",\"@id\":\"https:\/\/dualar.com\/nl\/2024\/12\/16\/iran-verdeling-over-syrie-de-val-van-assad-bedrigt-teheran\/\",\"url\":\"https:\/\/dualar.com\/nl\/2024\/12\/16\/iran-verdeling-over-syrie-de-val-van-assad-bedrigt-teheran\/\",\"name\":\"Iran: Verdeling Over Syri\u00eb: De Val van Assad Bedrigt Teheran - Dualar.com\/nl\",\"isPartOf\":{\"@id\":\"https:\/\/dualar.com\/nl\/#website\"},\"primaryImageOfPage\":{\"@id\":\"https:\/\/dualar.com\/nl\/2024\/12\/16\/iran-verdeling-over-syrie-de-val-van-assad-bedrigt-teheran\/#primaryimage\"},\"image\":{\"@id\":\"https:\/\/dualar.com\/nl\/2024\/12\/16\/iran-verdeling-over-syrie-de-val-van-assad-bedrigt-teheran\/#primaryimage\"},\"thumbnailUrl\":\"https:\/\/dualar.com\/nl\/wp-content\/uploads\/sites\/2\/2024\/12\/Iran-Verdeling-Over-Syrie-De-Val-van-Assad-Bedrigt-Teheran.jpg\",\"datePublished\":\"2024-12-16T16:06:11+00:00\",\"dateModified\":\"2024-12-16T16:06:19+00:00\",\"description\":\"Iran is bezorgd over de val van Assad in Syri\u00eb en de impact op haar strategie, met gemengde reacties in de Iraanse samenleving.\",\"breadcrumb\":{\"@id\":\"https:\/\/dualar.com\/nl\/2024\/12\/16\/iran-verdeling-over-syrie-de-val-van-assad-bedrigt-teheran\/#breadcrumb\"},\"inLanguage\":\"nl-NL\",\"potentialAction\":[{\"@type\":\"ReadAction\",\"target\":[\"https:\/\/dualar.com\/nl\/2024\/12\/16\/iran-verdeling-over-syrie-de-val-van-assad-bedrigt-teheran\/\"]}]},{\"@type\":\"ImageObject\",\"inLanguage\":\"nl-NL\",\"@id\":\"https:\/\/dualar.com\/nl\/2024\/12\/16\/iran-verdeling-over-syrie-de-val-van-assad-bedrigt-teheran\/#primaryimage\",\"url\":\"https:\/\/dualar.com\/nl\/wp-content\/uploads\/sites\/2\/2024\/12\/Iran-Verdeling-Over-Syrie-De-Val-van-Assad-Bedrigt-Teheran.jpg\",\"contentUrl\":\"https:\/\/dualar.com\/nl\/wp-content\/uploads\/sites\/2\/2024\/12\/Iran-Verdeling-Over-Syrie-De-Val-van-Assad-Bedrigt-Teheran.jpg\",\"width\":1600,\"height\":983,\"caption\":\"Iran: Verdeling Over Syri\u00eb: De Val van Assad Bedrigt Teheran\"},{\"@type\":\"BreadcrumbList\",\"@id\":\"https:\/\/dualar.com\/nl\/2024\/12\/16\/iran-verdeling-over-syrie-de-val-van-assad-bedrigt-teheran\/#breadcrumb\",\"itemListElement\":[{\"@type\":\"ListItem\",\"position\":1,\"name\":\"Home\",\"item\":\"https:\/\/dualar.com\/nl\/\"},{\"@type\":\"ListItem\",\"position\":2,\"name\":\"Iran: Verdeling Over Syri\u00eb: De Val van Assad Bedrigt Teheran\"}]},{\"@type\":\"WebSite\",\"@id\":\"https:\/\/dualar.com\/nl\/#website\",\"url\":\"https:\/\/dualar.com\/nl\/\",\"name\":\"Dualar.com\/nl\",\"description\":\"Gebeden die u op elk moment inspireren\",\"publisher\":{\"@id\":\"https:\/\/dualar.com\/nl\/#organization\"},\"potentialAction\":[{\"@type\":\"SearchAction\",\"target\":{\"@type\":\"EntryPoint\",\"urlTemplate\":\"https:\/\/dualar.com\/nl\/?s={search_term_string}\"},\"query-input\":{\"@type\":\"PropertyValueSpecification\",\"valueRequired\":true,\"valueName\":\"search_term_string\"}}],\"inLanguage\":\"nl-NL\"},{\"@type\":\"Organization\",\"@id\":\"https:\/\/dualar.com\/nl\/#organization\",\"name\":\"Dualar.com\/nl\",\"url\":\"https:\/\/dualar.com\/nl\/\",\"logo\":{\"@type\":\"ImageObject\",\"inLanguage\":\"nl-NL\",\"@id\":\"https:\/\/dualar.com\/nl\/#\/schema\/logo\/image\/\",\"url\":\"https:\/\/dualar.com\/nl\/wp-content\/uploads\/sites\/2\/2024\/11\/Her-Aniniza-Ilham-Veren-Dualar-1.png\",\"contentUrl\":\"https:\/\/dualar.com\/nl\/wp-content\/uploads\/sites\/2\/2024\/11\/Her-Aniniza-Ilham-Veren-Dualar-1.png\",\"width\":1000,\"height\":300,\"caption\":\"Dualar.com\/nl\"},\"image\":{\"@id\":\"https:\/\/dualar.com\/nl\/#\/schema\/logo\/image\/\"}},{\"@type\":\"Person\",\"@id\":\"https:\/\/dualar.com\/nl\/#\/schema\/person\/d920bfed24e7ef4d145c3664464931fd\",\"name\":\"info@blueappleagency.nl\",\"image\":{\"@type\":\"ImageObject\",\"inLanguage\":\"nl-NL\",\"@id\":\"https:\/\/dualar.com\/nl\/#\/schema\/person\/image\/\",\"url\":\"https:\/\/secure.gravatar.com\/avatar\/4bcc94ad74be7f14c7e9a39e3f95a587?s=96&d=mm&r=g\",\"contentUrl\":\"https:\/\/secure.gravatar.com\/avatar\/4bcc94ad74be7f14c7e9a39e3f95a587?s=96&d=mm&r=g\",\"caption\":\"info@blueappleagency.nl\"},\"sameAs\":[\"http:\/\/dualar.com\"],\"url\":\"#\"}]}<\/script>\n<!-- \/ Yoast SEO plugin. -->","yoast_head_json":{"title":"Iran: Verdeling Over Syri\u00eb: De Val van Assad Bedrigt Teheran - Dualar.com\/nl","description":"Iran is bezorgd over de val van Assad in Syri\u00eb en de impact op haar strategie, met gemengde reacties in de Iraanse samenleving.","robots":{"index":"index","follow":"follow","max-snippet":"max-snippet:-1","max-image-preview":"max-image-preview:large","max-video-preview":"max-video-preview:-1"},"canonical":"https:\/\/dualar.com\/nl\/2024\/12\/16\/iran-verdeling-over-syrie-de-val-van-assad-bedrigt-teheran\/","og_locale":"nl_NL","og_type":"article","og_title":"Iran: Verdeling Over Syri\u00eb: De Val van Assad Bedrigt Teheran - Dualar.com\/nl","og_description":"Iran is bezorgd over de val van Assad in Syri\u00eb en de impact op haar strategie, met gemengde reacties in de Iraanse samenleving.","og_url":"https:\/\/dualar.com\/nl\/2024\/12\/16\/iran-verdeling-over-syrie-de-val-van-assad-bedrigt-teheran\/","og_site_name":"Dualar.com\/nl","article_published_time":"2024-12-16T16:06:11+00:00","article_modified_time":"2024-12-16T16:06:19+00:00","og_image":[{"width":1600,"height":983,"url":"https:\/\/dualar.com\/nl\/wp-content\/uploads\/sites\/2\/2024\/12\/Iran-Verdeling-Over-Syrie-De-Val-van-Assad-Bedrigt-Teheran.jpg","type":"image\/jpeg"}],"author":"info@blueappleagency.nl","twitter_card":"summary_large_image","twitter_misc":{"Geschreven door":"info@blueappleagency.nl","Geschatte leestijd":"3 minuten"},"schema":{"@context":"https:\/\/schema.org","@graph":[{"@type":"Article","@id":"https:\/\/dualar.com\/nl\/2024\/12\/16\/iran-verdeling-over-syrie-de-val-van-assad-bedrigt-teheran\/#article","isPartOf":{"@id":"https:\/\/dualar.com\/nl\/2024\/12\/16\/iran-verdeling-over-syrie-de-val-van-assad-bedrigt-teheran\/"},"author":{"name":"info@blueappleagency.nl","@id":"https:\/\/dualar.com\/nl\/#\/schema\/person\/d920bfed24e7ef4d145c3664464931fd"},"headline":"Iran: Verdeling Over Syri\u00eb: De Val van Assad Bedrigt Teheran","datePublished":"2024-12-16T16:06:11+00:00","dateModified":"2024-12-16T16:06:19+00:00","mainEntityOfPage":{"@id":"https:\/\/dualar.com\/nl\/2024\/12\/16\/iran-verdeling-over-syrie-de-val-van-assad-bedrigt-teheran\/"},"wordCount":526,"commentCount":0,"publisher":{"@id":"https:\/\/dualar.com\/nl\/#organization"},"image":{"@id":"https:\/\/dualar.com\/nl\/2024\/12\/16\/iran-verdeling-over-syrie-de-val-van-assad-bedrigt-teheran\/#primaryimage"},"thumbnailUrl":"https:\/\/dualar.com\/nl\/wp-content\/uploads\/sites\/2\/2024\/12\/Iran-Verdeling-Over-Syrie-De-Val-van-Assad-Bedrigt-Teheran.jpg","keywords":["Assad","Bedrigt","Iran","Syri\u00eb","Teheran","Val","Verdeling"],"articleSection":["Mondiaal Moslim Nieuws"],"inLanguage":"nl-NL","potentialAction":[{"@type":"CommentAction","name":"Comment","target":["https:\/\/dualar.com\/nl\/2024\/12\/16\/iran-verdeling-over-syrie-de-val-van-assad-bedrigt-teheran\/#respond"]}]},{"@type":"WebPage","@id":"https:\/\/dualar.com\/nl\/2024\/12\/16\/iran-verdeling-over-syrie-de-val-van-assad-bedrigt-teheran\/","url":"https:\/\/dualar.com\/nl\/2024\/12\/16\/iran-verdeling-over-syrie-de-val-van-assad-bedrigt-teheran\/","name":"Iran: Verdeling Over Syri\u00eb: De Val van Assad Bedrigt Teheran - Dualar.com\/nl","isPartOf":{"@id":"https:\/\/dualar.com\/nl\/#website"},"primaryImageOfPage":{"@id":"https:\/\/dualar.com\/nl\/2024\/12\/16\/iran-verdeling-over-syrie-de-val-van-assad-bedrigt-teheran\/#primaryimage"},"image":{"@id":"https:\/\/dualar.com\/nl\/2024\/12\/16\/iran-verdeling-over-syrie-de-val-van-assad-bedrigt-teheran\/#primaryimage"},"thumbnailUrl":"https:\/\/dualar.com\/nl\/wp-content\/uploads\/sites\/2\/2024\/12\/Iran-Verdeling-Over-Syrie-De-Val-van-Assad-Bedrigt-Teheran.jpg","datePublished":"2024-12-16T16:06:11+00:00","dateModified":"2024-12-16T16:06:19+00:00","description":"Iran is bezorgd over de val van Assad in Syri\u00eb en de impact op haar strategie, met gemengde reacties in de Iraanse samenleving.","breadcrumb":{"@id":"https:\/\/dualar.com\/nl\/2024\/12\/16\/iran-verdeling-over-syrie-de-val-van-assad-bedrigt-teheran\/#breadcrumb"},"inLanguage":"nl-NL","potentialAction":[{"@type":"ReadAction","target":["https:\/\/dualar.com\/nl\/2024\/12\/16\/iran-verdeling-over-syrie-de-val-van-assad-bedrigt-teheran\/"]}]},{"@type":"ImageObject","inLanguage":"nl-NL","@id":"https:\/\/dualar.com\/nl\/2024\/12\/16\/iran-verdeling-over-syrie-de-val-van-assad-bedrigt-teheran\/#primaryimage","url":"https:\/\/dualar.com\/nl\/wp-content\/uploads\/sites\/2\/2024\/12\/Iran-Verdeling-Over-Syrie-De-Val-van-Assad-Bedrigt-Teheran.jpg","contentUrl":"https:\/\/dualar.com\/nl\/wp-content\/uploads\/sites\/2\/2024\/12\/Iran-Verdeling-Over-Syrie-De-Val-van-Assad-Bedrigt-Teheran.jpg","width":1600,"height":983,"caption":"Iran: Verdeling Over Syri\u00eb: De Val van Assad Bedrigt Teheran"},{"@type":"BreadcrumbList","@id":"https:\/\/dualar.com\/nl\/2024\/12\/16\/iran-verdeling-over-syrie-de-val-van-assad-bedrigt-teheran\/#breadcrumb","itemListElement":[{"@type":"ListItem","position":1,"name":"Home","item":"https:\/\/dualar.com\/nl\/"},{"@type":"ListItem","position":2,"name":"Iran: Verdeling Over Syri\u00eb: De Val van Assad Bedrigt Teheran"}]},{"@type":"WebSite","@id":"https:\/\/dualar.com\/nl\/#website","url":"https:\/\/dualar.com\/nl\/","name":"Dualar.com\/nl","description":"Gebeden die u op elk moment inspireren","publisher":{"@id":"https:\/\/dualar.com\/nl\/#organization"},"potentialAction":[{"@type":"SearchAction","target":{"@type":"EntryPoint","urlTemplate":"https:\/\/dualar.com\/nl\/?s={search_term_string}"},"query-input":{"@type":"PropertyValueSpecification","valueRequired":true,"valueName":"search_term_string"}}],"inLanguage":"nl-NL"},{"@type":"Organization","@id":"https:\/\/dualar.com\/nl\/#organization","name":"Dualar.com\/nl","url":"https:\/\/dualar.com\/nl\/","logo":{"@type":"ImageObject","inLanguage":"nl-NL","@id":"https:\/\/dualar.com\/nl\/#\/schema\/logo\/image\/","url":"https:\/\/dualar.com\/nl\/wp-content\/uploads\/sites\/2\/2024\/11\/Her-Aniniza-Ilham-Veren-Dualar-1.png","contentUrl":"https:\/\/dualar.com\/nl\/wp-content\/uploads\/sites\/2\/2024\/11\/Her-Aniniza-Ilham-Veren-Dualar-1.png","width":1000,"height":300,"caption":"Dualar.com\/nl"},"image":{"@id":"https:\/\/dualar.com\/nl\/#\/schema\/logo\/image\/"}},{"@type":"Person","@id":"https:\/\/dualar.com\/nl\/#\/schema\/person\/d920bfed24e7ef4d145c3664464931fd","name":"info@blueappleagency.nl","image":{"@type":"ImageObject","inLanguage":"nl-NL","@id":"https:\/\/dualar.com\/nl\/#\/schema\/person\/image\/","url":"https:\/\/secure.gravatar.com\/avatar\/4bcc94ad74be7f14c7e9a39e3f95a587?s=96&d=mm&r=g","contentUrl":"https:\/\/secure.gravatar.com\/avatar\/4bcc94ad74be7f14c7e9a39e3f95a587?s=96&d=mm&r=g","caption":"info@blueappleagency.nl"},"sameAs":["http:\/\/dualar.com"],"url":"#"}]}},"taxonomy_info":{"category":[{"value":2,"label":"Mondiaal Moslim Nieuws"}],"post_tag":[{"value":733,"label":"Assad"},{"value":770,"label":"Bedrigt"},{"value":569,"label":"Iran"},{"value":536,"label":"Syri\u00eb"},{"value":771,"label":"Teheran"},{"value":769,"label":"Val"},{"value":768,"label":"Verdeling"}]},"featured_image_src_large":["https:\/\/dualar.com\/nl\/wp-content\/uploads\/sites\/2\/2024\/12\/Iran-Verdeling-Over-Syrie-De-Val-van-Assad-Bedrigt-Teheran-1024x629.jpg",1024,629,true],"author_info":{"display_name":"info@blueappleagency.nl","author_link":"#"},"comment_info":0,"category_info":[{"term_id":2,"name":"Mondiaal Moslim Nieuws","slug":"mondiaal-moslim-nieuws","term_group":0,"term_taxonomy_id":2,"taxonomy":"category","description":"","parent":0,"count":1312,"filter":"raw","cat_ID":2,"category_count":1312,"category_description":"","cat_name":"Mondiaal Moslim Nieuws","category_nicename":"mondiaal-moslim-nieuws","category_parent":0}],"tag_info":[{"term_id":733,"name":"Assad","slug":"assad","term_group":0,"term_taxonomy_id":733,"taxonomy":"post_tag","description":"","parent":0,"count":6,"filter":"raw"},{"term_id":770,"name":"Bedrigt","slug":"bedrigt","term_group":0,"term_taxonomy_id":770,"taxonomy":"post_tag","description":"","parent":0,"count":1,"filter":"raw"},{"term_id":569,"name":"Iran","slug":"iran","term_group":0,"term_taxonomy_id":569,"taxonomy":"post_tag","description":"","parent":0,"count":50,"filter":"raw"},{"term_id":536,"name":"Syri\u00eb","slug":"syrie","term_group":0,"term_taxonomy_id":536,"taxonomy":"post_tag","description":"","parent":0,"count":30,"filter":"raw"},{"term_id":771,"name":"Teheran","slug":"teheran","term_group":0,"term_taxonomy_id":771,"taxonomy":"post_tag","description":"","parent":0,"count":2,"filter":"raw"},{"term_id":769,"name":"Val","slug":"val","term_group":0,"term_taxonomy_id":769,"taxonomy":"post_tag","description":"","parent":0,"count":2,"filter":"raw"},{"term_id":768,"name":"Verdeling","slug":"verdeling","term_group":0,"term_taxonomy_id":768,"taxonomy":"post_tag","description":"","parent":0,"count":1,"filter":"raw"}],"_links":{"self":[{"href":"https:\/\/dualar.com\/nl\/wp-json\/wp\/v2\/posts\/1749","targetHints":{"allow":["GET"]}}],"collection":[{"href":"https:\/\/dualar.com\/nl\/wp-json\/wp\/v2\/posts"}],"about":[{"href":"https:\/\/dualar.com\/nl\/wp-json\/wp\/v2\/types\/post"}],"author":[{"embeddable":true,"href":"https:\/\/dualar.com\/nl\/wp-json\/wp\/v2\/users\/1"}],"replies":[{"embeddable":true,"href":"https:\/\/dualar.com\/nl\/wp-json\/wp\/v2\/comments?post=1749"}],"version-history":[{"count":1,"href":"https:\/\/dualar.com\/nl\/wp-json\/wp\/v2\/posts\/1749\/revisions"}],"predecessor-version":[{"id":1751,"href":"https:\/\/dualar.com\/nl\/wp-json\/wp\/v2\/posts\/1749\/revisions\/1751"}],"wp:featuredmedia":[{"embeddable":true,"href":"https:\/\/dualar.com\/nl\/wp-json\/wp\/v2\/media\/1750"}],"wp:attachment":[{"href":"https:\/\/dualar.com\/nl\/wp-json\/wp\/v2\/media?parent=1749"}],"wp:term":[{"taxonomy":"category","embeddable":true,"href":"https:\/\/dualar.com\/nl\/wp-json\/wp\/v2\/categories?post=1749"},{"taxonomy":"post_tag","embeddable":true,"href":"https:\/\/dualar.com\/nl\/wp-json\/wp\/v2\/tags?post=1749"}],"curies":[{"name":"wp","href":"https:\/\/api.w.org\/{rel}","templated":true}]}}