{"id":2018,"date":"2025-01-11T10:53:52","date_gmt":"2025-01-11T09:53:52","guid":{"rendered":"https:\/\/dualar.com\/nl\/2025\/01\/11\/22-palestijnen-gedood-bij-israelische-aanvallen-waaronder-ook-een-journalist\/"},"modified":"2025-01-11T10:54:03","modified_gmt":"2025-01-11T09:54:03","slug":"22-palestijnen-gedood-bij-israelische-aanvallen-waaronder-ook-een-journalist","status":"publish","type":"post","link":"https:\/\/dualar.com\/nl\/2025\/01\/11\/22-palestijnen-gedood-bij-israelische-aanvallen-waaronder-ook-een-journalist\/","title":{"rendered":"22 Palestijnen gedood bij Isra\u00eblische aanvallen, waaronder ook een journalist"},"content":{"rendered":"<div>\n<p><strong>Luchtaanvallen in Gaza: Minstens 22 Palestijnen Omgekomen<\/strong><\/p>\n<p>De luchtaanvallen in Gaza hebben geleid tot de dood van minstens 22 Palestijnen, waaronder een journalist. Autoriteiten hebben gemeld dat het gebrek aan brandstof Gaza in gevaar brengt van een communicatie-uitval. Deze tragische gebeurtenissen tonen aan hoe ernstig de toenemende spanning en de omvang van de humanitaire crisis in de regio zijn.<\/p>\n<p>Palestijnse mediaorganisaties hebben de moord op de freelance fotojournalist Saed Abu Nabhan, die voor Anadolu Agency werkte, veroordeeld. Abu Nabhan werd &#8220;martelaar&#8221; toen hij de gebeurtenissen in het Nuseirat vluchtelingenkamp vastlegde, getroffen door kogels van Isra\u00eblische sluipschutters.<\/p>\n<h3>Luchtaanvallen en Dodelijke Slachtoffers<\/h3>\n<p>De Civiele Bescherming in Gaza meldde dat acht mensen omkwamen en vele anderen gewond raakten bij een luchtaanval die gericht was op een groep mensen en een huis in de wijk Shujaiya. Daarnaast werd gemeld dat zeven mensen omkwamen bij een luchtaanval op het Al-Bureij vluchtelingenkamp in centraal Gaza. In het Nasser Ziekenhuis in Khan Younis, in het zuiden van Gaza, werden vier lichamen geborgen na lucht- en artillerieaanvallen.<\/p>\n<p>Het Al-Awda Ziekenhuis in de Al-Nuseirat regio in Midden-Gaza meldde dat drie mensen omkwamen en zes anderen gewond raakten als gevolg van artillerievuur en aanvallen met onbemande luchtvaartuigen. Met de dood van Nabhan is het aantal journalisten dat omkwam sinds het begin van de gevechten op 7 oktober 2023 gestegen naar 203.<\/p>\n<h3>Communicatiediensten in Gevaar<\/h3>\n<p>De Minister van Communicatie en Digitale Economie in Gaza, Abdul Razzaq Al-Natsha, waarschuwde dat het gebrek aan brandstof de internet- en vaste telefoniediensten zou kunnen be\u00efnvloeden. De brandstoftekorten worden verergerd door de blokkade die Isra\u00ebl oplegt aan humanitaire hulpgoederen, wat leidt tot onderbrekingen van de noodhulp en de verergering van de humanitaire crisis.<\/p>\n<h3>Langdurige Conflicten<\/h3>\n<p>Het conflict in Gaza is meer dan 460 dagen aan de gang sinds de aanval door de door Hamas geleide macht op Zuid-Isra\u00ebl op 7 oktober 2023. Bij deze aanval kwamen meer dan 1.200 Isra\u00ebli&#8217;s om het leven en werden ongeveer 250 gijzelaars genomen. De grootschalige militaire reactie van Isra\u00ebl op Gaza heeft volgens de gezondheidsautoriteiten in Gaza geleid tot de dood van meer dan 46.000 Palestijnen.<\/p>\n<p><strong>Gerelateerde Gebeurtenissen: Luchtaanvallen in Libanon<\/strong><\/p>\n<p>Bovendien werd op vrijdag gemeld dat vijf mensen omkwamen en vier anderen gewond raakten bij een Isra\u00eblische luchtaanval op Tayr Debba in de regio Tyre, Libanon. Palestijnse bronnen meldden dat een Isra\u00eblisch onbemand luchtvaartuig een voertuig in Tayr Debba aanstuurde. Daarnaast werd op vrijdag gemeld dat er vijf lichamen waren gevonden bij recente Isra\u00eblische aanvallen in de stad Khiam in Libanon.<\/p>\n<h3>Conclusie<\/h3>\n<p>De situatie in Gaza verslechtert met de dag. Er wordt van de internationale gemeenschap dringend actie verwacht om deze humanitaire crisis op te lossen. U kunt ook uw gedachten hierover met ons delen of onze website bezoeken om soortgelijke artikelen te lezen.<\/p>\n<p><strong>Bronnen:<\/strong><\/p>\n<\/div>\n","protected":false},"excerpt":{"rendered":"<p>Luchtaanvallen in Gaza hebben geleid tot de dood van minstens 22 Palestijnen, waaronder de freelance fotojournalist Saed Abu Nabhan. De aanvallen hebben de humanitaire crisis verergerd, met een risico op communicatiestoornissen door brandstoftekorten. Sinds 7 oktober 2023 zijn meer dan 203 journalisten omgekomen. De Isra\u00eblische militaire reactie op de aanvallen door Hamas heeft meer dan 46.000 Palestijnen het leven gekost. Daarnaast zijn er ook slachtoffers gevallen bij luchtaanvallen in Libanon. De internationale gemeenschap wordt aangemoedigd om snel actie te ondernemen om de crisis te verhelpen.<\/p>\n","protected":false},"author":1,"featured_media":2019,"comment_status":"open","ping_status":"open","sticky":false,"template":"","format":"standard","meta":{"_kad_blocks_custom_css":"","_kad_blocks_head_custom_js":"","_kad_blocks_body_custom_js":"","_kad_blocks_footer_custom_js":"","_kadence_starter_templates_imported_post":false,"_kad_post_transparent":"","_kad_post_title":"","_kad_post_layout":"","_kad_post_sidebar_id":"","_kad_post_content_style":"","_kad_post_vertical_padding":"","_kad_post_feature":"","_kad_post_feature_position":"","_kad_post_header":false,"_kad_post_footer":false,"footnotes":""},"categories":[2],"tags":[1052,700,635,1051,881,300],"class_list":["post-2018","post","type-post","status-publish","format-standard","has-post-thumbnail","hentry","category-mondiaal-moslim-nieuws","tag-conflict","tag-geweld","tag-israelische-aanvallen","tag-journalist","tag-midden-oosten","tag-palestijnen"],"yoast_head":"<!-- This site is optimized with the Yoast SEO plugin v23.9 - https:\/\/yoast.com\/wordpress\/plugins\/seo\/ -->\n<title>22 Palestijnen gedood bij Isra\u00eblische aanvallen, waaronder ook een journalist - Dualar.com\/nl<\/title>\n<meta name=\"description\" content=\"Luchtaanvallen in Gaza eisten 22 levens, waaronder een journalist. Brandstoftekorten bedreigen communicatie. Humanitaire crisis verergert.\" \/>\n<meta name=\"robots\" content=\"index, follow, max-snippet:-1, max-image-preview:large, max-video-preview:-1\" \/>\n<link rel=\"canonical\" href=\"https:\/\/dualar.com\/nl\/2025\/01\/11\/22-palestijnen-gedood-bij-israelische-aanvallen-waaronder-ook-een-journalist\/\" \/>\n<meta property=\"og:locale\" content=\"nl_NL\" \/>\n<meta property=\"og:type\" content=\"article\" \/>\n<meta property=\"og:title\" content=\"22 Palestijnen gedood bij Isra\u00eblische aanvallen, waaronder ook een journalist - Dualar.com\/nl\" \/>\n<meta property=\"og:description\" content=\"Luchtaanvallen in Gaza eisten 22 levens, waaronder een journalist. Brandstoftekorten bedreigen communicatie. Humanitaire crisis verergert.\" \/>\n<meta property=\"og:url\" content=\"https:\/\/dualar.com\/nl\/2025\/01\/11\/22-palestijnen-gedood-bij-israelische-aanvallen-waaronder-ook-een-journalist\/\" \/>\n<meta property=\"og:site_name\" content=\"Dualar.com\/nl\" \/>\n<meta property=\"article:published_time\" content=\"2025-01-11T09:53:52+00:00\" \/>\n<meta property=\"article:modified_time\" content=\"2025-01-11T09:54:03+00:00\" \/>\n<meta property=\"og:image\" content=\"https:\/\/dualar.com\/nl\/wp-content\/uploads\/sites\/2\/2025\/01\/22-Palestijnen-gedood-bij-Israelische-aanvallen-waaronder-ook-een-journalist.jpg\" \/>\n\t<meta property=\"og:image:width\" content=\"1600\" \/>\n\t<meta property=\"og:image:height\" content=\"899\" \/>\n\t<meta property=\"og:image:type\" content=\"image\/jpeg\" \/>\n<meta name=\"author\" content=\"info@blueappleagency.nl\" \/>\n<meta name=\"twitter:card\" content=\"summary_large_image\" \/>\n<meta name=\"twitter:label1\" content=\"Geschreven door\" \/>\n\t<meta name=\"twitter:data1\" content=\"info@blueappleagency.nl\" \/>\n\t<meta name=\"twitter:label2\" content=\"Geschatte leestijd\" \/>\n\t<meta name=\"twitter:data2\" content=\"2 minuten\" \/>\n<script type=\"application\/ld+json\" class=\"yoast-schema-graph\">{\"@context\":\"https:\/\/schema.org\",\"@graph\":[{\"@type\":\"Article\",\"@id\":\"https:\/\/dualar.com\/nl\/2025\/01\/11\/22-palestijnen-gedood-bij-israelische-aanvallen-waaronder-ook-een-journalist\/#article\",\"isPartOf\":{\"@id\":\"https:\/\/dualar.com\/nl\/2025\/01\/11\/22-palestijnen-gedood-bij-israelische-aanvallen-waaronder-ook-een-journalist\/\"},\"author\":{\"name\":\"info@blueappleagency.nl\",\"@id\":\"https:\/\/dualar.com\/nl\/#\/schema\/person\/d920bfed24e7ef4d145c3664464931fd\"},\"headline\":\"22 Palestijnen gedood bij Isra\u00eblische aanvallen, waaronder ook een journalist\",\"datePublished\":\"2025-01-11T09:53:52+00:00\",\"dateModified\":\"2025-01-11T09:54:03+00:00\",\"mainEntityOfPage\":{\"@id\":\"https:\/\/dualar.com\/nl\/2025\/01\/11\/22-palestijnen-gedood-bij-israelische-aanvallen-waaronder-ook-een-journalist\/\"},\"wordCount\":465,\"commentCount\":0,\"publisher\":{\"@id\":\"https:\/\/dualar.com\/nl\/#organization\"},\"image\":{\"@id\":\"https:\/\/dualar.com\/nl\/2025\/01\/11\/22-palestijnen-gedood-bij-israelische-aanvallen-waaronder-ook-een-journalist\/#primaryimage\"},\"thumbnailUrl\":\"https:\/\/dualar.com\/nl\/wp-content\/uploads\/sites\/2\/2025\/01\/22-Palestijnen-gedood-bij-Israelische-aanvallen-waaronder-ook-een-journalist.jpg\",\"keywords\":[\"conflict\",\"geweld\",\"Isra\u00eblische aanvallen\",\"journalist\",\"Midden-Oosten\",\"Palestijnen\"],\"articleSection\":[\"Mondiaal Moslim Nieuws\"],\"inLanguage\":\"nl-NL\",\"potentialAction\":[{\"@type\":\"CommentAction\",\"name\":\"Comment\",\"target\":[\"https:\/\/dualar.com\/nl\/2025\/01\/11\/22-palestijnen-gedood-bij-israelische-aanvallen-waaronder-ook-een-journalist\/#respond\"]}]},{\"@type\":\"WebPage\",\"@id\":\"https:\/\/dualar.com\/nl\/2025\/01\/11\/22-palestijnen-gedood-bij-israelische-aanvallen-waaronder-ook-een-journalist\/\",\"url\":\"https:\/\/dualar.com\/nl\/2025\/01\/11\/22-palestijnen-gedood-bij-israelische-aanvallen-waaronder-ook-een-journalist\/\",\"name\":\"22 Palestijnen gedood bij Isra\u00eblische aanvallen, waaronder ook een journalist - Dualar.com\/nl\",\"isPartOf\":{\"@id\":\"https:\/\/dualar.com\/nl\/#website\"},\"primaryImageOfPage\":{\"@id\":\"https:\/\/dualar.com\/nl\/2025\/01\/11\/22-palestijnen-gedood-bij-israelische-aanvallen-waaronder-ook-een-journalist\/#primaryimage\"},\"image\":{\"@id\":\"https:\/\/dualar.com\/nl\/2025\/01\/11\/22-palestijnen-gedood-bij-israelische-aanvallen-waaronder-ook-een-journalist\/#primaryimage\"},\"thumbnailUrl\":\"https:\/\/dualar.com\/nl\/wp-content\/uploads\/sites\/2\/2025\/01\/22-Palestijnen-gedood-bij-Israelische-aanvallen-waaronder-ook-een-journalist.jpg\",\"datePublished\":\"2025-01-11T09:53:52+00:00\",\"dateModified\":\"2025-01-11T09:54:03+00:00\",\"description\":\"Luchtaanvallen in Gaza eisten 22 levens, waaronder een journalist. Brandstoftekorten bedreigen communicatie. Humanitaire crisis verergert.\",\"breadcrumb\":{\"@id\":\"https:\/\/dualar.com\/nl\/2025\/01\/11\/22-palestijnen-gedood-bij-israelische-aanvallen-waaronder-ook-een-journalist\/#breadcrumb\"},\"inLanguage\":\"nl-NL\",\"potentialAction\":[{\"@type\":\"ReadAction\",\"target\":[\"https:\/\/dualar.com\/nl\/2025\/01\/11\/22-palestijnen-gedood-bij-israelische-aanvallen-waaronder-ook-een-journalist\/\"]}]},{\"@type\":\"ImageObject\",\"inLanguage\":\"nl-NL\",\"@id\":\"https:\/\/dualar.com\/nl\/2025\/01\/11\/22-palestijnen-gedood-bij-israelische-aanvallen-waaronder-ook-een-journalist\/#primaryimage\",\"url\":\"https:\/\/dualar.com\/nl\/wp-content\/uploads\/sites\/2\/2025\/01\/22-Palestijnen-gedood-bij-Israelische-aanvallen-waaronder-ook-een-journalist.jpg\",\"contentUrl\":\"https:\/\/dualar.com\/nl\/wp-content\/uploads\/sites\/2\/2025\/01\/22-Palestijnen-gedood-bij-Israelische-aanvallen-waaronder-ook-een-journalist.jpg\",\"width\":1600,\"height\":899,\"caption\":\"22 Palestijnen gedood bij Isra\u00eblische aanvallen, waaronder ook een journalist\"},{\"@type\":\"BreadcrumbList\",\"@id\":\"https:\/\/dualar.com\/nl\/2025\/01\/11\/22-palestijnen-gedood-bij-israelische-aanvallen-waaronder-ook-een-journalist\/#breadcrumb\",\"itemListElement\":[{\"@type\":\"ListItem\",\"position\":1,\"name\":\"Home\",\"item\":\"https:\/\/dualar.com\/nl\/\"},{\"@type\":\"ListItem\",\"position\":2,\"name\":\"22 Palestijnen gedood bij Isra\u00eblische aanvallen, waaronder ook een journalist\"}]},{\"@type\":\"WebSite\",\"@id\":\"https:\/\/dualar.com\/nl\/#website\",\"url\":\"https:\/\/dualar.com\/nl\/\",\"name\":\"Dualar.com\/nl\",\"description\":\"Gebeden die u op elk moment inspireren\",\"publisher\":{\"@id\":\"https:\/\/dualar.com\/nl\/#organization\"},\"potentialAction\":[{\"@type\":\"SearchAction\",\"target\":{\"@type\":\"EntryPoint\",\"urlTemplate\":\"https:\/\/dualar.com\/nl\/?s={search_term_string}\"},\"query-input\":{\"@type\":\"PropertyValueSpecification\",\"valueRequired\":true,\"valueName\":\"search_term_string\"}}],\"inLanguage\":\"nl-NL\"},{\"@type\":\"Organization\",\"@id\":\"https:\/\/dualar.com\/nl\/#organization\",\"name\":\"Dualar.com\/nl\",\"url\":\"https:\/\/dualar.com\/nl\/\",\"logo\":{\"@type\":\"ImageObject\",\"inLanguage\":\"nl-NL\",\"@id\":\"https:\/\/dualar.com\/nl\/#\/schema\/logo\/image\/\",\"url\":\"https:\/\/dualar.com\/nl\/wp-content\/uploads\/sites\/2\/2024\/11\/Her-Aniniza-Ilham-Veren-Dualar-1.png\",\"contentUrl\":\"https:\/\/dualar.com\/nl\/wp-content\/uploads\/sites\/2\/2024\/11\/Her-Aniniza-Ilham-Veren-Dualar-1.png\",\"width\":1000,\"height\":300,\"caption\":\"Dualar.com\/nl\"},\"image\":{\"@id\":\"https:\/\/dualar.com\/nl\/#\/schema\/logo\/image\/\"}},{\"@type\":\"Person\",\"@id\":\"https:\/\/dualar.com\/nl\/#\/schema\/person\/d920bfed24e7ef4d145c3664464931fd\",\"name\":\"info@blueappleagency.nl\",\"image\":{\"@type\":\"ImageObject\",\"inLanguage\":\"nl-NL\",\"@id\":\"https:\/\/dualar.com\/nl\/#\/schema\/person\/image\/\",\"url\":\"https:\/\/secure.gravatar.com\/avatar\/4bcc94ad74be7f14c7e9a39e3f95a587?s=96&d=mm&r=g\",\"contentUrl\":\"https:\/\/secure.gravatar.com\/avatar\/4bcc94ad74be7f14c7e9a39e3f95a587?s=96&d=mm&r=g\",\"caption\":\"info@blueappleagency.nl\"},\"sameAs\":[\"http:\/\/dualar.com\"],\"url\":\"#\"}]}<\/script>\n<!-- \/ Yoast SEO plugin. -->","yoast_head_json":{"title":"22 Palestijnen gedood bij Isra\u00eblische aanvallen, waaronder ook een journalist - Dualar.com\/nl","description":"Luchtaanvallen in Gaza eisten 22 levens, waaronder een journalist. Brandstoftekorten bedreigen communicatie. Humanitaire crisis verergert.","robots":{"index":"index","follow":"follow","max-snippet":"max-snippet:-1","max-image-preview":"max-image-preview:large","max-video-preview":"max-video-preview:-1"},"canonical":"https:\/\/dualar.com\/nl\/2025\/01\/11\/22-palestijnen-gedood-bij-israelische-aanvallen-waaronder-ook-een-journalist\/","og_locale":"nl_NL","og_type":"article","og_title":"22 Palestijnen gedood bij Isra\u00eblische aanvallen, waaronder ook een journalist - Dualar.com\/nl","og_description":"Luchtaanvallen in Gaza eisten 22 levens, waaronder een journalist. Brandstoftekorten bedreigen communicatie. Humanitaire crisis verergert.","og_url":"https:\/\/dualar.com\/nl\/2025\/01\/11\/22-palestijnen-gedood-bij-israelische-aanvallen-waaronder-ook-een-journalist\/","og_site_name":"Dualar.com\/nl","article_published_time":"2025-01-11T09:53:52+00:00","article_modified_time":"2025-01-11T09:54:03+00:00","og_image":[{"width":1600,"height":899,"url":"https:\/\/dualar.com\/nl\/wp-content\/uploads\/sites\/2\/2025\/01\/22-Palestijnen-gedood-bij-Israelische-aanvallen-waaronder-ook-een-journalist.jpg","type":"image\/jpeg"}],"author":"info@blueappleagency.nl","twitter_card":"summary_large_image","twitter_misc":{"Geschreven door":"info@blueappleagency.nl","Geschatte leestijd":"2 minuten"},"schema":{"@context":"https:\/\/schema.org","@graph":[{"@type":"Article","@id":"https:\/\/dualar.com\/nl\/2025\/01\/11\/22-palestijnen-gedood-bij-israelische-aanvallen-waaronder-ook-een-journalist\/#article","isPartOf":{"@id":"https:\/\/dualar.com\/nl\/2025\/01\/11\/22-palestijnen-gedood-bij-israelische-aanvallen-waaronder-ook-een-journalist\/"},"author":{"name":"info@blueappleagency.nl","@id":"https:\/\/dualar.com\/nl\/#\/schema\/person\/d920bfed24e7ef4d145c3664464931fd"},"headline":"22 Palestijnen gedood bij Isra\u00eblische aanvallen, waaronder ook een journalist","datePublished":"2025-01-11T09:53:52+00:00","dateModified":"2025-01-11T09:54:03+00:00","mainEntityOfPage":{"@id":"https:\/\/dualar.com\/nl\/2025\/01\/11\/22-palestijnen-gedood-bij-israelische-aanvallen-waaronder-ook-een-journalist\/"},"wordCount":465,"commentCount":0,"publisher":{"@id":"https:\/\/dualar.com\/nl\/#organization"},"image":{"@id":"https:\/\/dualar.com\/nl\/2025\/01\/11\/22-palestijnen-gedood-bij-israelische-aanvallen-waaronder-ook-een-journalist\/#primaryimage"},"thumbnailUrl":"https:\/\/dualar.com\/nl\/wp-content\/uploads\/sites\/2\/2025\/01\/22-Palestijnen-gedood-bij-Israelische-aanvallen-waaronder-ook-een-journalist.jpg","keywords":["conflict","geweld","Isra\u00eblische aanvallen","journalist","Midden-Oosten","Palestijnen"],"articleSection":["Mondiaal Moslim Nieuws"],"inLanguage":"nl-NL","potentialAction":[{"@type":"CommentAction","name":"Comment","target":["https:\/\/dualar.com\/nl\/2025\/01\/11\/22-palestijnen-gedood-bij-israelische-aanvallen-waaronder-ook-een-journalist\/#respond"]}]},{"@type":"WebPage","@id":"https:\/\/dualar.com\/nl\/2025\/01\/11\/22-palestijnen-gedood-bij-israelische-aanvallen-waaronder-ook-een-journalist\/","url":"https:\/\/dualar.com\/nl\/2025\/01\/11\/22-palestijnen-gedood-bij-israelische-aanvallen-waaronder-ook-een-journalist\/","name":"22 Palestijnen gedood bij Isra\u00eblische aanvallen, waaronder ook een journalist - Dualar.com\/nl","isPartOf":{"@id":"https:\/\/dualar.com\/nl\/#website"},"primaryImageOfPage":{"@id":"https:\/\/dualar.com\/nl\/2025\/01\/11\/22-palestijnen-gedood-bij-israelische-aanvallen-waaronder-ook-een-journalist\/#primaryimage"},"image":{"@id":"https:\/\/dualar.com\/nl\/2025\/01\/11\/22-palestijnen-gedood-bij-israelische-aanvallen-waaronder-ook-een-journalist\/#primaryimage"},"thumbnailUrl":"https:\/\/dualar.com\/nl\/wp-content\/uploads\/sites\/2\/2025\/01\/22-Palestijnen-gedood-bij-Israelische-aanvallen-waaronder-ook-een-journalist.jpg","datePublished":"2025-01-11T09:53:52+00:00","dateModified":"2025-01-11T09:54:03+00:00","description":"Luchtaanvallen in Gaza eisten 22 levens, waaronder een journalist. Brandstoftekorten bedreigen communicatie. Humanitaire crisis verergert.","breadcrumb":{"@id":"https:\/\/dualar.com\/nl\/2025\/01\/11\/22-palestijnen-gedood-bij-israelische-aanvallen-waaronder-ook-een-journalist\/#breadcrumb"},"inLanguage":"nl-NL","potentialAction":[{"@type":"ReadAction","target":["https:\/\/dualar.com\/nl\/2025\/01\/11\/22-palestijnen-gedood-bij-israelische-aanvallen-waaronder-ook-een-journalist\/"]}]},{"@type":"ImageObject","inLanguage":"nl-NL","@id":"https:\/\/dualar.com\/nl\/2025\/01\/11\/22-palestijnen-gedood-bij-israelische-aanvallen-waaronder-ook-een-journalist\/#primaryimage","url":"https:\/\/dualar.com\/nl\/wp-content\/uploads\/sites\/2\/2025\/01\/22-Palestijnen-gedood-bij-Israelische-aanvallen-waaronder-ook-een-journalist.jpg","contentUrl":"https:\/\/dualar.com\/nl\/wp-content\/uploads\/sites\/2\/2025\/01\/22-Palestijnen-gedood-bij-Israelische-aanvallen-waaronder-ook-een-journalist.jpg","width":1600,"height":899,"caption":"22 Palestijnen gedood bij Isra\u00eblische aanvallen, waaronder ook een journalist"},{"@type":"BreadcrumbList","@id":"https:\/\/dualar.com\/nl\/2025\/01\/11\/22-palestijnen-gedood-bij-israelische-aanvallen-waaronder-ook-een-journalist\/#breadcrumb","itemListElement":[{"@type":"ListItem","position":1,"name":"Home","item":"https:\/\/dualar.com\/nl\/"},{"@type":"ListItem","position":2,"name":"22 Palestijnen gedood bij Isra\u00eblische aanvallen, waaronder ook een journalist"}]},{"@type":"WebSite","@id":"https:\/\/dualar.com\/nl\/#website","url":"https:\/\/dualar.com\/nl\/","name":"Dualar.com\/nl","description":"Gebeden die u op elk moment inspireren","publisher":{"@id":"https:\/\/dualar.com\/nl\/#organization"},"potentialAction":[{"@type":"SearchAction","target":{"@type":"EntryPoint","urlTemplate":"https:\/\/dualar.com\/nl\/?s={search_term_string}"},"query-input":{"@type":"PropertyValueSpecification","valueRequired":true,"valueName":"search_term_string"}}],"inLanguage":"nl-NL"},{"@type":"Organization","@id":"https:\/\/dualar.com\/nl\/#organization","name":"Dualar.com\/nl","url":"https:\/\/dualar.com\/nl\/","logo":{"@type":"ImageObject","inLanguage":"nl-NL","@id":"https:\/\/dualar.com\/nl\/#\/schema\/logo\/image\/","url":"https:\/\/dualar.com\/nl\/wp-content\/uploads\/sites\/2\/2024\/11\/Her-Aniniza-Ilham-Veren-Dualar-1.png","contentUrl":"https:\/\/dualar.com\/nl\/wp-content\/uploads\/sites\/2\/2024\/11\/Her-Aniniza-Ilham-Veren-Dualar-1.png","width":1000,"height":300,"caption":"Dualar.com\/nl"},"image":{"@id":"https:\/\/dualar.com\/nl\/#\/schema\/logo\/image\/"}},{"@type":"Person","@id":"https:\/\/dualar.com\/nl\/#\/schema\/person\/d920bfed24e7ef4d145c3664464931fd","name":"info@blueappleagency.nl","image":{"@type":"ImageObject","inLanguage":"nl-NL","@id":"https:\/\/dualar.com\/nl\/#\/schema\/person\/image\/","url":"https:\/\/secure.gravatar.com\/avatar\/4bcc94ad74be7f14c7e9a39e3f95a587?s=96&d=mm&r=g","contentUrl":"https:\/\/secure.gravatar.com\/avatar\/4bcc94ad74be7f14c7e9a39e3f95a587?s=96&d=mm&r=g","caption":"info@blueappleagency.nl"},"sameAs":["http:\/\/dualar.com"],"url":"#"}]}},"taxonomy_info":{"category":[{"value":2,"label":"Mondiaal Moslim Nieuws"}],"post_tag":[{"value":1052,"label":"conflict"},{"value":700,"label":"geweld"},{"value":635,"label":"Isra\u00eblische aanvallen"},{"value":1051,"label":"journalist"},{"value":881,"label":"Midden-Oosten"},{"value":300,"label":"Palestijnen"}]},"featured_image_src_large":["https:\/\/dualar.com\/nl\/wp-content\/uploads\/sites\/2\/2025\/01\/22-Palestijnen-gedood-bij-Israelische-aanvallen-waaronder-ook-een-journalist-1024x575.jpg",1024,575,true],"author_info":{"display_name":"info@blueappleagency.nl","author_link":"#"},"comment_info":1,"category_info":[{"term_id":2,"name":"Mondiaal Moslim Nieuws","slug":"mondiaal-moslim-nieuws","term_group":0,"term_taxonomy_id":2,"taxonomy":"category","description":"","parent":0,"count":1312,"filter":"raw","cat_ID":2,"category_count":1312,"category_description":"","cat_name":"Mondiaal Moslim Nieuws","category_nicename":"mondiaal-moslim-nieuws","category_parent":0}],"tag_info":[{"term_id":1052,"name":"conflict","slug":"conflict","term_group":0,"term_taxonomy_id":1052,"taxonomy":"post_tag","description":"","parent":0,"count":22,"filter":"raw"},{"term_id":700,"name":"geweld","slug":"geweld","term_group":0,"term_taxonomy_id":700,"taxonomy":"post_tag","description":"","parent":0,"count":20,"filter":"raw"},{"term_id":635,"name":"Isra\u00eblische aanvallen","slug":"israelische-aanvallen","term_group":0,"term_taxonomy_id":635,"taxonomy":"post_tag","description":"","parent":0,"count":6,"filter":"raw"},{"term_id":1051,"name":"journalist","slug":"journalist","term_group":0,"term_taxonomy_id":1051,"taxonomy":"post_tag","description":"","parent":0,"count":1,"filter":"raw"},{"term_id":881,"name":"Midden-Oosten","slug":"midden-oosten","term_group":0,"term_taxonomy_id":881,"taxonomy":"post_tag","description":"","parent":0,"count":27,"filter":"raw"},{"term_id":300,"name":"Palestijnen","slug":"palestijnen","term_group":0,"term_taxonomy_id":300,"taxonomy":"post_tag","description":"","parent":0,"count":60,"filter":"raw"}],"_links":{"self":[{"href":"https:\/\/dualar.com\/nl\/wp-json\/wp\/v2\/posts\/2018","targetHints":{"allow":["GET"]}}],"collection":[{"href":"https:\/\/dualar.com\/nl\/wp-json\/wp\/v2\/posts"}],"about":[{"href":"https:\/\/dualar.com\/nl\/wp-json\/wp\/v2\/types\/post"}],"author":[{"embeddable":true,"href":"https:\/\/dualar.com\/nl\/wp-json\/wp\/v2\/users\/1"}],"replies":[{"embeddable":true,"href":"https:\/\/dualar.com\/nl\/wp-json\/wp\/v2\/comments?post=2018"}],"version-history":[{"count":1,"href":"https:\/\/dualar.com\/nl\/wp-json\/wp\/v2\/posts\/2018\/revisions"}],"predecessor-version":[{"id":2020,"href":"https:\/\/dualar.com\/nl\/wp-json\/wp\/v2\/posts\/2018\/revisions\/2020"}],"wp:featuredmedia":[{"embeddable":true,"href":"https:\/\/dualar.com\/nl\/wp-json\/wp\/v2\/media\/2019"}],"wp:attachment":[{"href":"https:\/\/dualar.com\/nl\/wp-json\/wp\/v2\/media?parent=2018"}],"wp:term":[{"taxonomy":"category","embeddable":true,"href":"https:\/\/dualar.com\/nl\/wp-json\/wp\/v2\/categories?post=2018"},{"taxonomy":"post_tag","embeddable":true,"href":"https:\/\/dualar.com\/nl\/wp-json\/wp\/v2\/tags?post=2018"}],"curies":[{"name":"wp","href":"https:\/\/api.w.org\/{rel}","templated":true}]}}