{"id":2445,"date":"2025-02-10T08:22:27","date_gmt":"2025-02-10T07:22:27","guid":{"rendered":"https:\/\/dualar.com\/nl\/2025\/02\/10\/president-erdogan-heeft-het-voorstel-van-trump-om-palestijnen-in-gaza-te-verplaatsen-verworpen\/"},"modified":"2025-02-10T08:22:39","modified_gmt":"2025-02-10T07:22:39","slug":"president-erdogan-heeft-het-voorstel-van-trump-om-palestijnen-in-gaza-te-verplaatsen-verworpen","status":"publish","type":"post","link":"https:\/\/dualar.com\/nl\/2025\/02\/10\/president-erdogan-heeft-het-voorstel-van-trump-om-palestijnen-in-gaza-te-verplaatsen-verworpen\/","title":{"rendered":"President Erdo\u011fan heeft het voorstel van Trump om Palestijnen in Gaza te verplaatsen verworpen"},"content":{"rendered":"<div>\n<p><strong>Turkije&#8217;s Nadruk op Stabiliteit in Gaza: Erdo\u011fan Verdedigde de Gronden van de Palestijnen<\/strong><\/p>\n<p>De president van Turkije, Recep Tayyip Erdo\u011fan, herhaalde zondag in een verklaring dat niemand het volk van Gaza &#8220;voor altijd&#8221; uit hun vaderland kan verdrijven. Erdo\u011fan verklaarde dat Gaza, de Westelijke Jordaanoever en Oost-Jeruzalem toebehoren aan de Palestijnen.<\/p>\n<p>&#8220;Er is geen enkele kracht die het volk van Gaza, dat duizenden jaren in hun onbegrensde en eeuwige vaderland heeft geleefd, kan verdrijven. Gaza, inclusief de Westelijke Jordaanoever en Oost-Jeruzalem, behoort tot Palestina, en Palestina behoort tot de Palestijnen,&#8221; zei Erdo\u011fan, terwijl hij na zijn verklaring aan journalisten in Istanbul op weg ging naar Maleisi\u00eb.<\/p>\n<h3>De Voorstellen van de VS voor Gaza<\/h3>\n<p>Erdo\u011fan uitte kritiek op de voorstellen van de Amerikaanse regering met betrekking tot Gaza, onder druk van het zionistische regime, en stelde dat deze voorstellen de moeite niet waard zijn. Hij bekritiseerde de suggestie van de Amerikaanse president Donald Trump om de Palestijnen ergens anders te vestigen, en zei: &#8220;Deze inspanningen zijn volkomen tevergeefs en dienen geen enkel doel.&#8221;<\/p>\n<h3>De Rol van Hamas en de Situatie in Syri\u00eb<\/h3>\n<p>Erdo\u011fan prees Hamas voor het nakomen van zijn beloften in de voortdurende gevangenruil met Isra\u00ebl en benadrukte dat het proces doorgaat ondanks de pogingen van Isra\u00ebl om het te saboteren.<\/p>\n<p>Ook sprak Erdo\u011fan over de situatie in Syri\u00eb, waarbij hij opmerkte dat het bloedige gezicht van het Assad-regime aan het licht kwam door de opkomst van massagraven in verschillende delen van het land. Hij uitte zijn hoop dat Syri\u00eb stabiliteit zal vinden onder leiding van president Ahmed el-\u0160araa en gaf zijn optimisme weer dat het land binnenkort vrede zal vinden.<\/p>\n<h3>Duidelijke Boodschap Tegen Terroristische Groepen in Syri\u00eb<\/h3>\n<p>Naar aanleiding van vragen van journalisten over het vredespotentieel in Oekra\u00efne na de komst van Trump, antwoordde Erdo\u011fan: &#8220;Natuurlijk hebben we op dit moment onze hoop op vrede niet verloren en willen we dat ook niet verliezen.&#8221; Hij benadrukte ook dat de Oekra\u00efense president Volodymyr Zelenskyy bereid is om te overleggen als daar behoefte aan is.<\/p>\n<p>Erdo\u011fan verklaarde de boodschappen van zowel Trump als de Russische president Vladimir Poetin positief te vinden en herhaalde Turkije&#8217;s bereidheid om bij te dragen aan de vrede. &#8220;Wij als Turkije zijn bereid om te doen wat nodig is,&#8221; zei hij.<\/p>\n<p>Erdo\u011fan herhaalde Turkije&#8217;s standpunt ten aanzien van terroristische organisaties in Syri\u00eb en verklaarde: &#8220;Er is geen plaats voor terroristische groepen in Syri\u00eb. De strijd die president el-\u0160araa daar voert, is tegen terroristische groepen.&#8221; &#8220;Terroristische organisaties moeten ofwel hun wapens neerleggen, of gedwongen worden dat te doen. We hebben dit onderwerp duidelijk besproken met de heer el-\u0160araa,&#8221; voegde hij eraan toe.<\/p>\n<h3>Conclusie en Lezersinteractie<\/h3>\n<p>De verklaringen van Erdo\u011fan over Gaza, Syri\u00eb en Oekra\u00efne zetten duidelijk Turkije&#8217;s zoektocht naar vrede en stabiliteit in de regio uiteen. U kunt ook uw gedachten over dit onderwerp met ons delen. Vergeet niet onze website te bezoeken voor gerelateerde artikelen!<\/p>\n<p>Voor meer informatie en updates kunt u bronnen zoals <a href=\"https:\/\/www.aa.com.tr\">AA<\/a> en <a href=\"https:\/\/www.turkiye.gov.tr\">de Offici\u00eble Website van de Republiek Turkije<\/a> volgen.<\/p>\n<\/div>\n","protected":false},"excerpt":{"rendered":"<p>President Recep Tayyip Erdo\u011fan van Turkije heeft benadrukt dat het volk van Gaza niet uit hun vaderland kan worden verdreven, en dat Gaza, de Westelijke Jordaanoever en Oost-Jeruzalem toebehoren aan de Palestijnen. Hij bekritiseerde de Amerikaanse voorstellen voor Gaza en stelde dat de suggestie om Palestijnen elders te vestigen tevergeefs is. Erdo\u011fan prees Hamas voor hun rol in de gevangenruil met Isra\u00ebl en sprak over de situatie in Syri\u00eb, waarin hij hoopt op stabiliteit onder president Ahmed el-\u0160araa. Hij herhaalde Turkije&#8217;s standpunt tegen terroristische groepen in Syri\u00eb en benadrukte de bereidheid van Turkije om bij te dragen aan vrede.<\/p>\n","protected":false},"author":1,"featured_media":2446,"comment_status":"open","ping_status":"open","sticky":false,"template":"","format":"standard","meta":{"_kad_blocks_custom_css":"","_kad_blocks_head_custom_js":"","_kad_blocks_body_custom_js":"","_kad_blocks_footer_custom_js":"","_kadence_starter_templates_imported_post":false,"_kad_post_transparent":"","_kad_post_title":"","_kad_post_layout":"","_kad_post_sidebar_id":"","_kad_post_content_style":"","_kad_post_vertical_padding":"","_kad_post_feature":"","_kad_post_feature_position":"","_kad_post_header":false,"_kad_post_footer":false,"footnotes":""},"categories":[2],"tags":[85,300,1434,35,1435,1436,648],"class_list":["post-2445","post","type-post","status-publish","format-standard","has-post-thumbnail","hentry","category-mondiaal-moslim-nieuws","tag-gaza","tag-palestijnen","tag-president-erdogan","tag-trump","tag-verplaatsen","tag-verworpen","tag-voorstel"],"yoast_head":"<!-- This site is optimized with the Yoast SEO plugin v23.9 - https:\/\/yoast.com\/wordpress\/plugins\/seo\/ -->\n<title>President Erdo\u011fan heeft het voorstel van Trump om Palestijnen in Gaza te verplaatsen verworpen - Dualar.com\/nl<\/title>\n<meta name=\"description\" content=\"Erdo\u011fan benadrukte dat Gaza en Palestina toebehoren aan de Palestijnen en bekritiseerde Amerikaanse voorstellen over de regio.\" \/>\n<meta name=\"robots\" content=\"index, follow, max-snippet:-1, max-image-preview:large, max-video-preview:-1\" \/>\n<link rel=\"canonical\" href=\"https:\/\/dualar.com\/nl\/2025\/02\/10\/president-erdogan-heeft-het-voorstel-van-trump-om-palestijnen-in-gaza-te-verplaatsen-verworpen\/\" \/>\n<meta property=\"og:locale\" content=\"nl_NL\" \/>\n<meta property=\"og:type\" content=\"article\" \/>\n<meta property=\"og:title\" content=\"President Erdo\u011fan heeft het voorstel van Trump om Palestijnen in Gaza te verplaatsen verworpen - Dualar.com\/nl\" \/>\n<meta property=\"og:description\" content=\"Erdo\u011fan benadrukte dat Gaza en Palestina toebehoren aan de Palestijnen en bekritiseerde Amerikaanse voorstellen over de regio.\" \/>\n<meta property=\"og:url\" content=\"https:\/\/dualar.com\/nl\/2025\/02\/10\/president-erdogan-heeft-het-voorstel-van-trump-om-palestijnen-in-gaza-te-verplaatsen-verworpen\/\" \/>\n<meta property=\"og:site_name\" content=\"Dualar.com\/nl\" \/>\n<meta property=\"article:published_time\" content=\"2025-02-10T07:22:27+00:00\" \/>\n<meta property=\"article:modified_time\" content=\"2025-02-10T07:22:39+00:00\" \/>\n<meta property=\"og:image\" content=\"https:\/\/dualar.com\/nl\/wp-content\/uploads\/sites\/2\/2025\/02\/President-Erdogan-heeft-het-voorstel-van-Trump-om-Palestijnen-in.jpeg\" \/>\n\t<meta property=\"og:image:width\" content=\"720\" \/>\n\t<meta property=\"og:image:height\" content=\"403\" \/>\n\t<meta property=\"og:image:type\" content=\"image\/jpeg\" \/>\n<meta name=\"author\" content=\"info@blueappleagency.nl\" \/>\n<meta name=\"twitter:card\" content=\"summary_large_image\" \/>\n<meta name=\"twitter:label1\" content=\"Geschreven door\" \/>\n\t<meta name=\"twitter:data1\" content=\"info@blueappleagency.nl\" \/>\n\t<meta name=\"twitter:label2\" content=\"Geschatte leestijd\" \/>\n\t<meta name=\"twitter:data2\" content=\"3 minuten\" \/>\n<script type=\"application\/ld+json\" class=\"yoast-schema-graph\">{\"@context\":\"https:\/\/schema.org\",\"@graph\":[{\"@type\":\"Article\",\"@id\":\"https:\/\/dualar.com\/nl\/2025\/02\/10\/president-erdogan-heeft-het-voorstel-van-trump-om-palestijnen-in-gaza-te-verplaatsen-verworpen\/#article\",\"isPartOf\":{\"@id\":\"https:\/\/dualar.com\/nl\/2025\/02\/10\/president-erdogan-heeft-het-voorstel-van-trump-om-palestijnen-in-gaza-te-verplaatsen-verworpen\/\"},\"author\":{\"name\":\"info@blueappleagency.nl\",\"@id\":\"https:\/\/dualar.com\/nl\/#\/schema\/person\/d920bfed24e7ef4d145c3664464931fd\"},\"headline\":\"President Erdo\u011fan heeft het voorstel van Trump om Palestijnen in Gaza te verplaatsen verworpen\",\"datePublished\":\"2025-02-10T07:22:27+00:00\",\"dateModified\":\"2025-02-10T07:22:39+00:00\",\"mainEntityOfPage\":{\"@id\":\"https:\/\/dualar.com\/nl\/2025\/02\/10\/president-erdogan-heeft-het-voorstel-van-trump-om-palestijnen-in-gaza-te-verplaatsen-verworpen\/\"},\"wordCount\":536,\"commentCount\":0,\"publisher\":{\"@id\":\"https:\/\/dualar.com\/nl\/#organization\"},\"image\":{\"@id\":\"https:\/\/dualar.com\/nl\/2025\/02\/10\/president-erdogan-heeft-het-voorstel-van-trump-om-palestijnen-in-gaza-te-verplaatsen-verworpen\/#primaryimage\"},\"thumbnailUrl\":\"https:\/\/dualar.com\/nl\/wp-content\/uploads\/sites\/2\/2025\/02\/President-Erdogan-heeft-het-voorstel-van-Trump-om-Palestijnen-in.jpeg\",\"keywords\":[\"Gaza\",\"Palestijnen\",\"President Erdo\u011fan\",\"Trump\",\"verplaatsen\",\"verworpen\",\"voorstel\"],\"articleSection\":[\"Mondiaal Moslim Nieuws\"],\"inLanguage\":\"nl-NL\",\"potentialAction\":[{\"@type\":\"CommentAction\",\"name\":\"Comment\",\"target\":[\"https:\/\/dualar.com\/nl\/2025\/02\/10\/president-erdogan-heeft-het-voorstel-van-trump-om-palestijnen-in-gaza-te-verplaatsen-verworpen\/#respond\"]}]},{\"@type\":\"WebPage\",\"@id\":\"https:\/\/dualar.com\/nl\/2025\/02\/10\/president-erdogan-heeft-het-voorstel-van-trump-om-palestijnen-in-gaza-te-verplaatsen-verworpen\/\",\"url\":\"https:\/\/dualar.com\/nl\/2025\/02\/10\/president-erdogan-heeft-het-voorstel-van-trump-om-palestijnen-in-gaza-te-verplaatsen-verworpen\/\",\"name\":\"President Erdo\u011fan heeft het voorstel van Trump om Palestijnen in Gaza te verplaatsen verworpen - Dualar.com\/nl\",\"isPartOf\":{\"@id\":\"https:\/\/dualar.com\/nl\/#website\"},\"primaryImageOfPage\":{\"@id\":\"https:\/\/dualar.com\/nl\/2025\/02\/10\/president-erdogan-heeft-het-voorstel-van-trump-om-palestijnen-in-gaza-te-verplaatsen-verworpen\/#primaryimage\"},\"image\":{\"@id\":\"https:\/\/dualar.com\/nl\/2025\/02\/10\/president-erdogan-heeft-het-voorstel-van-trump-om-palestijnen-in-gaza-te-verplaatsen-verworpen\/#primaryimage\"},\"thumbnailUrl\":\"https:\/\/dualar.com\/nl\/wp-content\/uploads\/sites\/2\/2025\/02\/President-Erdogan-heeft-het-voorstel-van-Trump-om-Palestijnen-in.jpeg\",\"datePublished\":\"2025-02-10T07:22:27+00:00\",\"dateModified\":\"2025-02-10T07:22:39+00:00\",\"description\":\"Erdo\u011fan benadrukte dat Gaza en Palestina toebehoren aan de Palestijnen en bekritiseerde Amerikaanse voorstellen over de regio.\",\"breadcrumb\":{\"@id\":\"https:\/\/dualar.com\/nl\/2025\/02\/10\/president-erdogan-heeft-het-voorstel-van-trump-om-palestijnen-in-gaza-te-verplaatsen-verworpen\/#breadcrumb\"},\"inLanguage\":\"nl-NL\",\"potentialAction\":[{\"@type\":\"ReadAction\",\"target\":[\"https:\/\/dualar.com\/nl\/2025\/02\/10\/president-erdogan-heeft-het-voorstel-van-trump-om-palestijnen-in-gaza-te-verplaatsen-verworpen\/\"]}]},{\"@type\":\"ImageObject\",\"inLanguage\":\"nl-NL\",\"@id\":\"https:\/\/dualar.com\/nl\/2025\/02\/10\/president-erdogan-heeft-het-voorstel-van-trump-om-palestijnen-in-gaza-te-verplaatsen-verworpen\/#primaryimage\",\"url\":\"https:\/\/dualar.com\/nl\/wp-content\/uploads\/sites\/2\/2025\/02\/President-Erdogan-heeft-het-voorstel-van-Trump-om-Palestijnen-in.jpeg\",\"contentUrl\":\"https:\/\/dualar.com\/nl\/wp-content\/uploads\/sites\/2\/2025\/02\/President-Erdogan-heeft-het-voorstel-van-Trump-om-Palestijnen-in.jpeg\",\"width\":720,\"height\":403,\"caption\":\"President Erdo\u011fan heeft het voorstel van Trump om Palestijnen in Gaza te verplaatsen verworpen\"},{\"@type\":\"BreadcrumbList\",\"@id\":\"https:\/\/dualar.com\/nl\/2025\/02\/10\/president-erdogan-heeft-het-voorstel-van-trump-om-palestijnen-in-gaza-te-verplaatsen-verworpen\/#breadcrumb\",\"itemListElement\":[{\"@type\":\"ListItem\",\"position\":1,\"name\":\"Home\",\"item\":\"https:\/\/dualar.com\/nl\/\"},{\"@type\":\"ListItem\",\"position\":2,\"name\":\"President Erdo\u011fan heeft het voorstel van Trump om Palestijnen in Gaza te verplaatsen verworpen\"}]},{\"@type\":\"WebSite\",\"@id\":\"https:\/\/dualar.com\/nl\/#website\",\"url\":\"https:\/\/dualar.com\/nl\/\",\"name\":\"Dualar.com\/nl\",\"description\":\"Gebeden die u op elk moment inspireren\",\"publisher\":{\"@id\":\"https:\/\/dualar.com\/nl\/#organization\"},\"potentialAction\":[{\"@type\":\"SearchAction\",\"target\":{\"@type\":\"EntryPoint\",\"urlTemplate\":\"https:\/\/dualar.com\/nl\/?s={search_term_string}\"},\"query-input\":{\"@type\":\"PropertyValueSpecification\",\"valueRequired\":true,\"valueName\":\"search_term_string\"}}],\"inLanguage\":\"nl-NL\"},{\"@type\":\"Organization\",\"@id\":\"https:\/\/dualar.com\/nl\/#organization\",\"name\":\"Dualar.com\/nl\",\"url\":\"https:\/\/dualar.com\/nl\/\",\"logo\":{\"@type\":\"ImageObject\",\"inLanguage\":\"nl-NL\",\"@id\":\"https:\/\/dualar.com\/nl\/#\/schema\/logo\/image\/\",\"url\":\"https:\/\/dualar.com\/nl\/wp-content\/uploads\/sites\/2\/2024\/11\/Her-Aniniza-Ilham-Veren-Dualar-1.png\",\"contentUrl\":\"https:\/\/dualar.com\/nl\/wp-content\/uploads\/sites\/2\/2024\/11\/Her-Aniniza-Ilham-Veren-Dualar-1.png\",\"width\":1000,\"height\":300,\"caption\":\"Dualar.com\/nl\"},\"image\":{\"@id\":\"https:\/\/dualar.com\/nl\/#\/schema\/logo\/image\/\"}},{\"@type\":\"Person\",\"@id\":\"https:\/\/dualar.com\/nl\/#\/schema\/person\/d920bfed24e7ef4d145c3664464931fd\",\"name\":\"info@blueappleagency.nl\",\"image\":{\"@type\":\"ImageObject\",\"inLanguage\":\"nl-NL\",\"@id\":\"https:\/\/dualar.com\/nl\/#\/schema\/person\/image\/\",\"url\":\"https:\/\/secure.gravatar.com\/avatar\/4bcc94ad74be7f14c7e9a39e3f95a587?s=96&d=mm&r=g\",\"contentUrl\":\"https:\/\/secure.gravatar.com\/avatar\/4bcc94ad74be7f14c7e9a39e3f95a587?s=96&d=mm&r=g\",\"caption\":\"info@blueappleagency.nl\"},\"sameAs\":[\"http:\/\/dualar.com\"],\"url\":\"#\"}]}<\/script>\n<!-- \/ Yoast SEO plugin. -->","yoast_head_json":{"title":"President Erdo\u011fan heeft het voorstel van Trump om Palestijnen in Gaza te verplaatsen verworpen - Dualar.com\/nl","description":"Erdo\u011fan benadrukte dat Gaza en Palestina toebehoren aan de Palestijnen en bekritiseerde Amerikaanse voorstellen over de regio.","robots":{"index":"index","follow":"follow","max-snippet":"max-snippet:-1","max-image-preview":"max-image-preview:large","max-video-preview":"max-video-preview:-1"},"canonical":"https:\/\/dualar.com\/nl\/2025\/02\/10\/president-erdogan-heeft-het-voorstel-van-trump-om-palestijnen-in-gaza-te-verplaatsen-verworpen\/","og_locale":"nl_NL","og_type":"article","og_title":"President Erdo\u011fan heeft het voorstel van Trump om Palestijnen in Gaza te verplaatsen verworpen - Dualar.com\/nl","og_description":"Erdo\u011fan benadrukte dat Gaza en Palestina toebehoren aan de Palestijnen en bekritiseerde Amerikaanse voorstellen over de regio.","og_url":"https:\/\/dualar.com\/nl\/2025\/02\/10\/president-erdogan-heeft-het-voorstel-van-trump-om-palestijnen-in-gaza-te-verplaatsen-verworpen\/","og_site_name":"Dualar.com\/nl","article_published_time":"2025-02-10T07:22:27+00:00","article_modified_time":"2025-02-10T07:22:39+00:00","og_image":[{"width":720,"height":403,"url":"https:\/\/dualar.com\/nl\/wp-content\/uploads\/sites\/2\/2025\/02\/President-Erdogan-heeft-het-voorstel-van-Trump-om-Palestijnen-in.jpeg","type":"image\/jpeg"}],"author":"info@blueappleagency.nl","twitter_card":"summary_large_image","twitter_misc":{"Geschreven door":"info@blueappleagency.nl","Geschatte leestijd":"3 minuten"},"schema":{"@context":"https:\/\/schema.org","@graph":[{"@type":"Article","@id":"https:\/\/dualar.com\/nl\/2025\/02\/10\/president-erdogan-heeft-het-voorstel-van-trump-om-palestijnen-in-gaza-te-verplaatsen-verworpen\/#article","isPartOf":{"@id":"https:\/\/dualar.com\/nl\/2025\/02\/10\/president-erdogan-heeft-het-voorstel-van-trump-om-palestijnen-in-gaza-te-verplaatsen-verworpen\/"},"author":{"name":"info@blueappleagency.nl","@id":"https:\/\/dualar.com\/nl\/#\/schema\/person\/d920bfed24e7ef4d145c3664464931fd"},"headline":"President Erdo\u011fan heeft het voorstel van Trump om Palestijnen in Gaza te verplaatsen verworpen","datePublished":"2025-02-10T07:22:27+00:00","dateModified":"2025-02-10T07:22:39+00:00","mainEntityOfPage":{"@id":"https:\/\/dualar.com\/nl\/2025\/02\/10\/president-erdogan-heeft-het-voorstel-van-trump-om-palestijnen-in-gaza-te-verplaatsen-verworpen\/"},"wordCount":536,"commentCount":0,"publisher":{"@id":"https:\/\/dualar.com\/nl\/#organization"},"image":{"@id":"https:\/\/dualar.com\/nl\/2025\/02\/10\/president-erdogan-heeft-het-voorstel-van-trump-om-palestijnen-in-gaza-te-verplaatsen-verworpen\/#primaryimage"},"thumbnailUrl":"https:\/\/dualar.com\/nl\/wp-content\/uploads\/sites\/2\/2025\/02\/President-Erdogan-heeft-het-voorstel-van-Trump-om-Palestijnen-in.jpeg","keywords":["Gaza","Palestijnen","President Erdo\u011fan","Trump","verplaatsen","verworpen","voorstel"],"articleSection":["Mondiaal Moslim Nieuws"],"inLanguage":"nl-NL","potentialAction":[{"@type":"CommentAction","name":"Comment","target":["https:\/\/dualar.com\/nl\/2025\/02\/10\/president-erdogan-heeft-het-voorstel-van-trump-om-palestijnen-in-gaza-te-verplaatsen-verworpen\/#respond"]}]},{"@type":"WebPage","@id":"https:\/\/dualar.com\/nl\/2025\/02\/10\/president-erdogan-heeft-het-voorstel-van-trump-om-palestijnen-in-gaza-te-verplaatsen-verworpen\/","url":"https:\/\/dualar.com\/nl\/2025\/02\/10\/president-erdogan-heeft-het-voorstel-van-trump-om-palestijnen-in-gaza-te-verplaatsen-verworpen\/","name":"President Erdo\u011fan heeft het voorstel van Trump om Palestijnen in Gaza te verplaatsen verworpen - Dualar.com\/nl","isPartOf":{"@id":"https:\/\/dualar.com\/nl\/#website"},"primaryImageOfPage":{"@id":"https:\/\/dualar.com\/nl\/2025\/02\/10\/president-erdogan-heeft-het-voorstel-van-trump-om-palestijnen-in-gaza-te-verplaatsen-verworpen\/#primaryimage"},"image":{"@id":"https:\/\/dualar.com\/nl\/2025\/02\/10\/president-erdogan-heeft-het-voorstel-van-trump-om-palestijnen-in-gaza-te-verplaatsen-verworpen\/#primaryimage"},"thumbnailUrl":"https:\/\/dualar.com\/nl\/wp-content\/uploads\/sites\/2\/2025\/02\/President-Erdogan-heeft-het-voorstel-van-Trump-om-Palestijnen-in.jpeg","datePublished":"2025-02-10T07:22:27+00:00","dateModified":"2025-02-10T07:22:39+00:00","description":"Erdo\u011fan benadrukte dat Gaza en Palestina toebehoren aan de Palestijnen en bekritiseerde Amerikaanse voorstellen over de regio.","breadcrumb":{"@id":"https:\/\/dualar.com\/nl\/2025\/02\/10\/president-erdogan-heeft-het-voorstel-van-trump-om-palestijnen-in-gaza-te-verplaatsen-verworpen\/#breadcrumb"},"inLanguage":"nl-NL","potentialAction":[{"@type":"ReadAction","target":["https:\/\/dualar.com\/nl\/2025\/02\/10\/president-erdogan-heeft-het-voorstel-van-trump-om-palestijnen-in-gaza-te-verplaatsen-verworpen\/"]}]},{"@type":"ImageObject","inLanguage":"nl-NL","@id":"https:\/\/dualar.com\/nl\/2025\/02\/10\/president-erdogan-heeft-het-voorstel-van-trump-om-palestijnen-in-gaza-te-verplaatsen-verworpen\/#primaryimage","url":"https:\/\/dualar.com\/nl\/wp-content\/uploads\/sites\/2\/2025\/02\/President-Erdogan-heeft-het-voorstel-van-Trump-om-Palestijnen-in.jpeg","contentUrl":"https:\/\/dualar.com\/nl\/wp-content\/uploads\/sites\/2\/2025\/02\/President-Erdogan-heeft-het-voorstel-van-Trump-om-Palestijnen-in.jpeg","width":720,"height":403,"caption":"President Erdo\u011fan heeft het voorstel van Trump om Palestijnen in Gaza te verplaatsen verworpen"},{"@type":"BreadcrumbList","@id":"https:\/\/dualar.com\/nl\/2025\/02\/10\/president-erdogan-heeft-het-voorstel-van-trump-om-palestijnen-in-gaza-te-verplaatsen-verworpen\/#breadcrumb","itemListElement":[{"@type":"ListItem","position":1,"name":"Home","item":"https:\/\/dualar.com\/nl\/"},{"@type":"ListItem","position":2,"name":"President Erdo\u011fan heeft het voorstel van Trump om Palestijnen in Gaza te verplaatsen verworpen"}]},{"@type":"WebSite","@id":"https:\/\/dualar.com\/nl\/#website","url":"https:\/\/dualar.com\/nl\/","name":"Dualar.com\/nl","description":"Gebeden die u op elk moment inspireren","publisher":{"@id":"https:\/\/dualar.com\/nl\/#organization"},"potentialAction":[{"@type":"SearchAction","target":{"@type":"EntryPoint","urlTemplate":"https:\/\/dualar.com\/nl\/?s={search_term_string}"},"query-input":{"@type":"PropertyValueSpecification","valueRequired":true,"valueName":"search_term_string"}}],"inLanguage":"nl-NL"},{"@type":"Organization","@id":"https:\/\/dualar.com\/nl\/#organization","name":"Dualar.com\/nl","url":"https:\/\/dualar.com\/nl\/","logo":{"@type":"ImageObject","inLanguage":"nl-NL","@id":"https:\/\/dualar.com\/nl\/#\/schema\/logo\/image\/","url":"https:\/\/dualar.com\/nl\/wp-content\/uploads\/sites\/2\/2024\/11\/Her-Aniniza-Ilham-Veren-Dualar-1.png","contentUrl":"https:\/\/dualar.com\/nl\/wp-content\/uploads\/sites\/2\/2024\/11\/Her-Aniniza-Ilham-Veren-Dualar-1.png","width":1000,"height":300,"caption":"Dualar.com\/nl"},"image":{"@id":"https:\/\/dualar.com\/nl\/#\/schema\/logo\/image\/"}},{"@type":"Person","@id":"https:\/\/dualar.com\/nl\/#\/schema\/person\/d920bfed24e7ef4d145c3664464931fd","name":"info@blueappleagency.nl","image":{"@type":"ImageObject","inLanguage":"nl-NL","@id":"https:\/\/dualar.com\/nl\/#\/schema\/person\/image\/","url":"https:\/\/secure.gravatar.com\/avatar\/4bcc94ad74be7f14c7e9a39e3f95a587?s=96&d=mm&r=g","contentUrl":"https:\/\/secure.gravatar.com\/avatar\/4bcc94ad74be7f14c7e9a39e3f95a587?s=96&d=mm&r=g","caption":"info@blueappleagency.nl"},"sameAs":["http:\/\/dualar.com"],"url":"#"}]}},"taxonomy_info":{"category":[{"value":2,"label":"Mondiaal Moslim Nieuws"}],"post_tag":[{"value":85,"label":"Gaza"},{"value":300,"label":"Palestijnen"},{"value":1434,"label":"President Erdo\u011fan"},{"value":35,"label":"Trump"},{"value":1435,"label":"verplaatsen"},{"value":1436,"label":"verworpen"},{"value":648,"label":"voorstel"}]},"featured_image_src_large":["https:\/\/dualar.com\/nl\/wp-content\/uploads\/sites\/2\/2025\/02\/President-Erdogan-heeft-het-voorstel-van-Trump-om-Palestijnen-in.jpeg",720,403,false],"author_info":{"display_name":"info@blueappleagency.nl","author_link":"#"},"comment_info":0,"category_info":[{"term_id":2,"name":"Mondiaal Moslim Nieuws","slug":"mondiaal-moslim-nieuws","term_group":0,"term_taxonomy_id":2,"taxonomy":"category","description":"","parent":0,"count":1312,"filter":"raw","cat_ID":2,"category_count":1312,"category_description":"","cat_name":"Mondiaal Moslim Nieuws","category_nicename":"mondiaal-moslim-nieuws","category_parent":0}],"tag_info":[{"term_id":85,"name":"Gaza","slug":"gaza","term_group":0,"term_taxonomy_id":85,"taxonomy":"post_tag","description":"","parent":0,"count":191,"filter":"raw"},{"term_id":300,"name":"Palestijnen","slug":"palestijnen","term_group":0,"term_taxonomy_id":300,"taxonomy":"post_tag","description":"","parent":0,"count":60,"filter":"raw"},{"term_id":1434,"name":"President Erdo\u011fan","slug":"president-erdogan","term_group":0,"term_taxonomy_id":1434,"taxonomy":"post_tag","description":"","parent":0,"count":1,"filter":"raw"},{"term_id":35,"name":"Trump","slug":"trump","term_group":0,"term_taxonomy_id":35,"taxonomy":"post_tag","description":"","parent":0,"count":108,"filter":"raw"},{"term_id":1435,"name":"verplaatsen","slug":"verplaatsen","term_group":0,"term_taxonomy_id":1435,"taxonomy":"post_tag","description":"","parent":0,"count":1,"filter":"raw"},{"term_id":1436,"name":"verworpen","slug":"verworpen","term_group":0,"term_taxonomy_id":1436,"taxonomy":"post_tag","description":"","parent":0,"count":1,"filter":"raw"},{"term_id":648,"name":"voorstel","slug":"voorstel","term_group":0,"term_taxonomy_id":648,"taxonomy":"post_tag","description":"","parent":0,"count":4,"filter":"raw"}],"_links":{"self":[{"href":"https:\/\/dualar.com\/nl\/wp-json\/wp\/v2\/posts\/2445","targetHints":{"allow":["GET"]}}],"collection":[{"href":"https:\/\/dualar.com\/nl\/wp-json\/wp\/v2\/posts"}],"about":[{"href":"https:\/\/dualar.com\/nl\/wp-json\/wp\/v2\/types\/post"}],"author":[{"embeddable":true,"href":"https:\/\/dualar.com\/nl\/wp-json\/wp\/v2\/users\/1"}],"replies":[{"embeddable":true,"href":"https:\/\/dualar.com\/nl\/wp-json\/wp\/v2\/comments?post=2445"}],"version-history":[{"count":1,"href":"https:\/\/dualar.com\/nl\/wp-json\/wp\/v2\/posts\/2445\/revisions"}],"predecessor-version":[{"id":2447,"href":"https:\/\/dualar.com\/nl\/wp-json\/wp\/v2\/posts\/2445\/revisions\/2447"}],"wp:featuredmedia":[{"embeddable":true,"href":"https:\/\/dualar.com\/nl\/wp-json\/wp\/v2\/media\/2446"}],"wp:attachment":[{"href":"https:\/\/dualar.com\/nl\/wp-json\/wp\/v2\/media?parent=2445"}],"wp:term":[{"taxonomy":"category","embeddable":true,"href":"https:\/\/dualar.com\/nl\/wp-json\/wp\/v2\/categories?post=2445"},{"taxonomy":"post_tag","embeddable":true,"href":"https:\/\/dualar.com\/nl\/wp-json\/wp\/v2\/tags?post=2445"}],"curies":[{"name":"wp","href":"https:\/\/api.w.org\/{rel}","templated":true}]}}