{"id":2705,"date":"2025-02-27T17:13:22","date_gmt":"2025-02-27T16:13:22","guid":{"rendered":"https:\/\/dualar.com\/nl\/2025\/02\/27\/ocalan-doet-historische-oproep-voor-ontbinding-van-de-pkk\/"},"modified":"2025-02-27T17:13:35","modified_gmt":"2025-02-27T16:13:35","slug":"ocalan-doet-historische-oproep-voor-ontbinding-van-de-pkk","status":"publish","type":"post","link":"https:\/\/dualar.com\/nl\/2025\/02\/27\/ocalan-doet-historische-oproep-voor-ontbinding-van-de-pkk\/","title":{"rendered":"\u00d6calan doet historische oproep voor ontbinding van de PKK"},"content":{"rendered":"<div>\n<p><strong>Historische Oproep van Abdullah \u00d6calan: PKK Moet de Wapens Neerleggen<\/strong><\/p>\n<p>Abdullah \u00d6calan, de in Turkije gevangen gehouden leider van de Koerdische Arbeiderspartij (PKK), heeft gisteren in een historische verklaring, gedeeld door pro-Koerdische politici, zijn groep opgeroepen om de wapens neer te leggen en zich op te heffen. \u00d6calan&#8217;s oproep kan de loop van het 40-jarige conflict tussen de PKK en Turkije veranderen; deze strijd heeft tienduizenden levens gekost.<\/p>\n<p>\u00d6calan verklaarde in zijn anderhalve pagina lange verklaring dat de gewapende strijd met de staat ooit noodzakelijk was vanwege de politiek die de Koerdische identiteit ontkende en de rechten van de Koerden beperkte. Deze verklaring wordt gezien als een belangrijk keerpunt voor de toekomst van de PKK en de Koerdische kwestie in Turkije.<\/p>\n<h3>Oprichting en Ontwikkeling van de PKK<\/h3>\n<p>\u00d6calan zei: \u201cDe PKK is ontstaan in de 20e eeuw, een van de gewelddadigste periodes in de menselijke geschiedenis, in de schaduw van twee wereldoorlogen en onder invloed van de echte socialisme ervaring en de Koude Oorlog.\u201d \u00d6calan gaf aan dat de ontkenning van de Koerdische identiteit en de beperking van basisrechten een belangrijke rol hebben gespeeld in de opkomst van de PKK.<\/p>\n<h3>Betekenis van Gewapend Verzet<\/h3>\n<p>Echter, \u00d6calan benadrukte dat de gewapende strijd nu geen betekenis meer heeft vanwege de democratische stappen die de Turkse regering heeft gezet op het gebied van Koerdische kwesties en regionale ontwikkelingen. \u201cAlle groepen moeten hun wapens neerleggen en de PKK moet zichzelf ontbinden,\u201d zei hij. Deze oproep betekent dat \u00d6calan ook de PKK-verwante organisaties van de Koerden in Syri\u00eb en Iran omvat.<\/p>\n<h3>Zoeken naar Democratie en Oplossingen<\/h3>\n<p>\u00d6calan merkte op dat een aparte natiestaat, federatie, administratieve autonomie of culturele oplossingen niet voldoen aan de behoeften van de Koerden. \u201cRespect voor identiteiten, vrije zelfexpressie en democratische zelforganisatie van elke groep op basis van hun eigen socio-economische en politieke structuren zijn alleen mogelijk in de aanwezigheid van een democratische samenleving en politieke ruimte,\u201d zei hij.<\/p>\n<h3>Onderhandelingen en Toekomstige Stappen<\/h3>\n<p>\u00d6calan&#8217;s boodschap werd verwoord door pro-Koerdische Democratische Partij (Dem) parlementari\u00ebrs die hem op het eiland Imral\u0131 bezochten. \u00d6calan&#8217;s verklaring is van cruciaal belang voor de toekomst van de PKK, die door Turkije, de Europese Unie en de Verenigde Staten als een terroristische organisatie wordt geclassificeerd.<\/p>\n<p>Vorige jaar begonnen de onderhandelingen tussen \u00d6calan en de Turkse regering, die door de Turkse nationalistische leider Devlet Bah\u00e7eli openbaar werden gemaakt. Bah\u00e7eli nodigde \u00d6calan in oktober uit om naar het parlement te komen en vroeg hem om officieel de ontbinding van de PKK te eisen.<\/p>\n<h3>Strategische Zorgen van Turkije<\/h3>\n<p>Veel bronnen in Ankara geven aan dat de motivatie van de regering om met \u00d6calan te praten verbonden is met de toenemende regionale spanningen tussen Isra\u00ebl en Iran. Turkse functionarissen maken zich zorgen dat de Koerdische kwestie een strategische zwakte kan worden en geloven dat de oplossing daarvan de sleutel is tot stabilisatie voor Turkije en de regio.<\/p>\n<h3>Conclusie en Lezersreacties<\/h3>\n<p>De PKK-leiders reageerden positief op \u00d6calan&#8217;s boodschap en gaven aan dat ze in overeenstemming met deze oproep zullen handelen. Hoewel Erdo\u011fan de voorkeur gaf om op de achtergrond te blijven tijdens de onderhandelingen, deed hij af en toe uitspraken dat hij deelneemt aan de onderhandelingen.<\/p>\n<p>We willen graag de gedachten van de lezers over deze belangrijke ontwikkelingen horen. Voor meer informatie over de Koerdische kwestie kunt u <a href=\"#\">dit artikel<\/a> lezen.<\/p>\n<\/div>\n","protected":false},"excerpt":{"rendered":"<p>Abdullah \u00d6calan, de gevangen leider van de PKK, heeft in een historische verklaring opgeroepen om de wapens neer te leggen en de organisatie op te heffen. Hij stelt dat de gewapende strijd niet meer nodig is door de democratische stappen van de Turkse regering. \u00d6calan benadrukt dat respect voor identiteiten en zelforganisatie essentieel zijn voor de Koerdische gemeenschap. Zijn boodschap, die door pro-Koerdische politici is verspreid, kan de toekomst van de PKK en de Koerdische kwestie in Turkije ingrijpend veranderen. PKK-leiders hebben positief gereageerd en zullen naar verwachting in lijn met \u00d6calan&#8217;s oproep handelen.<\/p>\n","protected":false},"author":1,"featured_media":2706,"comment_status":"open","ping_status":"open","sticky":false,"template":"","format":"standard","meta":{"_kad_blocks_custom_css":"","_kad_blocks_head_custom_js":"","_kad_blocks_body_custom_js":"","_kad_blocks_footer_custom_js":"","_kadence_starter_templates_imported_post":false,"_kad_post_transparent":"","_kad_post_title":"","_kad_post_layout":"","_kad_post_sidebar_id":"","_kad_post_content_style":"","_kad_post_vertical_padding":"","_kad_post_feature":"","_kad_post_feature_position":"","_kad_post_header":false,"_kad_post_footer":false,"footnotes":""},"categories":[2],"tags":[1673,1672,1674,1675],"class_list":["post-2705","post","type-post","status-publish","format-standard","has-post-thumbnail","hentry","category-mondiaal-moslim-nieuws","tag-historische-oproep","tag-ocalan","tag-ontbinding","tag-pkk"],"yoast_head":"<!-- This site is optimized with the Yoast SEO plugin v23.9 - https:\/\/yoast.com\/wordpress\/plugins\/seo\/ -->\n<title>\u00d6calan doet historische oproep voor ontbinding van de PKK - Dualar.com\/nl<\/title>\n<meta name=\"description\" content=\"\u00d6calan roept de PKK op om wapens neer te leggen en zichzelf op te heffen, wijzend op democratische stappen van Turkije.\" \/>\n<meta name=\"robots\" content=\"index, follow, max-snippet:-1, max-image-preview:large, max-video-preview:-1\" \/>\n<link rel=\"canonical\" href=\"https:\/\/dualar.com\/nl\/2025\/02\/27\/ocalan-doet-historische-oproep-voor-ontbinding-van-de-pkk\/\" \/>\n<meta property=\"og:locale\" content=\"nl_NL\" \/>\n<meta property=\"og:type\" content=\"article\" \/>\n<meta property=\"og:title\" content=\"\u00d6calan doet historische oproep voor ontbinding van de PKK - Dualar.com\/nl\" \/>\n<meta property=\"og:description\" content=\"\u00d6calan roept de PKK op om wapens neer te leggen en zichzelf op te heffen, wijzend op democratische stappen van Turkije.\" \/>\n<meta property=\"og:url\" content=\"https:\/\/dualar.com\/nl\/2025\/02\/27\/ocalan-doet-historische-oproep-voor-ontbinding-van-de-pkk\/\" \/>\n<meta property=\"og:site_name\" content=\"Dualar.com\/nl\" \/>\n<meta property=\"article:published_time\" content=\"2025-02-27T16:13:22+00:00\" \/>\n<meta property=\"article:modified_time\" content=\"2025-02-27T16:13:35+00:00\" \/>\n<meta property=\"og:image\" content=\"https:\/\/dualar.com\/nl\/wp-content\/uploads\/sites\/2\/2025\/02\/Ocalan-doet-historische-oproep-voor-ontbinding-van-de-PKK.jpg\" \/>\n\t<meta property=\"og:image:width\" content=\"863\" \/>\n\t<meta property=\"og:image:height\" content=\"534\" \/>\n\t<meta property=\"og:image:type\" content=\"image\/jpeg\" \/>\n<meta name=\"author\" content=\"info@blueappleagency.nl\" \/>\n<meta name=\"twitter:card\" content=\"summary_large_image\" \/>\n<meta name=\"twitter:label1\" content=\"Geschreven door\" \/>\n\t<meta name=\"twitter:data1\" content=\"info@blueappleagency.nl\" \/>\n\t<meta name=\"twitter:label2\" content=\"Geschatte leestijd\" \/>\n\t<meta name=\"twitter:data2\" content=\"3 minuten\" \/>\n<script type=\"application\/ld+json\" class=\"yoast-schema-graph\">{\"@context\":\"https:\/\/schema.org\",\"@graph\":[{\"@type\":\"Article\",\"@id\":\"https:\/\/dualar.com\/nl\/2025\/02\/27\/ocalan-doet-historische-oproep-voor-ontbinding-van-de-pkk\/#article\",\"isPartOf\":{\"@id\":\"https:\/\/dualar.com\/nl\/2025\/02\/27\/ocalan-doet-historische-oproep-voor-ontbinding-van-de-pkk\/\"},\"author\":{\"name\":\"info@blueappleagency.nl\",\"@id\":\"https:\/\/dualar.com\/nl\/#\/schema\/person\/d920bfed24e7ef4d145c3664464931fd\"},\"headline\":\"\u00d6calan doet historische oproep voor ontbinding van de PKK\",\"datePublished\":\"2025-02-27T16:13:22+00:00\",\"dateModified\":\"2025-02-27T16:13:35+00:00\",\"mainEntityOfPage\":{\"@id\":\"https:\/\/dualar.com\/nl\/2025\/02\/27\/ocalan-doet-historische-oproep-voor-ontbinding-van-de-pkk\/\"},\"wordCount\":565,\"commentCount\":0,\"publisher\":{\"@id\":\"https:\/\/dualar.com\/nl\/#organization\"},\"image\":{\"@id\":\"https:\/\/dualar.com\/nl\/2025\/02\/27\/ocalan-doet-historische-oproep-voor-ontbinding-van-de-pkk\/#primaryimage\"},\"thumbnailUrl\":\"https:\/\/dualar.com\/nl\/wp-content\/uploads\/sites\/2\/2025\/02\/Ocalan-doet-historische-oproep-voor-ontbinding-van-de-PKK.jpg\",\"keywords\":[\"historische oproep\",\"\u00d6calan\",\"ontbinding\",\"PKK\"],\"articleSection\":[\"Mondiaal Moslim Nieuws\"],\"inLanguage\":\"nl-NL\",\"potentialAction\":[{\"@type\":\"CommentAction\",\"name\":\"Comment\",\"target\":[\"https:\/\/dualar.com\/nl\/2025\/02\/27\/ocalan-doet-historische-oproep-voor-ontbinding-van-de-pkk\/#respond\"]}]},{\"@type\":\"WebPage\",\"@id\":\"https:\/\/dualar.com\/nl\/2025\/02\/27\/ocalan-doet-historische-oproep-voor-ontbinding-van-de-pkk\/\",\"url\":\"https:\/\/dualar.com\/nl\/2025\/02\/27\/ocalan-doet-historische-oproep-voor-ontbinding-van-de-pkk\/\",\"name\":\"\u00d6calan doet historische oproep voor ontbinding van de PKK - Dualar.com\/nl\",\"isPartOf\":{\"@id\":\"https:\/\/dualar.com\/nl\/#website\"},\"primaryImageOfPage\":{\"@id\":\"https:\/\/dualar.com\/nl\/2025\/02\/27\/ocalan-doet-historische-oproep-voor-ontbinding-van-de-pkk\/#primaryimage\"},\"image\":{\"@id\":\"https:\/\/dualar.com\/nl\/2025\/02\/27\/ocalan-doet-historische-oproep-voor-ontbinding-van-de-pkk\/#primaryimage\"},\"thumbnailUrl\":\"https:\/\/dualar.com\/nl\/wp-content\/uploads\/sites\/2\/2025\/02\/Ocalan-doet-historische-oproep-voor-ontbinding-van-de-PKK.jpg\",\"datePublished\":\"2025-02-27T16:13:22+00:00\",\"dateModified\":\"2025-02-27T16:13:35+00:00\",\"description\":\"\u00d6calan roept de PKK op om wapens neer te leggen en zichzelf op te heffen, wijzend op democratische stappen van Turkije.\",\"breadcrumb\":{\"@id\":\"https:\/\/dualar.com\/nl\/2025\/02\/27\/ocalan-doet-historische-oproep-voor-ontbinding-van-de-pkk\/#breadcrumb\"},\"inLanguage\":\"nl-NL\",\"potentialAction\":[{\"@type\":\"ReadAction\",\"target\":[\"https:\/\/dualar.com\/nl\/2025\/02\/27\/ocalan-doet-historische-oproep-voor-ontbinding-van-de-pkk\/\"]}]},{\"@type\":\"ImageObject\",\"inLanguage\":\"nl-NL\",\"@id\":\"https:\/\/dualar.com\/nl\/2025\/02\/27\/ocalan-doet-historische-oproep-voor-ontbinding-van-de-pkk\/#primaryimage\",\"url\":\"https:\/\/dualar.com\/nl\/wp-content\/uploads\/sites\/2\/2025\/02\/Ocalan-doet-historische-oproep-voor-ontbinding-van-de-PKK.jpg\",\"contentUrl\":\"https:\/\/dualar.com\/nl\/wp-content\/uploads\/sites\/2\/2025\/02\/Ocalan-doet-historische-oproep-voor-ontbinding-van-de-PKK.jpg\",\"width\":863,\"height\":534,\"caption\":\"\u00d6calan doet historische oproep voor ontbinding van de PKK\"},{\"@type\":\"BreadcrumbList\",\"@id\":\"https:\/\/dualar.com\/nl\/2025\/02\/27\/ocalan-doet-historische-oproep-voor-ontbinding-van-de-pkk\/#breadcrumb\",\"itemListElement\":[{\"@type\":\"ListItem\",\"position\":1,\"name\":\"Home\",\"item\":\"https:\/\/dualar.com\/nl\/\"},{\"@type\":\"ListItem\",\"position\":2,\"name\":\"\u00d6calan doet historische oproep voor ontbinding van de PKK\"}]},{\"@type\":\"WebSite\",\"@id\":\"https:\/\/dualar.com\/nl\/#website\",\"url\":\"https:\/\/dualar.com\/nl\/\",\"name\":\"Dualar.com\/nl\",\"description\":\"Gebeden die u op elk moment inspireren\",\"publisher\":{\"@id\":\"https:\/\/dualar.com\/nl\/#organization\"},\"potentialAction\":[{\"@type\":\"SearchAction\",\"target\":{\"@type\":\"EntryPoint\",\"urlTemplate\":\"https:\/\/dualar.com\/nl\/?s={search_term_string}\"},\"query-input\":{\"@type\":\"PropertyValueSpecification\",\"valueRequired\":true,\"valueName\":\"search_term_string\"}}],\"inLanguage\":\"nl-NL\"},{\"@type\":\"Organization\",\"@id\":\"https:\/\/dualar.com\/nl\/#organization\",\"name\":\"Dualar.com\/nl\",\"url\":\"https:\/\/dualar.com\/nl\/\",\"logo\":{\"@type\":\"ImageObject\",\"inLanguage\":\"nl-NL\",\"@id\":\"https:\/\/dualar.com\/nl\/#\/schema\/logo\/image\/\",\"url\":\"https:\/\/dualar.com\/nl\/wp-content\/uploads\/sites\/2\/2024\/11\/Her-Aniniza-Ilham-Veren-Dualar-1.png\",\"contentUrl\":\"https:\/\/dualar.com\/nl\/wp-content\/uploads\/sites\/2\/2024\/11\/Her-Aniniza-Ilham-Veren-Dualar-1.png\",\"width\":1000,\"height\":300,\"caption\":\"Dualar.com\/nl\"},\"image\":{\"@id\":\"https:\/\/dualar.com\/nl\/#\/schema\/logo\/image\/\"}},{\"@type\":\"Person\",\"@id\":\"https:\/\/dualar.com\/nl\/#\/schema\/person\/d920bfed24e7ef4d145c3664464931fd\",\"name\":\"info@blueappleagency.nl\",\"image\":{\"@type\":\"ImageObject\",\"inLanguage\":\"nl-NL\",\"@id\":\"https:\/\/dualar.com\/nl\/#\/schema\/person\/image\/\",\"url\":\"https:\/\/secure.gravatar.com\/avatar\/4bcc94ad74be7f14c7e9a39e3f95a587?s=96&d=mm&r=g\",\"contentUrl\":\"https:\/\/secure.gravatar.com\/avatar\/4bcc94ad74be7f14c7e9a39e3f95a587?s=96&d=mm&r=g\",\"caption\":\"info@blueappleagency.nl\"},\"sameAs\":[\"http:\/\/dualar.com\"],\"url\":\"#\"}]}<\/script>\n<!-- \/ Yoast SEO plugin. -->","yoast_head_json":{"title":"\u00d6calan doet historische oproep voor ontbinding van de PKK - Dualar.com\/nl","description":"\u00d6calan roept de PKK op om wapens neer te leggen en zichzelf op te heffen, wijzend op democratische stappen van Turkije.","robots":{"index":"index","follow":"follow","max-snippet":"max-snippet:-1","max-image-preview":"max-image-preview:large","max-video-preview":"max-video-preview:-1"},"canonical":"https:\/\/dualar.com\/nl\/2025\/02\/27\/ocalan-doet-historische-oproep-voor-ontbinding-van-de-pkk\/","og_locale":"nl_NL","og_type":"article","og_title":"\u00d6calan doet historische oproep voor ontbinding van de PKK - Dualar.com\/nl","og_description":"\u00d6calan roept de PKK op om wapens neer te leggen en zichzelf op te heffen, wijzend op democratische stappen van Turkije.","og_url":"https:\/\/dualar.com\/nl\/2025\/02\/27\/ocalan-doet-historische-oproep-voor-ontbinding-van-de-pkk\/","og_site_name":"Dualar.com\/nl","article_published_time":"2025-02-27T16:13:22+00:00","article_modified_time":"2025-02-27T16:13:35+00:00","og_image":[{"width":863,"height":534,"url":"https:\/\/dualar.com\/nl\/wp-content\/uploads\/sites\/2\/2025\/02\/Ocalan-doet-historische-oproep-voor-ontbinding-van-de-PKK.jpg","type":"image\/jpeg"}],"author":"info@blueappleagency.nl","twitter_card":"summary_large_image","twitter_misc":{"Geschreven door":"info@blueappleagency.nl","Geschatte leestijd":"3 minuten"},"schema":{"@context":"https:\/\/schema.org","@graph":[{"@type":"Article","@id":"https:\/\/dualar.com\/nl\/2025\/02\/27\/ocalan-doet-historische-oproep-voor-ontbinding-van-de-pkk\/#article","isPartOf":{"@id":"https:\/\/dualar.com\/nl\/2025\/02\/27\/ocalan-doet-historische-oproep-voor-ontbinding-van-de-pkk\/"},"author":{"name":"info@blueappleagency.nl","@id":"https:\/\/dualar.com\/nl\/#\/schema\/person\/d920bfed24e7ef4d145c3664464931fd"},"headline":"\u00d6calan doet historische oproep voor ontbinding van de PKK","datePublished":"2025-02-27T16:13:22+00:00","dateModified":"2025-02-27T16:13:35+00:00","mainEntityOfPage":{"@id":"https:\/\/dualar.com\/nl\/2025\/02\/27\/ocalan-doet-historische-oproep-voor-ontbinding-van-de-pkk\/"},"wordCount":565,"commentCount":0,"publisher":{"@id":"https:\/\/dualar.com\/nl\/#organization"},"image":{"@id":"https:\/\/dualar.com\/nl\/2025\/02\/27\/ocalan-doet-historische-oproep-voor-ontbinding-van-de-pkk\/#primaryimage"},"thumbnailUrl":"https:\/\/dualar.com\/nl\/wp-content\/uploads\/sites\/2\/2025\/02\/Ocalan-doet-historische-oproep-voor-ontbinding-van-de-PKK.jpg","keywords":["historische oproep","\u00d6calan","ontbinding","PKK"],"articleSection":["Mondiaal Moslim Nieuws"],"inLanguage":"nl-NL","potentialAction":[{"@type":"CommentAction","name":"Comment","target":["https:\/\/dualar.com\/nl\/2025\/02\/27\/ocalan-doet-historische-oproep-voor-ontbinding-van-de-pkk\/#respond"]}]},{"@type":"WebPage","@id":"https:\/\/dualar.com\/nl\/2025\/02\/27\/ocalan-doet-historische-oproep-voor-ontbinding-van-de-pkk\/","url":"https:\/\/dualar.com\/nl\/2025\/02\/27\/ocalan-doet-historische-oproep-voor-ontbinding-van-de-pkk\/","name":"\u00d6calan doet historische oproep voor ontbinding van de PKK - Dualar.com\/nl","isPartOf":{"@id":"https:\/\/dualar.com\/nl\/#website"},"primaryImageOfPage":{"@id":"https:\/\/dualar.com\/nl\/2025\/02\/27\/ocalan-doet-historische-oproep-voor-ontbinding-van-de-pkk\/#primaryimage"},"image":{"@id":"https:\/\/dualar.com\/nl\/2025\/02\/27\/ocalan-doet-historische-oproep-voor-ontbinding-van-de-pkk\/#primaryimage"},"thumbnailUrl":"https:\/\/dualar.com\/nl\/wp-content\/uploads\/sites\/2\/2025\/02\/Ocalan-doet-historische-oproep-voor-ontbinding-van-de-PKK.jpg","datePublished":"2025-02-27T16:13:22+00:00","dateModified":"2025-02-27T16:13:35+00:00","description":"\u00d6calan roept de PKK op om wapens neer te leggen en zichzelf op te heffen, wijzend op democratische stappen van Turkije.","breadcrumb":{"@id":"https:\/\/dualar.com\/nl\/2025\/02\/27\/ocalan-doet-historische-oproep-voor-ontbinding-van-de-pkk\/#breadcrumb"},"inLanguage":"nl-NL","potentialAction":[{"@type":"ReadAction","target":["https:\/\/dualar.com\/nl\/2025\/02\/27\/ocalan-doet-historische-oproep-voor-ontbinding-van-de-pkk\/"]}]},{"@type":"ImageObject","inLanguage":"nl-NL","@id":"https:\/\/dualar.com\/nl\/2025\/02\/27\/ocalan-doet-historische-oproep-voor-ontbinding-van-de-pkk\/#primaryimage","url":"https:\/\/dualar.com\/nl\/wp-content\/uploads\/sites\/2\/2025\/02\/Ocalan-doet-historische-oproep-voor-ontbinding-van-de-PKK.jpg","contentUrl":"https:\/\/dualar.com\/nl\/wp-content\/uploads\/sites\/2\/2025\/02\/Ocalan-doet-historische-oproep-voor-ontbinding-van-de-PKK.jpg","width":863,"height":534,"caption":"\u00d6calan doet historische oproep voor ontbinding van de PKK"},{"@type":"BreadcrumbList","@id":"https:\/\/dualar.com\/nl\/2025\/02\/27\/ocalan-doet-historische-oproep-voor-ontbinding-van-de-pkk\/#breadcrumb","itemListElement":[{"@type":"ListItem","position":1,"name":"Home","item":"https:\/\/dualar.com\/nl\/"},{"@type":"ListItem","position":2,"name":"\u00d6calan doet historische oproep voor ontbinding van de PKK"}]},{"@type":"WebSite","@id":"https:\/\/dualar.com\/nl\/#website","url":"https:\/\/dualar.com\/nl\/","name":"Dualar.com\/nl","description":"Gebeden die u op elk moment inspireren","publisher":{"@id":"https:\/\/dualar.com\/nl\/#organization"},"potentialAction":[{"@type":"SearchAction","target":{"@type":"EntryPoint","urlTemplate":"https:\/\/dualar.com\/nl\/?s={search_term_string}"},"query-input":{"@type":"PropertyValueSpecification","valueRequired":true,"valueName":"search_term_string"}}],"inLanguage":"nl-NL"},{"@type":"Organization","@id":"https:\/\/dualar.com\/nl\/#organization","name":"Dualar.com\/nl","url":"https:\/\/dualar.com\/nl\/","logo":{"@type":"ImageObject","inLanguage":"nl-NL","@id":"https:\/\/dualar.com\/nl\/#\/schema\/logo\/image\/","url":"https:\/\/dualar.com\/nl\/wp-content\/uploads\/sites\/2\/2024\/11\/Her-Aniniza-Ilham-Veren-Dualar-1.png","contentUrl":"https:\/\/dualar.com\/nl\/wp-content\/uploads\/sites\/2\/2024\/11\/Her-Aniniza-Ilham-Veren-Dualar-1.png","width":1000,"height":300,"caption":"Dualar.com\/nl"},"image":{"@id":"https:\/\/dualar.com\/nl\/#\/schema\/logo\/image\/"}},{"@type":"Person","@id":"https:\/\/dualar.com\/nl\/#\/schema\/person\/d920bfed24e7ef4d145c3664464931fd","name":"info@blueappleagency.nl","image":{"@type":"ImageObject","inLanguage":"nl-NL","@id":"https:\/\/dualar.com\/nl\/#\/schema\/person\/image\/","url":"https:\/\/secure.gravatar.com\/avatar\/4bcc94ad74be7f14c7e9a39e3f95a587?s=96&d=mm&r=g","contentUrl":"https:\/\/secure.gravatar.com\/avatar\/4bcc94ad74be7f14c7e9a39e3f95a587?s=96&d=mm&r=g","caption":"info@blueappleagency.nl"},"sameAs":["http:\/\/dualar.com"],"url":"#"}]}},"taxonomy_info":{"category":[{"value":2,"label":"Mondiaal Moslim Nieuws"}],"post_tag":[{"value":1673,"label":"historische oproep"},{"value":1672,"label":"\u00d6calan"},{"value":1674,"label":"ontbinding"},{"value":1675,"label":"PKK"}]},"featured_image_src_large":["https:\/\/dualar.com\/nl\/wp-content\/uploads\/sites\/2\/2025\/02\/Ocalan-doet-historische-oproep-voor-ontbinding-van-de-PKK.jpg",863,534,false],"author_info":{"display_name":"info@blueappleagency.nl","author_link":"#"},"comment_info":0,"category_info":[{"term_id":2,"name":"Mondiaal Moslim Nieuws","slug":"mondiaal-moslim-nieuws","term_group":0,"term_taxonomy_id":2,"taxonomy":"category","description":"","parent":0,"count":1312,"filter":"raw","cat_ID":2,"category_count":1312,"category_description":"","cat_name":"Mondiaal Moslim Nieuws","category_nicename":"mondiaal-moslim-nieuws","category_parent":0}],"tag_info":[{"term_id":1673,"name":"historische oproep","slug":"historische-oproep","term_group":0,"term_taxonomy_id":1673,"taxonomy":"post_tag","description":"","parent":0,"count":1,"filter":"raw"},{"term_id":1672,"name":"\u00d6calan","slug":"ocalan","term_group":0,"term_taxonomy_id":1672,"taxonomy":"post_tag","description":"","parent":0,"count":3,"filter":"raw"},{"term_id":1674,"name":"ontbinding","slug":"ontbinding","term_group":0,"term_taxonomy_id":1674,"taxonomy":"post_tag","description":"","parent":0,"count":2,"filter":"raw"},{"term_id":1675,"name":"PKK","slug":"pkk","term_group":0,"term_taxonomy_id":1675,"taxonomy":"post_tag","description":"","parent":0,"count":2,"filter":"raw"}],"_links":{"self":[{"href":"https:\/\/dualar.com\/nl\/wp-json\/wp\/v2\/posts\/2705","targetHints":{"allow":["GET"]}}],"collection":[{"href":"https:\/\/dualar.com\/nl\/wp-json\/wp\/v2\/posts"}],"about":[{"href":"https:\/\/dualar.com\/nl\/wp-json\/wp\/v2\/types\/post"}],"author":[{"embeddable":true,"href":"https:\/\/dualar.com\/nl\/wp-json\/wp\/v2\/users\/1"}],"replies":[{"embeddable":true,"href":"https:\/\/dualar.com\/nl\/wp-json\/wp\/v2\/comments?post=2705"}],"version-history":[{"count":1,"href":"https:\/\/dualar.com\/nl\/wp-json\/wp\/v2\/posts\/2705\/revisions"}],"predecessor-version":[{"id":2707,"href":"https:\/\/dualar.com\/nl\/wp-json\/wp\/v2\/posts\/2705\/revisions\/2707"}],"wp:featuredmedia":[{"embeddable":true,"href":"https:\/\/dualar.com\/nl\/wp-json\/wp\/v2\/media\/2706"}],"wp:attachment":[{"href":"https:\/\/dualar.com\/nl\/wp-json\/wp\/v2\/media?parent=2705"}],"wp:term":[{"taxonomy":"category","embeddable":true,"href":"https:\/\/dualar.com\/nl\/wp-json\/wp\/v2\/categories?post=2705"},{"taxonomy":"post_tag","embeddable":true,"href":"https:\/\/dualar.com\/nl\/wp-json\/wp\/v2\/tags?post=2705"}],"curies":[{"name":"wp","href":"https:\/\/api.w.org\/{rel}","templated":true}]}}