{"id":2738,"date":"2025-02-28T21:00:22","date_gmt":"2025-02-28T20:00:22","guid":{"rendered":"https:\/\/dualar.com\/nl\/2025\/02\/28\/syrische-koerden-ocalans-boodschap-heeft-niets-met-ons-te-maken\/"},"modified":"2025-02-28T21:00:29","modified_gmt":"2025-02-28T20:00:29","slug":"syrische-koerden-ocalans-boodschap-heeft-niets-met-ons-te-maken","status":"publish","type":"post","link":"https:\/\/dualar.com\/nl\/2025\/02\/28\/syrische-koerden-ocalans-boodschap-heeft-niets-met-ons-te-maken\/","title":{"rendered":"Syrische Koerden: &#8216;\u00d6calan&#8217;s boodschap heeft niets met ons te maken&#8217;"},"content":{"rendered":"<div>\n<p><strong>Titel: Abdullah \u00d6calan\u2019s Historische Oproep: Het Neerleggen van Wapens door de PKK en de Impact op de Koerden in Syri\u00eb<\/strong><\/p>\n<p><strong>Inleiding<\/strong><\/p>\n<p>Duizenden Koerden in Noordoost-Syri\u00eb stroomden donderdag naar de openbare ruimtes om de langverwachte boodschap van Abdullah \u00d6calan, de leider van de Koerdische Arbeiderspartij (PKK) in Turkije, te horen. \u00d6calan deed een historische verklaring waarin hij vroeg om het neerleggen van wapens en de ontbinding van de groep die hij heeft opgericht. Deze oproep is van groot belang voor de toekomst van de PKK en de situatie van de Koerden in Syri\u00eb.<\/p>\n<p><strong>\u00d6calan\u2019s Boodschap en de Toekomst van de PKK<\/strong><\/p>\n<p>\u00d6calan zei: &#8220;Alle groepen moeten hun wapens neerleggen en de PKK moet zichzelf ontbinden.&#8221; Er wordt gedacht dat deze oproep &#8220;alle groepen&#8221; omvat, inclusief de PKK-filialen in Syri\u00eb en Iran. Sinds 2012 hebben de Koerden in Syri\u00eb, die een semi-autonoom gebied Rojava noemen, het voor elkaar gekregen om dit te vestigen. Turkije blijft echter deze regio aanvallen door te beweren dat de door de VS gesteunde Syrische Democratische Krachten (SDF) verbonden zijn met de PKK.<\/p>\n<p><strong>De Hoop van de Syrische Koerden en het Vredesproces<\/strong><\/p>\n<p>De Syrische Koerden hopen dat het vredesproces, dat in 2015 eindigde, opnieuw kan beginnen. SDF-commander Mazloum Abdi zei tijdens een persconferentie in Washington DC: &#8220;\u00d6calan\u2019s boodschap betreft de PKK en niet ons.&#8221; Hij voegde eraan toe dat als er vrede met de Turkse regering wordt bereikt, &#8220;er geen rechtvaardiging meer overblijft voor Turkije\u2019s aanvallen in Syri\u00eb.&#8221;<\/p>\n<ul>\n<li>Salih M\u00fcslim, PYD-functionaris, zei: &#8220;Als de aanvallen op de Koerden stoppen, is er geen behoefte meer aan wapens.&#8221;<\/li>\n<\/ul>\n<p><strong>Ondersteuning van de Regionale Koerdische Regering<\/strong><\/p>\n<p>Jadaan Ali, vertegenwoordiger van de Koerdische Nationale Raad (KNC) in Irak, beschouwde \u00d6calan\u2019s oproep als een positieve ontwikkeling. De KNC staat traditioneel in een concurrerende positie ten opzichte van de PYD en SDF. Ali zei: &#8220;We hopen dat de oproep tot het neerleggen van wapens en de ontbinding van de PKK vrede en voorspoed voor het Koerdische volk zal brengen.&#8221;<\/p>\n<p><strong>De Vraag van Wapenneerlegging door de SDF en PKK<\/strong><\/p>\n<p>Analisten denken dat een nieuw vredesproces in Turkije de steun van de VS voor de SDF zou kunnen vergemakkelijken. De voormalige Amerikaanse ambassadeur Peter Galbraith zei: &#8220;Als de PKK haar wapens neerlegt, heeft Turkije geen reden meer om bang te zijn voor Rojava.&#8221; David Romano, professor in Midden-Oostenbeleid aan de Missouri State University, merkte op dat &#8220;als de SDF haar wapens niet neerlegt, het neerleggen van wapens door de PKK positief kan zijn voor de Syrische Koerden.&#8221;<\/p>\n<p><strong>Voortdurende Aanvallen en Lokale Situatie<\/strong><\/p>\n<p>De aanvallen van Turkse gesteunde groepen gaan door. Er vinden bombardementen plaats rond Kobani. Luqman Ahmi, co-voorzitter van de Syrische Democratische Groene Partij, zei: &#8220;De Turkse gesteunde groepen blijven ons gebied aanvallen.&#8221;<\/p>\n<p><strong>Conclusie: Samen Een Betere Toekomst Bouwen<\/strong><\/p>\n<p>Een succesvol vredesproces in Syri\u00eb zou de overeenkomst tussen de SDF en de regering in Damascus kunnen vergemakkelijken. Hoshang Hasan zei: &#8220;Als Turkije geen druk op Damascus uitoefent, zal de overeenkomst gemakkelijker zijn.&#8221; De eisen van de Koerden in Syri\u00eb voor autonomie en de onderhandelingen over integratie met de centrale staat hebben nog geen resultaten opgeleverd.<\/p>\n<p><strong>Wat Denkt U?<\/strong><\/p>\n<p>Wat denkt u over Abdullah \u00d6calan\u2019s oproep en de toekomst van de Koerden in Syri\u00eb? Deel uw mening met ons en blijf de relevante artikelen lezen!<\/p>\n<\/div>\n","protected":false},"excerpt":{"rendered":"<p>Abdullah \u00d6calan, de leider van de PKK, heeft een historische oproep gedaan tot het neerleggen van wapens en de ontbinding van de PKK, wat grote gevolgen kan hebben voor de Koerden in Syri\u00eb. Duizenden Koerden in Noordoost-Syri\u00eb reageerden op zijn boodschap, die ook implicaties heeft voor de PKK-filialen in de regio. De Syrische Koerden hopen op een hernieuwd vredesproces en het be\u00ebindigen van Turkse aanvallen. Ondersteuning voor \u00d6calan\u2019s oproep komt ook van de Koerdische Nationale Raad in Irak. Analisten geloven dat een vredesproces de situatie voor de Syrische Koerden kan verbeteren.<\/p>\n","protected":false},"author":1,"featured_media":2739,"comment_status":"open","ping_status":"open","sticky":false,"template":"","format":"standard","meta":{"_kad_blocks_custom_css":"","_kad_blocks_head_custom_js":"","_kad_blocks_body_custom_js":"","_kad_blocks_footer_custom_js":"","_kadence_starter_templates_imported_post":false,"_kad_post_transparent":"","_kad_post_title":"","_kad_post_layout":"","_kad_post_sidebar_id":"","_kad_post_content_style":"","_kad_post_vertical_padding":"","_kad_post_feature":"","_kad_post_feature_position":"","_kad_post_header":false,"_kad_post_footer":false,"footnotes":""},"categories":[2],"tags":[1700,1701,1672,1699,1702],"class_list":["post-2738","post","type-post","status-publish","format-standard","has-post-thumbnail","hentry","category-mondiaal-moslim-nieuws","tag-boodschap","tag-niets","tag-ocalan","tag-syrische-koerden","tag-te-maken"],"yoast_head":"<!-- This site is optimized with the Yoast SEO plugin v23.9 - https:\/\/yoast.com\/wordpress\/plugins\/seo\/ -->\n<title>Syrische Koerden: &#039;\u00d6calan&#039;s boodschap heeft niets met ons te maken&#039; - Dualar.com\/nl<\/title>\n<meta name=\"description\" content=\"\u00d6calan vraagt PKK om wapens neer te leggen, wat hoop biedt voor vrede en de toekomst van Koerden in Syri\u00eb, ondanks aanhoudende aanvallen.\" \/>\n<meta name=\"robots\" content=\"index, follow, max-snippet:-1, max-image-preview:large, max-video-preview:-1\" \/>\n<link rel=\"canonical\" href=\"https:\/\/dualar.com\/nl\/2025\/02\/28\/syrische-koerden-ocalans-boodschap-heeft-niets-met-ons-te-maken\/\" \/>\n<meta property=\"og:locale\" content=\"nl_NL\" \/>\n<meta property=\"og:type\" content=\"article\" \/>\n<meta property=\"og:title\" content=\"Syrische Koerden: &#039;\u00d6calan&#039;s boodschap heeft niets met ons te maken&#039; - Dualar.com\/nl\" \/>\n<meta property=\"og:description\" content=\"\u00d6calan vraagt PKK om wapens neer te leggen, wat hoop biedt voor vrede en de toekomst van Koerden in Syri\u00eb, ondanks aanhoudende aanvallen.\" \/>\n<meta property=\"og:url\" content=\"https:\/\/dualar.com\/nl\/2025\/02\/28\/syrische-koerden-ocalans-boodschap-heeft-niets-met-ons-te-maken\/\" \/>\n<meta property=\"og:site_name\" content=\"Dualar.com\/nl\" \/>\n<meta property=\"article:published_time\" content=\"2025-02-28T20:00:22+00:00\" \/>\n<meta property=\"article:modified_time\" content=\"2025-02-28T20:00:29+00:00\" \/>\n<meta property=\"og:image\" content=\"https:\/\/dualar.com\/nl\/wp-content\/uploads\/sites\/2\/2025\/02\/Syrische-Koerden-Ocalans-boodschap-heeft-niets-met-ons-te-maken.jpg\" \/>\n\t<meta property=\"og:image:width\" content=\"1600\" \/>\n\t<meta property=\"og:image:height\" content=\"900\" \/>\n\t<meta property=\"og:image:type\" content=\"image\/jpeg\" \/>\n<meta name=\"author\" content=\"info@blueappleagency.nl\" \/>\n<meta name=\"twitter:card\" content=\"summary_large_image\" \/>\n<meta name=\"twitter:label1\" content=\"Geschreven door\" \/>\n\t<meta name=\"twitter:data1\" content=\"info@blueappleagency.nl\" \/>\n\t<meta name=\"twitter:label2\" content=\"Geschatte leestijd\" \/>\n\t<meta name=\"twitter:data2\" content=\"3 minuten\" \/>\n<script type=\"application\/ld+json\" class=\"yoast-schema-graph\">{\"@context\":\"https:\/\/schema.org\",\"@graph\":[{\"@type\":\"Article\",\"@id\":\"https:\/\/dualar.com\/nl\/2025\/02\/28\/syrische-koerden-ocalans-boodschap-heeft-niets-met-ons-te-maken\/#article\",\"isPartOf\":{\"@id\":\"https:\/\/dualar.com\/nl\/2025\/02\/28\/syrische-koerden-ocalans-boodschap-heeft-niets-met-ons-te-maken\/\"},\"author\":{\"name\":\"info@blueappleagency.nl\",\"@id\":\"https:\/\/dualar.com\/nl\/#\/schema\/person\/d920bfed24e7ef4d145c3664464931fd\"},\"headline\":\"Syrische Koerden: &#8216;\u00d6calan&#8217;s boodschap heeft niets met ons te maken&#8217;\",\"datePublished\":\"2025-02-28T20:00:22+00:00\",\"dateModified\":\"2025-02-28T20:00:29+00:00\",\"mainEntityOfPage\":{\"@id\":\"https:\/\/dualar.com\/nl\/2025\/02\/28\/syrische-koerden-ocalans-boodschap-heeft-niets-met-ons-te-maken\/\"},\"wordCount\":554,\"commentCount\":0,\"publisher\":{\"@id\":\"https:\/\/dualar.com\/nl\/#organization\"},\"image\":{\"@id\":\"https:\/\/dualar.com\/nl\/2025\/02\/28\/syrische-koerden-ocalans-boodschap-heeft-niets-met-ons-te-maken\/#primaryimage\"},\"thumbnailUrl\":\"https:\/\/dualar.com\/nl\/wp-content\/uploads\/sites\/2\/2025\/02\/Syrische-Koerden-Ocalans-boodschap-heeft-niets-met-ons-te-maken.jpg\",\"keywords\":[\"boodschap\",\"niets\",\"\u00d6calan\",\"Syrische Koerden\",\"te maken\"],\"articleSection\":[\"Mondiaal Moslim Nieuws\"],\"inLanguage\":\"nl-NL\",\"potentialAction\":[{\"@type\":\"CommentAction\",\"name\":\"Comment\",\"target\":[\"https:\/\/dualar.com\/nl\/2025\/02\/28\/syrische-koerden-ocalans-boodschap-heeft-niets-met-ons-te-maken\/#respond\"]}]},{\"@type\":\"WebPage\",\"@id\":\"https:\/\/dualar.com\/nl\/2025\/02\/28\/syrische-koerden-ocalans-boodschap-heeft-niets-met-ons-te-maken\/\",\"url\":\"https:\/\/dualar.com\/nl\/2025\/02\/28\/syrische-koerden-ocalans-boodschap-heeft-niets-met-ons-te-maken\/\",\"name\":\"Syrische Koerden: '\u00d6calan's boodschap heeft niets met ons te maken' - Dualar.com\/nl\",\"isPartOf\":{\"@id\":\"https:\/\/dualar.com\/nl\/#website\"},\"primaryImageOfPage\":{\"@id\":\"https:\/\/dualar.com\/nl\/2025\/02\/28\/syrische-koerden-ocalans-boodschap-heeft-niets-met-ons-te-maken\/#primaryimage\"},\"image\":{\"@id\":\"https:\/\/dualar.com\/nl\/2025\/02\/28\/syrische-koerden-ocalans-boodschap-heeft-niets-met-ons-te-maken\/#primaryimage\"},\"thumbnailUrl\":\"https:\/\/dualar.com\/nl\/wp-content\/uploads\/sites\/2\/2025\/02\/Syrische-Koerden-Ocalans-boodschap-heeft-niets-met-ons-te-maken.jpg\",\"datePublished\":\"2025-02-28T20:00:22+00:00\",\"dateModified\":\"2025-02-28T20:00:29+00:00\",\"description\":\"\u00d6calan vraagt PKK om wapens neer te leggen, wat hoop biedt voor vrede en de toekomst van Koerden in Syri\u00eb, ondanks aanhoudende aanvallen.\",\"breadcrumb\":{\"@id\":\"https:\/\/dualar.com\/nl\/2025\/02\/28\/syrische-koerden-ocalans-boodschap-heeft-niets-met-ons-te-maken\/#breadcrumb\"},\"inLanguage\":\"nl-NL\",\"potentialAction\":[{\"@type\":\"ReadAction\",\"target\":[\"https:\/\/dualar.com\/nl\/2025\/02\/28\/syrische-koerden-ocalans-boodschap-heeft-niets-met-ons-te-maken\/\"]}]},{\"@type\":\"ImageObject\",\"inLanguage\":\"nl-NL\",\"@id\":\"https:\/\/dualar.com\/nl\/2025\/02\/28\/syrische-koerden-ocalans-boodschap-heeft-niets-met-ons-te-maken\/#primaryimage\",\"url\":\"https:\/\/dualar.com\/nl\/wp-content\/uploads\/sites\/2\/2025\/02\/Syrische-Koerden-Ocalans-boodschap-heeft-niets-met-ons-te-maken.jpg\",\"contentUrl\":\"https:\/\/dualar.com\/nl\/wp-content\/uploads\/sites\/2\/2025\/02\/Syrische-Koerden-Ocalans-boodschap-heeft-niets-met-ons-te-maken.jpg\",\"width\":1600,\"height\":900,\"caption\":\"Syrische Koerden: '\u00d6calan's boodschap heeft niets met ons te maken'\"},{\"@type\":\"BreadcrumbList\",\"@id\":\"https:\/\/dualar.com\/nl\/2025\/02\/28\/syrische-koerden-ocalans-boodschap-heeft-niets-met-ons-te-maken\/#breadcrumb\",\"itemListElement\":[{\"@type\":\"ListItem\",\"position\":1,\"name\":\"Home\",\"item\":\"https:\/\/dualar.com\/nl\/\"},{\"@type\":\"ListItem\",\"position\":2,\"name\":\"Syrische Koerden: &#8216;\u00d6calan&#8217;s boodschap heeft niets met ons te maken&#8217;\"}]},{\"@type\":\"WebSite\",\"@id\":\"https:\/\/dualar.com\/nl\/#website\",\"url\":\"https:\/\/dualar.com\/nl\/\",\"name\":\"Dualar.com\/nl\",\"description\":\"Gebeden die u op elk moment inspireren\",\"publisher\":{\"@id\":\"https:\/\/dualar.com\/nl\/#organization\"},\"potentialAction\":[{\"@type\":\"SearchAction\",\"target\":{\"@type\":\"EntryPoint\",\"urlTemplate\":\"https:\/\/dualar.com\/nl\/?s={search_term_string}\"},\"query-input\":{\"@type\":\"PropertyValueSpecification\",\"valueRequired\":true,\"valueName\":\"search_term_string\"}}],\"inLanguage\":\"nl-NL\"},{\"@type\":\"Organization\",\"@id\":\"https:\/\/dualar.com\/nl\/#organization\",\"name\":\"Dualar.com\/nl\",\"url\":\"https:\/\/dualar.com\/nl\/\",\"logo\":{\"@type\":\"ImageObject\",\"inLanguage\":\"nl-NL\",\"@id\":\"https:\/\/dualar.com\/nl\/#\/schema\/logo\/image\/\",\"url\":\"https:\/\/dualar.com\/nl\/wp-content\/uploads\/sites\/2\/2024\/11\/Her-Aniniza-Ilham-Veren-Dualar-1.png\",\"contentUrl\":\"https:\/\/dualar.com\/nl\/wp-content\/uploads\/sites\/2\/2024\/11\/Her-Aniniza-Ilham-Veren-Dualar-1.png\",\"width\":1000,\"height\":300,\"caption\":\"Dualar.com\/nl\"},\"image\":{\"@id\":\"https:\/\/dualar.com\/nl\/#\/schema\/logo\/image\/\"}},{\"@type\":\"Person\",\"@id\":\"https:\/\/dualar.com\/nl\/#\/schema\/person\/d920bfed24e7ef4d145c3664464931fd\",\"name\":\"info@blueappleagency.nl\",\"image\":{\"@type\":\"ImageObject\",\"inLanguage\":\"nl-NL\",\"@id\":\"https:\/\/dualar.com\/nl\/#\/schema\/person\/image\/\",\"url\":\"https:\/\/secure.gravatar.com\/avatar\/4bcc94ad74be7f14c7e9a39e3f95a587?s=96&d=mm&r=g\",\"contentUrl\":\"https:\/\/secure.gravatar.com\/avatar\/4bcc94ad74be7f14c7e9a39e3f95a587?s=96&d=mm&r=g\",\"caption\":\"info@blueappleagency.nl\"},\"sameAs\":[\"http:\/\/dualar.com\"],\"url\":\"#\"}]}<\/script>\n<!-- \/ Yoast SEO plugin. -->","yoast_head_json":{"title":"Syrische Koerden: '\u00d6calan's boodschap heeft niets met ons te maken' - Dualar.com\/nl","description":"\u00d6calan vraagt PKK om wapens neer te leggen, wat hoop biedt voor vrede en de toekomst van Koerden in Syri\u00eb, ondanks aanhoudende aanvallen.","robots":{"index":"index","follow":"follow","max-snippet":"max-snippet:-1","max-image-preview":"max-image-preview:large","max-video-preview":"max-video-preview:-1"},"canonical":"https:\/\/dualar.com\/nl\/2025\/02\/28\/syrische-koerden-ocalans-boodschap-heeft-niets-met-ons-te-maken\/","og_locale":"nl_NL","og_type":"article","og_title":"Syrische Koerden: '\u00d6calan's boodschap heeft niets met ons te maken' - Dualar.com\/nl","og_description":"\u00d6calan vraagt PKK om wapens neer te leggen, wat hoop biedt voor vrede en de toekomst van Koerden in Syri\u00eb, ondanks aanhoudende aanvallen.","og_url":"https:\/\/dualar.com\/nl\/2025\/02\/28\/syrische-koerden-ocalans-boodschap-heeft-niets-met-ons-te-maken\/","og_site_name":"Dualar.com\/nl","article_published_time":"2025-02-28T20:00:22+00:00","article_modified_time":"2025-02-28T20:00:29+00:00","og_image":[{"width":1600,"height":900,"url":"https:\/\/dualar.com\/nl\/wp-content\/uploads\/sites\/2\/2025\/02\/Syrische-Koerden-Ocalans-boodschap-heeft-niets-met-ons-te-maken.jpg","type":"image\/jpeg"}],"author":"info@blueappleagency.nl","twitter_card":"summary_large_image","twitter_misc":{"Geschreven door":"info@blueappleagency.nl","Geschatte leestijd":"3 minuten"},"schema":{"@context":"https:\/\/schema.org","@graph":[{"@type":"Article","@id":"https:\/\/dualar.com\/nl\/2025\/02\/28\/syrische-koerden-ocalans-boodschap-heeft-niets-met-ons-te-maken\/#article","isPartOf":{"@id":"https:\/\/dualar.com\/nl\/2025\/02\/28\/syrische-koerden-ocalans-boodschap-heeft-niets-met-ons-te-maken\/"},"author":{"name":"info@blueappleagency.nl","@id":"https:\/\/dualar.com\/nl\/#\/schema\/person\/d920bfed24e7ef4d145c3664464931fd"},"headline":"Syrische Koerden: &#8216;\u00d6calan&#8217;s boodschap heeft niets met ons te maken&#8217;","datePublished":"2025-02-28T20:00:22+00:00","dateModified":"2025-02-28T20:00:29+00:00","mainEntityOfPage":{"@id":"https:\/\/dualar.com\/nl\/2025\/02\/28\/syrische-koerden-ocalans-boodschap-heeft-niets-met-ons-te-maken\/"},"wordCount":554,"commentCount":0,"publisher":{"@id":"https:\/\/dualar.com\/nl\/#organization"},"image":{"@id":"https:\/\/dualar.com\/nl\/2025\/02\/28\/syrische-koerden-ocalans-boodschap-heeft-niets-met-ons-te-maken\/#primaryimage"},"thumbnailUrl":"https:\/\/dualar.com\/nl\/wp-content\/uploads\/sites\/2\/2025\/02\/Syrische-Koerden-Ocalans-boodschap-heeft-niets-met-ons-te-maken.jpg","keywords":["boodschap","niets","\u00d6calan","Syrische Koerden","te maken"],"articleSection":["Mondiaal Moslim Nieuws"],"inLanguage":"nl-NL","potentialAction":[{"@type":"CommentAction","name":"Comment","target":["https:\/\/dualar.com\/nl\/2025\/02\/28\/syrische-koerden-ocalans-boodschap-heeft-niets-met-ons-te-maken\/#respond"]}]},{"@type":"WebPage","@id":"https:\/\/dualar.com\/nl\/2025\/02\/28\/syrische-koerden-ocalans-boodschap-heeft-niets-met-ons-te-maken\/","url":"https:\/\/dualar.com\/nl\/2025\/02\/28\/syrische-koerden-ocalans-boodschap-heeft-niets-met-ons-te-maken\/","name":"Syrische Koerden: '\u00d6calan's boodschap heeft niets met ons te maken' - Dualar.com\/nl","isPartOf":{"@id":"https:\/\/dualar.com\/nl\/#website"},"primaryImageOfPage":{"@id":"https:\/\/dualar.com\/nl\/2025\/02\/28\/syrische-koerden-ocalans-boodschap-heeft-niets-met-ons-te-maken\/#primaryimage"},"image":{"@id":"https:\/\/dualar.com\/nl\/2025\/02\/28\/syrische-koerden-ocalans-boodschap-heeft-niets-met-ons-te-maken\/#primaryimage"},"thumbnailUrl":"https:\/\/dualar.com\/nl\/wp-content\/uploads\/sites\/2\/2025\/02\/Syrische-Koerden-Ocalans-boodschap-heeft-niets-met-ons-te-maken.jpg","datePublished":"2025-02-28T20:00:22+00:00","dateModified":"2025-02-28T20:00:29+00:00","description":"\u00d6calan vraagt PKK om wapens neer te leggen, wat hoop biedt voor vrede en de toekomst van Koerden in Syri\u00eb, ondanks aanhoudende aanvallen.","breadcrumb":{"@id":"https:\/\/dualar.com\/nl\/2025\/02\/28\/syrische-koerden-ocalans-boodschap-heeft-niets-met-ons-te-maken\/#breadcrumb"},"inLanguage":"nl-NL","potentialAction":[{"@type":"ReadAction","target":["https:\/\/dualar.com\/nl\/2025\/02\/28\/syrische-koerden-ocalans-boodschap-heeft-niets-met-ons-te-maken\/"]}]},{"@type":"ImageObject","inLanguage":"nl-NL","@id":"https:\/\/dualar.com\/nl\/2025\/02\/28\/syrische-koerden-ocalans-boodschap-heeft-niets-met-ons-te-maken\/#primaryimage","url":"https:\/\/dualar.com\/nl\/wp-content\/uploads\/sites\/2\/2025\/02\/Syrische-Koerden-Ocalans-boodschap-heeft-niets-met-ons-te-maken.jpg","contentUrl":"https:\/\/dualar.com\/nl\/wp-content\/uploads\/sites\/2\/2025\/02\/Syrische-Koerden-Ocalans-boodschap-heeft-niets-met-ons-te-maken.jpg","width":1600,"height":900,"caption":"Syrische Koerden: '\u00d6calan's boodschap heeft niets met ons te maken'"},{"@type":"BreadcrumbList","@id":"https:\/\/dualar.com\/nl\/2025\/02\/28\/syrische-koerden-ocalans-boodschap-heeft-niets-met-ons-te-maken\/#breadcrumb","itemListElement":[{"@type":"ListItem","position":1,"name":"Home","item":"https:\/\/dualar.com\/nl\/"},{"@type":"ListItem","position":2,"name":"Syrische Koerden: &#8216;\u00d6calan&#8217;s boodschap heeft niets met ons te maken&#8217;"}]},{"@type":"WebSite","@id":"https:\/\/dualar.com\/nl\/#website","url":"https:\/\/dualar.com\/nl\/","name":"Dualar.com\/nl","description":"Gebeden die u op elk moment inspireren","publisher":{"@id":"https:\/\/dualar.com\/nl\/#organization"},"potentialAction":[{"@type":"SearchAction","target":{"@type":"EntryPoint","urlTemplate":"https:\/\/dualar.com\/nl\/?s={search_term_string}"},"query-input":{"@type":"PropertyValueSpecification","valueRequired":true,"valueName":"search_term_string"}}],"inLanguage":"nl-NL"},{"@type":"Organization","@id":"https:\/\/dualar.com\/nl\/#organization","name":"Dualar.com\/nl","url":"https:\/\/dualar.com\/nl\/","logo":{"@type":"ImageObject","inLanguage":"nl-NL","@id":"https:\/\/dualar.com\/nl\/#\/schema\/logo\/image\/","url":"https:\/\/dualar.com\/nl\/wp-content\/uploads\/sites\/2\/2024\/11\/Her-Aniniza-Ilham-Veren-Dualar-1.png","contentUrl":"https:\/\/dualar.com\/nl\/wp-content\/uploads\/sites\/2\/2024\/11\/Her-Aniniza-Ilham-Veren-Dualar-1.png","width":1000,"height":300,"caption":"Dualar.com\/nl"},"image":{"@id":"https:\/\/dualar.com\/nl\/#\/schema\/logo\/image\/"}},{"@type":"Person","@id":"https:\/\/dualar.com\/nl\/#\/schema\/person\/d920bfed24e7ef4d145c3664464931fd","name":"info@blueappleagency.nl","image":{"@type":"ImageObject","inLanguage":"nl-NL","@id":"https:\/\/dualar.com\/nl\/#\/schema\/person\/image\/","url":"https:\/\/secure.gravatar.com\/avatar\/4bcc94ad74be7f14c7e9a39e3f95a587?s=96&d=mm&r=g","contentUrl":"https:\/\/secure.gravatar.com\/avatar\/4bcc94ad74be7f14c7e9a39e3f95a587?s=96&d=mm&r=g","caption":"info@blueappleagency.nl"},"sameAs":["http:\/\/dualar.com"],"url":"#"}]}},"taxonomy_info":{"category":[{"value":2,"label":"Mondiaal Moslim Nieuws"}],"post_tag":[{"value":1700,"label":"boodschap"},{"value":1701,"label":"niets"},{"value":1672,"label":"\u00d6calan"},{"value":1699,"label":"Syrische Koerden"},{"value":1702,"label":"te maken"}]},"featured_image_src_large":["https:\/\/dualar.com\/nl\/wp-content\/uploads\/sites\/2\/2025\/02\/Syrische-Koerden-Ocalans-boodschap-heeft-niets-met-ons-te-maken-1024x576.jpg",1024,576,true],"author_info":{"display_name":"info@blueappleagency.nl","author_link":"#"},"comment_info":0,"category_info":[{"term_id":2,"name":"Mondiaal Moslim Nieuws","slug":"mondiaal-moslim-nieuws","term_group":0,"term_taxonomy_id":2,"taxonomy":"category","description":"","parent":0,"count":1312,"filter":"raw","cat_ID":2,"category_count":1312,"category_description":"","cat_name":"Mondiaal Moslim Nieuws","category_nicename":"mondiaal-moslim-nieuws","category_parent":0}],"tag_info":[{"term_id":1700,"name":"boodschap","slug":"boodschap","term_group":0,"term_taxonomy_id":1700,"taxonomy":"post_tag","description":"","parent":0,"count":3,"filter":"raw"},{"term_id":1701,"name":"niets","slug":"niets","term_group":0,"term_taxonomy_id":1701,"taxonomy":"post_tag","description":"","parent":0,"count":1,"filter":"raw"},{"term_id":1672,"name":"\u00d6calan","slug":"ocalan","term_group":0,"term_taxonomy_id":1672,"taxonomy":"post_tag","description":"","parent":0,"count":3,"filter":"raw"},{"term_id":1699,"name":"Syrische Koerden","slug":"syrische-koerden","term_group":0,"term_taxonomy_id":1699,"taxonomy":"post_tag","description":"","parent":0,"count":1,"filter":"raw"},{"term_id":1702,"name":"te maken","slug":"te-maken","term_group":0,"term_taxonomy_id":1702,"taxonomy":"post_tag","description":"","parent":0,"count":1,"filter":"raw"}],"_links":{"self":[{"href":"https:\/\/dualar.com\/nl\/wp-json\/wp\/v2\/posts\/2738","targetHints":{"allow":["GET"]}}],"collection":[{"href":"https:\/\/dualar.com\/nl\/wp-json\/wp\/v2\/posts"}],"about":[{"href":"https:\/\/dualar.com\/nl\/wp-json\/wp\/v2\/types\/post"}],"author":[{"embeddable":true,"href":"https:\/\/dualar.com\/nl\/wp-json\/wp\/v2\/users\/1"}],"replies":[{"embeddable":true,"href":"https:\/\/dualar.com\/nl\/wp-json\/wp\/v2\/comments?post=2738"}],"version-history":[{"count":1,"href":"https:\/\/dualar.com\/nl\/wp-json\/wp\/v2\/posts\/2738\/revisions"}],"predecessor-version":[{"id":2740,"href":"https:\/\/dualar.com\/nl\/wp-json\/wp\/v2\/posts\/2738\/revisions\/2740"}],"wp:featuredmedia":[{"embeddable":true,"href":"https:\/\/dualar.com\/nl\/wp-json\/wp\/v2\/media\/2739"}],"wp:attachment":[{"href":"https:\/\/dualar.com\/nl\/wp-json\/wp\/v2\/media?parent=2738"}],"wp:term":[{"taxonomy":"category","embeddable":true,"href":"https:\/\/dualar.com\/nl\/wp-json\/wp\/v2\/categories?post=2738"},{"taxonomy":"post_tag","embeddable":true,"href":"https:\/\/dualar.com\/nl\/wp-json\/wp\/v2\/tags?post=2738"}],"curies":[{"name":"wp","href":"https:\/\/api.w.org\/{rel}","templated":true}]}}