{"id":2753,"date":"2025-03-01T13:30:24","date_gmt":"2025-03-01T12:30:24","guid":{"rendered":"https:\/\/dualar.com\/nl\/2025\/03\/01\/hamas-wapenstilstand-in-gaza-zal-niet-worden-verlengd-in-de-eerste-fase\/"},"modified":"2025-03-01T13:30:31","modified_gmt":"2025-03-01T12:30:31","slug":"hamas-wapenstilstand-in-gaza-zal-niet-worden-verlengd-in-de-eerste-fase","status":"publish","type":"post","link":"https:\/\/dualar.com\/nl\/2025\/03\/01\/hamas-wapenstilstand-in-gaza-zal-niet-worden-verlengd-in-de-eerste-fase\/","title":{"rendered":"Hamas: Wapenstilstand in Gaza zal niet worden verlengd in de eerste fase"},"content":{"rendered":"<div>\n<h3>Hamas Plant Geen Verlenging van de Vuurwapenstilstand in Gaza<\/h3>\n<p>Hamas heeft verklaard geen intentie te hebben om de eerste fase van de vuurwapenstilstand in Gaza te verlengen. De einddatum van deze overeenkomst was vastgesteld op zaterdag. Hamas-woordvoerder Hazem Qassem benadrukte in een interview met Al Araby TV dat er geen gesprekken zijn geweest over de tweede fase van de vuurwapenstilstand. De tweede fase werd verwacht de definitieve be\u00ebindiging van de oorlog, de terugtrekking van Isra\u00ebl uit Gaza en de vrijlating van de overgebleven gijzelaars te waarborgen.<\/p>\n<p>Isra\u00eblische functionarissen hebben op donderdag in Ca\u00efro &#8220;intense discussies&#8221; gevoerd met bemiddelaars uit Qatar en de Verenigde Staten, maar deze gesprekken hebben nog geen positieve uitkomst opgeleverd. De vuurwapenstilstand, die op 19 januari begon, had de oorlog van meer dan 15 maanden van Isra\u00ebl in Gaza grotendeels tot stilstand gebracht.<\/p>\n<h3>Dringende Oproep van Guterres<\/h3>\n<p>VN-secretaris-generaal Antonio Guterres heeft vrijdag verklaard dat de vuurwapenstilstand in Gaza &#8220;moet voortduren.&#8221; Guterres zei: &#8220;De vuurwapenstilstand en de overeenkomst voor de vrijlating van gijzelaars moeten doorgaan. De komende dagen zijn cruciaal. De partijen mogen geen enkele inspanning sparen om deze overeenkomst niet te laten ontsporen.&#8221;<\/p>\n<p>Hamas heeft aangekondigd te weigeren over enig ander onderwerp te discussi\u00ebren dan de uitvoering van de tweede fase van de overeenkomst. Een hoge Hamas-functionaris verklaarde: &#8220;De tweede fase van de overeenkomst moet morgen, op zondag, beginnen.&#8221;<\/p>\n<h3>Isra\u00ebl\u2019s Tactische Doelen<\/h3>\n<p>Terwijl Hamas Isra\u00ebl beschuldigt van het schenden van de overeenkomst, verlangt de Isra\u00eblische regering ook dat Hamas de gijzelaars vrijlaat. De regering van premier Benjamin Netanyahu heeft verklaard altijd bereid te zijn de oorlog te hervatten als Hamas geen wapens neerlegt.<\/p>\n<p>Volgens rapporten in de Isra\u00eblische media is er geen terugtrekking gepland van de Philadelphi-corridor op zaterdag. Een anonieme bron verklaarde: &#8220;We zullen ons niet terugtrekken van de Philadelphi-route. We zullen de moordenaars van Hamas niet toestaan opnieuw rond onze grens te zwerven en zich opnieuw te bewapenen.&#8221;<\/p>\n<h3>Ramadan en Onzekerheid<\/h3>\n<p>Het einde van de vuurwapenstilstand viel slechts \u00e9\u00e9n dag na de start van de Ramadan in Gaza. Deze situatie heeft ervoor gezorgd dat de inwoners van de regio de islamitische heilige maand in onzekerheid doorbrengen. Volgens het Palestijnse ministerie van Volksgezondheid zijn er minstens 48.319 mensen omgekomen bij de Isra\u00eblische aanvallen op Gaza; de meeste slachtoffers zijn burgers.<\/p>\n<p>Tijdens de eerste fase van de vuurwapenstilstand werden meer dan 1.700 Palestijnse gevangenen vrijgelaten in ruil voor 25 levende Isra\u00eblische gijzelaars en acht overleden gijzelaars. Naar schatting bevinden zich 10.000 Palestijnse gevangenen in Isra\u00eblische handen, terwijl er 59 Isra\u00eblische gijzelaars in Gaza zijn.<\/p>\n<h3>Oproep tot Internationale Conferentie<\/h3>\n<p>Het Zwitserse Ministerie van Buitenlandse Zaken heeft aangekondigd op 7 maart een internationale conferentie te organiseren over de civiele situatie in de bezette Palestijnse gebieden. &#8220;Op 7 maart 2025 zal in Gen\u00e8ve de Conferentie van de Hoge Verdragsluitende Partijen van de Vierde Geneefse Conventie plaatsvinden,&#8221; aldus de verklaring.<\/p>\n<h3>Conclusie<\/h3>\n<p>De toekomst van de vuurwapenstilstands overeenkomst tussen Hamas en Isra\u00ebl blijft een kritisch onderwerp dat de stabiliteit in de regio zal be\u00efnvloeden. We nodigen onze lezers uit om hun gedachten over dit onderwerp te delen en relevante artikelen te lezen. Blijf de situatie in Gaza volgen en bezoek bronnen zoals de <a href=\"https:\/\/www.un.org\">Verenigde Naties<\/a> en de <a href=\"http:\/\/www.hamas.ps\">Offici\u00eble Website van Hamas<\/a> voor meer informatie.<\/p>\n<\/div>\n","protected":false},"excerpt":{"rendered":"<p>Hamas heeft aangegeven geen verlenging van de vuurwapenstilstand in Gaza te willen, die zaterdag eindigt. Woordvoerder Hazem Qassem benadrukte dat er geen gesprekken over een tweede fase zijn geweest. VN-secretaris-generaal Antonio Guterres dringt aan op voortzetting van de staak het vuren en de vrijlating van gijzelaars. Isra\u00ebl eist van Hamas dat het de gijzelaars vrijlaat, terwijl Hamas Isra\u00ebl beschuldigt van het schenden van de overeenkomst. De situatie in Gaza blijft onzeker, vooral met de start van de Ramadan. Op 7 maart 2025 wordt een internationale conferentie over de situatie in de Palestijnse gebieden georganiseerd.<\/p>\n","protected":false},"author":1,"featured_media":2754,"comment_status":"open","ping_status":"open","sticky":false,"template":"","format":"standard","meta":{"_kad_blocks_custom_css":"","_kad_blocks_head_custom_js":"","_kad_blocks_body_custom_js":"","_kad_blocks_footer_custom_js":"","_kadence_starter_templates_imported_post":false,"_kad_post_transparent":"","_kad_post_title":"","_kad_post_layout":"","_kad_post_sidebar_id":"","_kad_post_content_style":"","_kad_post_vertical_padding":"","_kad_post_feature":"","_kad_post_feature_position":"","_kad_post_header":false,"_kad_post_footer":false,"footnotes":""},"categories":[2],"tags":[1720,85,863,1719,390],"class_list":["post-2753","post","type-post","status-publish","format-standard","has-post-thumbnail","hentry","category-mondiaal-moslim-nieuws","tag-eerste-fase","tag-gaza","tag-hamas","tag-verlengd","tag-wapenstilstand"],"yoast_head":"<!-- This site is optimized with the Yoast SEO plugin v23.9 - https:\/\/yoast.com\/wordpress\/plugins\/seo\/ -->\n<title>Hamas: Wapenstilstand in Gaza zal niet worden verlengd in de eerste fase - Dualar.com\/nl<\/title>\n<meta name=\"description\" content=\"Hamas wil de vuurwapenstilstand in Gaza niet verlengen en er zijn geen gesprekken over de tweede fase. VN roept op tot voortzetting.\" \/>\n<meta name=\"robots\" content=\"index, follow, max-snippet:-1, max-image-preview:large, max-video-preview:-1\" \/>\n<link rel=\"canonical\" href=\"https:\/\/dualar.com\/nl\/2025\/03\/01\/hamas-wapenstilstand-in-gaza-zal-niet-worden-verlengd-in-de-eerste-fase\/\" \/>\n<meta property=\"og:locale\" content=\"nl_NL\" \/>\n<meta property=\"og:type\" content=\"article\" \/>\n<meta property=\"og:title\" content=\"Hamas: Wapenstilstand in Gaza zal niet worden verlengd in de eerste fase - Dualar.com\/nl\" \/>\n<meta property=\"og:description\" content=\"Hamas wil de vuurwapenstilstand in Gaza niet verlengen en er zijn geen gesprekken over de tweede fase. VN roept op tot voortzetting.\" \/>\n<meta property=\"og:url\" content=\"https:\/\/dualar.com\/nl\/2025\/03\/01\/hamas-wapenstilstand-in-gaza-zal-niet-worden-verlengd-in-de-eerste-fase\/\" \/>\n<meta property=\"og:site_name\" content=\"Dualar.com\/nl\" \/>\n<meta property=\"article:published_time\" content=\"2025-03-01T12:30:24+00:00\" \/>\n<meta property=\"article:modified_time\" content=\"2025-03-01T12:30:31+00:00\" \/>\n<meta property=\"og:image\" content=\"https:\/\/dualar.com\/nl\/wp-content\/uploads\/sites\/2\/2025\/03\/Hamas-Wapenstilstand-in-Gaza-zal-niet-worden-verlengd-in-de.jpg\" \/>\n\t<meta property=\"og:image:width\" content=\"1024\" \/>\n\t<meta property=\"og:image:height\" content=\"576\" \/>\n\t<meta property=\"og:image:type\" content=\"image\/jpeg\" \/>\n<meta name=\"author\" content=\"info@blueappleagency.nl\" \/>\n<meta name=\"twitter:card\" content=\"summary_large_image\" \/>\n<meta name=\"twitter:label1\" content=\"Geschreven door\" \/>\n\t<meta name=\"twitter:data1\" content=\"info@blueappleagency.nl\" \/>\n\t<meta name=\"twitter:label2\" content=\"Geschatte leestijd\" \/>\n\t<meta name=\"twitter:data2\" content=\"3 minuten\" \/>\n<script type=\"application\/ld+json\" class=\"yoast-schema-graph\">{\"@context\":\"https:\/\/schema.org\",\"@graph\":[{\"@type\":\"Article\",\"@id\":\"https:\/\/dualar.com\/nl\/2025\/03\/01\/hamas-wapenstilstand-in-gaza-zal-niet-worden-verlengd-in-de-eerste-fase\/#article\",\"isPartOf\":{\"@id\":\"https:\/\/dualar.com\/nl\/2025\/03\/01\/hamas-wapenstilstand-in-gaza-zal-niet-worden-verlengd-in-de-eerste-fase\/\"},\"author\":{\"name\":\"info@blueappleagency.nl\",\"@id\":\"https:\/\/dualar.com\/nl\/#\/schema\/person\/d920bfed24e7ef4d145c3664464931fd\"},\"headline\":\"Hamas: Wapenstilstand in Gaza zal niet worden verlengd in de eerste fase\",\"datePublished\":\"2025-03-01T12:30:24+00:00\",\"dateModified\":\"2025-03-01T12:30:31+00:00\",\"mainEntityOfPage\":{\"@id\":\"https:\/\/dualar.com\/nl\/2025\/03\/01\/hamas-wapenstilstand-in-gaza-zal-niet-worden-verlengd-in-de-eerste-fase\/\"},\"wordCount\":553,\"commentCount\":0,\"publisher\":{\"@id\":\"https:\/\/dualar.com\/nl\/#organization\"},\"image\":{\"@id\":\"https:\/\/dualar.com\/nl\/2025\/03\/01\/hamas-wapenstilstand-in-gaza-zal-niet-worden-verlengd-in-de-eerste-fase\/#primaryimage\"},\"thumbnailUrl\":\"https:\/\/dualar.com\/nl\/wp-content\/uploads\/sites\/2\/2025\/03\/Hamas-Wapenstilstand-in-Gaza-zal-niet-worden-verlengd-in-de.jpg\",\"keywords\":[\"eerste fase\",\"Gaza\",\"Hamas\",\"verlengd\",\"Wapenstilstand\"],\"articleSection\":[\"Mondiaal Moslim Nieuws\"],\"inLanguage\":\"nl-NL\",\"potentialAction\":[{\"@type\":\"CommentAction\",\"name\":\"Comment\",\"target\":[\"https:\/\/dualar.com\/nl\/2025\/03\/01\/hamas-wapenstilstand-in-gaza-zal-niet-worden-verlengd-in-de-eerste-fase\/#respond\"]}]},{\"@type\":\"WebPage\",\"@id\":\"https:\/\/dualar.com\/nl\/2025\/03\/01\/hamas-wapenstilstand-in-gaza-zal-niet-worden-verlengd-in-de-eerste-fase\/\",\"url\":\"https:\/\/dualar.com\/nl\/2025\/03\/01\/hamas-wapenstilstand-in-gaza-zal-niet-worden-verlengd-in-de-eerste-fase\/\",\"name\":\"Hamas: Wapenstilstand in Gaza zal niet worden verlengd in de eerste fase - Dualar.com\/nl\",\"isPartOf\":{\"@id\":\"https:\/\/dualar.com\/nl\/#website\"},\"primaryImageOfPage\":{\"@id\":\"https:\/\/dualar.com\/nl\/2025\/03\/01\/hamas-wapenstilstand-in-gaza-zal-niet-worden-verlengd-in-de-eerste-fase\/#primaryimage\"},\"image\":{\"@id\":\"https:\/\/dualar.com\/nl\/2025\/03\/01\/hamas-wapenstilstand-in-gaza-zal-niet-worden-verlengd-in-de-eerste-fase\/#primaryimage\"},\"thumbnailUrl\":\"https:\/\/dualar.com\/nl\/wp-content\/uploads\/sites\/2\/2025\/03\/Hamas-Wapenstilstand-in-Gaza-zal-niet-worden-verlengd-in-de.jpg\",\"datePublished\":\"2025-03-01T12:30:24+00:00\",\"dateModified\":\"2025-03-01T12:30:31+00:00\",\"description\":\"Hamas wil de vuurwapenstilstand in Gaza niet verlengen en er zijn geen gesprekken over de tweede fase. VN roept op tot voortzetting.\",\"breadcrumb\":{\"@id\":\"https:\/\/dualar.com\/nl\/2025\/03\/01\/hamas-wapenstilstand-in-gaza-zal-niet-worden-verlengd-in-de-eerste-fase\/#breadcrumb\"},\"inLanguage\":\"nl-NL\",\"potentialAction\":[{\"@type\":\"ReadAction\",\"target\":[\"https:\/\/dualar.com\/nl\/2025\/03\/01\/hamas-wapenstilstand-in-gaza-zal-niet-worden-verlengd-in-de-eerste-fase\/\"]}]},{\"@type\":\"ImageObject\",\"inLanguage\":\"nl-NL\",\"@id\":\"https:\/\/dualar.com\/nl\/2025\/03\/01\/hamas-wapenstilstand-in-gaza-zal-niet-worden-verlengd-in-de-eerste-fase\/#primaryimage\",\"url\":\"https:\/\/dualar.com\/nl\/wp-content\/uploads\/sites\/2\/2025\/03\/Hamas-Wapenstilstand-in-Gaza-zal-niet-worden-verlengd-in-de.jpg\",\"contentUrl\":\"https:\/\/dualar.com\/nl\/wp-content\/uploads\/sites\/2\/2025\/03\/Hamas-Wapenstilstand-in-Gaza-zal-niet-worden-verlengd-in-de.jpg\",\"width\":1024,\"height\":576,\"caption\":\"Hamas: Wapenstilstand in Gaza zal niet worden verlengd in de eerste fase\"},{\"@type\":\"BreadcrumbList\",\"@id\":\"https:\/\/dualar.com\/nl\/2025\/03\/01\/hamas-wapenstilstand-in-gaza-zal-niet-worden-verlengd-in-de-eerste-fase\/#breadcrumb\",\"itemListElement\":[{\"@type\":\"ListItem\",\"position\":1,\"name\":\"Home\",\"item\":\"https:\/\/dualar.com\/nl\/\"},{\"@type\":\"ListItem\",\"position\":2,\"name\":\"Hamas: Wapenstilstand in Gaza zal niet worden verlengd in de eerste fase\"}]},{\"@type\":\"WebSite\",\"@id\":\"https:\/\/dualar.com\/nl\/#website\",\"url\":\"https:\/\/dualar.com\/nl\/\",\"name\":\"Dualar.com\/nl\",\"description\":\"Gebeden die u op elk moment inspireren\",\"publisher\":{\"@id\":\"https:\/\/dualar.com\/nl\/#organization\"},\"potentialAction\":[{\"@type\":\"SearchAction\",\"target\":{\"@type\":\"EntryPoint\",\"urlTemplate\":\"https:\/\/dualar.com\/nl\/?s={search_term_string}\"},\"query-input\":{\"@type\":\"PropertyValueSpecification\",\"valueRequired\":true,\"valueName\":\"search_term_string\"}}],\"inLanguage\":\"nl-NL\"},{\"@type\":\"Organization\",\"@id\":\"https:\/\/dualar.com\/nl\/#organization\",\"name\":\"Dualar.com\/nl\",\"url\":\"https:\/\/dualar.com\/nl\/\",\"logo\":{\"@type\":\"ImageObject\",\"inLanguage\":\"nl-NL\",\"@id\":\"https:\/\/dualar.com\/nl\/#\/schema\/logo\/image\/\",\"url\":\"https:\/\/dualar.com\/nl\/wp-content\/uploads\/sites\/2\/2024\/11\/Her-Aniniza-Ilham-Veren-Dualar-1.png\",\"contentUrl\":\"https:\/\/dualar.com\/nl\/wp-content\/uploads\/sites\/2\/2024\/11\/Her-Aniniza-Ilham-Veren-Dualar-1.png\",\"width\":1000,\"height\":300,\"caption\":\"Dualar.com\/nl\"},\"image\":{\"@id\":\"https:\/\/dualar.com\/nl\/#\/schema\/logo\/image\/\"}},{\"@type\":\"Person\",\"@id\":\"https:\/\/dualar.com\/nl\/#\/schema\/person\/d920bfed24e7ef4d145c3664464931fd\",\"name\":\"info@blueappleagency.nl\",\"image\":{\"@type\":\"ImageObject\",\"inLanguage\":\"nl-NL\",\"@id\":\"https:\/\/dualar.com\/nl\/#\/schema\/person\/image\/\",\"url\":\"https:\/\/secure.gravatar.com\/avatar\/4bcc94ad74be7f14c7e9a39e3f95a587?s=96&d=mm&r=g\",\"contentUrl\":\"https:\/\/secure.gravatar.com\/avatar\/4bcc94ad74be7f14c7e9a39e3f95a587?s=96&d=mm&r=g\",\"caption\":\"info@blueappleagency.nl\"},\"sameAs\":[\"http:\/\/dualar.com\"],\"url\":\"#\"}]}<\/script>\n<!-- \/ Yoast SEO plugin. -->","yoast_head_json":{"title":"Hamas: Wapenstilstand in Gaza zal niet worden verlengd in de eerste fase - Dualar.com\/nl","description":"Hamas wil de vuurwapenstilstand in Gaza niet verlengen en er zijn geen gesprekken over de tweede fase. VN roept op tot voortzetting.","robots":{"index":"index","follow":"follow","max-snippet":"max-snippet:-1","max-image-preview":"max-image-preview:large","max-video-preview":"max-video-preview:-1"},"canonical":"https:\/\/dualar.com\/nl\/2025\/03\/01\/hamas-wapenstilstand-in-gaza-zal-niet-worden-verlengd-in-de-eerste-fase\/","og_locale":"nl_NL","og_type":"article","og_title":"Hamas: Wapenstilstand in Gaza zal niet worden verlengd in de eerste fase - Dualar.com\/nl","og_description":"Hamas wil de vuurwapenstilstand in Gaza niet verlengen en er zijn geen gesprekken over de tweede fase. VN roept op tot voortzetting.","og_url":"https:\/\/dualar.com\/nl\/2025\/03\/01\/hamas-wapenstilstand-in-gaza-zal-niet-worden-verlengd-in-de-eerste-fase\/","og_site_name":"Dualar.com\/nl","article_published_time":"2025-03-01T12:30:24+00:00","article_modified_time":"2025-03-01T12:30:31+00:00","og_image":[{"width":1024,"height":576,"url":"https:\/\/dualar.com\/nl\/wp-content\/uploads\/sites\/2\/2025\/03\/Hamas-Wapenstilstand-in-Gaza-zal-niet-worden-verlengd-in-de.jpg","type":"image\/jpeg"}],"author":"info@blueappleagency.nl","twitter_card":"summary_large_image","twitter_misc":{"Geschreven door":"info@blueappleagency.nl","Geschatte leestijd":"3 minuten"},"schema":{"@context":"https:\/\/schema.org","@graph":[{"@type":"Article","@id":"https:\/\/dualar.com\/nl\/2025\/03\/01\/hamas-wapenstilstand-in-gaza-zal-niet-worden-verlengd-in-de-eerste-fase\/#article","isPartOf":{"@id":"https:\/\/dualar.com\/nl\/2025\/03\/01\/hamas-wapenstilstand-in-gaza-zal-niet-worden-verlengd-in-de-eerste-fase\/"},"author":{"name":"info@blueappleagency.nl","@id":"https:\/\/dualar.com\/nl\/#\/schema\/person\/d920bfed24e7ef4d145c3664464931fd"},"headline":"Hamas: Wapenstilstand in Gaza zal niet worden verlengd in de eerste fase","datePublished":"2025-03-01T12:30:24+00:00","dateModified":"2025-03-01T12:30:31+00:00","mainEntityOfPage":{"@id":"https:\/\/dualar.com\/nl\/2025\/03\/01\/hamas-wapenstilstand-in-gaza-zal-niet-worden-verlengd-in-de-eerste-fase\/"},"wordCount":553,"commentCount":0,"publisher":{"@id":"https:\/\/dualar.com\/nl\/#organization"},"image":{"@id":"https:\/\/dualar.com\/nl\/2025\/03\/01\/hamas-wapenstilstand-in-gaza-zal-niet-worden-verlengd-in-de-eerste-fase\/#primaryimage"},"thumbnailUrl":"https:\/\/dualar.com\/nl\/wp-content\/uploads\/sites\/2\/2025\/03\/Hamas-Wapenstilstand-in-Gaza-zal-niet-worden-verlengd-in-de.jpg","keywords":["eerste fase","Gaza","Hamas","verlengd","Wapenstilstand"],"articleSection":["Mondiaal Moslim Nieuws"],"inLanguage":"nl-NL","potentialAction":[{"@type":"CommentAction","name":"Comment","target":["https:\/\/dualar.com\/nl\/2025\/03\/01\/hamas-wapenstilstand-in-gaza-zal-niet-worden-verlengd-in-de-eerste-fase\/#respond"]}]},{"@type":"WebPage","@id":"https:\/\/dualar.com\/nl\/2025\/03\/01\/hamas-wapenstilstand-in-gaza-zal-niet-worden-verlengd-in-de-eerste-fase\/","url":"https:\/\/dualar.com\/nl\/2025\/03\/01\/hamas-wapenstilstand-in-gaza-zal-niet-worden-verlengd-in-de-eerste-fase\/","name":"Hamas: Wapenstilstand in Gaza zal niet worden verlengd in de eerste fase - Dualar.com\/nl","isPartOf":{"@id":"https:\/\/dualar.com\/nl\/#website"},"primaryImageOfPage":{"@id":"https:\/\/dualar.com\/nl\/2025\/03\/01\/hamas-wapenstilstand-in-gaza-zal-niet-worden-verlengd-in-de-eerste-fase\/#primaryimage"},"image":{"@id":"https:\/\/dualar.com\/nl\/2025\/03\/01\/hamas-wapenstilstand-in-gaza-zal-niet-worden-verlengd-in-de-eerste-fase\/#primaryimage"},"thumbnailUrl":"https:\/\/dualar.com\/nl\/wp-content\/uploads\/sites\/2\/2025\/03\/Hamas-Wapenstilstand-in-Gaza-zal-niet-worden-verlengd-in-de.jpg","datePublished":"2025-03-01T12:30:24+00:00","dateModified":"2025-03-01T12:30:31+00:00","description":"Hamas wil de vuurwapenstilstand in Gaza niet verlengen en er zijn geen gesprekken over de tweede fase. VN roept op tot voortzetting.","breadcrumb":{"@id":"https:\/\/dualar.com\/nl\/2025\/03\/01\/hamas-wapenstilstand-in-gaza-zal-niet-worden-verlengd-in-de-eerste-fase\/#breadcrumb"},"inLanguage":"nl-NL","potentialAction":[{"@type":"ReadAction","target":["https:\/\/dualar.com\/nl\/2025\/03\/01\/hamas-wapenstilstand-in-gaza-zal-niet-worden-verlengd-in-de-eerste-fase\/"]}]},{"@type":"ImageObject","inLanguage":"nl-NL","@id":"https:\/\/dualar.com\/nl\/2025\/03\/01\/hamas-wapenstilstand-in-gaza-zal-niet-worden-verlengd-in-de-eerste-fase\/#primaryimage","url":"https:\/\/dualar.com\/nl\/wp-content\/uploads\/sites\/2\/2025\/03\/Hamas-Wapenstilstand-in-Gaza-zal-niet-worden-verlengd-in-de.jpg","contentUrl":"https:\/\/dualar.com\/nl\/wp-content\/uploads\/sites\/2\/2025\/03\/Hamas-Wapenstilstand-in-Gaza-zal-niet-worden-verlengd-in-de.jpg","width":1024,"height":576,"caption":"Hamas: Wapenstilstand in Gaza zal niet worden verlengd in de eerste fase"},{"@type":"BreadcrumbList","@id":"https:\/\/dualar.com\/nl\/2025\/03\/01\/hamas-wapenstilstand-in-gaza-zal-niet-worden-verlengd-in-de-eerste-fase\/#breadcrumb","itemListElement":[{"@type":"ListItem","position":1,"name":"Home","item":"https:\/\/dualar.com\/nl\/"},{"@type":"ListItem","position":2,"name":"Hamas: Wapenstilstand in Gaza zal niet worden verlengd in de eerste fase"}]},{"@type":"WebSite","@id":"https:\/\/dualar.com\/nl\/#website","url":"https:\/\/dualar.com\/nl\/","name":"Dualar.com\/nl","description":"Gebeden die u op elk moment inspireren","publisher":{"@id":"https:\/\/dualar.com\/nl\/#organization"},"potentialAction":[{"@type":"SearchAction","target":{"@type":"EntryPoint","urlTemplate":"https:\/\/dualar.com\/nl\/?s={search_term_string}"},"query-input":{"@type":"PropertyValueSpecification","valueRequired":true,"valueName":"search_term_string"}}],"inLanguage":"nl-NL"},{"@type":"Organization","@id":"https:\/\/dualar.com\/nl\/#organization","name":"Dualar.com\/nl","url":"https:\/\/dualar.com\/nl\/","logo":{"@type":"ImageObject","inLanguage":"nl-NL","@id":"https:\/\/dualar.com\/nl\/#\/schema\/logo\/image\/","url":"https:\/\/dualar.com\/nl\/wp-content\/uploads\/sites\/2\/2024\/11\/Her-Aniniza-Ilham-Veren-Dualar-1.png","contentUrl":"https:\/\/dualar.com\/nl\/wp-content\/uploads\/sites\/2\/2024\/11\/Her-Aniniza-Ilham-Veren-Dualar-1.png","width":1000,"height":300,"caption":"Dualar.com\/nl"},"image":{"@id":"https:\/\/dualar.com\/nl\/#\/schema\/logo\/image\/"}},{"@type":"Person","@id":"https:\/\/dualar.com\/nl\/#\/schema\/person\/d920bfed24e7ef4d145c3664464931fd","name":"info@blueappleagency.nl","image":{"@type":"ImageObject","inLanguage":"nl-NL","@id":"https:\/\/dualar.com\/nl\/#\/schema\/person\/image\/","url":"https:\/\/secure.gravatar.com\/avatar\/4bcc94ad74be7f14c7e9a39e3f95a587?s=96&d=mm&r=g","contentUrl":"https:\/\/secure.gravatar.com\/avatar\/4bcc94ad74be7f14c7e9a39e3f95a587?s=96&d=mm&r=g","caption":"info@blueappleagency.nl"},"sameAs":["http:\/\/dualar.com"],"url":"#"}]}},"taxonomy_info":{"category":[{"value":2,"label":"Mondiaal Moslim Nieuws"}],"post_tag":[{"value":1720,"label":"eerste fase"},{"value":85,"label":"Gaza"},{"value":863,"label":"Hamas"},{"value":1719,"label":"verlengd"},{"value":390,"label":"Wapenstilstand"}]},"featured_image_src_large":["https:\/\/dualar.com\/nl\/wp-content\/uploads\/sites\/2\/2025\/03\/Hamas-Wapenstilstand-in-Gaza-zal-niet-worden-verlengd-in-de.jpg",1024,576,false],"author_info":{"display_name":"info@blueappleagency.nl","author_link":"#"},"comment_info":0,"category_info":[{"term_id":2,"name":"Mondiaal Moslim Nieuws","slug":"mondiaal-moslim-nieuws","term_group":0,"term_taxonomy_id":2,"taxonomy":"category","description":"","parent":0,"count":1312,"filter":"raw","cat_ID":2,"category_count":1312,"category_description":"","cat_name":"Mondiaal Moslim Nieuws","category_nicename":"mondiaal-moslim-nieuws","category_parent":0}],"tag_info":[{"term_id":1720,"name":"eerste fase","slug":"eerste-fase","term_group":0,"term_taxonomy_id":1720,"taxonomy":"post_tag","description":"","parent":0,"count":1,"filter":"raw"},{"term_id":85,"name":"Gaza","slug":"gaza","term_group":0,"term_taxonomy_id":85,"taxonomy":"post_tag","description":"","parent":0,"count":191,"filter":"raw"},{"term_id":863,"name":"Hamas","slug":"hamas","term_group":0,"term_taxonomy_id":863,"taxonomy":"post_tag","description":"","parent":0,"count":31,"filter":"raw"},{"term_id":1719,"name":"verlengd","slug":"verlengd","term_group":0,"term_taxonomy_id":1719,"taxonomy":"post_tag","description":"","parent":0,"count":1,"filter":"raw"},{"term_id":390,"name":"Wapenstilstand","slug":"wapenstilstand","term_group":0,"term_taxonomy_id":390,"taxonomy":"post_tag","description":"","parent":0,"count":23,"filter":"raw"}],"_links":{"self":[{"href":"https:\/\/dualar.com\/nl\/wp-json\/wp\/v2\/posts\/2753","targetHints":{"allow":["GET"]}}],"collection":[{"href":"https:\/\/dualar.com\/nl\/wp-json\/wp\/v2\/posts"}],"about":[{"href":"https:\/\/dualar.com\/nl\/wp-json\/wp\/v2\/types\/post"}],"author":[{"embeddable":true,"href":"https:\/\/dualar.com\/nl\/wp-json\/wp\/v2\/users\/1"}],"replies":[{"embeddable":true,"href":"https:\/\/dualar.com\/nl\/wp-json\/wp\/v2\/comments?post=2753"}],"version-history":[{"count":1,"href":"https:\/\/dualar.com\/nl\/wp-json\/wp\/v2\/posts\/2753\/revisions"}],"predecessor-version":[{"id":2755,"href":"https:\/\/dualar.com\/nl\/wp-json\/wp\/v2\/posts\/2753\/revisions\/2755"}],"wp:featuredmedia":[{"embeddable":true,"href":"https:\/\/dualar.com\/nl\/wp-json\/wp\/v2\/media\/2754"}],"wp:attachment":[{"href":"https:\/\/dualar.com\/nl\/wp-json\/wp\/v2\/media?parent=2753"}],"wp:term":[{"taxonomy":"category","embeddable":true,"href":"https:\/\/dualar.com\/nl\/wp-json\/wp\/v2\/categories?post=2753"},{"taxonomy":"post_tag","embeddable":true,"href":"https:\/\/dualar.com\/nl\/wp-json\/wp\/v2\/tags?post=2753"}],"curies":[{"name":"wp","href":"https:\/\/api.w.org\/{rel}","templated":true}]}}