{"id":2785,"date":"2025-03-04T18:27:37","date_gmt":"2025-03-04T17:27:37","guid":{"rendered":"https:\/\/dualar.com\/nl\/2025\/03\/04\/jaramana-het-voorstad-van-damascus-dat-het-doel-van-israel-is\/"},"modified":"2025-03-04T18:27:49","modified_gmt":"2025-03-04T17:27:49","slug":"jaramana-het-voorstad-van-damascus-dat-het-doel-van-israel-is","status":"publish","type":"post","link":"https:\/\/dualar.com\/nl\/2025\/03\/04\/jaramana-het-voorstad-van-damascus-dat-het-doel-van-israel-is\/","title":{"rendered":"Jaramana: Het Voorstad van Damascus dat het Doel van Isra\u00ebl is"},"content":{"rendered":"<div>\n<p><strong>Isra\u00ebl&#8217;s Dreigingen Tegen Jaramana: De Druzen Gemeenschap en Veranderingen in Syri\u00eb<\/strong><\/p>\n<p>In de afgelopen drie maanden heeft de Isra\u00eblische regering gereageerd op de regeringsverandering in Syri\u00eb met dreigingen, luchtaanvallen en grondinvasies. Afgelopen weekend richtte premier Benjamin Netanyahu zich op een verrassend doelwit: Jaramana.<\/p>\n<p>Netanyahu gaf, samen met minister van Defensie Israel Katz, zijn leger de instructie om &#8220;voorbereid te zijn om de Druzen gemeenschap te beschermen&#8221; in deze buitenwijk, gelegen in het zuidoosten van Damascus, waar een grote Druzenbevolking woont. &#8220;We zullen de extremistische islamitische regering in Syri\u00eb niet toestaan om de Druzen schade toe te brengen. Als het regime de Druzen schade aandoet, zullen wij ook reageren,&#8221; zei Katz.<\/p>\n<p><strong>De Diversiteit en Geschiedenis van de Druzen Gemeenschap<\/strong><\/p>\n<p>De Druzen gemeenschap is een etno-religieuze minderheid in Libanon, Syri\u00eb en Isra\u00ebl, en de Druzen in Isra\u00ebl staan bekend om hun loyaliteit aan de staat en hoge deelname aan het leger, terwijl de Druzen in Libanon en Syri\u00eb historisch gezien Arabisch nationalisme hebben omarmd en vaak linkse politieke standpunten ondersteunen. Dit heeft soms geleid tot directe conflicten met Isra\u00ebl.<\/p>\n<p>Makram Obeid, lid van het 16-koppige Burgeractiecomit\u00e9 van Jaramana, zei: &#8220;De aanval is onaanvaardbaar&#8221;, en meldde dat de identiteit van de aanvaller is vastgesteld en wordt opgevolgd. Obeid merkte echter op dat het probleem &#8220;groter is geworden dan de onenigheid van \u00e9\u00e9n persoon.&#8221; De inwoners van Jaramana veroordeelden de Isra\u00eblische dreigingen en gaven aan dat deze situatie &#8220;helaas leidt tot beschuldigingen en hoge spanningen tegen ons.&#8221;<\/p>\n<p><strong>De Bevolking en Sociale Structuur van Jaramana<\/strong><\/p>\n<p>Jaramana is een zeer diverse stad. Aanvankelijk, met een meerderheid van Druzen, hebben in de afgelopen jaren veel christenen zich hier gevestigd. Na de door de VS geleide invasie in 2003 zijn ook christelijke en moslimvluchtelingen uit Irak hier komen wonen. Tijdens de Syrische burgeroorlog zijn veel Syri\u00ebrs uit overwegend soennitische buurlanden naar deze stad gevlucht.<\/p>\n<p>Obeid zei: &#8220;Hier wonen 1,5 miljoen mensen. Het aantal Druzen is ongeveer 150.000. Ja, deze secte is leidend in de regio, maar we steunen elkaar met de christenen, soennieten of andere gemeenschappen,&#8221; zei hij. Jaramana staat bekend om zijn relatief acceptabele omgeving voor sociale en religieuze verschillen.<\/p>\n<p><strong>Politieke Ontwikkelingen en Veiligheidskwesties<\/strong><\/p>\n<p>Netanyahu&#8217;s verklaringen hebben de aandacht op Jaramana gevestigd. De inwoners van Jaramana verwierpen de Isra\u00eblische acties tegen Syri\u00eb en gingen de straat op om Netanyahu&#8217;s oproep tot ontwapening van het zuiden te veroordelen.<\/p>\n<p>Na de val van de regering van Assad werd Jaramana geconfronteerd met veiligheidsproblemen in de regio. Elias Habib, een lokale Grieks-Orthodoxe priester, zei: &#8220;Sinds de val van het oude regime zijn er diefstallen in Jaramana begonnen.&#8221; Een crisiscel bestaande uit jongeren heeft echter samengewerkt met lokale gemeenschappen om de veiligheid te waarborgen en de situatie onder controle te krijgen.<\/p>\n<p><strong>Conclusie en Toekomstige Hoop<\/strong><\/p>\n<p>De inwoners van Jaramana maken zich zorgen dat de aandacht van Isra\u00ebl negatief kan worden ge\u00efnterpreteerd door andere Syri\u00ebrs. Obeid zei: &#8220;Deze situatie heeft helaas geleid tot beschuldigingen en hoge spanningen tegen ons.&#8221; Het volk van Jaramana verklaarde dat ze de opsplitsing van Syri\u00eb nooit zullen accepteren en dat ze hopen dat de nieuwe regering haar instellingen en grondwet correct zal vormen.<\/p>\n<p>Obeid zei: &#8220;Deze stad is loyaal aan de natie en we verwerpen elk plan voor de opsplitsing van Syri\u00eb. Hiervoor zijn we bereid te sterven.&#8221;<\/p>\n<p><strong>Deel uw gedachten<\/strong><\/p>\n<p>Wat denkt u over de ontwikkelingen in Jaramana? Deel uw mening met ons of bezoek onze site om andere artikelen over dit onderwerp te lezen.<\/p>\n<\/div>\n","protected":false},"excerpt":{"rendered":"<p>Isra\u00ebl heeft de afgelopen maanden gereageerd op de regeringsverandering in Syri\u00eb met dreigingen en aanvallen, gericht op Jaramana, waar een grote Druzenbevolking woont. Premier Netanyahu en minister Katz hebben beloofd de Druzen te beschermen tegen de Syrische regering. Jaramana, met 1,5 miljoen inwoners en een diverse bevolking, heeft een geschiedenis van sociale acceptatie. De inwoners verzetten zich tegen Isra\u00eblische acties en vrezen voor negatieve gevolgen. Ondanks de veiligheidsproblemen sinds de val van het Assad-regime, heeft een lokale crisiscel samengewerkt om de situatie te verbeteren. Jaramana blijft loyaal aan Syri\u00eb en verwerpt opsplitsing.<\/p>\n","protected":false},"author":1,"featured_media":2786,"comment_status":"open","ping_status":"open","sticky":false,"template":"","format":"standard","meta":{"_kad_blocks_custom_css":"","_kad_blocks_head_custom_js":"","_kad_blocks_body_custom_js":"","_kad_blocks_footer_custom_js":"","_kadence_starter_templates_imported_post":false,"_kad_post_transparent":"","_kad_post_title":"","_kad_post_layout":"","_kad_post_sidebar_id":"","_kad_post_content_style":"","_kad_post_vertical_padding":"","_kad_post_feature":"","_kad_post_feature_position":"","_kad_post_header":false,"_kad_post_footer":false,"footnotes":""},"categories":[2],"tags":[1743,1744,38,1741,1742],"class_list":["post-2785","post","type-post","status-publish","format-standard","has-post-thumbnail","hentry","category-mondiaal-moslim-nieuws","tag-damascus","tag-doel","tag-israel","tag-jaramana","tag-voorstad"],"yoast_head":"<!-- This site is optimized with the Yoast SEO plugin v23.9 - https:\/\/yoast.com\/wordpress\/plugins\/seo\/ -->\n<title>Jaramana: Het Voorstad van Damascus dat het Doel van Isra\u00ebl is - Dualar.com\/nl<\/title>\n<meta name=\"description\" content=\"Isra\u00ebl bedreigt Jaramana en de Druzen gemeenschap in Syri\u00eb; inwoners vrezen spanningen en verwerpen opsplitsing van het land.\" \/>\n<meta name=\"robots\" content=\"index, follow, max-snippet:-1, max-image-preview:large, max-video-preview:-1\" \/>\n<link rel=\"canonical\" href=\"https:\/\/dualar.com\/nl\/2025\/03\/04\/jaramana-het-voorstad-van-damascus-dat-het-doel-van-israel-is\/\" \/>\n<meta property=\"og:locale\" content=\"nl_NL\" \/>\n<meta property=\"og:type\" content=\"article\" \/>\n<meta property=\"og:title\" content=\"Jaramana: Het Voorstad van Damascus dat het Doel van Isra\u00ebl is - Dualar.com\/nl\" \/>\n<meta property=\"og:description\" content=\"Isra\u00ebl bedreigt Jaramana en de Druzen gemeenschap in Syri\u00eb; inwoners vrezen spanningen en verwerpen opsplitsing van het land.\" \/>\n<meta property=\"og:url\" content=\"https:\/\/dualar.com\/nl\/2025\/03\/04\/jaramana-het-voorstad-van-damascus-dat-het-doel-van-israel-is\/\" \/>\n<meta property=\"og:site_name\" content=\"Dualar.com\/nl\" \/>\n<meta property=\"article:published_time\" content=\"2025-03-04T17:27:37+00:00\" \/>\n<meta property=\"article:modified_time\" content=\"2025-03-04T17:27:49+00:00\" \/>\n<meta property=\"og:image\" content=\"https:\/\/dualar.com\/nl\/wp-content\/uploads\/sites\/2\/2025\/03\/Jaramana-Het-Voorstad-van-Damascus-dat-het-Doel-van-Israel.jpg\" \/>\n\t<meta property=\"og:image:width\" content=\"1460\" \/>\n\t<meta property=\"og:image:height\" content=\"821\" \/>\n\t<meta property=\"og:image:type\" content=\"image\/jpeg\" \/>\n<meta name=\"author\" content=\"info@blueappleagency.nl\" \/>\n<meta name=\"twitter:card\" content=\"summary_large_image\" \/>\n<meta name=\"twitter:label1\" content=\"Geschreven door\" \/>\n\t<meta name=\"twitter:data1\" content=\"info@blueappleagency.nl\" \/>\n\t<meta name=\"twitter:label2\" content=\"Geschatte leestijd\" \/>\n\t<meta name=\"twitter:data2\" content=\"3 minuten\" \/>\n<script type=\"application\/ld+json\" class=\"yoast-schema-graph\">{\"@context\":\"https:\/\/schema.org\",\"@graph\":[{\"@type\":\"Article\",\"@id\":\"https:\/\/dualar.com\/nl\/2025\/03\/04\/jaramana-het-voorstad-van-damascus-dat-het-doel-van-israel-is\/#article\",\"isPartOf\":{\"@id\":\"https:\/\/dualar.com\/nl\/2025\/03\/04\/jaramana-het-voorstad-van-damascus-dat-het-doel-van-israel-is\/\"},\"author\":{\"name\":\"info@blueappleagency.nl\",\"@id\":\"https:\/\/dualar.com\/nl\/#\/schema\/person\/d920bfed24e7ef4d145c3664464931fd\"},\"headline\":\"Jaramana: Het Voorstad van Damascus dat het Doel van Isra\u00ebl is\",\"datePublished\":\"2025-03-04T17:27:37+00:00\",\"dateModified\":\"2025-03-04T17:27:49+00:00\",\"mainEntityOfPage\":{\"@id\":\"https:\/\/dualar.com\/nl\/2025\/03\/04\/jaramana-het-voorstad-van-damascus-dat-het-doel-van-israel-is\/\"},\"wordCount\":591,\"commentCount\":0,\"publisher\":{\"@id\":\"https:\/\/dualar.com\/nl\/#organization\"},\"image\":{\"@id\":\"https:\/\/dualar.com\/nl\/2025\/03\/04\/jaramana-het-voorstad-van-damascus-dat-het-doel-van-israel-is\/#primaryimage\"},\"thumbnailUrl\":\"https:\/\/dualar.com\/nl\/wp-content\/uploads\/sites\/2\/2025\/03\/Jaramana-Het-Voorstad-van-Damascus-dat-het-Doel-van-Israel.jpg\",\"keywords\":[\"Damascus\",\"Doel\",\"Isra\u00ebl\",\"Jaramana\",\"Voorstad\"],\"articleSection\":[\"Mondiaal Moslim Nieuws\"],\"inLanguage\":\"nl-NL\",\"potentialAction\":[{\"@type\":\"CommentAction\",\"name\":\"Comment\",\"target\":[\"https:\/\/dualar.com\/nl\/2025\/03\/04\/jaramana-het-voorstad-van-damascus-dat-het-doel-van-israel-is\/#respond\"]}]},{\"@type\":\"WebPage\",\"@id\":\"https:\/\/dualar.com\/nl\/2025\/03\/04\/jaramana-het-voorstad-van-damascus-dat-het-doel-van-israel-is\/\",\"url\":\"https:\/\/dualar.com\/nl\/2025\/03\/04\/jaramana-het-voorstad-van-damascus-dat-het-doel-van-israel-is\/\",\"name\":\"Jaramana: Het Voorstad van Damascus dat het Doel van Isra\u00ebl is - Dualar.com\/nl\",\"isPartOf\":{\"@id\":\"https:\/\/dualar.com\/nl\/#website\"},\"primaryImageOfPage\":{\"@id\":\"https:\/\/dualar.com\/nl\/2025\/03\/04\/jaramana-het-voorstad-van-damascus-dat-het-doel-van-israel-is\/#primaryimage\"},\"image\":{\"@id\":\"https:\/\/dualar.com\/nl\/2025\/03\/04\/jaramana-het-voorstad-van-damascus-dat-het-doel-van-israel-is\/#primaryimage\"},\"thumbnailUrl\":\"https:\/\/dualar.com\/nl\/wp-content\/uploads\/sites\/2\/2025\/03\/Jaramana-Het-Voorstad-van-Damascus-dat-het-Doel-van-Israel.jpg\",\"datePublished\":\"2025-03-04T17:27:37+00:00\",\"dateModified\":\"2025-03-04T17:27:49+00:00\",\"description\":\"Isra\u00ebl bedreigt Jaramana en de Druzen gemeenschap in Syri\u00eb; inwoners vrezen spanningen en verwerpen opsplitsing van het land.\",\"breadcrumb\":{\"@id\":\"https:\/\/dualar.com\/nl\/2025\/03\/04\/jaramana-het-voorstad-van-damascus-dat-het-doel-van-israel-is\/#breadcrumb\"},\"inLanguage\":\"nl-NL\",\"potentialAction\":[{\"@type\":\"ReadAction\",\"target\":[\"https:\/\/dualar.com\/nl\/2025\/03\/04\/jaramana-het-voorstad-van-damascus-dat-het-doel-van-israel-is\/\"]}]},{\"@type\":\"ImageObject\",\"inLanguage\":\"nl-NL\",\"@id\":\"https:\/\/dualar.com\/nl\/2025\/03\/04\/jaramana-het-voorstad-van-damascus-dat-het-doel-van-israel-is\/#primaryimage\",\"url\":\"https:\/\/dualar.com\/nl\/wp-content\/uploads\/sites\/2\/2025\/03\/Jaramana-Het-Voorstad-van-Damascus-dat-het-Doel-van-Israel.jpg\",\"contentUrl\":\"https:\/\/dualar.com\/nl\/wp-content\/uploads\/sites\/2\/2025\/03\/Jaramana-Het-Voorstad-van-Damascus-dat-het-Doel-van-Israel.jpg\",\"width\":1460,\"height\":821,\"caption\":\"Jaramana: Het Voorstad van Damascus dat het Doel van Isra\u00ebl is\"},{\"@type\":\"BreadcrumbList\",\"@id\":\"https:\/\/dualar.com\/nl\/2025\/03\/04\/jaramana-het-voorstad-van-damascus-dat-het-doel-van-israel-is\/#breadcrumb\",\"itemListElement\":[{\"@type\":\"ListItem\",\"position\":1,\"name\":\"Home\",\"item\":\"https:\/\/dualar.com\/nl\/\"},{\"@type\":\"ListItem\",\"position\":2,\"name\":\"Jaramana: Het Voorstad van Damascus dat het Doel van Isra\u00ebl is\"}]},{\"@type\":\"WebSite\",\"@id\":\"https:\/\/dualar.com\/nl\/#website\",\"url\":\"https:\/\/dualar.com\/nl\/\",\"name\":\"Dualar.com\/nl\",\"description\":\"Gebeden die u op elk moment inspireren\",\"publisher\":{\"@id\":\"https:\/\/dualar.com\/nl\/#organization\"},\"potentialAction\":[{\"@type\":\"SearchAction\",\"target\":{\"@type\":\"EntryPoint\",\"urlTemplate\":\"https:\/\/dualar.com\/nl\/?s={search_term_string}\"},\"query-input\":{\"@type\":\"PropertyValueSpecification\",\"valueRequired\":true,\"valueName\":\"search_term_string\"}}],\"inLanguage\":\"nl-NL\"},{\"@type\":\"Organization\",\"@id\":\"https:\/\/dualar.com\/nl\/#organization\",\"name\":\"Dualar.com\/nl\",\"url\":\"https:\/\/dualar.com\/nl\/\",\"logo\":{\"@type\":\"ImageObject\",\"inLanguage\":\"nl-NL\",\"@id\":\"https:\/\/dualar.com\/nl\/#\/schema\/logo\/image\/\",\"url\":\"https:\/\/dualar.com\/nl\/wp-content\/uploads\/sites\/2\/2024\/11\/Her-Aniniza-Ilham-Veren-Dualar-1.png\",\"contentUrl\":\"https:\/\/dualar.com\/nl\/wp-content\/uploads\/sites\/2\/2024\/11\/Her-Aniniza-Ilham-Veren-Dualar-1.png\",\"width\":1000,\"height\":300,\"caption\":\"Dualar.com\/nl\"},\"image\":{\"@id\":\"https:\/\/dualar.com\/nl\/#\/schema\/logo\/image\/\"}},{\"@type\":\"Person\",\"@id\":\"https:\/\/dualar.com\/nl\/#\/schema\/person\/d920bfed24e7ef4d145c3664464931fd\",\"name\":\"info@blueappleagency.nl\",\"image\":{\"@type\":\"ImageObject\",\"inLanguage\":\"nl-NL\",\"@id\":\"https:\/\/dualar.com\/nl\/#\/schema\/person\/image\/\",\"url\":\"https:\/\/secure.gravatar.com\/avatar\/4bcc94ad74be7f14c7e9a39e3f95a587?s=96&d=mm&r=g\",\"contentUrl\":\"https:\/\/secure.gravatar.com\/avatar\/4bcc94ad74be7f14c7e9a39e3f95a587?s=96&d=mm&r=g\",\"caption\":\"info@blueappleagency.nl\"},\"sameAs\":[\"http:\/\/dualar.com\"],\"url\":\"#\"}]}<\/script>\n<!-- \/ Yoast SEO plugin. -->","yoast_head_json":{"title":"Jaramana: Het Voorstad van Damascus dat het Doel van Isra\u00ebl is - Dualar.com\/nl","description":"Isra\u00ebl bedreigt Jaramana en de Druzen gemeenschap in Syri\u00eb; inwoners vrezen spanningen en verwerpen opsplitsing van het land.","robots":{"index":"index","follow":"follow","max-snippet":"max-snippet:-1","max-image-preview":"max-image-preview:large","max-video-preview":"max-video-preview:-1"},"canonical":"https:\/\/dualar.com\/nl\/2025\/03\/04\/jaramana-het-voorstad-van-damascus-dat-het-doel-van-israel-is\/","og_locale":"nl_NL","og_type":"article","og_title":"Jaramana: Het Voorstad van Damascus dat het Doel van Isra\u00ebl is - Dualar.com\/nl","og_description":"Isra\u00ebl bedreigt Jaramana en de Druzen gemeenschap in Syri\u00eb; inwoners vrezen spanningen en verwerpen opsplitsing van het land.","og_url":"https:\/\/dualar.com\/nl\/2025\/03\/04\/jaramana-het-voorstad-van-damascus-dat-het-doel-van-israel-is\/","og_site_name":"Dualar.com\/nl","article_published_time":"2025-03-04T17:27:37+00:00","article_modified_time":"2025-03-04T17:27:49+00:00","og_image":[{"width":1460,"height":821,"url":"https:\/\/dualar.com\/nl\/wp-content\/uploads\/sites\/2\/2025\/03\/Jaramana-Het-Voorstad-van-Damascus-dat-het-Doel-van-Israel.jpg","type":"image\/jpeg"}],"author":"info@blueappleagency.nl","twitter_card":"summary_large_image","twitter_misc":{"Geschreven door":"info@blueappleagency.nl","Geschatte leestijd":"3 minuten"},"schema":{"@context":"https:\/\/schema.org","@graph":[{"@type":"Article","@id":"https:\/\/dualar.com\/nl\/2025\/03\/04\/jaramana-het-voorstad-van-damascus-dat-het-doel-van-israel-is\/#article","isPartOf":{"@id":"https:\/\/dualar.com\/nl\/2025\/03\/04\/jaramana-het-voorstad-van-damascus-dat-het-doel-van-israel-is\/"},"author":{"name":"info@blueappleagency.nl","@id":"https:\/\/dualar.com\/nl\/#\/schema\/person\/d920bfed24e7ef4d145c3664464931fd"},"headline":"Jaramana: Het Voorstad van Damascus dat het Doel van Isra\u00ebl is","datePublished":"2025-03-04T17:27:37+00:00","dateModified":"2025-03-04T17:27:49+00:00","mainEntityOfPage":{"@id":"https:\/\/dualar.com\/nl\/2025\/03\/04\/jaramana-het-voorstad-van-damascus-dat-het-doel-van-israel-is\/"},"wordCount":591,"commentCount":0,"publisher":{"@id":"https:\/\/dualar.com\/nl\/#organization"},"image":{"@id":"https:\/\/dualar.com\/nl\/2025\/03\/04\/jaramana-het-voorstad-van-damascus-dat-het-doel-van-israel-is\/#primaryimage"},"thumbnailUrl":"https:\/\/dualar.com\/nl\/wp-content\/uploads\/sites\/2\/2025\/03\/Jaramana-Het-Voorstad-van-Damascus-dat-het-Doel-van-Israel.jpg","keywords":["Damascus","Doel","Isra\u00ebl","Jaramana","Voorstad"],"articleSection":["Mondiaal Moslim Nieuws"],"inLanguage":"nl-NL","potentialAction":[{"@type":"CommentAction","name":"Comment","target":["https:\/\/dualar.com\/nl\/2025\/03\/04\/jaramana-het-voorstad-van-damascus-dat-het-doel-van-israel-is\/#respond"]}]},{"@type":"WebPage","@id":"https:\/\/dualar.com\/nl\/2025\/03\/04\/jaramana-het-voorstad-van-damascus-dat-het-doel-van-israel-is\/","url":"https:\/\/dualar.com\/nl\/2025\/03\/04\/jaramana-het-voorstad-van-damascus-dat-het-doel-van-israel-is\/","name":"Jaramana: Het Voorstad van Damascus dat het Doel van Isra\u00ebl is - Dualar.com\/nl","isPartOf":{"@id":"https:\/\/dualar.com\/nl\/#website"},"primaryImageOfPage":{"@id":"https:\/\/dualar.com\/nl\/2025\/03\/04\/jaramana-het-voorstad-van-damascus-dat-het-doel-van-israel-is\/#primaryimage"},"image":{"@id":"https:\/\/dualar.com\/nl\/2025\/03\/04\/jaramana-het-voorstad-van-damascus-dat-het-doel-van-israel-is\/#primaryimage"},"thumbnailUrl":"https:\/\/dualar.com\/nl\/wp-content\/uploads\/sites\/2\/2025\/03\/Jaramana-Het-Voorstad-van-Damascus-dat-het-Doel-van-Israel.jpg","datePublished":"2025-03-04T17:27:37+00:00","dateModified":"2025-03-04T17:27:49+00:00","description":"Isra\u00ebl bedreigt Jaramana en de Druzen gemeenschap in Syri\u00eb; inwoners vrezen spanningen en verwerpen opsplitsing van het land.","breadcrumb":{"@id":"https:\/\/dualar.com\/nl\/2025\/03\/04\/jaramana-het-voorstad-van-damascus-dat-het-doel-van-israel-is\/#breadcrumb"},"inLanguage":"nl-NL","potentialAction":[{"@type":"ReadAction","target":["https:\/\/dualar.com\/nl\/2025\/03\/04\/jaramana-het-voorstad-van-damascus-dat-het-doel-van-israel-is\/"]}]},{"@type":"ImageObject","inLanguage":"nl-NL","@id":"https:\/\/dualar.com\/nl\/2025\/03\/04\/jaramana-het-voorstad-van-damascus-dat-het-doel-van-israel-is\/#primaryimage","url":"https:\/\/dualar.com\/nl\/wp-content\/uploads\/sites\/2\/2025\/03\/Jaramana-Het-Voorstad-van-Damascus-dat-het-Doel-van-Israel.jpg","contentUrl":"https:\/\/dualar.com\/nl\/wp-content\/uploads\/sites\/2\/2025\/03\/Jaramana-Het-Voorstad-van-Damascus-dat-het-Doel-van-Israel.jpg","width":1460,"height":821,"caption":"Jaramana: Het Voorstad van Damascus dat het Doel van Isra\u00ebl is"},{"@type":"BreadcrumbList","@id":"https:\/\/dualar.com\/nl\/2025\/03\/04\/jaramana-het-voorstad-van-damascus-dat-het-doel-van-israel-is\/#breadcrumb","itemListElement":[{"@type":"ListItem","position":1,"name":"Home","item":"https:\/\/dualar.com\/nl\/"},{"@type":"ListItem","position":2,"name":"Jaramana: Het Voorstad van Damascus dat het Doel van Isra\u00ebl is"}]},{"@type":"WebSite","@id":"https:\/\/dualar.com\/nl\/#website","url":"https:\/\/dualar.com\/nl\/","name":"Dualar.com\/nl","description":"Gebeden die u op elk moment inspireren","publisher":{"@id":"https:\/\/dualar.com\/nl\/#organization"},"potentialAction":[{"@type":"SearchAction","target":{"@type":"EntryPoint","urlTemplate":"https:\/\/dualar.com\/nl\/?s={search_term_string}"},"query-input":{"@type":"PropertyValueSpecification","valueRequired":true,"valueName":"search_term_string"}}],"inLanguage":"nl-NL"},{"@type":"Organization","@id":"https:\/\/dualar.com\/nl\/#organization","name":"Dualar.com\/nl","url":"https:\/\/dualar.com\/nl\/","logo":{"@type":"ImageObject","inLanguage":"nl-NL","@id":"https:\/\/dualar.com\/nl\/#\/schema\/logo\/image\/","url":"https:\/\/dualar.com\/nl\/wp-content\/uploads\/sites\/2\/2024\/11\/Her-Aniniza-Ilham-Veren-Dualar-1.png","contentUrl":"https:\/\/dualar.com\/nl\/wp-content\/uploads\/sites\/2\/2024\/11\/Her-Aniniza-Ilham-Veren-Dualar-1.png","width":1000,"height":300,"caption":"Dualar.com\/nl"},"image":{"@id":"https:\/\/dualar.com\/nl\/#\/schema\/logo\/image\/"}},{"@type":"Person","@id":"https:\/\/dualar.com\/nl\/#\/schema\/person\/d920bfed24e7ef4d145c3664464931fd","name":"info@blueappleagency.nl","image":{"@type":"ImageObject","inLanguage":"nl-NL","@id":"https:\/\/dualar.com\/nl\/#\/schema\/person\/image\/","url":"https:\/\/secure.gravatar.com\/avatar\/4bcc94ad74be7f14c7e9a39e3f95a587?s=96&d=mm&r=g","contentUrl":"https:\/\/secure.gravatar.com\/avatar\/4bcc94ad74be7f14c7e9a39e3f95a587?s=96&d=mm&r=g","caption":"info@blueappleagency.nl"},"sameAs":["http:\/\/dualar.com"],"url":"#"}]}},"taxonomy_info":{"category":[{"value":2,"label":"Mondiaal Moslim Nieuws"}],"post_tag":[{"value":1743,"label":"Damascus"},{"value":1744,"label":"Doel"},{"value":38,"label":"Isra\u00ebl"},{"value":1741,"label":"Jaramana"},{"value":1742,"label":"Voorstad"}]},"featured_image_src_large":["https:\/\/dualar.com\/nl\/wp-content\/uploads\/sites\/2\/2025\/03\/Jaramana-Het-Voorstad-van-Damascus-dat-het-Doel-van-Israel-1024x576.jpg",1024,576,true],"author_info":{"display_name":"info@blueappleagency.nl","author_link":"#"},"comment_info":0,"category_info":[{"term_id":2,"name":"Mondiaal Moslim Nieuws","slug":"mondiaal-moslim-nieuws","term_group":0,"term_taxonomy_id":2,"taxonomy":"category","description":"","parent":0,"count":1312,"filter":"raw","cat_ID":2,"category_count":1312,"category_description":"","cat_name":"Mondiaal Moslim Nieuws","category_nicename":"mondiaal-moslim-nieuws","category_parent":0}],"tag_info":[{"term_id":1743,"name":"Damascus","slug":"damascus","term_group":0,"term_taxonomy_id":1743,"taxonomy":"post_tag","description":"","parent":0,"count":5,"filter":"raw"},{"term_id":1744,"name":"Doel","slug":"doel","term_group":0,"term_taxonomy_id":1744,"taxonomy":"post_tag","description":"","parent":0,"count":1,"filter":"raw"},{"term_id":38,"name":"Isra\u00ebl","slug":"israel","term_group":0,"term_taxonomy_id":38,"taxonomy":"post_tag","description":"","parent":0,"count":230,"filter":"raw"},{"term_id":1741,"name":"Jaramana","slug":"jaramana","term_group":0,"term_taxonomy_id":1741,"taxonomy":"post_tag","description":"","parent":0,"count":1,"filter":"raw"},{"term_id":1742,"name":"Voorstad","slug":"voorstad","term_group":0,"term_taxonomy_id":1742,"taxonomy":"post_tag","description":"","parent":0,"count":1,"filter":"raw"}],"_links":{"self":[{"href":"https:\/\/dualar.com\/nl\/wp-json\/wp\/v2\/posts\/2785","targetHints":{"allow":["GET"]}}],"collection":[{"href":"https:\/\/dualar.com\/nl\/wp-json\/wp\/v2\/posts"}],"about":[{"href":"https:\/\/dualar.com\/nl\/wp-json\/wp\/v2\/types\/post"}],"author":[{"embeddable":true,"href":"https:\/\/dualar.com\/nl\/wp-json\/wp\/v2\/users\/1"}],"replies":[{"embeddable":true,"href":"https:\/\/dualar.com\/nl\/wp-json\/wp\/v2\/comments?post=2785"}],"version-history":[{"count":1,"href":"https:\/\/dualar.com\/nl\/wp-json\/wp\/v2\/posts\/2785\/revisions"}],"predecessor-version":[{"id":2787,"href":"https:\/\/dualar.com\/nl\/wp-json\/wp\/v2\/posts\/2785\/revisions\/2787"}],"wp:featuredmedia":[{"embeddable":true,"href":"https:\/\/dualar.com\/nl\/wp-json\/wp\/v2\/media\/2786"}],"wp:attachment":[{"href":"https:\/\/dualar.com\/nl\/wp-json\/wp\/v2\/media?parent=2785"}],"wp:term":[{"taxonomy":"category","embeddable":true,"href":"https:\/\/dualar.com\/nl\/wp-json\/wp\/v2\/categories?post=2785"},{"taxonomy":"post_tag","embeddable":true,"href":"https:\/\/dualar.com\/nl\/wp-json\/wp\/v2\/tags?post=2785"}],"curies":[{"name":"wp","href":"https:\/\/api.w.org\/{rel}","templated":true}]}}