{"id":3459,"date":"2025-04-15T17:24:37","date_gmt":"2025-04-15T16:24:37","guid":{"rendered":"https:\/\/dualar.com\/nl\/2025\/04\/15\/voorzitter-van-de-britse-moslimvereniging-zal-worden-ondervraagd-vanwege-de-palestijnse-protesten\/"},"modified":"2025-04-15T17:24:47","modified_gmt":"2025-04-15T16:24:47","slug":"voorzitter-van-de-britse-moslimvereniging-zal-worden-ondervraagd-vanwege-de-palestijnse-protesten","status":"publish","type":"post","link":"https:\/\/dualar.com\/nl\/2025\/04\/15\/voorzitter-van-de-britse-moslimvereniging-zal-worden-ondervraagd-vanwege-de-palestijnse-protesten\/","title":{"rendered":"Voorzitter van de Britse Moslimvereniging zal worden ondervraagd vanwege de Palestijnse protesten"},"content":{"rendered":"<div>\n<p><strong>Nieuwe Ontwikkelingen over de Palestijnse Solidariteitsprotesten in Engeland<\/strong><\/p>\n<p>De Metropolitan Politie heeft een van de hoofdorganisatoren van de Palestijnse solidariteitsprotesten in het Verenigd Koninkrijk opgeroepen vanwege vermeende openbare orde-overtredingen tijdens een demonstratie eerder dit jaar. Deze situatie heeft opnieuw zorgen doen rijzen over de beperking van het recht op protest.<\/p>\n<p><strong>Discussies over het Recht op Protest en Vrijheid van Meningsuiting<\/strong><\/p>\n<pVolgens de Metropolitan Politie is Altikriti een van de vele personen die zijn opgeroepen in verband met beschuldigingen van openbare orde. Onder de andere namen bevinden zich vertegenwoordigers van de Stop the War-coalitie, Lindsey German, Alex Kenny en Andrew Murray, evenals Ismail Patel, voorzitter van Vrienden van Al-Aqsa. Altikriti beschreef de aanstaande politiegesprekken als \"een daad van intimidatie\" en verklaarde dat het bedoeld was om \"degenen die hun stem willen verheffen tegen deze genocide moeilijkheden te bezorgen.\" \"We hebben het recht om te protesteren en het is belangrijk om onze vrijheid om te mobiliseren te verdedigen,\" zei hij.<\/p>\n<p><strong>Kritiek op het Protestbeheer door de Politie<\/strong><\/p>\n<pTijdens de protest op januari verbood de politie dat demonstranten zich verzamelden voor het BBC Broadcast House. Dit was vanwege hun nabijheid tot de synagoge. De hoofdinspecteur van de demonstratie, Chris Nineham, werd gearresteerd voor het overtreden van de Public Order Act. Ben Jamal, directeur van de in het Verenigd Koninkrijk gevestigde Palestijnse Solidariteitscampagne, werd ook aangehouden. Beiden hebben de beschuldigingen van het overtreden van de Public Order Act ontkend.<\/p>\n<p>Een woordvoerder van de Metropolitan Politie verklaarde dat het niet mogelijk was de identiteit van de personen onder onderzoek te bevestigen. &#8220;In het kader van ons lopende onderzoek naar de overtredingen van de Public Order Act op 18 januari, hebben we nog eens acht personen uitgenodigd om hun verklaring af te leggen op het politiebureau,&#8221; zei hij.<\/p>\n<p><strong>Eisen tot Transparantie van de Protestpolitie<\/strong><\/p>\n<pNa de protesten hebben meer dan 50 parlementsleden en leden van het Hogerhuis de regering opgeroepen om een onderzoek te starten naar het politiebeheer tijdens de protesten in januari. Ze uitten \"diepe bezorgdheid\" over de vooraf door de politie opgelegde barri\u00e8res en zeiden \"geschokt\" te zijn door de verklaringen van Metropolitan Politiecommissaris Mark Rowley over de \"ongekende beperkingen\" op de protesten.<\/p>\n<p>Onder de ondertekenaars bevinden zich Labour-parlementari\u00ebrs Diane Abbott, Clive Lewis en Ian Lavery; Groene Partij-parlementari\u00ebrs Sian Berry en Carla Denyer; en onafhankelijke parlementari\u00ebrs Zarah Sultana, Shockat Adam, Ayoub Khan, Adnan Hussain en Imran Hussain. De vice-leider van de Groene Partij, Zack Polanski, noemde het politiebeheer tijdens de demonstratie &#8220;een chaos&#8221; en voegde eraan toe dat het &#8220;besmeurd was met beschuldigingen dat we met duizenden de politiebarri\u00e8res gewelddadig hebben doorbroken.&#8221;<\/p>\n<p><strong>Concluderend<\/strong><\/p>\n<p>Deze gebeurtenissen leiden tot serieuze discussies over het recht op protest en de vrijheid van meningsuiting. We nodigen onze lezers uit om hun gedachten over deze onderwerpen te delen of gerelateerde artikelen te lezen. Voor meer informatie kunt u betrouwbare bronnen zoals <a href=\"https:\/\/www.middleeasteye.net\">MEE<\/a> en <a href=\"https:\/\/www.bbc.com\">BBC<\/a> bezoeken.<\/p>\n<\/div>\n","protected":false},"excerpt":{"rendered":"<p>De Metropolitan Politie heeft een van de hoofdorganisatoren van de Palestijnse solidariteitsprotesten in het VK opgeroepen wegens vermeende openbare orde-overtredingen tijdens een eerdere demonstratie. Deze ontwikkeling roept zorgen op over de beperkingen van het recht op protest en de vrijheid van meningsuiting. De situatie benadrukt de spanningen rond demonstraties en de reactie van de autoriteiten op burgerlijke vrijheden.<\/p>\n","protected":false},"author":1,"featured_media":3460,"comment_status":"open","ping_status":"open","sticky":false,"template":"","format":"standard","meta":{"_kad_blocks_custom_css":"","_kad_blocks_head_custom_js":"","_kad_blocks_body_custom_js":"","_kad_blocks_footer_custom_js":"","_kadence_starter_templates_imported_post":false,"_kad_post_transparent":"","_kad_post_title":"","_kad_post_layout":"","_kad_post_sidebar_id":"","_kad_post_content_style":"","_kad_post_vertical_padding":"","_kad_post_feature":"","_kad_post_feature_position":"","_kad_post_header":false,"_kad_post_footer":false,"footnotes":""},"categories":[2],"tags":[2283,2284,1049,1553],"class_list":["post-3459","post","type-post","status-publish","format-standard","has-post-thumbnail","hentry","category-mondiaal-moslim-nieuws","tag-britse-moslimvereniging","tag-ondervraging","tag-palestijnse-protesten","tag-voorzitter"],"yoast_head":"<!-- This site is optimized with the Yoast SEO plugin v23.9 - https:\/\/yoast.com\/wordpress\/plugins\/seo\/ -->\n<title>Voorzitter van de Britse Moslimvereniging zal worden ondervraagd vanwege de Palestijnse protesten - Dualar.com\/nl<\/title>\n<meta name=\"description\" content=\"De Metropolitan Politie roept een hoofdorganisator van Palestijnse protesten op wegens openbare orde-overtredingen, wat zorgen over protestrechten oproept.\" \/>\n<meta name=\"robots\" content=\"index, follow, max-snippet:-1, max-image-preview:large, max-video-preview:-1\" \/>\n<link rel=\"canonical\" href=\"https:\/\/dualar.com\/nl\/2025\/04\/15\/voorzitter-van-de-britse-moslimvereniging-zal-worden-ondervraagd-vanwege-de-palestijnse-protesten\/\" \/>\n<meta property=\"og:locale\" content=\"nl_NL\" \/>\n<meta property=\"og:type\" content=\"article\" \/>\n<meta property=\"og:title\" content=\"Voorzitter van de Britse Moslimvereniging zal worden ondervraagd vanwege de Palestijnse protesten - Dualar.com\/nl\" \/>\n<meta property=\"og:description\" content=\"De Metropolitan Politie roept een hoofdorganisator van Palestijnse protesten op wegens openbare orde-overtredingen, wat zorgen over protestrechten oproept.\" \/>\n<meta property=\"og:url\" content=\"https:\/\/dualar.com\/nl\/2025\/04\/15\/voorzitter-van-de-britse-moslimvereniging-zal-worden-ondervraagd-vanwege-de-palestijnse-protesten\/\" \/>\n<meta property=\"og:site_name\" content=\"Dualar.com\/nl\" \/>\n<meta property=\"article:published_time\" content=\"2025-04-15T16:24:37+00:00\" \/>\n<meta property=\"article:modified_time\" content=\"2025-04-15T16:24:47+00:00\" \/>\n<meta property=\"og:image\" content=\"https:\/\/dualar.com\/nl\/wp-content\/uploads\/sites\/2\/2025\/04\/Voorzitter-van-de-Britse-Moslimvereniging-zal-worden-ondervraagd-vanwege-de.jpeg\" \/>\n\t<meta property=\"og:image:width\" content=\"871\" \/>\n\t<meta property=\"og:image:height\" content=\"497\" \/>\n\t<meta property=\"og:image:type\" content=\"image\/jpeg\" \/>\n<meta name=\"author\" content=\"info@blueappleagency.nl\" \/>\n<meta name=\"twitter:card\" content=\"summary_large_image\" \/>\n<meta name=\"twitter:label1\" content=\"Geschreven door\" \/>\n\t<meta name=\"twitter:data1\" content=\"info@blueappleagency.nl\" \/>\n<script type=\"application\/ld+json\" class=\"yoast-schema-graph\">{\"@context\":\"https:\/\/schema.org\",\"@graph\":[{\"@type\":\"Article\",\"@id\":\"https:\/\/dualar.com\/nl\/2025\/04\/15\/voorzitter-van-de-britse-moslimvereniging-zal-worden-ondervraagd-vanwege-de-palestijnse-protesten\/#article\",\"isPartOf\":{\"@id\":\"https:\/\/dualar.com\/nl\/2025\/04\/15\/voorzitter-van-de-britse-moslimvereniging-zal-worden-ondervraagd-vanwege-de-palestijnse-protesten\/\"},\"author\":{\"name\":\"info@blueappleagency.nl\",\"@id\":\"https:\/\/dualar.com\/nl\/#\/schema\/person\/d920bfed24e7ef4d145c3664464931fd\"},\"headline\":\"Voorzitter van de Britse Moslimvereniging zal worden ondervraagd vanwege de Palestijnse protesten\",\"datePublished\":\"2025-04-15T16:24:37+00:00\",\"dateModified\":\"2025-04-15T16:24:47+00:00\",\"mainEntityOfPage\":{\"@id\":\"https:\/\/dualar.com\/nl\/2025\/04\/15\/voorzitter-van-de-britse-moslimvereniging-zal-worden-ondervraagd-vanwege-de-palestijnse-protesten\/\"},\"wordCount\":72,\"commentCount\":0,\"publisher\":{\"@id\":\"https:\/\/dualar.com\/nl\/#organization\"},\"image\":{\"@id\":\"https:\/\/dualar.com\/nl\/2025\/04\/15\/voorzitter-van-de-britse-moslimvereniging-zal-worden-ondervraagd-vanwege-de-palestijnse-protesten\/#primaryimage\"},\"thumbnailUrl\":\"https:\/\/dualar.com\/nl\/wp-content\/uploads\/sites\/2\/2025\/04\/Voorzitter-van-de-Britse-Moslimvereniging-zal-worden-ondervraagd-vanwege-de.jpeg\",\"keywords\":[\"Britse Moslimvereniging\",\"ondervraging\",\"Palestijnse protesten\",\"Voorzitter\"],\"articleSection\":[\"Mondiaal Moslim Nieuws\"],\"inLanguage\":\"nl-NL\",\"potentialAction\":[{\"@type\":\"CommentAction\",\"name\":\"Comment\",\"target\":[\"https:\/\/dualar.com\/nl\/2025\/04\/15\/voorzitter-van-de-britse-moslimvereniging-zal-worden-ondervraagd-vanwege-de-palestijnse-protesten\/#respond\"]}]},{\"@type\":\"WebPage\",\"@id\":\"https:\/\/dualar.com\/nl\/2025\/04\/15\/voorzitter-van-de-britse-moslimvereniging-zal-worden-ondervraagd-vanwege-de-palestijnse-protesten\/\",\"url\":\"https:\/\/dualar.com\/nl\/2025\/04\/15\/voorzitter-van-de-britse-moslimvereniging-zal-worden-ondervraagd-vanwege-de-palestijnse-protesten\/\",\"name\":\"Voorzitter van de Britse Moslimvereniging zal worden ondervraagd vanwege de Palestijnse protesten - Dualar.com\/nl\",\"isPartOf\":{\"@id\":\"https:\/\/dualar.com\/nl\/#website\"},\"primaryImageOfPage\":{\"@id\":\"https:\/\/dualar.com\/nl\/2025\/04\/15\/voorzitter-van-de-britse-moslimvereniging-zal-worden-ondervraagd-vanwege-de-palestijnse-protesten\/#primaryimage\"},\"image\":{\"@id\":\"https:\/\/dualar.com\/nl\/2025\/04\/15\/voorzitter-van-de-britse-moslimvereniging-zal-worden-ondervraagd-vanwege-de-palestijnse-protesten\/#primaryimage\"},\"thumbnailUrl\":\"https:\/\/dualar.com\/nl\/wp-content\/uploads\/sites\/2\/2025\/04\/Voorzitter-van-de-Britse-Moslimvereniging-zal-worden-ondervraagd-vanwege-de.jpeg\",\"datePublished\":\"2025-04-15T16:24:37+00:00\",\"dateModified\":\"2025-04-15T16:24:47+00:00\",\"description\":\"De Metropolitan Politie roept een hoofdorganisator van Palestijnse protesten op wegens openbare orde-overtredingen, wat zorgen over protestrechten oproept.\",\"breadcrumb\":{\"@id\":\"https:\/\/dualar.com\/nl\/2025\/04\/15\/voorzitter-van-de-britse-moslimvereniging-zal-worden-ondervraagd-vanwege-de-palestijnse-protesten\/#breadcrumb\"},\"inLanguage\":\"nl-NL\",\"potentialAction\":[{\"@type\":\"ReadAction\",\"target\":[\"https:\/\/dualar.com\/nl\/2025\/04\/15\/voorzitter-van-de-britse-moslimvereniging-zal-worden-ondervraagd-vanwege-de-palestijnse-protesten\/\"]}]},{\"@type\":\"ImageObject\",\"inLanguage\":\"nl-NL\",\"@id\":\"https:\/\/dualar.com\/nl\/2025\/04\/15\/voorzitter-van-de-britse-moslimvereniging-zal-worden-ondervraagd-vanwege-de-palestijnse-protesten\/#primaryimage\",\"url\":\"https:\/\/dualar.com\/nl\/wp-content\/uploads\/sites\/2\/2025\/04\/Voorzitter-van-de-Britse-Moslimvereniging-zal-worden-ondervraagd-vanwege-de.jpeg\",\"contentUrl\":\"https:\/\/dualar.com\/nl\/wp-content\/uploads\/sites\/2\/2025\/04\/Voorzitter-van-de-Britse-Moslimvereniging-zal-worden-ondervraagd-vanwege-de.jpeg\",\"width\":871,\"height\":497,\"caption\":\"Voorzitter van de Britse Moslimvereniging zal worden ondervraagd vanwege de Palestijnse protesten\"},{\"@type\":\"BreadcrumbList\",\"@id\":\"https:\/\/dualar.com\/nl\/2025\/04\/15\/voorzitter-van-de-britse-moslimvereniging-zal-worden-ondervraagd-vanwege-de-palestijnse-protesten\/#breadcrumb\",\"itemListElement\":[{\"@type\":\"ListItem\",\"position\":1,\"name\":\"Home\",\"item\":\"https:\/\/dualar.com\/nl\/\"},{\"@type\":\"ListItem\",\"position\":2,\"name\":\"Voorzitter van de Britse Moslimvereniging zal worden ondervraagd vanwege de Palestijnse protesten\"}]},{\"@type\":\"WebSite\",\"@id\":\"https:\/\/dualar.com\/nl\/#website\",\"url\":\"https:\/\/dualar.com\/nl\/\",\"name\":\"Dualar.com\/nl\",\"description\":\"Gebeden die u op elk moment inspireren\",\"publisher\":{\"@id\":\"https:\/\/dualar.com\/nl\/#organization\"},\"potentialAction\":[{\"@type\":\"SearchAction\",\"target\":{\"@type\":\"EntryPoint\",\"urlTemplate\":\"https:\/\/dualar.com\/nl\/?s={search_term_string}\"},\"query-input\":{\"@type\":\"PropertyValueSpecification\",\"valueRequired\":true,\"valueName\":\"search_term_string\"}}],\"inLanguage\":\"nl-NL\"},{\"@type\":\"Organization\",\"@id\":\"https:\/\/dualar.com\/nl\/#organization\",\"name\":\"Dualar.com\/nl\",\"url\":\"https:\/\/dualar.com\/nl\/\",\"logo\":{\"@type\":\"ImageObject\",\"inLanguage\":\"nl-NL\",\"@id\":\"https:\/\/dualar.com\/nl\/#\/schema\/logo\/image\/\",\"url\":\"https:\/\/dualar.com\/nl\/wp-content\/uploads\/sites\/2\/2024\/11\/Her-Aniniza-Ilham-Veren-Dualar-1.png\",\"contentUrl\":\"https:\/\/dualar.com\/nl\/wp-content\/uploads\/sites\/2\/2024\/11\/Her-Aniniza-Ilham-Veren-Dualar-1.png\",\"width\":1000,\"height\":300,\"caption\":\"Dualar.com\/nl\"},\"image\":{\"@id\":\"https:\/\/dualar.com\/nl\/#\/schema\/logo\/image\/\"}},{\"@type\":\"Person\",\"@id\":\"https:\/\/dualar.com\/nl\/#\/schema\/person\/d920bfed24e7ef4d145c3664464931fd\",\"name\":\"info@blueappleagency.nl\",\"image\":{\"@type\":\"ImageObject\",\"inLanguage\":\"nl-NL\",\"@id\":\"https:\/\/dualar.com\/nl\/#\/schema\/person\/image\/\",\"url\":\"https:\/\/secure.gravatar.com\/avatar\/4bcc94ad74be7f14c7e9a39e3f95a587?s=96&d=mm&r=g\",\"contentUrl\":\"https:\/\/secure.gravatar.com\/avatar\/4bcc94ad74be7f14c7e9a39e3f95a587?s=96&d=mm&r=g\",\"caption\":\"info@blueappleagency.nl\"},\"sameAs\":[\"http:\/\/dualar.com\"],\"url\":\"#\"}]}<\/script>\n<!-- \/ Yoast SEO plugin. -->","yoast_head_json":{"title":"Voorzitter van de Britse Moslimvereniging zal worden ondervraagd vanwege de Palestijnse protesten - Dualar.com\/nl","description":"De Metropolitan Politie roept een hoofdorganisator van Palestijnse protesten op wegens openbare orde-overtredingen, wat zorgen over protestrechten oproept.","robots":{"index":"index","follow":"follow","max-snippet":"max-snippet:-1","max-image-preview":"max-image-preview:large","max-video-preview":"max-video-preview:-1"},"canonical":"https:\/\/dualar.com\/nl\/2025\/04\/15\/voorzitter-van-de-britse-moslimvereniging-zal-worden-ondervraagd-vanwege-de-palestijnse-protesten\/","og_locale":"nl_NL","og_type":"article","og_title":"Voorzitter van de Britse Moslimvereniging zal worden ondervraagd vanwege de Palestijnse protesten - Dualar.com\/nl","og_description":"De Metropolitan Politie roept een hoofdorganisator van Palestijnse protesten op wegens openbare orde-overtredingen, wat zorgen over protestrechten oproept.","og_url":"https:\/\/dualar.com\/nl\/2025\/04\/15\/voorzitter-van-de-britse-moslimvereniging-zal-worden-ondervraagd-vanwege-de-palestijnse-protesten\/","og_site_name":"Dualar.com\/nl","article_published_time":"2025-04-15T16:24:37+00:00","article_modified_time":"2025-04-15T16:24:47+00:00","og_image":[{"width":871,"height":497,"url":"https:\/\/dualar.com\/nl\/wp-content\/uploads\/sites\/2\/2025\/04\/Voorzitter-van-de-Britse-Moslimvereniging-zal-worden-ondervraagd-vanwege-de.jpeg","type":"image\/jpeg"}],"author":"info@blueappleagency.nl","twitter_card":"summary_large_image","twitter_misc":{"Geschreven door":"info@blueappleagency.nl"},"schema":{"@context":"https:\/\/schema.org","@graph":[{"@type":"Article","@id":"https:\/\/dualar.com\/nl\/2025\/04\/15\/voorzitter-van-de-britse-moslimvereniging-zal-worden-ondervraagd-vanwege-de-palestijnse-protesten\/#article","isPartOf":{"@id":"https:\/\/dualar.com\/nl\/2025\/04\/15\/voorzitter-van-de-britse-moslimvereniging-zal-worden-ondervraagd-vanwege-de-palestijnse-protesten\/"},"author":{"name":"info@blueappleagency.nl","@id":"https:\/\/dualar.com\/nl\/#\/schema\/person\/d920bfed24e7ef4d145c3664464931fd"},"headline":"Voorzitter van de Britse Moslimvereniging zal worden ondervraagd vanwege de Palestijnse protesten","datePublished":"2025-04-15T16:24:37+00:00","dateModified":"2025-04-15T16:24:47+00:00","mainEntityOfPage":{"@id":"https:\/\/dualar.com\/nl\/2025\/04\/15\/voorzitter-van-de-britse-moslimvereniging-zal-worden-ondervraagd-vanwege-de-palestijnse-protesten\/"},"wordCount":72,"commentCount":0,"publisher":{"@id":"https:\/\/dualar.com\/nl\/#organization"},"image":{"@id":"https:\/\/dualar.com\/nl\/2025\/04\/15\/voorzitter-van-de-britse-moslimvereniging-zal-worden-ondervraagd-vanwege-de-palestijnse-protesten\/#primaryimage"},"thumbnailUrl":"https:\/\/dualar.com\/nl\/wp-content\/uploads\/sites\/2\/2025\/04\/Voorzitter-van-de-Britse-Moslimvereniging-zal-worden-ondervraagd-vanwege-de.jpeg","keywords":["Britse Moslimvereniging","ondervraging","Palestijnse protesten","Voorzitter"],"articleSection":["Mondiaal Moslim Nieuws"],"inLanguage":"nl-NL","potentialAction":[{"@type":"CommentAction","name":"Comment","target":["https:\/\/dualar.com\/nl\/2025\/04\/15\/voorzitter-van-de-britse-moslimvereniging-zal-worden-ondervraagd-vanwege-de-palestijnse-protesten\/#respond"]}]},{"@type":"WebPage","@id":"https:\/\/dualar.com\/nl\/2025\/04\/15\/voorzitter-van-de-britse-moslimvereniging-zal-worden-ondervraagd-vanwege-de-palestijnse-protesten\/","url":"https:\/\/dualar.com\/nl\/2025\/04\/15\/voorzitter-van-de-britse-moslimvereniging-zal-worden-ondervraagd-vanwege-de-palestijnse-protesten\/","name":"Voorzitter van de Britse Moslimvereniging zal worden ondervraagd vanwege de Palestijnse protesten - Dualar.com\/nl","isPartOf":{"@id":"https:\/\/dualar.com\/nl\/#website"},"primaryImageOfPage":{"@id":"https:\/\/dualar.com\/nl\/2025\/04\/15\/voorzitter-van-de-britse-moslimvereniging-zal-worden-ondervraagd-vanwege-de-palestijnse-protesten\/#primaryimage"},"image":{"@id":"https:\/\/dualar.com\/nl\/2025\/04\/15\/voorzitter-van-de-britse-moslimvereniging-zal-worden-ondervraagd-vanwege-de-palestijnse-protesten\/#primaryimage"},"thumbnailUrl":"https:\/\/dualar.com\/nl\/wp-content\/uploads\/sites\/2\/2025\/04\/Voorzitter-van-de-Britse-Moslimvereniging-zal-worden-ondervraagd-vanwege-de.jpeg","datePublished":"2025-04-15T16:24:37+00:00","dateModified":"2025-04-15T16:24:47+00:00","description":"De Metropolitan Politie roept een hoofdorganisator van Palestijnse protesten op wegens openbare orde-overtredingen, wat zorgen over protestrechten oproept.","breadcrumb":{"@id":"https:\/\/dualar.com\/nl\/2025\/04\/15\/voorzitter-van-de-britse-moslimvereniging-zal-worden-ondervraagd-vanwege-de-palestijnse-protesten\/#breadcrumb"},"inLanguage":"nl-NL","potentialAction":[{"@type":"ReadAction","target":["https:\/\/dualar.com\/nl\/2025\/04\/15\/voorzitter-van-de-britse-moslimvereniging-zal-worden-ondervraagd-vanwege-de-palestijnse-protesten\/"]}]},{"@type":"ImageObject","inLanguage":"nl-NL","@id":"https:\/\/dualar.com\/nl\/2025\/04\/15\/voorzitter-van-de-britse-moslimvereniging-zal-worden-ondervraagd-vanwege-de-palestijnse-protesten\/#primaryimage","url":"https:\/\/dualar.com\/nl\/wp-content\/uploads\/sites\/2\/2025\/04\/Voorzitter-van-de-Britse-Moslimvereniging-zal-worden-ondervraagd-vanwege-de.jpeg","contentUrl":"https:\/\/dualar.com\/nl\/wp-content\/uploads\/sites\/2\/2025\/04\/Voorzitter-van-de-Britse-Moslimvereniging-zal-worden-ondervraagd-vanwege-de.jpeg","width":871,"height":497,"caption":"Voorzitter van de Britse Moslimvereniging zal worden ondervraagd vanwege de Palestijnse protesten"},{"@type":"BreadcrumbList","@id":"https:\/\/dualar.com\/nl\/2025\/04\/15\/voorzitter-van-de-britse-moslimvereniging-zal-worden-ondervraagd-vanwege-de-palestijnse-protesten\/#breadcrumb","itemListElement":[{"@type":"ListItem","position":1,"name":"Home","item":"https:\/\/dualar.com\/nl\/"},{"@type":"ListItem","position":2,"name":"Voorzitter van de Britse Moslimvereniging zal worden ondervraagd vanwege de Palestijnse protesten"}]},{"@type":"WebSite","@id":"https:\/\/dualar.com\/nl\/#website","url":"https:\/\/dualar.com\/nl\/","name":"Dualar.com\/nl","description":"Gebeden die u op elk moment inspireren","publisher":{"@id":"https:\/\/dualar.com\/nl\/#organization"},"potentialAction":[{"@type":"SearchAction","target":{"@type":"EntryPoint","urlTemplate":"https:\/\/dualar.com\/nl\/?s={search_term_string}"},"query-input":{"@type":"PropertyValueSpecification","valueRequired":true,"valueName":"search_term_string"}}],"inLanguage":"nl-NL"},{"@type":"Organization","@id":"https:\/\/dualar.com\/nl\/#organization","name":"Dualar.com\/nl","url":"https:\/\/dualar.com\/nl\/","logo":{"@type":"ImageObject","inLanguage":"nl-NL","@id":"https:\/\/dualar.com\/nl\/#\/schema\/logo\/image\/","url":"https:\/\/dualar.com\/nl\/wp-content\/uploads\/sites\/2\/2024\/11\/Her-Aniniza-Ilham-Veren-Dualar-1.png","contentUrl":"https:\/\/dualar.com\/nl\/wp-content\/uploads\/sites\/2\/2024\/11\/Her-Aniniza-Ilham-Veren-Dualar-1.png","width":1000,"height":300,"caption":"Dualar.com\/nl"},"image":{"@id":"https:\/\/dualar.com\/nl\/#\/schema\/logo\/image\/"}},{"@type":"Person","@id":"https:\/\/dualar.com\/nl\/#\/schema\/person\/d920bfed24e7ef4d145c3664464931fd","name":"info@blueappleagency.nl","image":{"@type":"ImageObject","inLanguage":"nl-NL","@id":"https:\/\/dualar.com\/nl\/#\/schema\/person\/image\/","url":"https:\/\/secure.gravatar.com\/avatar\/4bcc94ad74be7f14c7e9a39e3f95a587?s=96&d=mm&r=g","contentUrl":"https:\/\/secure.gravatar.com\/avatar\/4bcc94ad74be7f14c7e9a39e3f95a587?s=96&d=mm&r=g","caption":"info@blueappleagency.nl"},"sameAs":["http:\/\/dualar.com"],"url":"#"}]}},"taxonomy_info":{"category":[{"value":2,"label":"Mondiaal Moslim Nieuws"}],"post_tag":[{"value":2283,"label":"Britse Moslimvereniging"},{"value":2284,"label":"ondervraging"},{"value":1049,"label":"Palestijnse protesten"},{"value":1553,"label":"Voorzitter"}]},"featured_image_src_large":["https:\/\/dualar.com\/nl\/wp-content\/uploads\/sites\/2\/2025\/04\/Voorzitter-van-de-Britse-Moslimvereniging-zal-worden-ondervraagd-vanwege-de.jpeg",871,497,false],"author_info":{"display_name":"info@blueappleagency.nl","author_link":"#"},"comment_info":0,"category_info":[{"term_id":2,"name":"Mondiaal Moslim Nieuws","slug":"mondiaal-moslim-nieuws","term_group":0,"term_taxonomy_id":2,"taxonomy":"category","description":"","parent":0,"count":1312,"filter":"raw","cat_ID":2,"category_count":1312,"category_description":"","cat_name":"Mondiaal Moslim Nieuws","category_nicename":"mondiaal-moslim-nieuws","category_parent":0}],"tag_info":[{"term_id":2283,"name":"Britse Moslimvereniging","slug":"britse-moslimvereniging","term_group":0,"term_taxonomy_id":2283,"taxonomy":"post_tag","description":"","parent":0,"count":1,"filter":"raw"},{"term_id":2284,"name":"ondervraging","slug":"ondervraging","term_group":0,"term_taxonomy_id":2284,"taxonomy":"post_tag","description":"","parent":0,"count":1,"filter":"raw"},{"term_id":1049,"name":"Palestijnse protesten","slug":"palestijnse-protesten","term_group":0,"term_taxonomy_id":1049,"taxonomy":"post_tag","description":"","parent":0,"count":3,"filter":"raw"},{"term_id":1553,"name":"Voorzitter","slug":"voorzitter","term_group":0,"term_taxonomy_id":1553,"taxonomy":"post_tag","description":"","parent":0,"count":6,"filter":"raw"}],"_links":{"self":[{"href":"https:\/\/dualar.com\/nl\/wp-json\/wp\/v2\/posts\/3459","targetHints":{"allow":["GET"]}}],"collection":[{"href":"https:\/\/dualar.com\/nl\/wp-json\/wp\/v2\/posts"}],"about":[{"href":"https:\/\/dualar.com\/nl\/wp-json\/wp\/v2\/types\/post"}],"author":[{"embeddable":true,"href":"https:\/\/dualar.com\/nl\/wp-json\/wp\/v2\/users\/1"}],"replies":[{"embeddable":true,"href":"https:\/\/dualar.com\/nl\/wp-json\/wp\/v2\/comments?post=3459"}],"version-history":[{"count":1,"href":"https:\/\/dualar.com\/nl\/wp-json\/wp\/v2\/posts\/3459\/revisions"}],"predecessor-version":[{"id":3461,"href":"https:\/\/dualar.com\/nl\/wp-json\/wp\/v2\/posts\/3459\/revisions\/3461"}],"wp:featuredmedia":[{"embeddable":true,"href":"https:\/\/dualar.com\/nl\/wp-json\/wp\/v2\/media\/3460"}],"wp:attachment":[{"href":"https:\/\/dualar.com\/nl\/wp-json\/wp\/v2\/media?parent=3459"}],"wp:term":[{"taxonomy":"category","embeddable":true,"href":"https:\/\/dualar.com\/nl\/wp-json\/wp\/v2\/categories?post=3459"},{"taxonomy":"post_tag","embeddable":true,"href":"https:\/\/dualar.com\/nl\/wp-json\/wp\/v2\/tags?post=3459"}],"curies":[{"name":"wp","href":"https:\/\/api.w.org\/{rel}","templated":true}]}}