{"id":3477,"date":"2025-04-16T12:44:15","date_gmt":"2025-04-16T11:44:15","guid":{"rendered":"https:\/\/dualar.com\/nl\/2025\/04\/16\/harry-en-meghans-stichting-heeft-de-relatie-met-een-moslimgroep-verbroken-vanwege-pro-palestijnse-opmerkingen\/"},"modified":"2025-04-16T12:44:21","modified_gmt":"2025-04-16T11:44:21","slug":"harry-en-meghans-stichting-heeft-de-relatie-met-een-moslimgroep-verbroken-vanwege-pro-palestijnse-opmerkingen","status":"publish","type":"post","link":"https:\/\/dualar.com\/nl\/2025\/04\/16\/harry-en-meghans-stichting-heeft-de-relatie-met-een-moslimgroep-verbroken-vanwege-pro-palestijnse-opmerkingen\/","title":{"rendered":"Harry en Meghan&#8217;s stichting heeft de relatie met een moslimgroep verbroken vanwege pro-Palestijnse opmerkingen."},"content":{"rendered":"<div>\n<p><strong>Prins Harry en Meghan Markle&#8217;s Stichting heeft de banden met een organisatie verbroken vanwege pro-Palestijnse uitspraken<\/strong><\/p>\n<p>De Archewell Stichting, opgericht door Prins Harry en Meghan Markle, heeft de banden met een in de VS gevestigde moslimorganisatie, die in het nieuws kwam door pro-Palestijnse uitspraken, be\u00ebindigd. De Archewell Stichting, opgericht in 2020, heeft sinds 2023 in totaal ongeveer \u00a3 42.000 (ongeveer $ 55.700) in de vorm van twee subsidies aan de Milwaukee Muslim Women\u2019s Coalition (MMWC) verstrekt.<\/p>\n<p><strong>Pro-Palestijnse Uitspraken en Gevolgen<\/strong><\/p>\n<p>De Amerikaanse zender NewsNation meldde dat de Archewell Stichting op de hoogte was gebracht van pro-Palestijnse uitspraken van Janan Najeeb, de Palestijns-Amerikaanse oprichter van de MMWC. Nadat de stichting op de hoogte was gesteld van deze opmerkingen, maakte ze bekend de banden met de organisatie te hebben verbroken. Janan Najeeb noemde Isra\u00ebl een &#8220;apartheidsstaat&#8221;; dit is een term die is toegeschreven aan een advies van het Internationaal Gerechtshof dat in 2024 werd gegeven, en aan verschillende grote mensenrechtenorganisaties, waaronder Amnesty International.<\/p>\n<p><strong>Najeeb&#8217;s Uitspraken<\/strong><\/p>\n<p>NewsNation meldde ook dat Najeeb een wapenembargo tegen Isra\u00ebl eiste en riep op tot &#8220;de bevrijding van Palestina&#8221;. Bovendien herhaalde ze de slogan &#8220;Van de rivier tot de zee, Palestina zal vrij zijn&#8221;; deze slogan wordt door velen ge\u00efnterpreteerd als een anti-Zionistische uiting. Najeeb zei vorig jaar in een blogpost: &#8220;De 75-jarige Isra\u00eblische bezetting van Palestina en de genocide in Gaza zijn een grote onrechtvaardigheid.&#8221;<\/p>\n<p><strong>Reactie van de Archewell Stichting<\/strong><\/p>\n<p>In een brief aan Najeeb zei de Archewell Stichting: &#8220;Onlangs zijn we ge\u00efnformeerd dat u een blogpost heeft geschreven die in strijd is met de waarden van de stichting.&#8221; In de brief stond: &#8220;We vieren verschillende perspectieven en achtergronden, maar we hebben een nul-tolerantie voor haatdragende woorden, daden of propaganda.&#8221; De stichting gaf aan dat de subsidies waren verstrekt om de integratie van Afghaanse vrouwen in Milwaukee te ondersteunen.<\/p>\n<p><strong>Prins Harry&#8217;s Verbintenis tot Sociale Rechtvaardigheid<\/strong><\/p>\n<p>Prins Harry heeft eerder zijn toewijding aan sociale rechtvaardigheid geuit en gezegd dat &#8220;iedereen op deze planeet&#8221; zich moet inspannen om racisme te be\u00ebindigen. Bovendien hadden Harry en Markle ook beschuldigingen van racisme tegen de koninklijke familie geuit.<\/p>\n<p>De recente controverses hebben ertoe geleid dat Prins Harry in de Britse pers onderworpen werd aan zware kritiek vanwege zijn bezoek aan een oorlogsgebied in Oekra\u00efne. Het was tot 2018 dat de koninklijke familie Isra\u00ebl officieel bezocht.<\/p>\n<p><strong>Standpunt van de Koninklijke Familie ten aanzien van Isra\u00ebl<\/strong><\/p>\n<p>Sommige speculaties suggereren dat koningin Elizabeth II een negatieve houding tegenover Isra\u00ebl had. Volgens de voormalige Isra\u00eblische president Reuven Rivlin geloofde de koningin dat elke Isra\u00ebli &#8220;ofwel een terrorist of het kind van een terrorist&#8221; was en had ze geen Isra\u00eblische functionarissen in Buckingham Palace ontvangen.<\/p>\n<p>Koning Charles had ook eerder controverse veroorzaakt vanwege zijn opvattingen over Isra\u00ebl. In 2017, na een reis naar het Midden-Oosten, merkte hij in een brief aan een vriend op dat hij begon te begrijpen hoe de Arabieren naar Isra\u00ebl keken.<\/p>\n<p><strong>Conclusie en Oproep aan Lezers<\/strong><\/p>\n<p>De situatie van de Archewell Stichting van Prins Harry en Meghan Markle heeft opnieuw de meningsverschillen over sociale rechtvaardigheid en de gevoeligheden rond internationale kwesties aan het licht gebracht. Lezers kunnen hun gedachten over dit onderwerp delen of gerelateerde artikelen lezen.<\/p>\n<p>Voor meer informatie kunt u betrouwbare bronnen zoals de <a href=\"https:\/\/www.archewell.com\">offici\u00eble website van de Archewell Stichting<\/a> en <a href=\"https:\/\/www.newsnationnow.com\">NewsNation<\/a> bezoeken.<\/p>\n<\/div>\n","protected":false},"excerpt":{"rendered":"<p>De Archewell Stichting van Prins Harry en Meghan Markle heeft de samenwerking met de Milwaukee Muslim Women\u2019s Coalition (MMWC) be\u00ebindigd na pro-Palestijnse uitspraken van oprichter Janan Najeeb. De stichting had sinds 2023 ongeveer \u00a3 42.000 aan subsidies verstrekt, maar besloot de banden te verbreken nadat ze op de hoogte werd gesteld van Najeeb&#8217;s opmerkingen, waaronder het beschrijven van Isra\u00ebl als een &#8220;apartheidsstaat&#8221;. In een brief aan Najeeb benadrukte de stichting dat ze geen ruimte heeft voor haatdragende woorden en dat hun subsidies bedoeld waren om Afghaanse vrouwen te ondersteunen. De situatie onderstreept de complexe discussies rondom sociale rechtvaardigheid.<\/p>\n","protected":false},"author":1,"featured_media":3478,"comment_status":"open","ping_status":"open","sticky":false,"template":"","format":"standard","meta":{"_kad_blocks_custom_css":"","_kad_blocks_head_custom_js":"","_kad_blocks_body_custom_js":"","_kad_blocks_footer_custom_js":"","_kadence_starter_templates_imported_post":false,"_kad_post_transparent":"","_kad_post_title":"","_kad_post_layout":"","_kad_post_sidebar_id":"","_kad_post_content_style":"","_kad_post_vertical_padding":"","_kad_post_feature":"","_kad_post_feature_position":"","_kad_post_header":false,"_kad_post_footer":false,"footnotes":""},"categories":[2],"tags":[2297,2298,2301,2302,448,2300,2299,96],"class_list":["post-3477","post","type-post","status-publish","format-standard","has-post-thumbnail","hentry","category-mondiaal-moslim-nieuws","tag-harry","tag-meghan","tag-moslimgroep","tag-opmerkingen","tag-pro-palestijnse","tag-relatie","tag-stichting","tag-verbroken"],"yoast_head":"<!-- This site is optimized with the Yoast SEO plugin v23.9 - https:\/\/yoast.com\/wordpress\/plugins\/seo\/ -->\n<title>Harry en Meghan&#039;s stichting heeft de relatie met een moslimgroep verbroken vanwege pro-Palestijnse opmerkingen. - Dualar.com\/nl<\/title>\n<meta name=\"description\" content=\"Prins Harry en Meghan&#039;s Archewell Stichting verbreekt banden met moslimorganisatie na pro-Palestijnse uitspraken van oprichter Janan Najeeb.\" \/>\n<meta name=\"robots\" content=\"index, follow, max-snippet:-1, max-image-preview:large, max-video-preview:-1\" \/>\n<link rel=\"canonical\" href=\"https:\/\/dualar.com\/nl\/2025\/04\/16\/harry-en-meghans-stichting-heeft-de-relatie-met-een-moslimgroep-verbroken-vanwege-pro-palestijnse-opmerkingen\/\" \/>\n<meta property=\"og:locale\" content=\"nl_NL\" \/>\n<meta property=\"og:type\" content=\"article\" \/>\n<meta property=\"og:title\" content=\"Harry en Meghan&#039;s stichting heeft de relatie met een moslimgroep verbroken vanwege pro-Palestijnse opmerkingen. - Dualar.com\/nl\" \/>\n<meta property=\"og:description\" content=\"Prins Harry en Meghan&#039;s Archewell Stichting verbreekt banden met moslimorganisatie na pro-Palestijnse uitspraken van oprichter Janan Najeeb.\" \/>\n<meta property=\"og:url\" content=\"https:\/\/dualar.com\/nl\/2025\/04\/16\/harry-en-meghans-stichting-heeft-de-relatie-met-een-moslimgroep-verbroken-vanwege-pro-palestijnse-opmerkingen\/\" \/>\n<meta property=\"og:site_name\" content=\"Dualar.com\/nl\" \/>\n<meta property=\"article:published_time\" content=\"2025-04-16T11:44:15+00:00\" \/>\n<meta property=\"article:modified_time\" content=\"2025-04-16T11:44:21+00:00\" \/>\n<meta property=\"og:image\" content=\"https:\/\/dualar.com\/nl\/wp-content\/uploads\/sites\/2\/2025\/04\/Harry-en-Meghans-stichting-heeft-de-relatie-met-een-moslimgroep.jpg\" \/>\n\t<meta property=\"og:image:width\" content=\"1024\" \/>\n\t<meta property=\"og:image:height\" content=\"576\" \/>\n\t<meta property=\"og:image:type\" content=\"image\/jpeg\" \/>\n<meta name=\"author\" content=\"info@blueappleagency.nl\" \/>\n<meta name=\"twitter:card\" content=\"summary_large_image\" \/>\n<meta name=\"twitter:label1\" content=\"Geschreven door\" \/>\n\t<meta name=\"twitter:data1\" content=\"info@blueappleagency.nl\" \/>\n\t<meta name=\"twitter:label2\" content=\"Geschatte leestijd\" \/>\n\t<meta name=\"twitter:data2\" content=\"3 minuten\" \/>\n<script type=\"application\/ld+json\" class=\"yoast-schema-graph\">{\"@context\":\"https:\/\/schema.org\",\"@graph\":[{\"@type\":\"Article\",\"@id\":\"https:\/\/dualar.com\/nl\/2025\/04\/16\/harry-en-meghans-stichting-heeft-de-relatie-met-een-moslimgroep-verbroken-vanwege-pro-palestijnse-opmerkingen\/#article\",\"isPartOf\":{\"@id\":\"https:\/\/dualar.com\/nl\/2025\/04\/16\/harry-en-meghans-stichting-heeft-de-relatie-met-een-moslimgroep-verbroken-vanwege-pro-palestijnse-opmerkingen\/\"},\"author\":{\"name\":\"info@blueappleagency.nl\",\"@id\":\"https:\/\/dualar.com\/nl\/#\/schema\/person\/d920bfed24e7ef4d145c3664464931fd\"},\"headline\":\"Harry en Meghan&#8217;s stichting heeft de relatie met een moslimgroep verbroken vanwege pro-Palestijnse opmerkingen.\",\"datePublished\":\"2025-04-16T11:44:15+00:00\",\"dateModified\":\"2025-04-16T11:44:21+00:00\",\"mainEntityOfPage\":{\"@id\":\"https:\/\/dualar.com\/nl\/2025\/04\/16\/harry-en-meghans-stichting-heeft-de-relatie-met-een-moslimgroep-verbroken-vanwege-pro-palestijnse-opmerkingen\/\"},\"wordCount\":569,\"commentCount\":0,\"publisher\":{\"@id\":\"https:\/\/dualar.com\/nl\/#organization\"},\"image\":{\"@id\":\"https:\/\/dualar.com\/nl\/2025\/04\/16\/harry-en-meghans-stichting-heeft-de-relatie-met-een-moslimgroep-verbroken-vanwege-pro-palestijnse-opmerkingen\/#primaryimage\"},\"thumbnailUrl\":\"https:\/\/dualar.com\/nl\/wp-content\/uploads\/sites\/2\/2025\/04\/Harry-en-Meghans-stichting-heeft-de-relatie-met-een-moslimgroep.jpg\",\"keywords\":[\"Harry\",\"Meghan\",\"moslimgroep\",\"opmerkingen\",\"pro-Palestijnse\",\"relatie\",\"stichting\",\"verbroken\"],\"articleSection\":[\"Mondiaal Moslim Nieuws\"],\"inLanguage\":\"nl-NL\",\"potentialAction\":[{\"@type\":\"CommentAction\",\"name\":\"Comment\",\"target\":[\"https:\/\/dualar.com\/nl\/2025\/04\/16\/harry-en-meghans-stichting-heeft-de-relatie-met-een-moslimgroep-verbroken-vanwege-pro-palestijnse-opmerkingen\/#respond\"]}]},{\"@type\":\"WebPage\",\"@id\":\"https:\/\/dualar.com\/nl\/2025\/04\/16\/harry-en-meghans-stichting-heeft-de-relatie-met-een-moslimgroep-verbroken-vanwege-pro-palestijnse-opmerkingen\/\",\"url\":\"https:\/\/dualar.com\/nl\/2025\/04\/16\/harry-en-meghans-stichting-heeft-de-relatie-met-een-moslimgroep-verbroken-vanwege-pro-palestijnse-opmerkingen\/\",\"name\":\"Harry en Meghan's stichting heeft de relatie met een moslimgroep verbroken vanwege pro-Palestijnse opmerkingen. - Dualar.com\/nl\",\"isPartOf\":{\"@id\":\"https:\/\/dualar.com\/nl\/#website\"},\"primaryImageOfPage\":{\"@id\":\"https:\/\/dualar.com\/nl\/2025\/04\/16\/harry-en-meghans-stichting-heeft-de-relatie-met-een-moslimgroep-verbroken-vanwege-pro-palestijnse-opmerkingen\/#primaryimage\"},\"image\":{\"@id\":\"https:\/\/dualar.com\/nl\/2025\/04\/16\/harry-en-meghans-stichting-heeft-de-relatie-met-een-moslimgroep-verbroken-vanwege-pro-palestijnse-opmerkingen\/#primaryimage\"},\"thumbnailUrl\":\"https:\/\/dualar.com\/nl\/wp-content\/uploads\/sites\/2\/2025\/04\/Harry-en-Meghans-stichting-heeft-de-relatie-met-een-moslimgroep.jpg\",\"datePublished\":\"2025-04-16T11:44:15+00:00\",\"dateModified\":\"2025-04-16T11:44:21+00:00\",\"description\":\"Prins Harry en Meghan's Archewell Stichting verbreekt banden met moslimorganisatie na pro-Palestijnse uitspraken van oprichter Janan Najeeb.\",\"breadcrumb\":{\"@id\":\"https:\/\/dualar.com\/nl\/2025\/04\/16\/harry-en-meghans-stichting-heeft-de-relatie-met-een-moslimgroep-verbroken-vanwege-pro-palestijnse-opmerkingen\/#breadcrumb\"},\"inLanguage\":\"nl-NL\",\"potentialAction\":[{\"@type\":\"ReadAction\",\"target\":[\"https:\/\/dualar.com\/nl\/2025\/04\/16\/harry-en-meghans-stichting-heeft-de-relatie-met-een-moslimgroep-verbroken-vanwege-pro-palestijnse-opmerkingen\/\"]}]},{\"@type\":\"ImageObject\",\"inLanguage\":\"nl-NL\",\"@id\":\"https:\/\/dualar.com\/nl\/2025\/04\/16\/harry-en-meghans-stichting-heeft-de-relatie-met-een-moslimgroep-verbroken-vanwege-pro-palestijnse-opmerkingen\/#primaryimage\",\"url\":\"https:\/\/dualar.com\/nl\/wp-content\/uploads\/sites\/2\/2025\/04\/Harry-en-Meghans-stichting-heeft-de-relatie-met-een-moslimgroep.jpg\",\"contentUrl\":\"https:\/\/dualar.com\/nl\/wp-content\/uploads\/sites\/2\/2025\/04\/Harry-en-Meghans-stichting-heeft-de-relatie-met-een-moslimgroep.jpg\",\"width\":1024,\"height\":576,\"caption\":\"Harry en Meghan's stichting heeft de relatie met een moslimgroep verbroken vanwege pro-Palestijnse opmerkingen.\"},{\"@type\":\"BreadcrumbList\",\"@id\":\"https:\/\/dualar.com\/nl\/2025\/04\/16\/harry-en-meghans-stichting-heeft-de-relatie-met-een-moslimgroep-verbroken-vanwege-pro-palestijnse-opmerkingen\/#breadcrumb\",\"itemListElement\":[{\"@type\":\"ListItem\",\"position\":1,\"name\":\"Home\",\"item\":\"https:\/\/dualar.com\/nl\/\"},{\"@type\":\"ListItem\",\"position\":2,\"name\":\"Harry en Meghan&#8217;s stichting heeft de relatie met een moslimgroep verbroken vanwege pro-Palestijnse opmerkingen.\"}]},{\"@type\":\"WebSite\",\"@id\":\"https:\/\/dualar.com\/nl\/#website\",\"url\":\"https:\/\/dualar.com\/nl\/\",\"name\":\"Dualar.com\/nl\",\"description\":\"Gebeden die u op elk moment inspireren\",\"publisher\":{\"@id\":\"https:\/\/dualar.com\/nl\/#organization\"},\"potentialAction\":[{\"@type\":\"SearchAction\",\"target\":{\"@type\":\"EntryPoint\",\"urlTemplate\":\"https:\/\/dualar.com\/nl\/?s={search_term_string}\"},\"query-input\":{\"@type\":\"PropertyValueSpecification\",\"valueRequired\":true,\"valueName\":\"search_term_string\"}}],\"inLanguage\":\"nl-NL\"},{\"@type\":\"Organization\",\"@id\":\"https:\/\/dualar.com\/nl\/#organization\",\"name\":\"Dualar.com\/nl\",\"url\":\"https:\/\/dualar.com\/nl\/\",\"logo\":{\"@type\":\"ImageObject\",\"inLanguage\":\"nl-NL\",\"@id\":\"https:\/\/dualar.com\/nl\/#\/schema\/logo\/image\/\",\"url\":\"https:\/\/dualar.com\/nl\/wp-content\/uploads\/sites\/2\/2024\/11\/Her-Aniniza-Ilham-Veren-Dualar-1.png\",\"contentUrl\":\"https:\/\/dualar.com\/nl\/wp-content\/uploads\/sites\/2\/2024\/11\/Her-Aniniza-Ilham-Veren-Dualar-1.png\",\"width\":1000,\"height\":300,\"caption\":\"Dualar.com\/nl\"},\"image\":{\"@id\":\"https:\/\/dualar.com\/nl\/#\/schema\/logo\/image\/\"}},{\"@type\":\"Person\",\"@id\":\"https:\/\/dualar.com\/nl\/#\/schema\/person\/d920bfed24e7ef4d145c3664464931fd\",\"name\":\"info@blueappleagency.nl\",\"image\":{\"@type\":\"ImageObject\",\"inLanguage\":\"nl-NL\",\"@id\":\"https:\/\/dualar.com\/nl\/#\/schema\/person\/image\/\",\"url\":\"https:\/\/secure.gravatar.com\/avatar\/4bcc94ad74be7f14c7e9a39e3f95a587?s=96&d=mm&r=g\",\"contentUrl\":\"https:\/\/secure.gravatar.com\/avatar\/4bcc94ad74be7f14c7e9a39e3f95a587?s=96&d=mm&r=g\",\"caption\":\"info@blueappleagency.nl\"},\"sameAs\":[\"http:\/\/dualar.com\"],\"url\":\"#\"}]}<\/script>\n<!-- \/ Yoast SEO plugin. -->","yoast_head_json":{"title":"Harry en Meghan's stichting heeft de relatie met een moslimgroep verbroken vanwege pro-Palestijnse opmerkingen. - Dualar.com\/nl","description":"Prins Harry en Meghan's Archewell Stichting verbreekt banden met moslimorganisatie na pro-Palestijnse uitspraken van oprichter Janan Najeeb.","robots":{"index":"index","follow":"follow","max-snippet":"max-snippet:-1","max-image-preview":"max-image-preview:large","max-video-preview":"max-video-preview:-1"},"canonical":"https:\/\/dualar.com\/nl\/2025\/04\/16\/harry-en-meghans-stichting-heeft-de-relatie-met-een-moslimgroep-verbroken-vanwege-pro-palestijnse-opmerkingen\/","og_locale":"nl_NL","og_type":"article","og_title":"Harry en Meghan's stichting heeft de relatie met een moslimgroep verbroken vanwege pro-Palestijnse opmerkingen. - Dualar.com\/nl","og_description":"Prins Harry en Meghan's Archewell Stichting verbreekt banden met moslimorganisatie na pro-Palestijnse uitspraken van oprichter Janan Najeeb.","og_url":"https:\/\/dualar.com\/nl\/2025\/04\/16\/harry-en-meghans-stichting-heeft-de-relatie-met-een-moslimgroep-verbroken-vanwege-pro-palestijnse-opmerkingen\/","og_site_name":"Dualar.com\/nl","article_published_time":"2025-04-16T11:44:15+00:00","article_modified_time":"2025-04-16T11:44:21+00:00","og_image":[{"width":1024,"height":576,"url":"https:\/\/dualar.com\/nl\/wp-content\/uploads\/sites\/2\/2025\/04\/Harry-en-Meghans-stichting-heeft-de-relatie-met-een-moslimgroep.jpg","type":"image\/jpeg"}],"author":"info@blueappleagency.nl","twitter_card":"summary_large_image","twitter_misc":{"Geschreven door":"info@blueappleagency.nl","Geschatte leestijd":"3 minuten"},"schema":{"@context":"https:\/\/schema.org","@graph":[{"@type":"Article","@id":"https:\/\/dualar.com\/nl\/2025\/04\/16\/harry-en-meghans-stichting-heeft-de-relatie-met-een-moslimgroep-verbroken-vanwege-pro-palestijnse-opmerkingen\/#article","isPartOf":{"@id":"https:\/\/dualar.com\/nl\/2025\/04\/16\/harry-en-meghans-stichting-heeft-de-relatie-met-een-moslimgroep-verbroken-vanwege-pro-palestijnse-opmerkingen\/"},"author":{"name":"info@blueappleagency.nl","@id":"https:\/\/dualar.com\/nl\/#\/schema\/person\/d920bfed24e7ef4d145c3664464931fd"},"headline":"Harry en Meghan&#8217;s stichting heeft de relatie met een moslimgroep verbroken vanwege pro-Palestijnse opmerkingen.","datePublished":"2025-04-16T11:44:15+00:00","dateModified":"2025-04-16T11:44:21+00:00","mainEntityOfPage":{"@id":"https:\/\/dualar.com\/nl\/2025\/04\/16\/harry-en-meghans-stichting-heeft-de-relatie-met-een-moslimgroep-verbroken-vanwege-pro-palestijnse-opmerkingen\/"},"wordCount":569,"commentCount":0,"publisher":{"@id":"https:\/\/dualar.com\/nl\/#organization"},"image":{"@id":"https:\/\/dualar.com\/nl\/2025\/04\/16\/harry-en-meghans-stichting-heeft-de-relatie-met-een-moslimgroep-verbroken-vanwege-pro-palestijnse-opmerkingen\/#primaryimage"},"thumbnailUrl":"https:\/\/dualar.com\/nl\/wp-content\/uploads\/sites\/2\/2025\/04\/Harry-en-Meghans-stichting-heeft-de-relatie-met-een-moslimgroep.jpg","keywords":["Harry","Meghan","moslimgroep","opmerkingen","pro-Palestijnse","relatie","stichting","verbroken"],"articleSection":["Mondiaal Moslim Nieuws"],"inLanguage":"nl-NL","potentialAction":[{"@type":"CommentAction","name":"Comment","target":["https:\/\/dualar.com\/nl\/2025\/04\/16\/harry-en-meghans-stichting-heeft-de-relatie-met-een-moslimgroep-verbroken-vanwege-pro-palestijnse-opmerkingen\/#respond"]}]},{"@type":"WebPage","@id":"https:\/\/dualar.com\/nl\/2025\/04\/16\/harry-en-meghans-stichting-heeft-de-relatie-met-een-moslimgroep-verbroken-vanwege-pro-palestijnse-opmerkingen\/","url":"https:\/\/dualar.com\/nl\/2025\/04\/16\/harry-en-meghans-stichting-heeft-de-relatie-met-een-moslimgroep-verbroken-vanwege-pro-palestijnse-opmerkingen\/","name":"Harry en Meghan's stichting heeft de relatie met een moslimgroep verbroken vanwege pro-Palestijnse opmerkingen. - Dualar.com\/nl","isPartOf":{"@id":"https:\/\/dualar.com\/nl\/#website"},"primaryImageOfPage":{"@id":"https:\/\/dualar.com\/nl\/2025\/04\/16\/harry-en-meghans-stichting-heeft-de-relatie-met-een-moslimgroep-verbroken-vanwege-pro-palestijnse-opmerkingen\/#primaryimage"},"image":{"@id":"https:\/\/dualar.com\/nl\/2025\/04\/16\/harry-en-meghans-stichting-heeft-de-relatie-met-een-moslimgroep-verbroken-vanwege-pro-palestijnse-opmerkingen\/#primaryimage"},"thumbnailUrl":"https:\/\/dualar.com\/nl\/wp-content\/uploads\/sites\/2\/2025\/04\/Harry-en-Meghans-stichting-heeft-de-relatie-met-een-moslimgroep.jpg","datePublished":"2025-04-16T11:44:15+00:00","dateModified":"2025-04-16T11:44:21+00:00","description":"Prins Harry en Meghan's Archewell Stichting verbreekt banden met moslimorganisatie na pro-Palestijnse uitspraken van oprichter Janan Najeeb.","breadcrumb":{"@id":"https:\/\/dualar.com\/nl\/2025\/04\/16\/harry-en-meghans-stichting-heeft-de-relatie-met-een-moslimgroep-verbroken-vanwege-pro-palestijnse-opmerkingen\/#breadcrumb"},"inLanguage":"nl-NL","potentialAction":[{"@type":"ReadAction","target":["https:\/\/dualar.com\/nl\/2025\/04\/16\/harry-en-meghans-stichting-heeft-de-relatie-met-een-moslimgroep-verbroken-vanwege-pro-palestijnse-opmerkingen\/"]}]},{"@type":"ImageObject","inLanguage":"nl-NL","@id":"https:\/\/dualar.com\/nl\/2025\/04\/16\/harry-en-meghans-stichting-heeft-de-relatie-met-een-moslimgroep-verbroken-vanwege-pro-palestijnse-opmerkingen\/#primaryimage","url":"https:\/\/dualar.com\/nl\/wp-content\/uploads\/sites\/2\/2025\/04\/Harry-en-Meghans-stichting-heeft-de-relatie-met-een-moslimgroep.jpg","contentUrl":"https:\/\/dualar.com\/nl\/wp-content\/uploads\/sites\/2\/2025\/04\/Harry-en-Meghans-stichting-heeft-de-relatie-met-een-moslimgroep.jpg","width":1024,"height":576,"caption":"Harry en Meghan's stichting heeft de relatie met een moslimgroep verbroken vanwege pro-Palestijnse opmerkingen."},{"@type":"BreadcrumbList","@id":"https:\/\/dualar.com\/nl\/2025\/04\/16\/harry-en-meghans-stichting-heeft-de-relatie-met-een-moslimgroep-verbroken-vanwege-pro-palestijnse-opmerkingen\/#breadcrumb","itemListElement":[{"@type":"ListItem","position":1,"name":"Home","item":"https:\/\/dualar.com\/nl\/"},{"@type":"ListItem","position":2,"name":"Harry en Meghan&#8217;s stichting heeft de relatie met een moslimgroep verbroken vanwege pro-Palestijnse opmerkingen."}]},{"@type":"WebSite","@id":"https:\/\/dualar.com\/nl\/#website","url":"https:\/\/dualar.com\/nl\/","name":"Dualar.com\/nl","description":"Gebeden die u op elk moment inspireren","publisher":{"@id":"https:\/\/dualar.com\/nl\/#organization"},"potentialAction":[{"@type":"SearchAction","target":{"@type":"EntryPoint","urlTemplate":"https:\/\/dualar.com\/nl\/?s={search_term_string}"},"query-input":{"@type":"PropertyValueSpecification","valueRequired":true,"valueName":"search_term_string"}}],"inLanguage":"nl-NL"},{"@type":"Organization","@id":"https:\/\/dualar.com\/nl\/#organization","name":"Dualar.com\/nl","url":"https:\/\/dualar.com\/nl\/","logo":{"@type":"ImageObject","inLanguage":"nl-NL","@id":"https:\/\/dualar.com\/nl\/#\/schema\/logo\/image\/","url":"https:\/\/dualar.com\/nl\/wp-content\/uploads\/sites\/2\/2024\/11\/Her-Aniniza-Ilham-Veren-Dualar-1.png","contentUrl":"https:\/\/dualar.com\/nl\/wp-content\/uploads\/sites\/2\/2024\/11\/Her-Aniniza-Ilham-Veren-Dualar-1.png","width":1000,"height":300,"caption":"Dualar.com\/nl"},"image":{"@id":"https:\/\/dualar.com\/nl\/#\/schema\/logo\/image\/"}},{"@type":"Person","@id":"https:\/\/dualar.com\/nl\/#\/schema\/person\/d920bfed24e7ef4d145c3664464931fd","name":"info@blueappleagency.nl","image":{"@type":"ImageObject","inLanguage":"nl-NL","@id":"https:\/\/dualar.com\/nl\/#\/schema\/person\/image\/","url":"https:\/\/secure.gravatar.com\/avatar\/4bcc94ad74be7f14c7e9a39e3f95a587?s=96&d=mm&r=g","contentUrl":"https:\/\/secure.gravatar.com\/avatar\/4bcc94ad74be7f14c7e9a39e3f95a587?s=96&d=mm&r=g","caption":"info@blueappleagency.nl"},"sameAs":["http:\/\/dualar.com"],"url":"#"}]}},"taxonomy_info":{"category":[{"value":2,"label":"Mondiaal Moslim Nieuws"}],"post_tag":[{"value":2297,"label":"Harry"},{"value":2298,"label":"Meghan"},{"value":2301,"label":"moslimgroep"},{"value":2302,"label":"opmerkingen"},{"value":448,"label":"pro-Palestijnse"},{"value":2300,"label":"relatie"},{"value":2299,"label":"stichting"},{"value":96,"label":"verbroken"}]},"featured_image_src_large":["https:\/\/dualar.com\/nl\/wp-content\/uploads\/sites\/2\/2025\/04\/Harry-en-Meghans-stichting-heeft-de-relatie-met-een-moslimgroep.jpg",1024,576,false],"author_info":{"display_name":"info@blueappleagency.nl","author_link":"#"},"comment_info":0,"category_info":[{"term_id":2,"name":"Mondiaal Moslim Nieuws","slug":"mondiaal-moslim-nieuws","term_group":0,"term_taxonomy_id":2,"taxonomy":"category","description":"","parent":0,"count":1312,"filter":"raw","cat_ID":2,"category_count":1312,"category_description":"","cat_name":"Mondiaal Moslim Nieuws","category_nicename":"mondiaal-moslim-nieuws","category_parent":0}],"tag_info":[{"term_id":2297,"name":"Harry","slug":"harry","term_group":0,"term_taxonomy_id":2297,"taxonomy":"post_tag","description":"","parent":0,"count":1,"filter":"raw"},{"term_id":2298,"name":"Meghan","slug":"meghan","term_group":0,"term_taxonomy_id":2298,"taxonomy":"post_tag","description":"","parent":0,"count":1,"filter":"raw"},{"term_id":2301,"name":"moslimgroep","slug":"moslimgroep","term_group":0,"term_taxonomy_id":2301,"taxonomy":"post_tag","description":"","parent":0,"count":1,"filter":"raw"},{"term_id":2302,"name":"opmerkingen","slug":"opmerkingen","term_group":0,"term_taxonomy_id":2302,"taxonomy":"post_tag","description":"","parent":0,"count":2,"filter":"raw"},{"term_id":448,"name":"pro-Palestijnse","slug":"pro-palestijnse","term_group":0,"term_taxonomy_id":448,"taxonomy":"post_tag","description":"","parent":0,"count":9,"filter":"raw"},{"term_id":2300,"name":"relatie","slug":"relatie","term_group":0,"term_taxonomy_id":2300,"taxonomy":"post_tag","description":"","parent":0,"count":1,"filter":"raw"},{"term_id":2299,"name":"stichting","slug":"stichting","term_group":0,"term_taxonomy_id":2299,"taxonomy":"post_tag","description":"","parent":0,"count":1,"filter":"raw"},{"term_id":96,"name":"verbroken","slug":"verbroken","term_group":0,"term_taxonomy_id":96,"taxonomy":"post_tag","description":"","parent":0,"count":3,"filter":"raw"}],"_links":{"self":[{"href":"https:\/\/dualar.com\/nl\/wp-json\/wp\/v2\/posts\/3477","targetHints":{"allow":["GET"]}}],"collection":[{"href":"https:\/\/dualar.com\/nl\/wp-json\/wp\/v2\/posts"}],"about":[{"href":"https:\/\/dualar.com\/nl\/wp-json\/wp\/v2\/types\/post"}],"author":[{"embeddable":true,"href":"https:\/\/dualar.com\/nl\/wp-json\/wp\/v2\/users\/1"}],"replies":[{"embeddable":true,"href":"https:\/\/dualar.com\/nl\/wp-json\/wp\/v2\/comments?post=3477"}],"version-history":[{"count":1,"href":"https:\/\/dualar.com\/nl\/wp-json\/wp\/v2\/posts\/3477\/revisions"}],"predecessor-version":[{"id":3479,"href":"https:\/\/dualar.com\/nl\/wp-json\/wp\/v2\/posts\/3477\/revisions\/3479"}],"wp:featuredmedia":[{"embeddable":true,"href":"https:\/\/dualar.com\/nl\/wp-json\/wp\/v2\/media\/3478"}],"wp:attachment":[{"href":"https:\/\/dualar.com\/nl\/wp-json\/wp\/v2\/media?parent=3477"}],"wp:term":[{"taxonomy":"category","embeddable":true,"href":"https:\/\/dualar.com\/nl\/wp-json\/wp\/v2\/categories?post=3477"},{"taxonomy":"post_tag","embeddable":true,"href":"https:\/\/dualar.com\/nl\/wp-json\/wp\/v2\/tags?post=3477"}],"curies":[{"name":"wp","href":"https:\/\/api.w.org\/{rel}","templated":true}]}}