{"id":4034,"date":"2025-06-05T13:10:09","date_gmt":"2025-06-05T12:10:09","guid":{"rendered":"https:\/\/dualar.com\/nl\/2025\/06\/05\/starmer-zegt-dat-gaza-slecht-wordt-geleid-4-op-de-5-moslimvertegenwoordigers\/"},"modified":"2025-06-05T13:10:16","modified_gmt":"2025-06-05T12:10:16","slug":"starmer-zegt-dat-gaza-slecht-wordt-geleid-4-op-de-5-moslimvertegenwoordigers","status":"publish","type":"post","link":"https:\/\/dualar.com\/nl\/2025\/06\/05\/starmer-zegt-dat-gaza-slecht-wordt-geleid-4-op-de-5-moslimvertegenwoordigers\/","title":{"rendered":"Starmer zegt dat Gaza &#8216;slecht&#8217; wordt geleid, 4 op de 5 moslimvertegenwoordigers"},"content":{"rendered":"<div>\n<p><strong>Titel:<\/strong> Moslimen van de Arbeiderspartij in Groot-Brittanni\u00eb Beschouwen Premier Starmer als Mislukkend in het Beheer van de Oorlog in Gaza<\/p>\n<p><strong>Inleiding:<\/strong><br \/>Een nieuwe enqu\u00eate heeft onthuld dat 82% van de Moslimleden van de Arbeiderspartij, waaronder parlementsleden, burgemeesters en raadsleden, denkt dat premier Keir Starmer de oorlog van Isra\u00ebl in Gaza &#8220;slecht heeft beheerd&#8221;. Deze enqu\u00eate, uitgevoerd door het Labour Muslim Network (LMN), weerspiegelt de meningen van meer dan 220 gekozen Moslimvertegenwoordigers. De resultaten van de enqu\u00eate brengen ernstige bezorgdheid naar voren over de ongelijke behandeling van Moslimvertegenwoordigers binnen de Arbeiderspartij.<\/p>\n<p><strong>Ongelijkheid van Moslimvertegenwoordigers<\/strong><br \/>Volgens de bevindingen van de enqu\u00eate gelooft tweederde van de Moslimvertegenwoordigers dat Moslimvertegenwoordigers in de Arbeiderspartij niet gelijk worden behandeld. Bovendien denkt 64% van de deelnemers dat er een &#8220;racismehi\u00ebrarchie&#8221; binnen de Arbeiderspartij bestaat. Dit toont een brede onvrede onder Moslim Arbeidersvertegenwoordigers over het beleid van de partij met betrekking tot islamofobie.<\/p>\n<p><strong>Sancties tegen Isra\u00ebl en Erkenning van Palestina<\/strong><br \/>De enqu\u00eate laat zien dat 82% van de Moslim Arbeidersvertegenwoordigers sancties tegen Isra\u00ebl steunt. Daarnaast steunt 97% van de deelnemers de onmiddellijke erkenning van de Palestijnse staat. Er wordt gezegd dat de regering van plan is om op dit gebied stappen te ondernemen tijdens een VN-conferentie.<\/p>\n<p><strong>Ervaringen met Islamofobie<\/strong><br \/>Het onderzoek toonde aan dat \u00e9\u00e9n op de drie Moslim Arbeidersvertegenwoordigers direct islamofobie heeft ervaren binnen de Arbeiderspartij en gelooft dat de partij institutioneel islamofobisch is. 53% van de deelnemers gaf aan dat de Arbeiderspartij islamofobie niet serieus neemt, terwijl 58% verklaarde dat de Arbeidersregering Moslims &#8220;slecht vertegenwoordigt&#8221;.<\/p>\n<p><strong>Eisen voor Gelijke Behandeling van Moslimvertegenwoordigers<\/strong><br \/>LMN gaf aan dat dit onderzoek een waarheid bevestigt die Moslimvertegenwoordigers al jaren naar voren brengen: &#8220;Moslims binnen de Arbeiderspartij worden fundamenteel anders behandeld.&#8221; Tevens zei men: &#8220;Dit rapport is een oproep tot een vernieuwde inzet voor Moslimvertegenwoordiging.&#8221;<\/p>\n<p><strong>Relatie van de Regering met de MCB<\/strong><br \/>De enqu\u00eate vraagt ook naar de relatie van de regering met de Moslimraad (MCB). 83% van de Moslim Arbeidersvertegenwoordigers denkt dat de Arbeiderspartij deze boycot moet be\u00ebindigen. In de afgelopen jaren hebben regeringen een beleid gevoerd van het afwijzen van interactie met de MCB.<\/p>\n<p><strong>Conclusie:<\/strong><br \/>LMN zei: &#8220;Onze Arbeiderspartij kan niet beweren een anti-racistische beweging te zijn terwijl ze de ervaringen van haar eigen Moslim gekozen vertegenwoordigers negeert.&#8221; Een woordvoerder van de Arbeiderspartij benadrukte echter dat de diversiteit van de partij een bron van trots is en dat men de beschuldigingen van discriminatie, zoals islamofobie, serieus neemt.<\/p>\n<p><strong>Oproep aan de Lezers:<\/strong><br \/>Deel uw gedachten over dit onderwerp met ons of bezoek onze website om relevante artikelen te lezen. Voor meer informatie over de positie van Moslimvertegenwoordigers binnen de Arbeiderspartij en het beleid van de partij, kunt u bronnen volgen zoals het <a href=\"https:\/\/www.labourmuslimnetwork.org\">Labour Muslim Network<\/a> en de <a href=\"https:\/\/www.bbc.com\">BBC<\/a>.<\/p>\n<\/div>\n","protected":false},"excerpt":{"rendered":"<p>Een recente enqu\u00eate van het Labour Muslim Network onthult dat 82% van de Moslimleden van de Arbeiderspartij, waaronder parlementsleden, vindt dat premier Keir Starmer de oorlog in Gaza slecht heeft beheerd. Tweederde gelooft dat Moslimvertegenwoordigers ongelijk worden behandeld en 64% denkt dat er een &#8220;racismehi\u00ebrarchie&#8221; binnen de partij bestaat. De meerderheid steunt sancties tegen Isra\u00ebl en de erkenning van Palestina. E\u00e9n op de drie heeft islamofobie ervaren binnen de partij. LMN roept op tot gelijke behandeling en een einde aan de boycot van de Moslimraad (MCB). De Arbeiderspartij benadrukt de diversiteit en neemt beschuldigingen serieus.<\/p>\n","protected":false},"author":1,"featured_media":4035,"comment_status":"open","ping_status":"open","sticky":false,"template":"","format":"standard","meta":{"_kad_blocks_custom_css":"","_kad_blocks_head_custom_js":"","_kad_blocks_body_custom_js":"","_kad_blocks_footer_custom_js":"","_kadence_starter_templates_imported_post":false,"_kad_post_transparent":"","_kad_post_title":"","_kad_post_layout":"","_kad_post_sidebar_id":"","_kad_post_content_style":"","_kad_post_vertical_padding":"","_kad_post_feature":"","_kad_post_feature_position":"","_kad_post_header":false,"_kad_post_footer":false,"footnotes":""},"categories":[2],"tags":[85,2719,597,611],"class_list":["post-4034","post","type-post","status-publish","format-standard","has-post-thumbnail","hentry","category-mondiaal-moslim-nieuws","tag-gaza","tag-moslimvertegenwoordigers","tag-slecht","tag-starmer"],"yoast_head":"<!-- This site is optimized with the Yoast SEO plugin v23.9 - https:\/\/yoast.com\/wordpress\/plugins\/seo\/ -->\n<title>Starmer zegt dat Gaza &#039;slecht&#039; wordt geleid, 4 op de 5 moslimvertegenwoordigers - Dualar.com\/nl<\/title>\n<meta name=\"description\" content=\"Een enqu\u00eate toont aan dat 82% van de Moslimleden van de Arbeiderspartij vindt dat premier Starmer de oorlog in Gaza slecht beheert.\" \/>\n<meta name=\"robots\" content=\"index, follow, max-snippet:-1, max-image-preview:large, max-video-preview:-1\" \/>\n<link rel=\"canonical\" href=\"https:\/\/dualar.com\/nl\/2025\/06\/05\/starmer-zegt-dat-gaza-slecht-wordt-geleid-4-op-de-5-moslimvertegenwoordigers\/\" \/>\n<meta property=\"og:locale\" content=\"nl_NL\" \/>\n<meta property=\"og:type\" content=\"article\" \/>\n<meta property=\"og:title\" content=\"Starmer zegt dat Gaza &#039;slecht&#039; wordt geleid, 4 op de 5 moslimvertegenwoordigers - Dualar.com\/nl\" \/>\n<meta property=\"og:description\" content=\"Een enqu\u00eate toont aan dat 82% van de Moslimleden van de Arbeiderspartij vindt dat premier Starmer de oorlog in Gaza slecht beheert.\" \/>\n<meta property=\"og:url\" content=\"https:\/\/dualar.com\/nl\/2025\/06\/05\/starmer-zegt-dat-gaza-slecht-wordt-geleid-4-op-de-5-moslimvertegenwoordigers\/\" \/>\n<meta property=\"og:site_name\" content=\"Dualar.com\/nl\" \/>\n<meta property=\"article:published_time\" content=\"2025-06-05T12:10:09+00:00\" \/>\n<meta property=\"article:modified_time\" content=\"2025-06-05T12:10:16+00:00\" \/>\n<meta property=\"og:image\" content=\"https:\/\/dualar.com\/nl\/wp-content\/uploads\/sites\/2\/2025\/06\/Starmer-zegt-dat-Gaza-slecht-wordt-geleid-4-op-de.jpg\" \/>\n\t<meta property=\"og:image:width\" content=\"1024\" \/>\n\t<meta property=\"og:image:height\" content=\"576\" \/>\n\t<meta property=\"og:image:type\" content=\"image\/jpeg\" \/>\n<meta name=\"author\" content=\"info@blueappleagency.nl\" \/>\n<meta name=\"twitter:card\" content=\"summary_large_image\" \/>\n<meta name=\"twitter:label1\" content=\"Geschreven door\" \/>\n\t<meta name=\"twitter:data1\" content=\"info@blueappleagency.nl\" \/>\n\t<meta name=\"twitter:label2\" content=\"Geschatte leestijd\" \/>\n\t<meta name=\"twitter:data2\" content=\"2 minuten\" \/>\n<script type=\"application\/ld+json\" class=\"yoast-schema-graph\">{\"@context\":\"https:\/\/schema.org\",\"@graph\":[{\"@type\":\"Article\",\"@id\":\"https:\/\/dualar.com\/nl\/2025\/06\/05\/starmer-zegt-dat-gaza-slecht-wordt-geleid-4-op-de-5-moslimvertegenwoordigers\/#article\",\"isPartOf\":{\"@id\":\"https:\/\/dualar.com\/nl\/2025\/06\/05\/starmer-zegt-dat-gaza-slecht-wordt-geleid-4-op-de-5-moslimvertegenwoordigers\/\"},\"author\":{\"name\":\"info@blueappleagency.nl\",\"@id\":\"https:\/\/dualar.com\/nl\/#\/schema\/person\/d920bfed24e7ef4d145c3664464931fd\"},\"headline\":\"Starmer zegt dat Gaza &#8216;slecht&#8217; wordt geleid, 4 op de 5 moslimvertegenwoordigers\",\"datePublished\":\"2025-06-05T12:10:09+00:00\",\"dateModified\":\"2025-06-05T12:10:16+00:00\",\"mainEntityOfPage\":{\"@id\":\"https:\/\/dualar.com\/nl\/2025\/06\/05\/starmer-zegt-dat-gaza-slecht-wordt-geleid-4-op-de-5-moslimvertegenwoordigers\/\"},\"wordCount\":460,\"commentCount\":0,\"publisher\":{\"@id\":\"https:\/\/dualar.com\/nl\/#organization\"},\"image\":{\"@id\":\"https:\/\/dualar.com\/nl\/2025\/06\/05\/starmer-zegt-dat-gaza-slecht-wordt-geleid-4-op-de-5-moslimvertegenwoordigers\/#primaryimage\"},\"thumbnailUrl\":\"https:\/\/dualar.com\/nl\/wp-content\/uploads\/sites\/2\/2025\/06\/Starmer-zegt-dat-Gaza-slecht-wordt-geleid-4-op-de.jpg\",\"keywords\":[\"Gaza\",\"moslimvertegenwoordigers\",\"Slecht\",\"Starmer\"],\"articleSection\":[\"Mondiaal Moslim Nieuws\"],\"inLanguage\":\"nl-NL\",\"potentialAction\":[{\"@type\":\"CommentAction\",\"name\":\"Comment\",\"target\":[\"https:\/\/dualar.com\/nl\/2025\/06\/05\/starmer-zegt-dat-gaza-slecht-wordt-geleid-4-op-de-5-moslimvertegenwoordigers\/#respond\"]}]},{\"@type\":\"WebPage\",\"@id\":\"https:\/\/dualar.com\/nl\/2025\/06\/05\/starmer-zegt-dat-gaza-slecht-wordt-geleid-4-op-de-5-moslimvertegenwoordigers\/\",\"url\":\"https:\/\/dualar.com\/nl\/2025\/06\/05\/starmer-zegt-dat-gaza-slecht-wordt-geleid-4-op-de-5-moslimvertegenwoordigers\/\",\"name\":\"Starmer zegt dat Gaza 'slecht' wordt geleid, 4 op de 5 moslimvertegenwoordigers - Dualar.com\/nl\",\"isPartOf\":{\"@id\":\"https:\/\/dualar.com\/nl\/#website\"},\"primaryImageOfPage\":{\"@id\":\"https:\/\/dualar.com\/nl\/2025\/06\/05\/starmer-zegt-dat-gaza-slecht-wordt-geleid-4-op-de-5-moslimvertegenwoordigers\/#primaryimage\"},\"image\":{\"@id\":\"https:\/\/dualar.com\/nl\/2025\/06\/05\/starmer-zegt-dat-gaza-slecht-wordt-geleid-4-op-de-5-moslimvertegenwoordigers\/#primaryimage\"},\"thumbnailUrl\":\"https:\/\/dualar.com\/nl\/wp-content\/uploads\/sites\/2\/2025\/06\/Starmer-zegt-dat-Gaza-slecht-wordt-geleid-4-op-de.jpg\",\"datePublished\":\"2025-06-05T12:10:09+00:00\",\"dateModified\":\"2025-06-05T12:10:16+00:00\",\"description\":\"Een enqu\u00eate toont aan dat 82% van de Moslimleden van de Arbeiderspartij vindt dat premier Starmer de oorlog in Gaza slecht beheert.\",\"breadcrumb\":{\"@id\":\"https:\/\/dualar.com\/nl\/2025\/06\/05\/starmer-zegt-dat-gaza-slecht-wordt-geleid-4-op-de-5-moslimvertegenwoordigers\/#breadcrumb\"},\"inLanguage\":\"nl-NL\",\"potentialAction\":[{\"@type\":\"ReadAction\",\"target\":[\"https:\/\/dualar.com\/nl\/2025\/06\/05\/starmer-zegt-dat-gaza-slecht-wordt-geleid-4-op-de-5-moslimvertegenwoordigers\/\"]}]},{\"@type\":\"ImageObject\",\"inLanguage\":\"nl-NL\",\"@id\":\"https:\/\/dualar.com\/nl\/2025\/06\/05\/starmer-zegt-dat-gaza-slecht-wordt-geleid-4-op-de-5-moslimvertegenwoordigers\/#primaryimage\",\"url\":\"https:\/\/dualar.com\/nl\/wp-content\/uploads\/sites\/2\/2025\/06\/Starmer-zegt-dat-Gaza-slecht-wordt-geleid-4-op-de.jpg\",\"contentUrl\":\"https:\/\/dualar.com\/nl\/wp-content\/uploads\/sites\/2\/2025\/06\/Starmer-zegt-dat-Gaza-slecht-wordt-geleid-4-op-de.jpg\",\"width\":1024,\"height\":576,\"caption\":\"Starmer zegt dat Gaza 'slecht' wordt geleid, 4 op de 5 moslimvertegenwoordigers\"},{\"@type\":\"BreadcrumbList\",\"@id\":\"https:\/\/dualar.com\/nl\/2025\/06\/05\/starmer-zegt-dat-gaza-slecht-wordt-geleid-4-op-de-5-moslimvertegenwoordigers\/#breadcrumb\",\"itemListElement\":[{\"@type\":\"ListItem\",\"position\":1,\"name\":\"Home\",\"item\":\"https:\/\/dualar.com\/nl\/\"},{\"@type\":\"ListItem\",\"position\":2,\"name\":\"Starmer zegt dat Gaza &#8216;slecht&#8217; wordt geleid, 4 op de 5 moslimvertegenwoordigers\"}]},{\"@type\":\"WebSite\",\"@id\":\"https:\/\/dualar.com\/nl\/#website\",\"url\":\"https:\/\/dualar.com\/nl\/\",\"name\":\"Dualar.com\/nl\",\"description\":\"Gebeden die u op elk moment inspireren\",\"publisher\":{\"@id\":\"https:\/\/dualar.com\/nl\/#organization\"},\"potentialAction\":[{\"@type\":\"SearchAction\",\"target\":{\"@type\":\"EntryPoint\",\"urlTemplate\":\"https:\/\/dualar.com\/nl\/?s={search_term_string}\"},\"query-input\":{\"@type\":\"PropertyValueSpecification\",\"valueRequired\":true,\"valueName\":\"search_term_string\"}}],\"inLanguage\":\"nl-NL\"},{\"@type\":\"Organization\",\"@id\":\"https:\/\/dualar.com\/nl\/#organization\",\"name\":\"Dualar.com\/nl\",\"url\":\"https:\/\/dualar.com\/nl\/\",\"logo\":{\"@type\":\"ImageObject\",\"inLanguage\":\"nl-NL\",\"@id\":\"https:\/\/dualar.com\/nl\/#\/schema\/logo\/image\/\",\"url\":\"https:\/\/dualar.com\/nl\/wp-content\/uploads\/sites\/2\/2024\/11\/Her-Aniniza-Ilham-Veren-Dualar-1.png\",\"contentUrl\":\"https:\/\/dualar.com\/nl\/wp-content\/uploads\/sites\/2\/2024\/11\/Her-Aniniza-Ilham-Veren-Dualar-1.png\",\"width\":1000,\"height\":300,\"caption\":\"Dualar.com\/nl\"},\"image\":{\"@id\":\"https:\/\/dualar.com\/nl\/#\/schema\/logo\/image\/\"}},{\"@type\":\"Person\",\"@id\":\"https:\/\/dualar.com\/nl\/#\/schema\/person\/d920bfed24e7ef4d145c3664464931fd\",\"name\":\"info@blueappleagency.nl\",\"image\":{\"@type\":\"ImageObject\",\"inLanguage\":\"nl-NL\",\"@id\":\"https:\/\/dualar.com\/nl\/#\/schema\/person\/image\/\",\"url\":\"https:\/\/secure.gravatar.com\/avatar\/4bcc94ad74be7f14c7e9a39e3f95a587?s=96&d=mm&r=g\",\"contentUrl\":\"https:\/\/secure.gravatar.com\/avatar\/4bcc94ad74be7f14c7e9a39e3f95a587?s=96&d=mm&r=g\",\"caption\":\"info@blueappleagency.nl\"},\"sameAs\":[\"http:\/\/dualar.com\"],\"url\":\"#\"}]}<\/script>\n<!-- \/ Yoast SEO plugin. -->","yoast_head_json":{"title":"Starmer zegt dat Gaza 'slecht' wordt geleid, 4 op de 5 moslimvertegenwoordigers - Dualar.com\/nl","description":"Een enqu\u00eate toont aan dat 82% van de Moslimleden van de Arbeiderspartij vindt dat premier Starmer de oorlog in Gaza slecht beheert.","robots":{"index":"index","follow":"follow","max-snippet":"max-snippet:-1","max-image-preview":"max-image-preview:large","max-video-preview":"max-video-preview:-1"},"canonical":"https:\/\/dualar.com\/nl\/2025\/06\/05\/starmer-zegt-dat-gaza-slecht-wordt-geleid-4-op-de-5-moslimvertegenwoordigers\/","og_locale":"nl_NL","og_type":"article","og_title":"Starmer zegt dat Gaza 'slecht' wordt geleid, 4 op de 5 moslimvertegenwoordigers - Dualar.com\/nl","og_description":"Een enqu\u00eate toont aan dat 82% van de Moslimleden van de Arbeiderspartij vindt dat premier Starmer de oorlog in Gaza slecht beheert.","og_url":"https:\/\/dualar.com\/nl\/2025\/06\/05\/starmer-zegt-dat-gaza-slecht-wordt-geleid-4-op-de-5-moslimvertegenwoordigers\/","og_site_name":"Dualar.com\/nl","article_published_time":"2025-06-05T12:10:09+00:00","article_modified_time":"2025-06-05T12:10:16+00:00","og_image":[{"width":1024,"height":576,"url":"https:\/\/dualar.com\/nl\/wp-content\/uploads\/sites\/2\/2025\/06\/Starmer-zegt-dat-Gaza-slecht-wordt-geleid-4-op-de.jpg","type":"image\/jpeg"}],"author":"info@blueappleagency.nl","twitter_card":"summary_large_image","twitter_misc":{"Geschreven door":"info@blueappleagency.nl","Geschatte leestijd":"2 minuten"},"schema":{"@context":"https:\/\/schema.org","@graph":[{"@type":"Article","@id":"https:\/\/dualar.com\/nl\/2025\/06\/05\/starmer-zegt-dat-gaza-slecht-wordt-geleid-4-op-de-5-moslimvertegenwoordigers\/#article","isPartOf":{"@id":"https:\/\/dualar.com\/nl\/2025\/06\/05\/starmer-zegt-dat-gaza-slecht-wordt-geleid-4-op-de-5-moslimvertegenwoordigers\/"},"author":{"name":"info@blueappleagency.nl","@id":"https:\/\/dualar.com\/nl\/#\/schema\/person\/d920bfed24e7ef4d145c3664464931fd"},"headline":"Starmer zegt dat Gaza &#8216;slecht&#8217; wordt geleid, 4 op de 5 moslimvertegenwoordigers","datePublished":"2025-06-05T12:10:09+00:00","dateModified":"2025-06-05T12:10:16+00:00","mainEntityOfPage":{"@id":"https:\/\/dualar.com\/nl\/2025\/06\/05\/starmer-zegt-dat-gaza-slecht-wordt-geleid-4-op-de-5-moslimvertegenwoordigers\/"},"wordCount":460,"commentCount":0,"publisher":{"@id":"https:\/\/dualar.com\/nl\/#organization"},"image":{"@id":"https:\/\/dualar.com\/nl\/2025\/06\/05\/starmer-zegt-dat-gaza-slecht-wordt-geleid-4-op-de-5-moslimvertegenwoordigers\/#primaryimage"},"thumbnailUrl":"https:\/\/dualar.com\/nl\/wp-content\/uploads\/sites\/2\/2025\/06\/Starmer-zegt-dat-Gaza-slecht-wordt-geleid-4-op-de.jpg","keywords":["Gaza","moslimvertegenwoordigers","Slecht","Starmer"],"articleSection":["Mondiaal Moslim Nieuws"],"inLanguage":"nl-NL","potentialAction":[{"@type":"CommentAction","name":"Comment","target":["https:\/\/dualar.com\/nl\/2025\/06\/05\/starmer-zegt-dat-gaza-slecht-wordt-geleid-4-op-de-5-moslimvertegenwoordigers\/#respond"]}]},{"@type":"WebPage","@id":"https:\/\/dualar.com\/nl\/2025\/06\/05\/starmer-zegt-dat-gaza-slecht-wordt-geleid-4-op-de-5-moslimvertegenwoordigers\/","url":"https:\/\/dualar.com\/nl\/2025\/06\/05\/starmer-zegt-dat-gaza-slecht-wordt-geleid-4-op-de-5-moslimvertegenwoordigers\/","name":"Starmer zegt dat Gaza 'slecht' wordt geleid, 4 op de 5 moslimvertegenwoordigers - Dualar.com\/nl","isPartOf":{"@id":"https:\/\/dualar.com\/nl\/#website"},"primaryImageOfPage":{"@id":"https:\/\/dualar.com\/nl\/2025\/06\/05\/starmer-zegt-dat-gaza-slecht-wordt-geleid-4-op-de-5-moslimvertegenwoordigers\/#primaryimage"},"image":{"@id":"https:\/\/dualar.com\/nl\/2025\/06\/05\/starmer-zegt-dat-gaza-slecht-wordt-geleid-4-op-de-5-moslimvertegenwoordigers\/#primaryimage"},"thumbnailUrl":"https:\/\/dualar.com\/nl\/wp-content\/uploads\/sites\/2\/2025\/06\/Starmer-zegt-dat-Gaza-slecht-wordt-geleid-4-op-de.jpg","datePublished":"2025-06-05T12:10:09+00:00","dateModified":"2025-06-05T12:10:16+00:00","description":"Een enqu\u00eate toont aan dat 82% van de Moslimleden van de Arbeiderspartij vindt dat premier Starmer de oorlog in Gaza slecht beheert.","breadcrumb":{"@id":"https:\/\/dualar.com\/nl\/2025\/06\/05\/starmer-zegt-dat-gaza-slecht-wordt-geleid-4-op-de-5-moslimvertegenwoordigers\/#breadcrumb"},"inLanguage":"nl-NL","potentialAction":[{"@type":"ReadAction","target":["https:\/\/dualar.com\/nl\/2025\/06\/05\/starmer-zegt-dat-gaza-slecht-wordt-geleid-4-op-de-5-moslimvertegenwoordigers\/"]}]},{"@type":"ImageObject","inLanguage":"nl-NL","@id":"https:\/\/dualar.com\/nl\/2025\/06\/05\/starmer-zegt-dat-gaza-slecht-wordt-geleid-4-op-de-5-moslimvertegenwoordigers\/#primaryimage","url":"https:\/\/dualar.com\/nl\/wp-content\/uploads\/sites\/2\/2025\/06\/Starmer-zegt-dat-Gaza-slecht-wordt-geleid-4-op-de.jpg","contentUrl":"https:\/\/dualar.com\/nl\/wp-content\/uploads\/sites\/2\/2025\/06\/Starmer-zegt-dat-Gaza-slecht-wordt-geleid-4-op-de.jpg","width":1024,"height":576,"caption":"Starmer zegt dat Gaza 'slecht' wordt geleid, 4 op de 5 moslimvertegenwoordigers"},{"@type":"BreadcrumbList","@id":"https:\/\/dualar.com\/nl\/2025\/06\/05\/starmer-zegt-dat-gaza-slecht-wordt-geleid-4-op-de-5-moslimvertegenwoordigers\/#breadcrumb","itemListElement":[{"@type":"ListItem","position":1,"name":"Home","item":"https:\/\/dualar.com\/nl\/"},{"@type":"ListItem","position":2,"name":"Starmer zegt dat Gaza &#8216;slecht&#8217; wordt geleid, 4 op de 5 moslimvertegenwoordigers"}]},{"@type":"WebSite","@id":"https:\/\/dualar.com\/nl\/#website","url":"https:\/\/dualar.com\/nl\/","name":"Dualar.com\/nl","description":"Gebeden die u op elk moment inspireren","publisher":{"@id":"https:\/\/dualar.com\/nl\/#organization"},"potentialAction":[{"@type":"SearchAction","target":{"@type":"EntryPoint","urlTemplate":"https:\/\/dualar.com\/nl\/?s={search_term_string}"},"query-input":{"@type":"PropertyValueSpecification","valueRequired":true,"valueName":"search_term_string"}}],"inLanguage":"nl-NL"},{"@type":"Organization","@id":"https:\/\/dualar.com\/nl\/#organization","name":"Dualar.com\/nl","url":"https:\/\/dualar.com\/nl\/","logo":{"@type":"ImageObject","inLanguage":"nl-NL","@id":"https:\/\/dualar.com\/nl\/#\/schema\/logo\/image\/","url":"https:\/\/dualar.com\/nl\/wp-content\/uploads\/sites\/2\/2024\/11\/Her-Aniniza-Ilham-Veren-Dualar-1.png","contentUrl":"https:\/\/dualar.com\/nl\/wp-content\/uploads\/sites\/2\/2024\/11\/Her-Aniniza-Ilham-Veren-Dualar-1.png","width":1000,"height":300,"caption":"Dualar.com\/nl"},"image":{"@id":"https:\/\/dualar.com\/nl\/#\/schema\/logo\/image\/"}},{"@type":"Person","@id":"https:\/\/dualar.com\/nl\/#\/schema\/person\/d920bfed24e7ef4d145c3664464931fd","name":"info@blueappleagency.nl","image":{"@type":"ImageObject","inLanguage":"nl-NL","@id":"https:\/\/dualar.com\/nl\/#\/schema\/person\/image\/","url":"https:\/\/secure.gravatar.com\/avatar\/4bcc94ad74be7f14c7e9a39e3f95a587?s=96&d=mm&r=g","contentUrl":"https:\/\/secure.gravatar.com\/avatar\/4bcc94ad74be7f14c7e9a39e3f95a587?s=96&d=mm&r=g","caption":"info@blueappleagency.nl"},"sameAs":["http:\/\/dualar.com"],"url":"#"}]}},"taxonomy_info":{"category":[{"value":2,"label":"Mondiaal Moslim Nieuws"}],"post_tag":[{"value":85,"label":"Gaza"},{"value":2719,"label":"moslimvertegenwoordigers"},{"value":597,"label":"Slecht"},{"value":611,"label":"Starmer"}]},"featured_image_src_large":["https:\/\/dualar.com\/nl\/wp-content\/uploads\/sites\/2\/2025\/06\/Starmer-zegt-dat-Gaza-slecht-wordt-geleid-4-op-de.jpg",1024,576,false],"author_info":{"display_name":"info@blueappleagency.nl","author_link":"#"},"comment_info":0,"category_info":[{"term_id":2,"name":"Mondiaal Moslim Nieuws","slug":"mondiaal-moslim-nieuws","term_group":0,"term_taxonomy_id":2,"taxonomy":"category","description":"","parent":0,"count":1312,"filter":"raw","cat_ID":2,"category_count":1312,"category_description":"","cat_name":"Mondiaal Moslim Nieuws","category_nicename":"mondiaal-moslim-nieuws","category_parent":0}],"tag_info":[{"term_id":85,"name":"Gaza","slug":"gaza","term_group":0,"term_taxonomy_id":85,"taxonomy":"post_tag","description":"","parent":0,"count":191,"filter":"raw"},{"term_id":2719,"name":"moslimvertegenwoordigers","slug":"moslimvertegenwoordigers","term_group":0,"term_taxonomy_id":2719,"taxonomy":"post_tag","description":"","parent":0,"count":1,"filter":"raw"},{"term_id":597,"name":"Slecht","slug":"slecht","term_group":0,"term_taxonomy_id":597,"taxonomy":"post_tag","description":"","parent":0,"count":3,"filter":"raw"},{"term_id":611,"name":"Starmer","slug":"starmer","term_group":0,"term_taxonomy_id":611,"taxonomy":"post_tag","description":"","parent":0,"count":15,"filter":"raw"}],"_links":{"self":[{"href":"https:\/\/dualar.com\/nl\/wp-json\/wp\/v2\/posts\/4034","targetHints":{"allow":["GET"]}}],"collection":[{"href":"https:\/\/dualar.com\/nl\/wp-json\/wp\/v2\/posts"}],"about":[{"href":"https:\/\/dualar.com\/nl\/wp-json\/wp\/v2\/types\/post"}],"author":[{"embeddable":true,"href":"https:\/\/dualar.com\/nl\/wp-json\/wp\/v2\/users\/1"}],"replies":[{"embeddable":true,"href":"https:\/\/dualar.com\/nl\/wp-json\/wp\/v2\/comments?post=4034"}],"version-history":[{"count":1,"href":"https:\/\/dualar.com\/nl\/wp-json\/wp\/v2\/posts\/4034\/revisions"}],"predecessor-version":[{"id":4036,"href":"https:\/\/dualar.com\/nl\/wp-json\/wp\/v2\/posts\/4034\/revisions\/4036"}],"wp:featuredmedia":[{"embeddable":true,"href":"https:\/\/dualar.com\/nl\/wp-json\/wp\/v2\/media\/4035"}],"wp:attachment":[{"href":"https:\/\/dualar.com\/nl\/wp-json\/wp\/v2\/media?parent=4034"}],"wp:term":[{"taxonomy":"category","embeddable":true,"href":"https:\/\/dualar.com\/nl\/wp-json\/wp\/v2\/categories?post=4034"},{"taxonomy":"post_tag","embeddable":true,"href":"https:\/\/dualar.com\/nl\/wp-json\/wp\/v2\/tags?post=4034"}],"curies":[{"name":"wp","href":"https:\/\/api.w.org\/{rel}","templated":true}]}}