{"id":4112,"date":"2025-06-11T20:23:02","date_gmt":"2025-06-11T19:23:02","guid":{"rendered":"https:\/\/dualar.com\/nl\/2025\/06\/11\/vs-waarschuwde-landen-om-niet-deel-te-nemen-aan-de-franse-en-saoedische-vn-conferentie\/"},"modified":"2025-06-11T20:23:10","modified_gmt":"2025-06-11T19:23:10","slug":"vs-waarschuwde-landen-om-niet-deel-te-nemen-aan-de-franse-en-saoedische-vn-conferentie","status":"publish","type":"post","link":"https:\/\/dualar.com\/nl\/2025\/06\/11\/vs-waarschuwde-landen-om-niet-deel-te-nemen-aan-de-franse-en-saoedische-vn-conferentie\/","title":{"rendered":"VS, waarschuwde landen om niet deel te nemen aan de Franse en Saoedische VN-conferentie."},"content":{"rendered":"<div>\n<p><strong>VS, de Verenigde Staten overtuigt landen om niet deel te nemen aan de VN-conferentie over het Isra\u00eblisch-Palestijnse conflict<\/strong><\/p>\n<p>De Verenigde Staten oefenen druk uit op buitenlandse regeringen om niet deel te nemen aan de conferentie over een twee-statenoplossing voor het Isra\u00eblisch-Palestijnse conflict, die volgende week zal plaatsvinden en wordt gesponsord door Frankrijk en Saoedi-Arabi\u00eb. Volgens een diplomatiek kabelbericht van de VS is deze situatie een belangrijk agendapunt geworden in de internationale betrekkingen.<\/p>\n<p>In de kabel wordt landen gewaarschuwd om geen &#8220;Isra\u00ebl-tegenstellingen&#8221; te uiten en wordt aangegeven dat deelname aan de conferentie door Washington als een actie tegen de belangen van de Amerikaanse buitenlandse politiek zal worden beschouwd.<\/p>\n<p><strong>De rol van Frankrijk en Saoedi-Arabi\u00eb<\/strong><\/p>\n<p>Frankrijk is als permanent lid van de Veiligheidsraad van de Verenigde Naties een bondgenoot van de VS in de NAVO. Saoedi-Arabi\u00eb is een van de dichtsbijzijnde partners van de VS in het Midden-Oosten. Toen de Amerikaanse president Donald Trump in mei Riyad bezocht, werden er miljarden dollars aan investeringsakkoorden ondertekend met Saoedi-Arabi\u00eb.<\/p>\n<p>Frankrijk en Saoedi-Arabi\u00eb zullen de conferentie van 17-20 juni in New York organiseren.<\/p>\n<p><strong>Zorgen en doelen van de VS<\/strong><\/p>\n<p>Volgens Reuters waarschuwt de kabel dat &#8220;we de regeringen aanmoedigen om niet deel te nemen aan deze conferentie, die de voortdurende, levensreddende inspanningen om de oorlog te be\u00ebindigen negatief be\u00efnvloedt&#8221;. Er wordt ook vermeld dat de VS elke unilaterale erkenning van de Palestijnse staat verwerpt. Dit cre\u00ebert belangrijke juridische en politieke obstakels voor de oplossing van het conflict.<\/p>\n<p>Frankrijk was ook in overleg met het Verenigd Koninkrijk en andere Europese bondgenoten over de erkenning van de Palestijnse staat tijdens de conferentie.<\/p>\n<p><strong>Het belang en de verwachtingen van de conferentie<\/strong><\/p>\n<p> Eind mei hielden de lidstaten van de Verenigde Naties overleg ter voorbereiding op de conferentie, en de Arabische Groep moedigde landen aan om de Palestijnse staat te erkennen. De Arabische Groep gaf aan dat zij het succes van de conferentie zullen meten aan de hand van de erkenning van Palestina door belangrijke staten.<\/p>\n<p> Sinds de jaren vijftig hebben verschillende Amerikaanse regeringen verklaard dat het doel om het Isra\u00eblisch-Palestijnse conflict te be\u00ebindigen een twee-statenoplossing is. Veel experts en diplomaten benadrukken dat het hart van de toekomstige Palestijnse staat in het bezette Oost-Jeruzalem, de Westelijke Jordaanoever en Gaza ligt.<\/p>\n<p> Echter, de Amerikaanse ambassadeur in Isra\u00ebl, Mike Huckabee, verklaarde in een interview met Bloomberg News dat een Palestijnse staat in de bezette Westelijke Jordaanoever niet langer het Amerikaanse beleid is. Huckabee stelde dat Isra\u00ebl een Palestijnse staat zou kunnen cre\u00ebren door deze grondgebieden af te staan aan zijn &#8220;moslimburen&#8221;.<\/p>\n<p><strong>Ogen gericht op het staakt-het-vuren<\/strong><\/p>\n<p>In de kabel van de VS werd gesteld dat &#8220;de unilaterale erkenning van de Palestijnse staat 7 oktober effectief zou vaststellen als de Palestijnse Onafhankelijkheidsdag&#8221;. Hamas viel op 7 oktober 2023 Zuid-Isra\u00ebl aan en doodde ongeveer 1.200 mensen. Isra\u00ebl lanceerde een verwoestende aanval op Gaza, waarbij meer dan 54.000 Palestijnen, voornamelijk vrouwen en kinderen, werden gedood.<\/p>\n<p>De kabel van de VS gaf ook aan dat Washington samen met Egypte en Qatar werkt aan een staakt-het-vuren in Gaza en het vrijlaten van gijzelaars daar. &#8220;Deze conferentie verzwakt deze gevoelige onderhandelingen en moedigt de terroristische groep Hamas aan&#8221;, werd er gezegd.<\/p>\n<p><strong>Conclusie en oproep aan de lezers<\/strong><\/p>\n<p> Concluderend duidt de houding van de VS tegenover deze conferentie op een belangrijke ontwikkeling in de internationale diplomatie. Voor meer informatie en analyses over dit onderwerp, deel alstublieft uw gedachten of blijf gerelateerde artikelen lezen.<\/p>\n<p><a href=\"https:\/\/www.example.com\">Gerelateerde Artikelen: Discussies over de Erkenning van de Palestijnse Staat<\/a> | <a href=\"https:\/\/www.example.com\">Het Midden-Oostenbeleid van de VS<\/a><\/p>\n<\/div>\n","protected":false},"excerpt":{"rendered":"<p>De Verenigde Staten oefenen druk uit op landen om niet deel te nemen aan de VN-conferentie over het Isra\u00eblisch-Palestijnse conflict, die van 17-20 juni in New York plaatsvindt, gesponsord door Frankrijk en Saoedi-Arabi\u00eb. In een diplomatiek kabelbericht wordt gewaarschuwd dat deelname als tegen de Amerikaanse belangen wordt beschouwd. De VS verwerpen unilaterale erkenning van een Palestijnse staat, wat juridische obstakels cre\u00ebert voor een twee-statenoplossing. Washington werkt ook aan een staakt-het-vuren in Gaza, en vreest dat de conferentie deze inspanningen ondermijnt en Hamas versterkt. De rol van Frankrijk en Saoedi-Arabi\u00eb blijft cruciaal in deze context.<\/p>\n","protected":false},"author":1,"featured_media":4113,"comment_status":"open","ping_status":"open","sticky":false,"template":"","format":"standard","meta":{"_kad_blocks_custom_css":"","_kad_blocks_head_custom_js":"","_kad_blocks_body_custom_js":"","_kad_blocks_footer_custom_js":"","_kadence_starter_templates_imported_post":false,"_kad_post_transparent":"","_kad_post_title":"","_kad_post_layout":"","_kad_post_sidebar_id":"","_kad_post_content_style":"","_kad_post_vertical_padding":"","_kad_post_feature":"","_kad_post_feature_position":"","_kad_post_header":false,"_kad_post_footer":false,"footnotes":""},"categories":[2],"tags":[2757,566,1280,2107,1620,777,2758,108,2756],"class_list":["post-4112","post","type-post","status-publish","format-standard","has-post-thumbnail","hentry","category-mondiaal-moslim-nieuws","tag-deel","tag-franse","tag-landen","tag-nemen","tag-niet","tag-saoedische","tag-vn-conferentie","tag-vs","tag-waarschuwde"],"yoast_head":"<!-- This site is optimized with the Yoast SEO plugin v23.9 - https:\/\/yoast.com\/wordpress\/plugins\/seo\/ -->\n<title>VS, waarschuwde landen om niet deel te nemen aan de Franse en Saoedische VN-conferentie. - Dualar.com\/nl<\/title>\n<meta name=\"description\" content=\"De VS dringt aan op niet-deelname aan de VN-conferentie over het Isra\u00eblisch-Palestijnse conflict, georganiseerd door Frankrijk en Saoedi-Arabi\u00eb.\" \/>\n<meta name=\"robots\" content=\"index, follow, max-snippet:-1, max-image-preview:large, max-video-preview:-1\" \/>\n<link rel=\"canonical\" href=\"https:\/\/dualar.com\/nl\/2025\/06\/11\/vs-waarschuwde-landen-om-niet-deel-te-nemen-aan-de-franse-en-saoedische-vn-conferentie\/\" \/>\n<meta property=\"og:locale\" content=\"nl_NL\" \/>\n<meta property=\"og:type\" content=\"article\" \/>\n<meta property=\"og:title\" content=\"VS, waarschuwde landen om niet deel te nemen aan de Franse en Saoedische VN-conferentie. - Dualar.com\/nl\" \/>\n<meta property=\"og:description\" content=\"De VS dringt aan op niet-deelname aan de VN-conferentie over het Isra\u00eblisch-Palestijnse conflict, georganiseerd door Frankrijk en Saoedi-Arabi\u00eb.\" \/>\n<meta property=\"og:url\" content=\"https:\/\/dualar.com\/nl\/2025\/06\/11\/vs-waarschuwde-landen-om-niet-deel-te-nemen-aan-de-franse-en-saoedische-vn-conferentie\/\" \/>\n<meta property=\"og:site_name\" content=\"Dualar.com\/nl\" \/>\n<meta property=\"article:published_time\" content=\"2025-06-11T19:23:02+00:00\" \/>\n<meta property=\"article:modified_time\" content=\"2025-06-11T19:23:10+00:00\" \/>\n<meta property=\"og:image\" content=\"https:\/\/dualar.com\/nl\/wp-content\/uploads\/sites\/2\/2025\/06\/VS-waarschuwde-landen-om-niet-deel-te-nemen-aan-de.jpg\" \/>\n\t<meta property=\"og:image:width\" content=\"1200\" \/>\n\t<meta property=\"og:image:height\" content=\"675\" \/>\n\t<meta property=\"og:image:type\" content=\"image\/jpeg\" \/>\n<meta name=\"author\" content=\"info@blueappleagency.nl\" \/>\n<meta name=\"twitter:card\" content=\"summary_large_image\" \/>\n<meta name=\"twitter:label1\" content=\"Geschreven door\" \/>\n\t<meta name=\"twitter:data1\" content=\"info@blueappleagency.nl\" \/>\n\t<meta name=\"twitter:label2\" content=\"Geschatte leestijd\" \/>\n\t<meta name=\"twitter:data2\" content=\"3 minuten\" \/>\n<script type=\"application\/ld+json\" class=\"yoast-schema-graph\">{\"@context\":\"https:\/\/schema.org\",\"@graph\":[{\"@type\":\"Article\",\"@id\":\"https:\/\/dualar.com\/nl\/2025\/06\/11\/vs-waarschuwde-landen-om-niet-deel-te-nemen-aan-de-franse-en-saoedische-vn-conferentie\/#article\",\"isPartOf\":{\"@id\":\"https:\/\/dualar.com\/nl\/2025\/06\/11\/vs-waarschuwde-landen-om-niet-deel-te-nemen-aan-de-franse-en-saoedische-vn-conferentie\/\"},\"author\":{\"name\":\"info@blueappleagency.nl\",\"@id\":\"https:\/\/dualar.com\/nl\/#\/schema\/person\/d920bfed24e7ef4d145c3664464931fd\"},\"headline\":\"VS, waarschuwde landen om niet deel te nemen aan de Franse en Saoedische VN-conferentie.\",\"datePublished\":\"2025-06-11T19:23:02+00:00\",\"dateModified\":\"2025-06-11T19:23:10+00:00\",\"mainEntityOfPage\":{\"@id\":\"https:\/\/dualar.com\/nl\/2025\/06\/11\/vs-waarschuwde-landen-om-niet-deel-te-nemen-aan-de-franse-en-saoedische-vn-conferentie\/\"},\"wordCount\":601,\"commentCount\":0,\"publisher\":{\"@id\":\"https:\/\/dualar.com\/nl\/#organization\"},\"image\":{\"@id\":\"https:\/\/dualar.com\/nl\/2025\/06\/11\/vs-waarschuwde-landen-om-niet-deel-te-nemen-aan-de-franse-en-saoedische-vn-conferentie\/#primaryimage\"},\"thumbnailUrl\":\"https:\/\/dualar.com\/nl\/wp-content\/uploads\/sites\/2\/2025\/06\/VS-waarschuwde-landen-om-niet-deel-te-nemen-aan-de.jpg\",\"keywords\":[\"deel\",\"Franse\",\"landen\",\"Nemen\",\"Niet\",\"Saoedische\",\"VN-conferentie\",\"VS\",\"waarschuwde\"],\"articleSection\":[\"Mondiaal Moslim Nieuws\"],\"inLanguage\":\"nl-NL\",\"potentialAction\":[{\"@type\":\"CommentAction\",\"name\":\"Comment\",\"target\":[\"https:\/\/dualar.com\/nl\/2025\/06\/11\/vs-waarschuwde-landen-om-niet-deel-te-nemen-aan-de-franse-en-saoedische-vn-conferentie\/#respond\"]}]},{\"@type\":\"WebPage\",\"@id\":\"https:\/\/dualar.com\/nl\/2025\/06\/11\/vs-waarschuwde-landen-om-niet-deel-te-nemen-aan-de-franse-en-saoedische-vn-conferentie\/\",\"url\":\"https:\/\/dualar.com\/nl\/2025\/06\/11\/vs-waarschuwde-landen-om-niet-deel-te-nemen-aan-de-franse-en-saoedische-vn-conferentie\/\",\"name\":\"VS, waarschuwde landen om niet deel te nemen aan de Franse en Saoedische VN-conferentie. - Dualar.com\/nl\",\"isPartOf\":{\"@id\":\"https:\/\/dualar.com\/nl\/#website\"},\"primaryImageOfPage\":{\"@id\":\"https:\/\/dualar.com\/nl\/2025\/06\/11\/vs-waarschuwde-landen-om-niet-deel-te-nemen-aan-de-franse-en-saoedische-vn-conferentie\/#primaryimage\"},\"image\":{\"@id\":\"https:\/\/dualar.com\/nl\/2025\/06\/11\/vs-waarschuwde-landen-om-niet-deel-te-nemen-aan-de-franse-en-saoedische-vn-conferentie\/#primaryimage\"},\"thumbnailUrl\":\"https:\/\/dualar.com\/nl\/wp-content\/uploads\/sites\/2\/2025\/06\/VS-waarschuwde-landen-om-niet-deel-te-nemen-aan-de.jpg\",\"datePublished\":\"2025-06-11T19:23:02+00:00\",\"dateModified\":\"2025-06-11T19:23:10+00:00\",\"description\":\"De VS dringt aan op niet-deelname aan de VN-conferentie over het Isra\u00eblisch-Palestijnse conflict, georganiseerd door Frankrijk en Saoedi-Arabi\u00eb.\",\"breadcrumb\":{\"@id\":\"https:\/\/dualar.com\/nl\/2025\/06\/11\/vs-waarschuwde-landen-om-niet-deel-te-nemen-aan-de-franse-en-saoedische-vn-conferentie\/#breadcrumb\"},\"inLanguage\":\"nl-NL\",\"potentialAction\":[{\"@type\":\"ReadAction\",\"target\":[\"https:\/\/dualar.com\/nl\/2025\/06\/11\/vs-waarschuwde-landen-om-niet-deel-te-nemen-aan-de-franse-en-saoedische-vn-conferentie\/\"]}]},{\"@type\":\"ImageObject\",\"inLanguage\":\"nl-NL\",\"@id\":\"https:\/\/dualar.com\/nl\/2025\/06\/11\/vs-waarschuwde-landen-om-niet-deel-te-nemen-aan-de-franse-en-saoedische-vn-conferentie\/#primaryimage\",\"url\":\"https:\/\/dualar.com\/nl\/wp-content\/uploads\/sites\/2\/2025\/06\/VS-waarschuwde-landen-om-niet-deel-te-nemen-aan-de.jpg\",\"contentUrl\":\"https:\/\/dualar.com\/nl\/wp-content\/uploads\/sites\/2\/2025\/06\/VS-waarschuwde-landen-om-niet-deel-te-nemen-aan-de.jpg\",\"width\":1200,\"height\":675,\"caption\":\"VS, waarschuwde landen om niet deel te nemen aan de Franse en Saoedische VN-conferentie.\"},{\"@type\":\"BreadcrumbList\",\"@id\":\"https:\/\/dualar.com\/nl\/2025\/06\/11\/vs-waarschuwde-landen-om-niet-deel-te-nemen-aan-de-franse-en-saoedische-vn-conferentie\/#breadcrumb\",\"itemListElement\":[{\"@type\":\"ListItem\",\"position\":1,\"name\":\"Home\",\"item\":\"https:\/\/dualar.com\/nl\/\"},{\"@type\":\"ListItem\",\"position\":2,\"name\":\"VS, waarschuwde landen om niet deel te nemen aan de Franse en Saoedische VN-conferentie.\"}]},{\"@type\":\"WebSite\",\"@id\":\"https:\/\/dualar.com\/nl\/#website\",\"url\":\"https:\/\/dualar.com\/nl\/\",\"name\":\"Dualar.com\/nl\",\"description\":\"Gebeden die u op elk moment inspireren\",\"publisher\":{\"@id\":\"https:\/\/dualar.com\/nl\/#organization\"},\"potentialAction\":[{\"@type\":\"SearchAction\",\"target\":{\"@type\":\"EntryPoint\",\"urlTemplate\":\"https:\/\/dualar.com\/nl\/?s={search_term_string}\"},\"query-input\":{\"@type\":\"PropertyValueSpecification\",\"valueRequired\":true,\"valueName\":\"search_term_string\"}}],\"inLanguage\":\"nl-NL\"},{\"@type\":\"Organization\",\"@id\":\"https:\/\/dualar.com\/nl\/#organization\",\"name\":\"Dualar.com\/nl\",\"url\":\"https:\/\/dualar.com\/nl\/\",\"logo\":{\"@type\":\"ImageObject\",\"inLanguage\":\"nl-NL\",\"@id\":\"https:\/\/dualar.com\/nl\/#\/schema\/logo\/image\/\",\"url\":\"https:\/\/dualar.com\/nl\/wp-content\/uploads\/sites\/2\/2024\/11\/Her-Aniniza-Ilham-Veren-Dualar-1.png\",\"contentUrl\":\"https:\/\/dualar.com\/nl\/wp-content\/uploads\/sites\/2\/2024\/11\/Her-Aniniza-Ilham-Veren-Dualar-1.png\",\"width\":1000,\"height\":300,\"caption\":\"Dualar.com\/nl\"},\"image\":{\"@id\":\"https:\/\/dualar.com\/nl\/#\/schema\/logo\/image\/\"}},{\"@type\":\"Person\",\"@id\":\"https:\/\/dualar.com\/nl\/#\/schema\/person\/d920bfed24e7ef4d145c3664464931fd\",\"name\":\"info@blueappleagency.nl\",\"image\":{\"@type\":\"ImageObject\",\"inLanguage\":\"nl-NL\",\"@id\":\"https:\/\/dualar.com\/nl\/#\/schema\/person\/image\/\",\"url\":\"https:\/\/secure.gravatar.com\/avatar\/4bcc94ad74be7f14c7e9a39e3f95a587?s=96&d=mm&r=g\",\"contentUrl\":\"https:\/\/secure.gravatar.com\/avatar\/4bcc94ad74be7f14c7e9a39e3f95a587?s=96&d=mm&r=g\",\"caption\":\"info@blueappleagency.nl\"},\"sameAs\":[\"http:\/\/dualar.com\"],\"url\":\"#\"}]}<\/script>\n<!-- \/ Yoast SEO plugin. -->","yoast_head_json":{"title":"VS, waarschuwde landen om niet deel te nemen aan de Franse en Saoedische VN-conferentie. - Dualar.com\/nl","description":"De VS dringt aan op niet-deelname aan de VN-conferentie over het Isra\u00eblisch-Palestijnse conflict, georganiseerd door Frankrijk en Saoedi-Arabi\u00eb.","robots":{"index":"index","follow":"follow","max-snippet":"max-snippet:-1","max-image-preview":"max-image-preview:large","max-video-preview":"max-video-preview:-1"},"canonical":"https:\/\/dualar.com\/nl\/2025\/06\/11\/vs-waarschuwde-landen-om-niet-deel-te-nemen-aan-de-franse-en-saoedische-vn-conferentie\/","og_locale":"nl_NL","og_type":"article","og_title":"VS, waarschuwde landen om niet deel te nemen aan de Franse en Saoedische VN-conferentie. - Dualar.com\/nl","og_description":"De VS dringt aan op niet-deelname aan de VN-conferentie over het Isra\u00eblisch-Palestijnse conflict, georganiseerd door Frankrijk en Saoedi-Arabi\u00eb.","og_url":"https:\/\/dualar.com\/nl\/2025\/06\/11\/vs-waarschuwde-landen-om-niet-deel-te-nemen-aan-de-franse-en-saoedische-vn-conferentie\/","og_site_name":"Dualar.com\/nl","article_published_time":"2025-06-11T19:23:02+00:00","article_modified_time":"2025-06-11T19:23:10+00:00","og_image":[{"width":1200,"height":675,"url":"https:\/\/dualar.com\/nl\/wp-content\/uploads\/sites\/2\/2025\/06\/VS-waarschuwde-landen-om-niet-deel-te-nemen-aan-de.jpg","type":"image\/jpeg"}],"author":"info@blueappleagency.nl","twitter_card":"summary_large_image","twitter_misc":{"Geschreven door":"info@blueappleagency.nl","Geschatte leestijd":"3 minuten"},"schema":{"@context":"https:\/\/schema.org","@graph":[{"@type":"Article","@id":"https:\/\/dualar.com\/nl\/2025\/06\/11\/vs-waarschuwde-landen-om-niet-deel-te-nemen-aan-de-franse-en-saoedische-vn-conferentie\/#article","isPartOf":{"@id":"https:\/\/dualar.com\/nl\/2025\/06\/11\/vs-waarschuwde-landen-om-niet-deel-te-nemen-aan-de-franse-en-saoedische-vn-conferentie\/"},"author":{"name":"info@blueappleagency.nl","@id":"https:\/\/dualar.com\/nl\/#\/schema\/person\/d920bfed24e7ef4d145c3664464931fd"},"headline":"VS, waarschuwde landen om niet deel te nemen aan de Franse en Saoedische VN-conferentie.","datePublished":"2025-06-11T19:23:02+00:00","dateModified":"2025-06-11T19:23:10+00:00","mainEntityOfPage":{"@id":"https:\/\/dualar.com\/nl\/2025\/06\/11\/vs-waarschuwde-landen-om-niet-deel-te-nemen-aan-de-franse-en-saoedische-vn-conferentie\/"},"wordCount":601,"commentCount":0,"publisher":{"@id":"https:\/\/dualar.com\/nl\/#organization"},"image":{"@id":"https:\/\/dualar.com\/nl\/2025\/06\/11\/vs-waarschuwde-landen-om-niet-deel-te-nemen-aan-de-franse-en-saoedische-vn-conferentie\/#primaryimage"},"thumbnailUrl":"https:\/\/dualar.com\/nl\/wp-content\/uploads\/sites\/2\/2025\/06\/VS-waarschuwde-landen-om-niet-deel-te-nemen-aan-de.jpg","keywords":["deel","Franse","landen","Nemen","Niet","Saoedische","VN-conferentie","VS","waarschuwde"],"articleSection":["Mondiaal Moslim Nieuws"],"inLanguage":"nl-NL","potentialAction":[{"@type":"CommentAction","name":"Comment","target":["https:\/\/dualar.com\/nl\/2025\/06\/11\/vs-waarschuwde-landen-om-niet-deel-te-nemen-aan-de-franse-en-saoedische-vn-conferentie\/#respond"]}]},{"@type":"WebPage","@id":"https:\/\/dualar.com\/nl\/2025\/06\/11\/vs-waarschuwde-landen-om-niet-deel-te-nemen-aan-de-franse-en-saoedische-vn-conferentie\/","url":"https:\/\/dualar.com\/nl\/2025\/06\/11\/vs-waarschuwde-landen-om-niet-deel-te-nemen-aan-de-franse-en-saoedische-vn-conferentie\/","name":"VS, waarschuwde landen om niet deel te nemen aan de Franse en Saoedische VN-conferentie. - Dualar.com\/nl","isPartOf":{"@id":"https:\/\/dualar.com\/nl\/#website"},"primaryImageOfPage":{"@id":"https:\/\/dualar.com\/nl\/2025\/06\/11\/vs-waarschuwde-landen-om-niet-deel-te-nemen-aan-de-franse-en-saoedische-vn-conferentie\/#primaryimage"},"image":{"@id":"https:\/\/dualar.com\/nl\/2025\/06\/11\/vs-waarschuwde-landen-om-niet-deel-te-nemen-aan-de-franse-en-saoedische-vn-conferentie\/#primaryimage"},"thumbnailUrl":"https:\/\/dualar.com\/nl\/wp-content\/uploads\/sites\/2\/2025\/06\/VS-waarschuwde-landen-om-niet-deel-te-nemen-aan-de.jpg","datePublished":"2025-06-11T19:23:02+00:00","dateModified":"2025-06-11T19:23:10+00:00","description":"De VS dringt aan op niet-deelname aan de VN-conferentie over het Isra\u00eblisch-Palestijnse conflict, georganiseerd door Frankrijk en Saoedi-Arabi\u00eb.","breadcrumb":{"@id":"https:\/\/dualar.com\/nl\/2025\/06\/11\/vs-waarschuwde-landen-om-niet-deel-te-nemen-aan-de-franse-en-saoedische-vn-conferentie\/#breadcrumb"},"inLanguage":"nl-NL","potentialAction":[{"@type":"ReadAction","target":["https:\/\/dualar.com\/nl\/2025\/06\/11\/vs-waarschuwde-landen-om-niet-deel-te-nemen-aan-de-franse-en-saoedische-vn-conferentie\/"]}]},{"@type":"ImageObject","inLanguage":"nl-NL","@id":"https:\/\/dualar.com\/nl\/2025\/06\/11\/vs-waarschuwde-landen-om-niet-deel-te-nemen-aan-de-franse-en-saoedische-vn-conferentie\/#primaryimage","url":"https:\/\/dualar.com\/nl\/wp-content\/uploads\/sites\/2\/2025\/06\/VS-waarschuwde-landen-om-niet-deel-te-nemen-aan-de.jpg","contentUrl":"https:\/\/dualar.com\/nl\/wp-content\/uploads\/sites\/2\/2025\/06\/VS-waarschuwde-landen-om-niet-deel-te-nemen-aan-de.jpg","width":1200,"height":675,"caption":"VS, waarschuwde landen om niet deel te nemen aan de Franse en Saoedische VN-conferentie."},{"@type":"BreadcrumbList","@id":"https:\/\/dualar.com\/nl\/2025\/06\/11\/vs-waarschuwde-landen-om-niet-deel-te-nemen-aan-de-franse-en-saoedische-vn-conferentie\/#breadcrumb","itemListElement":[{"@type":"ListItem","position":1,"name":"Home","item":"https:\/\/dualar.com\/nl\/"},{"@type":"ListItem","position":2,"name":"VS, waarschuwde landen om niet deel te nemen aan de Franse en Saoedische VN-conferentie."}]},{"@type":"WebSite","@id":"https:\/\/dualar.com\/nl\/#website","url":"https:\/\/dualar.com\/nl\/","name":"Dualar.com\/nl","description":"Gebeden die u op elk moment inspireren","publisher":{"@id":"https:\/\/dualar.com\/nl\/#organization"},"potentialAction":[{"@type":"SearchAction","target":{"@type":"EntryPoint","urlTemplate":"https:\/\/dualar.com\/nl\/?s={search_term_string}"},"query-input":{"@type":"PropertyValueSpecification","valueRequired":true,"valueName":"search_term_string"}}],"inLanguage":"nl-NL"},{"@type":"Organization","@id":"https:\/\/dualar.com\/nl\/#organization","name":"Dualar.com\/nl","url":"https:\/\/dualar.com\/nl\/","logo":{"@type":"ImageObject","inLanguage":"nl-NL","@id":"https:\/\/dualar.com\/nl\/#\/schema\/logo\/image\/","url":"https:\/\/dualar.com\/nl\/wp-content\/uploads\/sites\/2\/2024\/11\/Her-Aniniza-Ilham-Veren-Dualar-1.png","contentUrl":"https:\/\/dualar.com\/nl\/wp-content\/uploads\/sites\/2\/2024\/11\/Her-Aniniza-Ilham-Veren-Dualar-1.png","width":1000,"height":300,"caption":"Dualar.com\/nl"},"image":{"@id":"https:\/\/dualar.com\/nl\/#\/schema\/logo\/image\/"}},{"@type":"Person","@id":"https:\/\/dualar.com\/nl\/#\/schema\/person\/d920bfed24e7ef4d145c3664464931fd","name":"info@blueappleagency.nl","image":{"@type":"ImageObject","inLanguage":"nl-NL","@id":"https:\/\/dualar.com\/nl\/#\/schema\/person\/image\/","url":"https:\/\/secure.gravatar.com\/avatar\/4bcc94ad74be7f14c7e9a39e3f95a587?s=96&d=mm&r=g","contentUrl":"https:\/\/secure.gravatar.com\/avatar\/4bcc94ad74be7f14c7e9a39e3f95a587?s=96&d=mm&r=g","caption":"info@blueappleagency.nl"},"sameAs":["http:\/\/dualar.com"],"url":"#"}]}},"taxonomy_info":{"category":[{"value":2,"label":"Mondiaal Moslim Nieuws"}],"post_tag":[{"value":2757,"label":"deel"},{"value":566,"label":"Franse"},{"value":1280,"label":"landen"},{"value":2107,"label":"Nemen"},{"value":1620,"label":"Niet"},{"value":777,"label":"Saoedische"},{"value":2758,"label":"VN-conferentie"},{"value":108,"label":"VS"},{"value":2756,"label":"waarschuwde"}]},"featured_image_src_large":["https:\/\/dualar.com\/nl\/wp-content\/uploads\/sites\/2\/2025\/06\/VS-waarschuwde-landen-om-niet-deel-te-nemen-aan-de-1024x576.jpg",1024,576,true],"author_info":{"display_name":"info@blueappleagency.nl","author_link":"#"},"comment_info":0,"category_info":[{"term_id":2,"name":"Mondiaal Moslim Nieuws","slug":"mondiaal-moslim-nieuws","term_group":0,"term_taxonomy_id":2,"taxonomy":"category","description":"","parent":0,"count":1312,"filter":"raw","cat_ID":2,"category_count":1312,"category_description":"","cat_name":"Mondiaal Moslim Nieuws","category_nicename":"mondiaal-moslim-nieuws","category_parent":0}],"tag_info":[{"term_id":2757,"name":"deel","slug":"deel","term_group":0,"term_taxonomy_id":2757,"taxonomy":"post_tag","description":"","parent":0,"count":1,"filter":"raw"},{"term_id":566,"name":"Franse","slug":"franse","term_group":0,"term_taxonomy_id":566,"taxonomy":"post_tag","description":"","parent":0,"count":6,"filter":"raw"},{"term_id":1280,"name":"landen","slug":"landen","term_group":0,"term_taxonomy_id":1280,"taxonomy":"post_tag","description":"","parent":0,"count":3,"filter":"raw"},{"term_id":2107,"name":"Nemen","slug":"nemen","term_group":0,"term_taxonomy_id":2107,"taxonomy":"post_tag","description":"","parent":0,"count":3,"filter":"raw"},{"term_id":1620,"name":"Niet","slug":"niet","term_group":0,"term_taxonomy_id":1620,"taxonomy":"post_tag","description":"","parent":0,"count":9,"filter":"raw"},{"term_id":777,"name":"Saoedische","slug":"saoedische","term_group":0,"term_taxonomy_id":777,"taxonomy":"post_tag","description":"","parent":0,"count":4,"filter":"raw"},{"term_id":2758,"name":"VN-conferentie","slug":"vn-conferentie","term_group":0,"term_taxonomy_id":2758,"taxonomy":"post_tag","description":"","parent":0,"count":1,"filter":"raw"},{"term_id":108,"name":"VS","slug":"vs","term_group":0,"term_taxonomy_id":108,"taxonomy":"post_tag","description":"","parent":0,"count":71,"filter":"raw"},{"term_id":2756,"name":"waarschuwde","slug":"waarschuwde","term_group":0,"term_taxonomy_id":2756,"taxonomy":"post_tag","description":"","parent":0,"count":2,"filter":"raw"}],"_links":{"self":[{"href":"https:\/\/dualar.com\/nl\/wp-json\/wp\/v2\/posts\/4112","targetHints":{"allow":["GET"]}}],"collection":[{"href":"https:\/\/dualar.com\/nl\/wp-json\/wp\/v2\/posts"}],"about":[{"href":"https:\/\/dualar.com\/nl\/wp-json\/wp\/v2\/types\/post"}],"author":[{"embeddable":true,"href":"https:\/\/dualar.com\/nl\/wp-json\/wp\/v2\/users\/1"}],"replies":[{"embeddable":true,"href":"https:\/\/dualar.com\/nl\/wp-json\/wp\/v2\/comments?post=4112"}],"version-history":[{"count":1,"href":"https:\/\/dualar.com\/nl\/wp-json\/wp\/v2\/posts\/4112\/revisions"}],"predecessor-version":[{"id":4114,"href":"https:\/\/dualar.com\/nl\/wp-json\/wp\/v2\/posts\/4112\/revisions\/4114"}],"wp:featuredmedia":[{"embeddable":true,"href":"https:\/\/dualar.com\/nl\/wp-json\/wp\/v2\/media\/4113"}],"wp:attachment":[{"href":"https:\/\/dualar.com\/nl\/wp-json\/wp\/v2\/media?parent=4112"}],"wp:term":[{"taxonomy":"category","embeddable":true,"href":"https:\/\/dualar.com\/nl\/wp-json\/wp\/v2\/categories?post=4112"},{"taxonomy":"post_tag","embeddable":true,"href":"https:\/\/dualar.com\/nl\/wp-json\/wp\/v2\/tags?post=4112"}],"curies":[{"name":"wp","href":"https:\/\/api.w.org\/{rel}","templated":true}]}}