{"id":4121,"date":"2025-06-12T01:29:54","date_gmt":"2025-06-12T00:29:54","guid":{"rendered":"https:\/\/dualar.com\/nl\/2025\/06\/12\/het-aantal-doden-in-gaza-is-in-de-oorlog-van-israel-de-53-000-gepasseerd\/"},"modified":"2025-06-12T01:30:03","modified_gmt":"2025-06-12T00:30:03","slug":"het-aantal-doden-in-gaza-is-in-de-oorlog-van-israel-de-53-000-gepasseerd","status":"publish","type":"post","link":"https:\/\/dualar.com\/nl\/2025\/06\/12\/het-aantal-doden-in-gaza-is-in-de-oorlog-van-israel-de-53-000-gepasseerd\/","title":{"rendered":"Het aantal doden in Gaza is in de oorlog van Isra\u00ebl de 53.000 gepasseerd"},"content":{"rendered":"<div>\n<p><strong>In de Oorlog in Gaza zijn 53.119 Palestijnen om het Leven gekomen<\/strong><\/p>\n<p>Het Palestijnse Ministerie van Gezondheid heeft gemeld dat sinds oktober 2023 minstens 53.119 Palestijnen zijn omgekomen in de oorlog die door Isra\u00ebl wordt gevoerd. Volgens een verklaring van het ministerie zijn er de afgelopen 24 uur 109 mensen omgekomen door Isra\u00eblische aanvallen, terwijl 216 mensen gewond raakten. Hierdoor is het totale aantal gewonden door Isra\u00eblische aanvallen opgelopen tot 120.214. <\/p>\n<p>Het ministerie verklaarde: &#8220;Veel slachtoffers liggen nog steeds onder het puin en zijn vast komen te zitten op de wegen, reddingsteams kunnen hen niet bereiken.&#8221; <\/p>\n<p><strong>Isra\u00eblische Aanvallen op Gaza Gaan Door<\/strong><\/p>\n<p>Het Isra\u00eblische leger is op 18 maart opnieuw begonnen met aanvallen op de Gazastrook en heeft sindsdien 2.985 mensen gedood en 8.173 mensen verwond. Deze aanvallen schenden de wapenstilstand en het gevangenisruilakkoord dat in januari van kracht werd.<\/p>\n<p><strong>Oorlogsmisdaden en Internationale Reacties<\/strong><\/p>\n<p>Vorige maand heeft het Internationaal Strafhof arrestatiebevelen uitgevaardigd tegen de Isra\u00eblische premier Benjamin Netanyahu en de voormalige minister van Defensie Yoav Gallant vanwege oorlogsmisdaden en misdaden tegen de menselijkheid in Gaza. <\/p>\n<p>Bovendien wordt gemeld dat Isra\u00ebl wordt geconfronteerd met een genocidezaak bij het Internationaal Gerechtshof vanwege de oorlog die het tegen Gaza voert.<\/p>\n<p><strong>Conclusie<\/strong><\/p>\n<p>De Isra\u00eblische aanvallen op Gaza blijven grote bezorgdheid wekken in de internationale gemeenschap. Deze pijnlijke gegevens van het Ministerie van Gezondheid werpen een licht op de omvang van de humanitaire crisis in de regio. <\/p>\n<p>We nodigen onze lezers uit om hun gedachten over dit onderwerp met ons te delen en soortgelijke artikelen te lezen. Voor meer informatie over de situatie in Gaza kunt u de websites van het <a href=\"https:\/\/www.icc-cpi.int\/\">Internationaal Strafhof<\/a> en het <a href=\"https:\/\/www.icj-cij.org\/\">Internationaal Gerechtshof<\/a> bezoeken.<\/p>\n<\/div>\n","protected":false},"excerpt":{"rendered":"<p>In de Oorlog in Gaza zijn sinds oktober 2023 minstens 53.119 Palestijnen omgekomen, meldt het Palestijnse Ministerie van Gezondheid. In de afgelopen 24 uur vielen er 109 doden door Isra\u00eblische aanvallen, waardoor het totale aantal gewonden op 120.214 komt. Veel slachtoffers liggen nog onder het puin en reddingsteams kunnen hen niet bereiken. Sinds 18 maart heeft het Isra\u00eblische leger 2.985 mensen gedood en 8.173 gewond. Het Internationaal Strafhof heeft arrestatiebevelen uitgevaardigd tegen Isra\u00eblische leiders vanwege oorlogsmisdaden. De internationale gemeenschap maakt zich grote zorgen over de humanitaire crisis in de regio.<\/p>\n","protected":false},"author":1,"featured_media":4122,"comment_status":"open","ping_status":"open","sticky":false,"template":"","format":"standard","meta":{"_kad_blocks_custom_css":"","_kad_blocks_head_custom_js":"","_kad_blocks_body_custom_js":"","_kad_blocks_footer_custom_js":"","_kadence_starter_templates_imported_post":false,"_kad_post_transparent":"","_kad_post_title":"","_kad_post_layout":"","_kad_post_sidebar_id":"","_kad_post_content_style":"","_kad_post_vertical_padding":"","_kad_post_feature":"","_kad_post_feature_position":"","_kad_post_header":false,"_kad_post_footer":false,"footnotes":""},"categories":[2],"tags":[2763,219,85,38,220],"class_list":["post-4121","post","type-post","status-publish","format-standard","has-post-thumbnail","hentry","category-mondiaal-moslim-nieuws","tag-53-000","tag-doden","tag-gaza","tag-israel","tag-oorlog"],"yoast_head":"<!-- This site is optimized with the Yoast SEO plugin v23.9 - https:\/\/yoast.com\/wordpress\/plugins\/seo\/ -->\n<title>Het aantal doden in Gaza is in de oorlog van Isra\u00ebl de 53.000 gepasseerd - Dualar.com\/nl<\/title>\n<meta name=\"description\" content=\"In Gaza zijn sinds oktober 53.119 Palestijnen omgekomen door Isra\u00eblische aanvallen, met duizenden gewonden en een groeiende humanitaire crisis.\" \/>\n<meta name=\"robots\" content=\"index, follow, max-snippet:-1, max-image-preview:large, max-video-preview:-1\" \/>\n<link rel=\"canonical\" href=\"https:\/\/dualar.com\/nl\/2025\/06\/12\/het-aantal-doden-in-gaza-is-in-de-oorlog-van-israel-de-53-000-gepasseerd\/\" \/>\n<meta property=\"og:locale\" content=\"nl_NL\" \/>\n<meta property=\"og:type\" content=\"article\" \/>\n<meta property=\"og:title\" content=\"Het aantal doden in Gaza is in de oorlog van Isra\u00ebl de 53.000 gepasseerd - Dualar.com\/nl\" \/>\n<meta property=\"og:description\" content=\"In Gaza zijn sinds oktober 53.119 Palestijnen omgekomen door Isra\u00eblische aanvallen, met duizenden gewonden en een groeiende humanitaire crisis.\" \/>\n<meta property=\"og:url\" content=\"https:\/\/dualar.com\/nl\/2025\/06\/12\/het-aantal-doden-in-gaza-is-in-de-oorlog-van-israel-de-53-000-gepasseerd\/\" \/>\n<meta property=\"og:site_name\" content=\"Dualar.com\/nl\" \/>\n<meta property=\"article:published_time\" content=\"2025-06-12T00:29:54+00:00\" \/>\n<meta property=\"article:modified_time\" content=\"2025-06-12T00:30:03+00:00\" \/>\n<meta property=\"og:image\" content=\"https:\/\/dualar.com\/nl\/wp-content\/uploads\/sites\/2\/2025\/06\/Het-aantal-doden-in-Gaza-is-in-de-oorlog-van.png\" \/>\n\t<meta property=\"og:image:width\" content=\"1024\" \/>\n\t<meta property=\"og:image:height\" content=\"683\" \/>\n\t<meta property=\"og:image:type\" content=\"image\/png\" \/>\n<meta name=\"author\" content=\"info@blueappleagency.nl\" \/>\n<meta name=\"twitter:card\" content=\"summary_large_image\" \/>\n<meta name=\"twitter:label1\" content=\"Geschreven door\" \/>\n\t<meta name=\"twitter:data1\" content=\"info@blueappleagency.nl\" \/>\n\t<meta name=\"twitter:label2\" content=\"Geschatte leestijd\" \/>\n\t<meta name=\"twitter:data2\" content=\"1 minuut\" \/>\n<script type=\"application\/ld+json\" class=\"yoast-schema-graph\">{\"@context\":\"https:\/\/schema.org\",\"@graph\":[{\"@type\":\"Article\",\"@id\":\"https:\/\/dualar.com\/nl\/2025\/06\/12\/het-aantal-doden-in-gaza-is-in-de-oorlog-van-israel-de-53-000-gepasseerd\/#article\",\"isPartOf\":{\"@id\":\"https:\/\/dualar.com\/nl\/2025\/06\/12\/het-aantal-doden-in-gaza-is-in-de-oorlog-van-israel-de-53-000-gepasseerd\/\"},\"author\":{\"name\":\"info@blueappleagency.nl\",\"@id\":\"https:\/\/dualar.com\/nl\/#\/schema\/person\/d920bfed24e7ef4d145c3664464931fd\"},\"headline\":\"Het aantal doden in Gaza is in de oorlog van Isra\u00ebl de 53.000 gepasseerd\",\"datePublished\":\"2025-06-12T00:29:54+00:00\",\"dateModified\":\"2025-06-12T00:30:03+00:00\",\"mainEntityOfPage\":{\"@id\":\"https:\/\/dualar.com\/nl\/2025\/06\/12\/het-aantal-doden-in-gaza-is-in-de-oorlog-van-israel-de-53-000-gepasseerd\/\"},\"wordCount\":285,\"commentCount\":0,\"publisher\":{\"@id\":\"https:\/\/dualar.com\/nl\/#organization\"},\"image\":{\"@id\":\"https:\/\/dualar.com\/nl\/2025\/06\/12\/het-aantal-doden-in-gaza-is-in-de-oorlog-van-israel-de-53-000-gepasseerd\/#primaryimage\"},\"thumbnailUrl\":\"https:\/\/dualar.com\/nl\/wp-content\/uploads\/sites\/2\/2025\/06\/Het-aantal-doden-in-Gaza-is-in-de-oorlog-van.png\",\"keywords\":[\"53.000\",\"doden\",\"Gaza\",\"Isra\u00ebl\",\"oorlog\"],\"articleSection\":[\"Mondiaal Moslim Nieuws\"],\"inLanguage\":\"nl-NL\",\"potentialAction\":[{\"@type\":\"CommentAction\",\"name\":\"Comment\",\"target\":[\"https:\/\/dualar.com\/nl\/2025\/06\/12\/het-aantal-doden-in-gaza-is-in-de-oorlog-van-israel-de-53-000-gepasseerd\/#respond\"]}]},{\"@type\":\"WebPage\",\"@id\":\"https:\/\/dualar.com\/nl\/2025\/06\/12\/het-aantal-doden-in-gaza-is-in-de-oorlog-van-israel-de-53-000-gepasseerd\/\",\"url\":\"https:\/\/dualar.com\/nl\/2025\/06\/12\/het-aantal-doden-in-gaza-is-in-de-oorlog-van-israel-de-53-000-gepasseerd\/\",\"name\":\"Het aantal doden in Gaza is in de oorlog van Isra\u00ebl de 53.000 gepasseerd - Dualar.com\/nl\",\"isPartOf\":{\"@id\":\"https:\/\/dualar.com\/nl\/#website\"},\"primaryImageOfPage\":{\"@id\":\"https:\/\/dualar.com\/nl\/2025\/06\/12\/het-aantal-doden-in-gaza-is-in-de-oorlog-van-israel-de-53-000-gepasseerd\/#primaryimage\"},\"image\":{\"@id\":\"https:\/\/dualar.com\/nl\/2025\/06\/12\/het-aantal-doden-in-gaza-is-in-de-oorlog-van-israel-de-53-000-gepasseerd\/#primaryimage\"},\"thumbnailUrl\":\"https:\/\/dualar.com\/nl\/wp-content\/uploads\/sites\/2\/2025\/06\/Het-aantal-doden-in-Gaza-is-in-de-oorlog-van.png\",\"datePublished\":\"2025-06-12T00:29:54+00:00\",\"dateModified\":\"2025-06-12T00:30:03+00:00\",\"description\":\"In Gaza zijn sinds oktober 53.119 Palestijnen omgekomen door Isra\u00eblische aanvallen, met duizenden gewonden en een groeiende humanitaire crisis.\",\"breadcrumb\":{\"@id\":\"https:\/\/dualar.com\/nl\/2025\/06\/12\/het-aantal-doden-in-gaza-is-in-de-oorlog-van-israel-de-53-000-gepasseerd\/#breadcrumb\"},\"inLanguage\":\"nl-NL\",\"potentialAction\":[{\"@type\":\"ReadAction\",\"target\":[\"https:\/\/dualar.com\/nl\/2025\/06\/12\/het-aantal-doden-in-gaza-is-in-de-oorlog-van-israel-de-53-000-gepasseerd\/\"]}]},{\"@type\":\"ImageObject\",\"inLanguage\":\"nl-NL\",\"@id\":\"https:\/\/dualar.com\/nl\/2025\/06\/12\/het-aantal-doden-in-gaza-is-in-de-oorlog-van-israel-de-53-000-gepasseerd\/#primaryimage\",\"url\":\"https:\/\/dualar.com\/nl\/wp-content\/uploads\/sites\/2\/2025\/06\/Het-aantal-doden-in-Gaza-is-in-de-oorlog-van.png\",\"contentUrl\":\"https:\/\/dualar.com\/nl\/wp-content\/uploads\/sites\/2\/2025\/06\/Het-aantal-doden-in-Gaza-is-in-de-oorlog-van.png\",\"width\":1024,\"height\":683,\"caption\":\"Het aantal doden in Gaza is in de oorlog van Isra\u00ebl de 53.000 gepasseerd\"},{\"@type\":\"BreadcrumbList\",\"@id\":\"https:\/\/dualar.com\/nl\/2025\/06\/12\/het-aantal-doden-in-gaza-is-in-de-oorlog-van-israel-de-53-000-gepasseerd\/#breadcrumb\",\"itemListElement\":[{\"@type\":\"ListItem\",\"position\":1,\"name\":\"Home\",\"item\":\"https:\/\/dualar.com\/nl\/\"},{\"@type\":\"ListItem\",\"position\":2,\"name\":\"Het aantal doden in Gaza is in de oorlog van Isra\u00ebl de 53.000 gepasseerd\"}]},{\"@type\":\"WebSite\",\"@id\":\"https:\/\/dualar.com\/nl\/#website\",\"url\":\"https:\/\/dualar.com\/nl\/\",\"name\":\"Dualar.com\/nl\",\"description\":\"Gebeden die u op elk moment inspireren\",\"publisher\":{\"@id\":\"https:\/\/dualar.com\/nl\/#organization\"},\"potentialAction\":[{\"@type\":\"SearchAction\",\"target\":{\"@type\":\"EntryPoint\",\"urlTemplate\":\"https:\/\/dualar.com\/nl\/?s={search_term_string}\"},\"query-input\":{\"@type\":\"PropertyValueSpecification\",\"valueRequired\":true,\"valueName\":\"search_term_string\"}}],\"inLanguage\":\"nl-NL\"},{\"@type\":\"Organization\",\"@id\":\"https:\/\/dualar.com\/nl\/#organization\",\"name\":\"Dualar.com\/nl\",\"url\":\"https:\/\/dualar.com\/nl\/\",\"logo\":{\"@type\":\"ImageObject\",\"inLanguage\":\"nl-NL\",\"@id\":\"https:\/\/dualar.com\/nl\/#\/schema\/logo\/image\/\",\"url\":\"https:\/\/dualar.com\/nl\/wp-content\/uploads\/sites\/2\/2024\/11\/Her-Aniniza-Ilham-Veren-Dualar-1.png\",\"contentUrl\":\"https:\/\/dualar.com\/nl\/wp-content\/uploads\/sites\/2\/2024\/11\/Her-Aniniza-Ilham-Veren-Dualar-1.png\",\"width\":1000,\"height\":300,\"caption\":\"Dualar.com\/nl\"},\"image\":{\"@id\":\"https:\/\/dualar.com\/nl\/#\/schema\/logo\/image\/\"}},{\"@type\":\"Person\",\"@id\":\"https:\/\/dualar.com\/nl\/#\/schema\/person\/d920bfed24e7ef4d145c3664464931fd\",\"name\":\"info@blueappleagency.nl\",\"image\":{\"@type\":\"ImageObject\",\"inLanguage\":\"nl-NL\",\"@id\":\"https:\/\/dualar.com\/nl\/#\/schema\/person\/image\/\",\"url\":\"https:\/\/secure.gravatar.com\/avatar\/4bcc94ad74be7f14c7e9a39e3f95a587?s=96&d=mm&r=g\",\"contentUrl\":\"https:\/\/secure.gravatar.com\/avatar\/4bcc94ad74be7f14c7e9a39e3f95a587?s=96&d=mm&r=g\",\"caption\":\"info@blueappleagency.nl\"},\"sameAs\":[\"http:\/\/dualar.com\"],\"url\":\"#\"}]}<\/script>\n<!-- \/ Yoast SEO plugin. -->","yoast_head_json":{"title":"Het aantal doden in Gaza is in de oorlog van Isra\u00ebl de 53.000 gepasseerd - Dualar.com\/nl","description":"In Gaza zijn sinds oktober 53.119 Palestijnen omgekomen door Isra\u00eblische aanvallen, met duizenden gewonden en een groeiende humanitaire crisis.","robots":{"index":"index","follow":"follow","max-snippet":"max-snippet:-1","max-image-preview":"max-image-preview:large","max-video-preview":"max-video-preview:-1"},"canonical":"https:\/\/dualar.com\/nl\/2025\/06\/12\/het-aantal-doden-in-gaza-is-in-de-oorlog-van-israel-de-53-000-gepasseerd\/","og_locale":"nl_NL","og_type":"article","og_title":"Het aantal doden in Gaza is in de oorlog van Isra\u00ebl de 53.000 gepasseerd - Dualar.com\/nl","og_description":"In Gaza zijn sinds oktober 53.119 Palestijnen omgekomen door Isra\u00eblische aanvallen, met duizenden gewonden en een groeiende humanitaire crisis.","og_url":"https:\/\/dualar.com\/nl\/2025\/06\/12\/het-aantal-doden-in-gaza-is-in-de-oorlog-van-israel-de-53-000-gepasseerd\/","og_site_name":"Dualar.com\/nl","article_published_time":"2025-06-12T00:29:54+00:00","article_modified_time":"2025-06-12T00:30:03+00:00","og_image":[{"width":1024,"height":683,"url":"https:\/\/dualar.com\/nl\/wp-content\/uploads\/sites\/2\/2025\/06\/Het-aantal-doden-in-Gaza-is-in-de-oorlog-van.png","type":"image\/png"}],"author":"info@blueappleagency.nl","twitter_card":"summary_large_image","twitter_misc":{"Geschreven door":"info@blueappleagency.nl","Geschatte leestijd":"1 minuut"},"schema":{"@context":"https:\/\/schema.org","@graph":[{"@type":"Article","@id":"https:\/\/dualar.com\/nl\/2025\/06\/12\/het-aantal-doden-in-gaza-is-in-de-oorlog-van-israel-de-53-000-gepasseerd\/#article","isPartOf":{"@id":"https:\/\/dualar.com\/nl\/2025\/06\/12\/het-aantal-doden-in-gaza-is-in-de-oorlog-van-israel-de-53-000-gepasseerd\/"},"author":{"name":"info@blueappleagency.nl","@id":"https:\/\/dualar.com\/nl\/#\/schema\/person\/d920bfed24e7ef4d145c3664464931fd"},"headline":"Het aantal doden in Gaza is in de oorlog van Isra\u00ebl de 53.000 gepasseerd","datePublished":"2025-06-12T00:29:54+00:00","dateModified":"2025-06-12T00:30:03+00:00","mainEntityOfPage":{"@id":"https:\/\/dualar.com\/nl\/2025\/06\/12\/het-aantal-doden-in-gaza-is-in-de-oorlog-van-israel-de-53-000-gepasseerd\/"},"wordCount":285,"commentCount":0,"publisher":{"@id":"https:\/\/dualar.com\/nl\/#organization"},"image":{"@id":"https:\/\/dualar.com\/nl\/2025\/06\/12\/het-aantal-doden-in-gaza-is-in-de-oorlog-van-israel-de-53-000-gepasseerd\/#primaryimage"},"thumbnailUrl":"https:\/\/dualar.com\/nl\/wp-content\/uploads\/sites\/2\/2025\/06\/Het-aantal-doden-in-Gaza-is-in-de-oorlog-van.png","keywords":["53.000","doden","Gaza","Isra\u00ebl","oorlog"],"articleSection":["Mondiaal Moslim Nieuws"],"inLanguage":"nl-NL","potentialAction":[{"@type":"CommentAction","name":"Comment","target":["https:\/\/dualar.com\/nl\/2025\/06\/12\/het-aantal-doden-in-gaza-is-in-de-oorlog-van-israel-de-53-000-gepasseerd\/#respond"]}]},{"@type":"WebPage","@id":"https:\/\/dualar.com\/nl\/2025\/06\/12\/het-aantal-doden-in-gaza-is-in-de-oorlog-van-israel-de-53-000-gepasseerd\/","url":"https:\/\/dualar.com\/nl\/2025\/06\/12\/het-aantal-doden-in-gaza-is-in-de-oorlog-van-israel-de-53-000-gepasseerd\/","name":"Het aantal doden in Gaza is in de oorlog van Isra\u00ebl de 53.000 gepasseerd - Dualar.com\/nl","isPartOf":{"@id":"https:\/\/dualar.com\/nl\/#website"},"primaryImageOfPage":{"@id":"https:\/\/dualar.com\/nl\/2025\/06\/12\/het-aantal-doden-in-gaza-is-in-de-oorlog-van-israel-de-53-000-gepasseerd\/#primaryimage"},"image":{"@id":"https:\/\/dualar.com\/nl\/2025\/06\/12\/het-aantal-doden-in-gaza-is-in-de-oorlog-van-israel-de-53-000-gepasseerd\/#primaryimage"},"thumbnailUrl":"https:\/\/dualar.com\/nl\/wp-content\/uploads\/sites\/2\/2025\/06\/Het-aantal-doden-in-Gaza-is-in-de-oorlog-van.png","datePublished":"2025-06-12T00:29:54+00:00","dateModified":"2025-06-12T00:30:03+00:00","description":"In Gaza zijn sinds oktober 53.119 Palestijnen omgekomen door Isra\u00eblische aanvallen, met duizenden gewonden en een groeiende humanitaire crisis.","breadcrumb":{"@id":"https:\/\/dualar.com\/nl\/2025\/06\/12\/het-aantal-doden-in-gaza-is-in-de-oorlog-van-israel-de-53-000-gepasseerd\/#breadcrumb"},"inLanguage":"nl-NL","potentialAction":[{"@type":"ReadAction","target":["https:\/\/dualar.com\/nl\/2025\/06\/12\/het-aantal-doden-in-gaza-is-in-de-oorlog-van-israel-de-53-000-gepasseerd\/"]}]},{"@type":"ImageObject","inLanguage":"nl-NL","@id":"https:\/\/dualar.com\/nl\/2025\/06\/12\/het-aantal-doden-in-gaza-is-in-de-oorlog-van-israel-de-53-000-gepasseerd\/#primaryimage","url":"https:\/\/dualar.com\/nl\/wp-content\/uploads\/sites\/2\/2025\/06\/Het-aantal-doden-in-Gaza-is-in-de-oorlog-van.png","contentUrl":"https:\/\/dualar.com\/nl\/wp-content\/uploads\/sites\/2\/2025\/06\/Het-aantal-doden-in-Gaza-is-in-de-oorlog-van.png","width":1024,"height":683,"caption":"Het aantal doden in Gaza is in de oorlog van Isra\u00ebl de 53.000 gepasseerd"},{"@type":"BreadcrumbList","@id":"https:\/\/dualar.com\/nl\/2025\/06\/12\/het-aantal-doden-in-gaza-is-in-de-oorlog-van-israel-de-53-000-gepasseerd\/#breadcrumb","itemListElement":[{"@type":"ListItem","position":1,"name":"Home","item":"https:\/\/dualar.com\/nl\/"},{"@type":"ListItem","position":2,"name":"Het aantal doden in Gaza is in de oorlog van Isra\u00ebl de 53.000 gepasseerd"}]},{"@type":"WebSite","@id":"https:\/\/dualar.com\/nl\/#website","url":"https:\/\/dualar.com\/nl\/","name":"Dualar.com\/nl","description":"Gebeden die u op elk moment inspireren","publisher":{"@id":"https:\/\/dualar.com\/nl\/#organization"},"potentialAction":[{"@type":"SearchAction","target":{"@type":"EntryPoint","urlTemplate":"https:\/\/dualar.com\/nl\/?s={search_term_string}"},"query-input":{"@type":"PropertyValueSpecification","valueRequired":true,"valueName":"search_term_string"}}],"inLanguage":"nl-NL"},{"@type":"Organization","@id":"https:\/\/dualar.com\/nl\/#organization","name":"Dualar.com\/nl","url":"https:\/\/dualar.com\/nl\/","logo":{"@type":"ImageObject","inLanguage":"nl-NL","@id":"https:\/\/dualar.com\/nl\/#\/schema\/logo\/image\/","url":"https:\/\/dualar.com\/nl\/wp-content\/uploads\/sites\/2\/2024\/11\/Her-Aniniza-Ilham-Veren-Dualar-1.png","contentUrl":"https:\/\/dualar.com\/nl\/wp-content\/uploads\/sites\/2\/2024\/11\/Her-Aniniza-Ilham-Veren-Dualar-1.png","width":1000,"height":300,"caption":"Dualar.com\/nl"},"image":{"@id":"https:\/\/dualar.com\/nl\/#\/schema\/logo\/image\/"}},{"@type":"Person","@id":"https:\/\/dualar.com\/nl\/#\/schema\/person\/d920bfed24e7ef4d145c3664464931fd","name":"info@blueappleagency.nl","image":{"@type":"ImageObject","inLanguage":"nl-NL","@id":"https:\/\/dualar.com\/nl\/#\/schema\/person\/image\/","url":"https:\/\/secure.gravatar.com\/avatar\/4bcc94ad74be7f14c7e9a39e3f95a587?s=96&d=mm&r=g","contentUrl":"https:\/\/secure.gravatar.com\/avatar\/4bcc94ad74be7f14c7e9a39e3f95a587?s=96&d=mm&r=g","caption":"info@blueappleagency.nl"},"sameAs":["http:\/\/dualar.com"],"url":"#"}]}},"taxonomy_info":{"category":[{"value":2,"label":"Mondiaal Moslim Nieuws"}],"post_tag":[{"value":2763,"label":"53.000"},{"value":219,"label":"doden"},{"value":85,"label":"Gaza"},{"value":38,"label":"Isra\u00ebl"},{"value":220,"label":"oorlog"}]},"featured_image_src_large":["https:\/\/dualar.com\/nl\/wp-content\/uploads\/sites\/2\/2025\/06\/Het-aantal-doden-in-Gaza-is-in-de-oorlog-van.png",1024,683,false],"author_info":{"display_name":"info@blueappleagency.nl","author_link":"#"},"comment_info":0,"category_info":[{"term_id":2,"name":"Mondiaal Moslim Nieuws","slug":"mondiaal-moslim-nieuws","term_group":0,"term_taxonomy_id":2,"taxonomy":"category","description":"","parent":0,"count":1312,"filter":"raw","cat_ID":2,"category_count":1312,"category_description":"","cat_name":"Mondiaal Moslim Nieuws","category_nicename":"mondiaal-moslim-nieuws","category_parent":0}],"tag_info":[{"term_id":2763,"name":"53.000","slug":"53-000","term_group":0,"term_taxonomy_id":2763,"taxonomy":"post_tag","description":"","parent":0,"count":1,"filter":"raw"},{"term_id":219,"name":"doden","slug":"doden","term_group":0,"term_taxonomy_id":219,"taxonomy":"post_tag","description":"","parent":0,"count":24,"filter":"raw"},{"term_id":85,"name":"Gaza","slug":"gaza","term_group":0,"term_taxonomy_id":85,"taxonomy":"post_tag","description":"","parent":0,"count":191,"filter":"raw"},{"term_id":38,"name":"Isra\u00ebl","slug":"israel","term_group":0,"term_taxonomy_id":38,"taxonomy":"post_tag","description":"","parent":0,"count":230,"filter":"raw"},{"term_id":220,"name":"oorlog","slug":"oorlog","term_group":0,"term_taxonomy_id":220,"taxonomy":"post_tag","description":"","parent":0,"count":44,"filter":"raw"}],"_links":{"self":[{"href":"https:\/\/dualar.com\/nl\/wp-json\/wp\/v2\/posts\/4121","targetHints":{"allow":["GET"]}}],"collection":[{"href":"https:\/\/dualar.com\/nl\/wp-json\/wp\/v2\/posts"}],"about":[{"href":"https:\/\/dualar.com\/nl\/wp-json\/wp\/v2\/types\/post"}],"author":[{"embeddable":true,"href":"https:\/\/dualar.com\/nl\/wp-json\/wp\/v2\/users\/1"}],"replies":[{"embeddable":true,"href":"https:\/\/dualar.com\/nl\/wp-json\/wp\/v2\/comments?post=4121"}],"version-history":[{"count":1,"href":"https:\/\/dualar.com\/nl\/wp-json\/wp\/v2\/posts\/4121\/revisions"}],"predecessor-version":[{"id":4123,"href":"https:\/\/dualar.com\/nl\/wp-json\/wp\/v2\/posts\/4121\/revisions\/4123"}],"wp:featuredmedia":[{"embeddable":true,"href":"https:\/\/dualar.com\/nl\/wp-json\/wp\/v2\/media\/4122"}],"wp:attachment":[{"href":"https:\/\/dualar.com\/nl\/wp-json\/wp\/v2\/media?parent=4121"}],"wp:term":[{"taxonomy":"category","embeddable":true,"href":"https:\/\/dualar.com\/nl\/wp-json\/wp\/v2\/categories?post=4121"},{"taxonomy":"post_tag","embeddable":true,"href":"https:\/\/dualar.com\/nl\/wp-json\/wp\/v2\/tags?post=4121"}],"curies":[{"name":"wp","href":"https:\/\/api.w.org\/{rel}","templated":true}]}}