{"id":4202,"date":"2025-06-18T13:08:33","date_gmt":"2025-06-18T12:08:33","guid":{"rendered":"https:\/\/dualar.com\/nl\/2025\/06\/18\/india-heeft-ondersteunende-teams-aangesteld-voor-de-reis-naar-mina-voor-de-hajj-missie\/"},"modified":"2025-06-18T13:08:41","modified_gmt":"2025-06-18T12:08:41","slug":"india-heeft-ondersteunende-teams-aangesteld-voor-de-reis-naar-mina-voor-de-hajj-missie","status":"publish","type":"post","link":"https:\/\/dualar.com\/nl\/2025\/06\/18\/india-heeft-ondersteunende-teams-aangesteld-voor-de-reis-naar-mina-voor-de-hajj-missie\/","title":{"rendered":"India heeft ondersteunende teams aangesteld voor de reis naar Mina voor de Hajj-missie"},"content":{"rendered":"<div>\n<p><strong>Het Hajj-seizoen is begonnen: &#8220;Indiaans Team&#8221; vervoert pelgrims naar Mina<\/strong><\/p>\n<p>Pelgrims uit India zijn begonnen met hun reis naar Mina in Saoedi-Arabi\u00eb. Deze beweging markeert het begin van de vijfdaagse hoofdfase van de Hajj. De autoriteiten van het &#8220;Indiaans Team&#8221; zorgen in samenwerking met de Saoedische autoriteiten voor een veilige en probleemloze reis voor alle pelgrims. De vastberadenheid van India om het welzijn van zijn burgers te waarborgen wordt opnieuw benadrukt.<\/p>\n<p>Het Indiase Hajj-kantoor deelde op het X-platform mee: &#8220;De reis van de Hajj-pelgrims naar Mina is vandaag begonnen! De autoriteiten van het \u2018Indiaans Team\u2019 zijn verantwoordelijk voor het faciliteren van transportdiensten zodat Indiase pelgrims hun aangewezen kampplaatsen kunnen bereiken,&#8221; aldus de verklaring.<\/p>\n<p><strong>Ondersteuning tijdens de Hajj-reis<\/strong><\/p>\n<p>Indiase autoriteiten hebben pelgrims die in moeilijke situaties verkeren geholpen met bussen om Mina te bereiken. Minister van Minderheden Kiren Rijiju wenste de Indiase pelgrims die aan hun Hajj-reis zijn begonnen het beste en benadrukte dat zij alle mogelijke hulp zullen bieden. Rijiju verklaarde: &#8220;Ik stuur mijn beste wensen naar alle Indiase pelgrims die dit jaar Hajj maken. Onze Hajj-missie is volledig voorbereid in samenwerking met de Saoedische autoriteiten. Beheer- en gezondheidsteams zullen in alle Mina-kampen aanwezig zijn. Als je hulp nodig hebt, kun je de Hajj Suvidha-app of de gratis nummers gebruiken. Ik wens je een probleemloze, zegenrijke en geestelijk bevredigende Hajj,&#8221; aldus zijn bericht.<\/p>\n<p><strong>Voorbereidingen en ondersteuning voor de Hajj<\/strong><\/p>\n<p>Op maandag sprak de Indiase ambassadeur in Saoedi-Arabi\u00eb, Suhel Ajaz Khan, de pelgrims aan v\u00f3\u00f3r de belangrijkste rituelen. Hij bracht zijn beste wensen over en benadrukte dat ze hen gedurende hun reis volledige ondersteuning zullen bieden. Hij merkte op dat er administratieve en medische teams aanwezig zullen zijn om de pelgrims te helpen tijdens hun Hajj-reis.<\/p>\n<p>Tegelijkertijd organiseerde de Indiase consul Fahad Ahmed Khan Suri een briefing over medische zorg en hulp voor Indiase Hajj-pelgrims in de Mashaer-regio (Mina, Muzdalifah en het Arafat-vlaktes). Deze sessie werd bijgewoond door de Indiase consul (Hajj) Muhammed Abdul Jaleel, de gezondheidswerkers die zijn toegewezen voor Hajj 2025, en de autoriteiten van het &#8220;Indiaans Team&#8221;.<\/p>\n<p>Afgelopen week waardeerden Indiase pelgrims die naar de Hajj gingen de regelingen en kwaliteitsdiensten die de Indiase regering heeft aangeboden. Het Ministerie van Minderheden meldde: &#8220;Pelgrims uit India die naar de Hajj gaan via de Indiase Hajj-commissie zijn zeer tevreden met het beheer en de aangeboden diensten van de Indiase regering. De voortdurende inspanning van het Ministerie van Minderheden is om elke Hajj-pelgrim een comfortabele en eervolle reis te bieden,&#8221; aldus hun verklaring.<\/p>\n<p>Bovendien benadrukte de staatssecretaris van Minderheden, George Kurian, de toegewijde inspanningen van de centrale overheid om de Hajj voor pelgrims soepel en succesvol te laten verlopen.<\/p>\n<p><strong>Conclusie<\/strong><\/p>\n<p>Blijf ons volgen voor belangrijke ontwikkelingen tijdens de Hajj-reis en om de ervaringen van Indiase pelgrims te delen. Aarzel niet om uw gedachten of ervaringen in de reacties te delen! Voor meer informatie kunt u de <a href=\"https:\/\/www.hajcommittee.gov.in\">Hajj Suvidha-app<\/a> of de <a href=\"https:\/\/www.minorityaffairs.gov.in\">Hajj Informatie<\/a> websites bezoeken.<\/p>\n<\/div>\n","protected":false},"excerpt":{"rendered":"<p>Het Hajj-seizoen is van start gegaan met Indiase pelgrims die naar Mina in Saoedi-Arabi\u00eb reizen. Het &#8220;Indiaans Team&#8221; werkt samen met Saoedische autoriteiten om een veilige reis te garanderen. Minister van Minderheden Kiren Rijiju wenste de pelgrims succes en benadrukte de beschikbare ondersteuning via de Hajj Suvidha-app. De Indiase ambassadeur in Saoedi-Arabi\u00eb bood ook ondersteuning aan, met administratieve en medische teams ter plaatse. Pelgrims waarderen de diensten van de Indiase regering, die zich inzet voor een comfortabele Hajj-ervaring. Volg de ontwikkelingen en deel uw ervaringen via reacties of de beschikbare informatiekanalen.<\/p>\n","protected":false},"author":1,"featured_media":4203,"comment_status":"open","ping_status":"open","sticky":false,"template":"","format":"standard","meta":{"_kad_blocks_custom_css":"","_kad_blocks_head_custom_js":"","_kad_blocks_body_custom_js":"","_kad_blocks_footer_custom_js":"","_kadence_starter_templates_imported_post":false,"_kad_post_transparent":"","_kad_post_title":"","_kad_post_layout":"","_kad_post_sidebar_id":"","_kad_post_content_style":"","_kad_post_vertical_padding":"","_kad_post_feature":"","_kad_post_feature_position":"","_kad_post_header":false,"_kad_post_footer":false,"footnotes":""},"categories":[2],"tags":[2807,1241,162,2808,2809,2806,892],"class_list":["post-4202","post","type-post","status-publish","format-standard","has-post-thumbnail","hentry","category-mondiaal-moslim-nieuws","tag-aangesteld","tag-hajj","tag-india","tag-mina","tag-missie","tag-ondersteunende-teams","tag-reis"],"yoast_head":"<!-- This site is optimized with the Yoast SEO plugin v23.9 - https:\/\/yoast.com\/wordpress\/plugins\/seo\/ -->\n<title>India heeft ondersteunende teams aangesteld voor de reis naar Mina voor de Hajj-missie - Dualar.com\/nl<\/title>\n<meta name=\"description\" content=\"Het Hajj-seizoen is gestart; Indiase pelgrims reizen naar Mina. Het &quot;Indiaans Team&quot; biedt ondersteuning voor een veilige en comfortabele reis.\" \/>\n<meta name=\"robots\" content=\"index, follow, max-snippet:-1, max-image-preview:large, max-video-preview:-1\" \/>\n<link rel=\"canonical\" href=\"https:\/\/dualar.com\/nl\/2025\/06\/18\/india-heeft-ondersteunende-teams-aangesteld-voor-de-reis-naar-mina-voor-de-hajj-missie\/\" \/>\n<meta property=\"og:locale\" content=\"nl_NL\" \/>\n<meta property=\"og:type\" content=\"article\" \/>\n<meta property=\"og:title\" content=\"India heeft ondersteunende teams aangesteld voor de reis naar Mina voor de Hajj-missie - Dualar.com\/nl\" \/>\n<meta property=\"og:description\" content=\"Het Hajj-seizoen is gestart; Indiase pelgrims reizen naar Mina. Het &quot;Indiaans Team&quot; biedt ondersteuning voor een veilige en comfortabele reis.\" \/>\n<meta property=\"og:url\" content=\"https:\/\/dualar.com\/nl\/2025\/06\/18\/india-heeft-ondersteunende-teams-aangesteld-voor-de-reis-naar-mina-voor-de-hajj-missie\/\" \/>\n<meta property=\"og:site_name\" content=\"Dualar.com\/nl\" \/>\n<meta property=\"article:published_time\" content=\"2025-06-18T12:08:33+00:00\" \/>\n<meta property=\"article:modified_time\" content=\"2025-06-18T12:08:41+00:00\" \/>\n<meta property=\"og:image\" content=\"https:\/\/dualar.com\/nl\/wp-content\/uploads\/sites\/2\/2025\/06\/India-heeft-ondersteunende-teams-aangesteld-voor-de-reis-naar-Mina.jpeg\" \/>\n\t<meta property=\"og:image:width\" content=\"670\" \/>\n\t<meta property=\"og:image:height\" content=\"400\" \/>\n\t<meta property=\"og:image:type\" content=\"image\/jpeg\" \/>\n<meta name=\"author\" content=\"info@blueappleagency.nl\" \/>\n<meta name=\"twitter:card\" content=\"summary_large_image\" \/>\n<meta name=\"twitter:label1\" content=\"Geschreven door\" \/>\n\t<meta name=\"twitter:data1\" content=\"info@blueappleagency.nl\" \/>\n\t<meta name=\"twitter:label2\" content=\"Geschatte leestijd\" \/>\n\t<meta name=\"twitter:data2\" content=\"2 minuten\" \/>\n<script type=\"application\/ld+json\" class=\"yoast-schema-graph\">{\"@context\":\"https:\/\/schema.org\",\"@graph\":[{\"@type\":\"Article\",\"@id\":\"https:\/\/dualar.com\/nl\/2025\/06\/18\/india-heeft-ondersteunende-teams-aangesteld-voor-de-reis-naar-mina-voor-de-hajj-missie\/#article\",\"isPartOf\":{\"@id\":\"https:\/\/dualar.com\/nl\/2025\/06\/18\/india-heeft-ondersteunende-teams-aangesteld-voor-de-reis-naar-mina-voor-de-hajj-missie\/\"},\"author\":{\"name\":\"info@blueappleagency.nl\",\"@id\":\"https:\/\/dualar.com\/nl\/#\/schema\/person\/d920bfed24e7ef4d145c3664464931fd\"},\"headline\":\"India heeft ondersteunende teams aangesteld voor de reis naar Mina voor de Hajj-missie\",\"datePublished\":\"2025-06-18T12:08:33+00:00\",\"dateModified\":\"2025-06-18T12:08:41+00:00\",\"mainEntityOfPage\":{\"@id\":\"https:\/\/dualar.com\/nl\/2025\/06\/18\/india-heeft-ondersteunende-teams-aangesteld-voor-de-reis-naar-mina-voor-de-hajj-missie\/\"},\"wordCount\":496,\"commentCount\":0,\"publisher\":{\"@id\":\"https:\/\/dualar.com\/nl\/#organization\"},\"image\":{\"@id\":\"https:\/\/dualar.com\/nl\/2025\/06\/18\/india-heeft-ondersteunende-teams-aangesteld-voor-de-reis-naar-mina-voor-de-hajj-missie\/#primaryimage\"},\"thumbnailUrl\":\"https:\/\/dualar.com\/nl\/wp-content\/uploads\/sites\/2\/2025\/06\/India-heeft-ondersteunende-teams-aangesteld-voor-de-reis-naar-Mina.jpeg\",\"keywords\":[\"aangesteld\",\"Hajj\",\"India\",\"Mina\",\"missie\",\"ondersteunende teams\",\"Reis\"],\"articleSection\":[\"Mondiaal Moslim Nieuws\"],\"inLanguage\":\"nl-NL\",\"potentialAction\":[{\"@type\":\"CommentAction\",\"name\":\"Comment\",\"target\":[\"https:\/\/dualar.com\/nl\/2025\/06\/18\/india-heeft-ondersteunende-teams-aangesteld-voor-de-reis-naar-mina-voor-de-hajj-missie\/#respond\"]}]},{\"@type\":\"WebPage\",\"@id\":\"https:\/\/dualar.com\/nl\/2025\/06\/18\/india-heeft-ondersteunende-teams-aangesteld-voor-de-reis-naar-mina-voor-de-hajj-missie\/\",\"url\":\"https:\/\/dualar.com\/nl\/2025\/06\/18\/india-heeft-ondersteunende-teams-aangesteld-voor-de-reis-naar-mina-voor-de-hajj-missie\/\",\"name\":\"India heeft ondersteunende teams aangesteld voor de reis naar Mina voor de Hajj-missie - Dualar.com\/nl\",\"isPartOf\":{\"@id\":\"https:\/\/dualar.com\/nl\/#website\"},\"primaryImageOfPage\":{\"@id\":\"https:\/\/dualar.com\/nl\/2025\/06\/18\/india-heeft-ondersteunende-teams-aangesteld-voor-de-reis-naar-mina-voor-de-hajj-missie\/#primaryimage\"},\"image\":{\"@id\":\"https:\/\/dualar.com\/nl\/2025\/06\/18\/india-heeft-ondersteunende-teams-aangesteld-voor-de-reis-naar-mina-voor-de-hajj-missie\/#primaryimage\"},\"thumbnailUrl\":\"https:\/\/dualar.com\/nl\/wp-content\/uploads\/sites\/2\/2025\/06\/India-heeft-ondersteunende-teams-aangesteld-voor-de-reis-naar-Mina.jpeg\",\"datePublished\":\"2025-06-18T12:08:33+00:00\",\"dateModified\":\"2025-06-18T12:08:41+00:00\",\"description\":\"Het Hajj-seizoen is gestart; Indiase pelgrims reizen naar Mina. Het \\\"Indiaans Team\\\" biedt ondersteuning voor een veilige en comfortabele reis.\",\"breadcrumb\":{\"@id\":\"https:\/\/dualar.com\/nl\/2025\/06\/18\/india-heeft-ondersteunende-teams-aangesteld-voor-de-reis-naar-mina-voor-de-hajj-missie\/#breadcrumb\"},\"inLanguage\":\"nl-NL\",\"potentialAction\":[{\"@type\":\"ReadAction\",\"target\":[\"https:\/\/dualar.com\/nl\/2025\/06\/18\/india-heeft-ondersteunende-teams-aangesteld-voor-de-reis-naar-mina-voor-de-hajj-missie\/\"]}]},{\"@type\":\"ImageObject\",\"inLanguage\":\"nl-NL\",\"@id\":\"https:\/\/dualar.com\/nl\/2025\/06\/18\/india-heeft-ondersteunende-teams-aangesteld-voor-de-reis-naar-mina-voor-de-hajj-missie\/#primaryimage\",\"url\":\"https:\/\/dualar.com\/nl\/wp-content\/uploads\/sites\/2\/2025\/06\/India-heeft-ondersteunende-teams-aangesteld-voor-de-reis-naar-Mina.jpeg\",\"contentUrl\":\"https:\/\/dualar.com\/nl\/wp-content\/uploads\/sites\/2\/2025\/06\/India-heeft-ondersteunende-teams-aangesteld-voor-de-reis-naar-Mina.jpeg\",\"width\":670,\"height\":400,\"caption\":\"India heeft ondersteunende teams aangesteld voor de reis naar Mina voor de Hajj-missie\"},{\"@type\":\"BreadcrumbList\",\"@id\":\"https:\/\/dualar.com\/nl\/2025\/06\/18\/india-heeft-ondersteunende-teams-aangesteld-voor-de-reis-naar-mina-voor-de-hajj-missie\/#breadcrumb\",\"itemListElement\":[{\"@type\":\"ListItem\",\"position\":1,\"name\":\"Home\",\"item\":\"https:\/\/dualar.com\/nl\/\"},{\"@type\":\"ListItem\",\"position\":2,\"name\":\"India heeft ondersteunende teams aangesteld voor de reis naar Mina voor de Hajj-missie\"}]},{\"@type\":\"WebSite\",\"@id\":\"https:\/\/dualar.com\/nl\/#website\",\"url\":\"https:\/\/dualar.com\/nl\/\",\"name\":\"Dualar.com\/nl\",\"description\":\"Gebeden die u op elk moment inspireren\",\"publisher\":{\"@id\":\"https:\/\/dualar.com\/nl\/#organization\"},\"potentialAction\":[{\"@type\":\"SearchAction\",\"target\":{\"@type\":\"EntryPoint\",\"urlTemplate\":\"https:\/\/dualar.com\/nl\/?s={search_term_string}\"},\"query-input\":{\"@type\":\"PropertyValueSpecification\",\"valueRequired\":true,\"valueName\":\"search_term_string\"}}],\"inLanguage\":\"nl-NL\"},{\"@type\":\"Organization\",\"@id\":\"https:\/\/dualar.com\/nl\/#organization\",\"name\":\"Dualar.com\/nl\",\"url\":\"https:\/\/dualar.com\/nl\/\",\"logo\":{\"@type\":\"ImageObject\",\"inLanguage\":\"nl-NL\",\"@id\":\"https:\/\/dualar.com\/nl\/#\/schema\/logo\/image\/\",\"url\":\"https:\/\/dualar.com\/nl\/wp-content\/uploads\/sites\/2\/2024\/11\/Her-Aniniza-Ilham-Veren-Dualar-1.png\",\"contentUrl\":\"https:\/\/dualar.com\/nl\/wp-content\/uploads\/sites\/2\/2024\/11\/Her-Aniniza-Ilham-Veren-Dualar-1.png\",\"width\":1000,\"height\":300,\"caption\":\"Dualar.com\/nl\"},\"image\":{\"@id\":\"https:\/\/dualar.com\/nl\/#\/schema\/logo\/image\/\"}},{\"@type\":\"Person\",\"@id\":\"https:\/\/dualar.com\/nl\/#\/schema\/person\/d920bfed24e7ef4d145c3664464931fd\",\"name\":\"info@blueappleagency.nl\",\"image\":{\"@type\":\"ImageObject\",\"inLanguage\":\"nl-NL\",\"@id\":\"https:\/\/dualar.com\/nl\/#\/schema\/person\/image\/\",\"url\":\"https:\/\/secure.gravatar.com\/avatar\/4bcc94ad74be7f14c7e9a39e3f95a587?s=96&d=mm&r=g\",\"contentUrl\":\"https:\/\/secure.gravatar.com\/avatar\/4bcc94ad74be7f14c7e9a39e3f95a587?s=96&d=mm&r=g\",\"caption\":\"info@blueappleagency.nl\"},\"sameAs\":[\"http:\/\/dualar.com\"],\"url\":\"#\"}]}<\/script>\n<!-- \/ Yoast SEO plugin. -->","yoast_head_json":{"title":"India heeft ondersteunende teams aangesteld voor de reis naar Mina voor de Hajj-missie - Dualar.com\/nl","description":"Het Hajj-seizoen is gestart; Indiase pelgrims reizen naar Mina. Het \"Indiaans Team\" biedt ondersteuning voor een veilige en comfortabele reis.","robots":{"index":"index","follow":"follow","max-snippet":"max-snippet:-1","max-image-preview":"max-image-preview:large","max-video-preview":"max-video-preview:-1"},"canonical":"https:\/\/dualar.com\/nl\/2025\/06\/18\/india-heeft-ondersteunende-teams-aangesteld-voor-de-reis-naar-mina-voor-de-hajj-missie\/","og_locale":"nl_NL","og_type":"article","og_title":"India heeft ondersteunende teams aangesteld voor de reis naar Mina voor de Hajj-missie - Dualar.com\/nl","og_description":"Het Hajj-seizoen is gestart; Indiase pelgrims reizen naar Mina. Het \"Indiaans Team\" biedt ondersteuning voor een veilige en comfortabele reis.","og_url":"https:\/\/dualar.com\/nl\/2025\/06\/18\/india-heeft-ondersteunende-teams-aangesteld-voor-de-reis-naar-mina-voor-de-hajj-missie\/","og_site_name":"Dualar.com\/nl","article_published_time":"2025-06-18T12:08:33+00:00","article_modified_time":"2025-06-18T12:08:41+00:00","og_image":[{"width":670,"height":400,"url":"https:\/\/dualar.com\/nl\/wp-content\/uploads\/sites\/2\/2025\/06\/India-heeft-ondersteunende-teams-aangesteld-voor-de-reis-naar-Mina.jpeg","type":"image\/jpeg"}],"author":"info@blueappleagency.nl","twitter_card":"summary_large_image","twitter_misc":{"Geschreven door":"info@blueappleagency.nl","Geschatte leestijd":"2 minuten"},"schema":{"@context":"https:\/\/schema.org","@graph":[{"@type":"Article","@id":"https:\/\/dualar.com\/nl\/2025\/06\/18\/india-heeft-ondersteunende-teams-aangesteld-voor-de-reis-naar-mina-voor-de-hajj-missie\/#article","isPartOf":{"@id":"https:\/\/dualar.com\/nl\/2025\/06\/18\/india-heeft-ondersteunende-teams-aangesteld-voor-de-reis-naar-mina-voor-de-hajj-missie\/"},"author":{"name":"info@blueappleagency.nl","@id":"https:\/\/dualar.com\/nl\/#\/schema\/person\/d920bfed24e7ef4d145c3664464931fd"},"headline":"India heeft ondersteunende teams aangesteld voor de reis naar Mina voor de Hajj-missie","datePublished":"2025-06-18T12:08:33+00:00","dateModified":"2025-06-18T12:08:41+00:00","mainEntityOfPage":{"@id":"https:\/\/dualar.com\/nl\/2025\/06\/18\/india-heeft-ondersteunende-teams-aangesteld-voor-de-reis-naar-mina-voor-de-hajj-missie\/"},"wordCount":496,"commentCount":0,"publisher":{"@id":"https:\/\/dualar.com\/nl\/#organization"},"image":{"@id":"https:\/\/dualar.com\/nl\/2025\/06\/18\/india-heeft-ondersteunende-teams-aangesteld-voor-de-reis-naar-mina-voor-de-hajj-missie\/#primaryimage"},"thumbnailUrl":"https:\/\/dualar.com\/nl\/wp-content\/uploads\/sites\/2\/2025\/06\/India-heeft-ondersteunende-teams-aangesteld-voor-de-reis-naar-Mina.jpeg","keywords":["aangesteld","Hajj","India","Mina","missie","ondersteunende teams","Reis"],"articleSection":["Mondiaal Moslim Nieuws"],"inLanguage":"nl-NL","potentialAction":[{"@type":"CommentAction","name":"Comment","target":["https:\/\/dualar.com\/nl\/2025\/06\/18\/india-heeft-ondersteunende-teams-aangesteld-voor-de-reis-naar-mina-voor-de-hajj-missie\/#respond"]}]},{"@type":"WebPage","@id":"https:\/\/dualar.com\/nl\/2025\/06\/18\/india-heeft-ondersteunende-teams-aangesteld-voor-de-reis-naar-mina-voor-de-hajj-missie\/","url":"https:\/\/dualar.com\/nl\/2025\/06\/18\/india-heeft-ondersteunende-teams-aangesteld-voor-de-reis-naar-mina-voor-de-hajj-missie\/","name":"India heeft ondersteunende teams aangesteld voor de reis naar Mina voor de Hajj-missie - Dualar.com\/nl","isPartOf":{"@id":"https:\/\/dualar.com\/nl\/#website"},"primaryImageOfPage":{"@id":"https:\/\/dualar.com\/nl\/2025\/06\/18\/india-heeft-ondersteunende-teams-aangesteld-voor-de-reis-naar-mina-voor-de-hajj-missie\/#primaryimage"},"image":{"@id":"https:\/\/dualar.com\/nl\/2025\/06\/18\/india-heeft-ondersteunende-teams-aangesteld-voor-de-reis-naar-mina-voor-de-hajj-missie\/#primaryimage"},"thumbnailUrl":"https:\/\/dualar.com\/nl\/wp-content\/uploads\/sites\/2\/2025\/06\/India-heeft-ondersteunende-teams-aangesteld-voor-de-reis-naar-Mina.jpeg","datePublished":"2025-06-18T12:08:33+00:00","dateModified":"2025-06-18T12:08:41+00:00","description":"Het Hajj-seizoen is gestart; Indiase pelgrims reizen naar Mina. Het \"Indiaans Team\" biedt ondersteuning voor een veilige en comfortabele reis.","breadcrumb":{"@id":"https:\/\/dualar.com\/nl\/2025\/06\/18\/india-heeft-ondersteunende-teams-aangesteld-voor-de-reis-naar-mina-voor-de-hajj-missie\/#breadcrumb"},"inLanguage":"nl-NL","potentialAction":[{"@type":"ReadAction","target":["https:\/\/dualar.com\/nl\/2025\/06\/18\/india-heeft-ondersteunende-teams-aangesteld-voor-de-reis-naar-mina-voor-de-hajj-missie\/"]}]},{"@type":"ImageObject","inLanguage":"nl-NL","@id":"https:\/\/dualar.com\/nl\/2025\/06\/18\/india-heeft-ondersteunende-teams-aangesteld-voor-de-reis-naar-mina-voor-de-hajj-missie\/#primaryimage","url":"https:\/\/dualar.com\/nl\/wp-content\/uploads\/sites\/2\/2025\/06\/India-heeft-ondersteunende-teams-aangesteld-voor-de-reis-naar-Mina.jpeg","contentUrl":"https:\/\/dualar.com\/nl\/wp-content\/uploads\/sites\/2\/2025\/06\/India-heeft-ondersteunende-teams-aangesteld-voor-de-reis-naar-Mina.jpeg","width":670,"height":400,"caption":"India heeft ondersteunende teams aangesteld voor de reis naar Mina voor de Hajj-missie"},{"@type":"BreadcrumbList","@id":"https:\/\/dualar.com\/nl\/2025\/06\/18\/india-heeft-ondersteunende-teams-aangesteld-voor-de-reis-naar-mina-voor-de-hajj-missie\/#breadcrumb","itemListElement":[{"@type":"ListItem","position":1,"name":"Home","item":"https:\/\/dualar.com\/nl\/"},{"@type":"ListItem","position":2,"name":"India heeft ondersteunende teams aangesteld voor de reis naar Mina voor de Hajj-missie"}]},{"@type":"WebSite","@id":"https:\/\/dualar.com\/nl\/#website","url":"https:\/\/dualar.com\/nl\/","name":"Dualar.com\/nl","description":"Gebeden die u op elk moment inspireren","publisher":{"@id":"https:\/\/dualar.com\/nl\/#organization"},"potentialAction":[{"@type":"SearchAction","target":{"@type":"EntryPoint","urlTemplate":"https:\/\/dualar.com\/nl\/?s={search_term_string}"},"query-input":{"@type":"PropertyValueSpecification","valueRequired":true,"valueName":"search_term_string"}}],"inLanguage":"nl-NL"},{"@type":"Organization","@id":"https:\/\/dualar.com\/nl\/#organization","name":"Dualar.com\/nl","url":"https:\/\/dualar.com\/nl\/","logo":{"@type":"ImageObject","inLanguage":"nl-NL","@id":"https:\/\/dualar.com\/nl\/#\/schema\/logo\/image\/","url":"https:\/\/dualar.com\/nl\/wp-content\/uploads\/sites\/2\/2024\/11\/Her-Aniniza-Ilham-Veren-Dualar-1.png","contentUrl":"https:\/\/dualar.com\/nl\/wp-content\/uploads\/sites\/2\/2024\/11\/Her-Aniniza-Ilham-Veren-Dualar-1.png","width":1000,"height":300,"caption":"Dualar.com\/nl"},"image":{"@id":"https:\/\/dualar.com\/nl\/#\/schema\/logo\/image\/"}},{"@type":"Person","@id":"https:\/\/dualar.com\/nl\/#\/schema\/person\/d920bfed24e7ef4d145c3664464931fd","name":"info@blueappleagency.nl","image":{"@type":"ImageObject","inLanguage":"nl-NL","@id":"https:\/\/dualar.com\/nl\/#\/schema\/person\/image\/","url":"https:\/\/secure.gravatar.com\/avatar\/4bcc94ad74be7f14c7e9a39e3f95a587?s=96&d=mm&r=g","contentUrl":"https:\/\/secure.gravatar.com\/avatar\/4bcc94ad74be7f14c7e9a39e3f95a587?s=96&d=mm&r=g","caption":"info@blueappleagency.nl"},"sameAs":["http:\/\/dualar.com"],"url":"#"}]}},"taxonomy_info":{"category":[{"value":2,"label":"Mondiaal Moslim Nieuws"}],"post_tag":[{"value":2807,"label":"aangesteld"},{"value":1241,"label":"Hajj"},{"value":162,"label":"India"},{"value":2808,"label":"Mina"},{"value":2809,"label":"missie"},{"value":2806,"label":"ondersteunende teams"},{"value":892,"label":"Reis"}]},"featured_image_src_large":["https:\/\/dualar.com\/nl\/wp-content\/uploads\/sites\/2\/2025\/06\/India-heeft-ondersteunende-teams-aangesteld-voor-de-reis-naar-Mina.jpeg",670,400,false],"author_info":{"display_name":"info@blueappleagency.nl","author_link":"#"},"comment_info":0,"category_info":[{"term_id":2,"name":"Mondiaal Moslim Nieuws","slug":"mondiaal-moslim-nieuws","term_group":0,"term_taxonomy_id":2,"taxonomy":"category","description":"","parent":0,"count":1312,"filter":"raw","cat_ID":2,"category_count":1312,"category_description":"","cat_name":"Mondiaal Moslim Nieuws","category_nicename":"mondiaal-moslim-nieuws","category_parent":0}],"tag_info":[{"term_id":2807,"name":"aangesteld","slug":"aangesteld","term_group":0,"term_taxonomy_id":2807,"taxonomy":"post_tag","description":"","parent":0,"count":3,"filter":"raw"},{"term_id":1241,"name":"Hajj","slug":"hajj","term_group":0,"term_taxonomy_id":1241,"taxonomy":"post_tag","description":"","parent":0,"count":9,"filter":"raw"},{"term_id":162,"name":"India","slug":"india","term_group":0,"term_taxonomy_id":162,"taxonomy":"post_tag","description":"","parent":0,"count":28,"filter":"raw"},{"term_id":2808,"name":"Mina","slug":"mina","term_group":0,"term_taxonomy_id":2808,"taxonomy":"post_tag","description":"","parent":0,"count":1,"filter":"raw"},{"term_id":2809,"name":"missie","slug":"missie","term_group":0,"term_taxonomy_id":2809,"taxonomy":"post_tag","description":"","parent":0,"count":1,"filter":"raw"},{"term_id":2806,"name":"ondersteunende teams","slug":"ondersteunende-teams","term_group":0,"term_taxonomy_id":2806,"taxonomy":"post_tag","description":"","parent":0,"count":1,"filter":"raw"},{"term_id":892,"name":"Reis","slug":"reis","term_group":0,"term_taxonomy_id":892,"taxonomy":"post_tag","description":"","parent":0,"count":6,"filter":"raw"}],"_links":{"self":[{"href":"https:\/\/dualar.com\/nl\/wp-json\/wp\/v2\/posts\/4202","targetHints":{"allow":["GET"]}}],"collection":[{"href":"https:\/\/dualar.com\/nl\/wp-json\/wp\/v2\/posts"}],"about":[{"href":"https:\/\/dualar.com\/nl\/wp-json\/wp\/v2\/types\/post"}],"author":[{"embeddable":true,"href":"https:\/\/dualar.com\/nl\/wp-json\/wp\/v2\/users\/1"}],"replies":[{"embeddable":true,"href":"https:\/\/dualar.com\/nl\/wp-json\/wp\/v2\/comments?post=4202"}],"version-history":[{"count":1,"href":"https:\/\/dualar.com\/nl\/wp-json\/wp\/v2\/posts\/4202\/revisions"}],"predecessor-version":[{"id":4204,"href":"https:\/\/dualar.com\/nl\/wp-json\/wp\/v2\/posts\/4202\/revisions\/4204"}],"wp:featuredmedia":[{"embeddable":true,"href":"https:\/\/dualar.com\/nl\/wp-json\/wp\/v2\/media\/4203"}],"wp:attachment":[{"href":"https:\/\/dualar.com\/nl\/wp-json\/wp\/v2\/media?parent=4202"}],"wp:term":[{"taxonomy":"category","embeddable":true,"href":"https:\/\/dualar.com\/nl\/wp-json\/wp\/v2\/categories?post=4202"},{"taxonomy":"post_tag","embeddable":true,"href":"https:\/\/dualar.com\/nl\/wp-json\/wp\/v2\/tags?post=4202"}],"curies":[{"name":"wp","href":"https:\/\/api.w.org\/{rel}","templated":true}]}}