{"id":4460,"date":"2025-07-08T14:50:47","date_gmt":"2025-07-08T13:50:47","guid":{"rendered":"https:\/\/dualar.com\/nl\/2025\/07\/08\/nederlands-imam-is-na-ontmoeting-met-herzog-in-israel-ontslagen\/"},"modified":"2025-07-08T14:50:56","modified_gmt":"2025-07-08T13:50:56","slug":"nederlands-imam-is-na-ontmoeting-met-herzog-in-israel-ontslagen","status":"publish","type":"post","link":"https:\/\/dualar.com\/nl\/2025\/07\/08\/nederlands-imam-is-na-ontmoeting-met-herzog-in-israel-ontslagen\/","title":{"rendered":"Nederlands imam is na ontmoeting met Herzog in Isra\u00ebl ontslagen"},"content":{"rendered":"<div>\n<p><strong>Imam in Nederland Verwijderd Na Gesprek Met Isra\u00eblische President<\/strong><\/p>\n<p>Youssef Msibih, de imam van de Bilal Moskee in Alkmaar, Nederland, is verwijderd uit de moskee na een gesprek met de Isra\u00eblische president Isaac Herzog. Dit gesprek maakte deel uit van een delegatie van moslimfiguren uit Europa die Isra\u00ebl bezocht. Msibih zong tijdens deze bijeenkomst een lied dat het Isra\u00eblische nationale volkslied in het Arabisch herinterpretteerde.<\/p>\n<p>De Bilal Moskee maakte bekend dat Msibih &#8220;meteen&#8221; was verwijderd. In een verklaring werd gezegd: &#8220;Na de recente politieke uitspraken van de imam heeft het bestuur besloten hem onmiddellijk te verwijderen.&#8221; &#8220;Vanaf dit moment heeft hij geen enkele relatie meer met de instelling.&#8221;<\/p>\n<h3>Verwijdering van de Imam en Details van de Bijeenkomst<\/h3>\n<ul>\n<li><strong>Datum van het gesprek:<\/strong> 7 juli 2025<\/li>\n<li><strong>Delegatie:<\/strong> Bestaat uit 15 moslimpredikers.<\/li>\n<li><strong>Organisatie:<\/strong> Elnet, een NGO die gericht is op het versterken van de relaties tussen Isra\u00ebl en Europa.<\/li>\n<li><strong>Te Bezoeken Locaties:<\/strong>\n<ul>\n<li>Isra\u00eblische Parlement<\/li>\n<li>Heilige plaatsen van moslims, christenen en joden in de Oude Stad<\/li>\n<li>Yad Vashem Holocaust Monument<\/li>\n<li>Families van Palestijnse bedoe\u00efenen gevangen in Gaza<\/li>\n<li>Leden van de Syrische Druzen gemeenschap in de bezette Golanhoogten<\/li>\n<\/ul>\n<\/li>\n<\/ul>\n<p>De delegatieleider, de Franse imam Hassen Chalghoumi, zei tegen Herzog: &#8220;U vertegenwoordigt de wereld van broederschap, menselijkheid en vrijheid.&#8221;<\/p>\n<h3>Uitspraken van Herzog en Kritieken<\/h3>\n<p>President Herzog zei in zijn toespraak tijdens de bijeenkomst: &#8220;We zijn allemaal kinderen van Abraham en de historische vooruitgang in onze regio is de vooruitgang van de dialoog tussen moslims en joden.&#8221; Herzog was in oktober 2023 het doelwit van kritiek met de uitspraak &#8220;Een hele natie is verantwoordelijk.&#8221;<\/p>\n<h3>Opvallende Namen in de Delegatie<\/h3>\n<p>In de delegatie zaten prominente moslimleiders uit Itali\u00eb, Belgi\u00eb, Nederland, het Verenigd Koninkrijk en Frankrijk. Hassen Chalghoumi is imam van de Drancy Moskee en staat bekend om zijn nauwe banden met Isra\u00eblische groepen.<\/p>\n<p><strong>Belangrijke Punten:<\/strong><\/p>\n<ul>\n<li><strong>Hassen Chalghoumi<\/strong>: Een controversi\u00eble Franse imam.<\/li>\n<li><strong>Noor Dahri<\/strong>: Oprichter van de Islamitische Antiterrorisme Theologie Vereniging in het Verenigd Koninkrijk.<\/li>\n<li><strong>Ali El-Darja<\/strong>: Een delegaat uit de stad Turijn in Itali\u00eb.<\/li>\n<\/ul>\n<p>De delegatie heeft tijdens dit bezoek verschillende heilige plaatsen in Isra\u00ebl bezocht en interactie gehad met verschillende gemeenschappen.<\/p>\n<h3>Conclusie en Lezersreacties<\/h3>\n<p>Dit voorval heeft een belangrijke discussie op gang gebracht over de relaties tussen moslimleiders uit Europa en Isra\u00ebl, en de impact van deze relaties op de samenleving. Deel ook uw gedachten over dit onderwerp met ons of bezoek onze website om relevante artikelen te lezen.<\/p>\n<p>Voor meer informatie kunt u zich abonneren op de <a href=\"https:\/\/www.middleeasteye.net\/news\">MEE\u2019s Jerusalem Dispatch<\/a> nieuwsbrief.<\/p>\n<\/div>\n","protected":false},"excerpt":{"rendered":"<p>Youssef Msibih, imam van de Bilal Moskee in Alkmaar, is verwijderd na een gesprek met de Isra\u00eblische president Isaac Herzog tijdens een delegatie van Europese moslimfiguren. Msibih herinterpreteerde het Isra\u00eblische volkslied in het Arabisch. De moskee verklaarde dat zijn verwijdering &#8220;onmiddellijk&#8221; was na zijn politieke uitspraken. De delegatie omvatte vijftien moslimpredikers en werd geleid door de Franse imam Hassen Chalghoumi. Ze bezochten onder andere heilige plaatsen en spraken met verschillende gemeenschappen. Dit voorval heeft een discussie op gang gebracht over de relaties tussen moslimleiders in Europa en Isra\u00ebl.<\/p>\n","protected":false},"author":1,"featured_media":4461,"comment_status":"open","ping_status":"open","sticky":false,"template":"","format":"standard","meta":{"_kad_blocks_custom_css":"","_kad_blocks_head_custom_js":"","_kad_blocks_body_custom_js":"","_kad_blocks_footer_custom_js":"","_kadence_starter_templates_imported_post":false,"_kad_post_transparent":"","_kad_post_title":"","_kad_post_layout":"","_kad_post_sidebar_id":"","_kad_post_content_style":"","_kad_post_vertical_padding":"","_kad_post_feature":"","_kad_post_feature_position":"","_kad_post_header":false,"_kad_post_footer":false,"footnotes":""},"categories":[2],"tags":[2996,2130,38,1369,1503],"class_list":["post-4460","post","type-post","status-publish","format-standard","has-post-thumbnail","hentry","category-mondiaal-moslim-nieuws","tag-herzog","tag-imam","tag-israel","tag-ontmoeting","tag-ontslagen"],"yoast_head":"<!-- This site is optimized with the Yoast SEO plugin v23.9 - https:\/\/yoast.com\/wordpress\/plugins\/seo\/ -->\n<title>Nederlands imam is na ontmoeting met Herzog in Isra\u00ebl ontslagen - Dualar.com\/nl<\/title>\n<meta name=\"description\" content=\"Imam Youssef Msibih is verwijderd uit de Bilal Moskee na een gesprek met Isra\u00ebl&#039;s president Herzog en kritiek op zijn uitspraken.\" \/>\n<meta name=\"robots\" content=\"index, follow, max-snippet:-1, max-image-preview:large, max-video-preview:-1\" \/>\n<link rel=\"canonical\" href=\"https:\/\/dualar.com\/nl\/2025\/07\/08\/nederlands-imam-is-na-ontmoeting-met-herzog-in-israel-ontslagen\/\" \/>\n<meta property=\"og:locale\" content=\"nl_NL\" \/>\n<meta property=\"og:type\" content=\"article\" \/>\n<meta property=\"og:title\" content=\"Nederlands imam is na ontmoeting met Herzog in Isra\u00ebl ontslagen - Dualar.com\/nl\" \/>\n<meta property=\"og:description\" content=\"Imam Youssef Msibih is verwijderd uit de Bilal Moskee na een gesprek met Isra\u00ebl&#039;s president Herzog en kritiek op zijn uitspraken.\" \/>\n<meta property=\"og:url\" content=\"https:\/\/dualar.com\/nl\/2025\/07\/08\/nederlands-imam-is-na-ontmoeting-met-herzog-in-israel-ontslagen\/\" \/>\n<meta property=\"og:site_name\" content=\"Dualar.com\/nl\" \/>\n<meta property=\"article:published_time\" content=\"2025-07-08T13:50:47+00:00\" \/>\n<meta property=\"article:modified_time\" content=\"2025-07-08T13:50:56+00:00\" \/>\n<meta property=\"og:image\" content=\"https:\/\/dualar.com\/nl\/wp-content\/uploads\/sites\/2\/2025\/07\/Nederlands-imam-is-na-ontmoeting-met-Herzog-in-Israel-ontslagen.jpg\" \/>\n\t<meta property=\"og:image:width\" content=\"1600\" \/>\n\t<meta property=\"og:image:height\" content=\"900\" \/>\n\t<meta property=\"og:image:type\" content=\"image\/jpeg\" \/>\n<meta name=\"author\" content=\"info@blueappleagency.nl\" \/>\n<meta name=\"twitter:card\" content=\"summary_large_image\" \/>\n<meta name=\"twitter:label1\" content=\"Geschreven door\" \/>\n\t<meta name=\"twitter:data1\" content=\"info@blueappleagency.nl\" \/>\n\t<meta name=\"twitter:label2\" content=\"Geschatte leestijd\" \/>\n\t<meta name=\"twitter:data2\" content=\"2 minuten\" \/>\n<script type=\"application\/ld+json\" class=\"yoast-schema-graph\">{\"@context\":\"https:\/\/schema.org\",\"@graph\":[{\"@type\":\"Article\",\"@id\":\"https:\/\/dualar.com\/nl\/2025\/07\/08\/nederlands-imam-is-na-ontmoeting-met-herzog-in-israel-ontslagen\/#article\",\"isPartOf\":{\"@id\":\"https:\/\/dualar.com\/nl\/2025\/07\/08\/nederlands-imam-is-na-ontmoeting-met-herzog-in-israel-ontslagen\/\"},\"author\":{\"name\":\"info@blueappleagency.nl\",\"@id\":\"https:\/\/dualar.com\/nl\/#\/schema\/person\/d920bfed24e7ef4d145c3664464931fd\"},\"headline\":\"Nederlands imam is na ontmoeting met Herzog in Isra\u00ebl ontslagen\",\"datePublished\":\"2025-07-08T13:50:47+00:00\",\"dateModified\":\"2025-07-08T13:50:56+00:00\",\"mainEntityOfPage\":{\"@id\":\"https:\/\/dualar.com\/nl\/2025\/07\/08\/nederlands-imam-is-na-ontmoeting-met-herzog-in-israel-ontslagen\/\"},\"wordCount\":423,\"commentCount\":0,\"publisher\":{\"@id\":\"https:\/\/dualar.com\/nl\/#organization\"},\"image\":{\"@id\":\"https:\/\/dualar.com\/nl\/2025\/07\/08\/nederlands-imam-is-na-ontmoeting-met-herzog-in-israel-ontslagen\/#primaryimage\"},\"thumbnailUrl\":\"https:\/\/dualar.com\/nl\/wp-content\/uploads\/sites\/2\/2025\/07\/Nederlands-imam-is-na-ontmoeting-met-Herzog-in-Israel-ontslagen.jpg\",\"keywords\":[\"Herzog\",\"imam\",\"Isra\u00ebl\",\"ontmoeting\",\"ontslagen\"],\"articleSection\":[\"Mondiaal Moslim Nieuws\"],\"inLanguage\":\"nl-NL\",\"potentialAction\":[{\"@type\":\"CommentAction\",\"name\":\"Comment\",\"target\":[\"https:\/\/dualar.com\/nl\/2025\/07\/08\/nederlands-imam-is-na-ontmoeting-met-herzog-in-israel-ontslagen\/#respond\"]}]},{\"@type\":\"WebPage\",\"@id\":\"https:\/\/dualar.com\/nl\/2025\/07\/08\/nederlands-imam-is-na-ontmoeting-met-herzog-in-israel-ontslagen\/\",\"url\":\"https:\/\/dualar.com\/nl\/2025\/07\/08\/nederlands-imam-is-na-ontmoeting-met-herzog-in-israel-ontslagen\/\",\"name\":\"Nederlands imam is na ontmoeting met Herzog in Isra\u00ebl ontslagen - Dualar.com\/nl\",\"isPartOf\":{\"@id\":\"https:\/\/dualar.com\/nl\/#website\"},\"primaryImageOfPage\":{\"@id\":\"https:\/\/dualar.com\/nl\/2025\/07\/08\/nederlands-imam-is-na-ontmoeting-met-herzog-in-israel-ontslagen\/#primaryimage\"},\"image\":{\"@id\":\"https:\/\/dualar.com\/nl\/2025\/07\/08\/nederlands-imam-is-na-ontmoeting-met-herzog-in-israel-ontslagen\/#primaryimage\"},\"thumbnailUrl\":\"https:\/\/dualar.com\/nl\/wp-content\/uploads\/sites\/2\/2025\/07\/Nederlands-imam-is-na-ontmoeting-met-Herzog-in-Israel-ontslagen.jpg\",\"datePublished\":\"2025-07-08T13:50:47+00:00\",\"dateModified\":\"2025-07-08T13:50:56+00:00\",\"description\":\"Imam Youssef Msibih is verwijderd uit de Bilal Moskee na een gesprek met Isra\u00ebl's president Herzog en kritiek op zijn uitspraken.\",\"breadcrumb\":{\"@id\":\"https:\/\/dualar.com\/nl\/2025\/07\/08\/nederlands-imam-is-na-ontmoeting-met-herzog-in-israel-ontslagen\/#breadcrumb\"},\"inLanguage\":\"nl-NL\",\"potentialAction\":[{\"@type\":\"ReadAction\",\"target\":[\"https:\/\/dualar.com\/nl\/2025\/07\/08\/nederlands-imam-is-na-ontmoeting-met-herzog-in-israel-ontslagen\/\"]}]},{\"@type\":\"ImageObject\",\"inLanguage\":\"nl-NL\",\"@id\":\"https:\/\/dualar.com\/nl\/2025\/07\/08\/nederlands-imam-is-na-ontmoeting-met-herzog-in-israel-ontslagen\/#primaryimage\",\"url\":\"https:\/\/dualar.com\/nl\/wp-content\/uploads\/sites\/2\/2025\/07\/Nederlands-imam-is-na-ontmoeting-met-Herzog-in-Israel-ontslagen.jpg\",\"contentUrl\":\"https:\/\/dualar.com\/nl\/wp-content\/uploads\/sites\/2\/2025\/07\/Nederlands-imam-is-na-ontmoeting-met-Herzog-in-Israel-ontslagen.jpg\",\"width\":1600,\"height\":900,\"caption\":\"Nederlands imam is na ontmoeting met Herzog in Isra\u00ebl ontslagen\"},{\"@type\":\"BreadcrumbList\",\"@id\":\"https:\/\/dualar.com\/nl\/2025\/07\/08\/nederlands-imam-is-na-ontmoeting-met-herzog-in-israel-ontslagen\/#breadcrumb\",\"itemListElement\":[{\"@type\":\"ListItem\",\"position\":1,\"name\":\"Home\",\"item\":\"https:\/\/dualar.com\/nl\/\"},{\"@type\":\"ListItem\",\"position\":2,\"name\":\"Nederlands imam is na ontmoeting met Herzog in Isra\u00ebl ontslagen\"}]},{\"@type\":\"WebSite\",\"@id\":\"https:\/\/dualar.com\/nl\/#website\",\"url\":\"https:\/\/dualar.com\/nl\/\",\"name\":\"Dualar.com\/nl\",\"description\":\"Gebeden die u op elk moment inspireren\",\"publisher\":{\"@id\":\"https:\/\/dualar.com\/nl\/#organization\"},\"potentialAction\":[{\"@type\":\"SearchAction\",\"target\":{\"@type\":\"EntryPoint\",\"urlTemplate\":\"https:\/\/dualar.com\/nl\/?s={search_term_string}\"},\"query-input\":{\"@type\":\"PropertyValueSpecification\",\"valueRequired\":true,\"valueName\":\"search_term_string\"}}],\"inLanguage\":\"nl-NL\"},{\"@type\":\"Organization\",\"@id\":\"https:\/\/dualar.com\/nl\/#organization\",\"name\":\"Dualar.com\/nl\",\"url\":\"https:\/\/dualar.com\/nl\/\",\"logo\":{\"@type\":\"ImageObject\",\"inLanguage\":\"nl-NL\",\"@id\":\"https:\/\/dualar.com\/nl\/#\/schema\/logo\/image\/\",\"url\":\"https:\/\/dualar.com\/nl\/wp-content\/uploads\/sites\/2\/2024\/11\/Her-Aniniza-Ilham-Veren-Dualar-1.png\",\"contentUrl\":\"https:\/\/dualar.com\/nl\/wp-content\/uploads\/sites\/2\/2024\/11\/Her-Aniniza-Ilham-Veren-Dualar-1.png\",\"width\":1000,\"height\":300,\"caption\":\"Dualar.com\/nl\"},\"image\":{\"@id\":\"https:\/\/dualar.com\/nl\/#\/schema\/logo\/image\/\"}},{\"@type\":\"Person\",\"@id\":\"https:\/\/dualar.com\/nl\/#\/schema\/person\/d920bfed24e7ef4d145c3664464931fd\",\"name\":\"info@blueappleagency.nl\",\"image\":{\"@type\":\"ImageObject\",\"inLanguage\":\"nl-NL\",\"@id\":\"https:\/\/dualar.com\/nl\/#\/schema\/person\/image\/\",\"url\":\"https:\/\/secure.gravatar.com\/avatar\/4bcc94ad74be7f14c7e9a39e3f95a587?s=96&d=mm&r=g\",\"contentUrl\":\"https:\/\/secure.gravatar.com\/avatar\/4bcc94ad74be7f14c7e9a39e3f95a587?s=96&d=mm&r=g\",\"caption\":\"info@blueappleagency.nl\"},\"sameAs\":[\"http:\/\/dualar.com\"],\"url\":\"#\"}]}<\/script>\n<!-- \/ Yoast SEO plugin. -->","yoast_head_json":{"title":"Nederlands imam is na ontmoeting met Herzog in Isra\u00ebl ontslagen - Dualar.com\/nl","description":"Imam Youssef Msibih is verwijderd uit de Bilal Moskee na een gesprek met Isra\u00ebl's president Herzog en kritiek op zijn uitspraken.","robots":{"index":"index","follow":"follow","max-snippet":"max-snippet:-1","max-image-preview":"max-image-preview:large","max-video-preview":"max-video-preview:-1"},"canonical":"https:\/\/dualar.com\/nl\/2025\/07\/08\/nederlands-imam-is-na-ontmoeting-met-herzog-in-israel-ontslagen\/","og_locale":"nl_NL","og_type":"article","og_title":"Nederlands imam is na ontmoeting met Herzog in Isra\u00ebl ontslagen - Dualar.com\/nl","og_description":"Imam Youssef Msibih is verwijderd uit de Bilal Moskee na een gesprek met Isra\u00ebl's president Herzog en kritiek op zijn uitspraken.","og_url":"https:\/\/dualar.com\/nl\/2025\/07\/08\/nederlands-imam-is-na-ontmoeting-met-herzog-in-israel-ontslagen\/","og_site_name":"Dualar.com\/nl","article_published_time":"2025-07-08T13:50:47+00:00","article_modified_time":"2025-07-08T13:50:56+00:00","og_image":[{"width":1600,"height":900,"url":"https:\/\/dualar.com\/nl\/wp-content\/uploads\/sites\/2\/2025\/07\/Nederlands-imam-is-na-ontmoeting-met-Herzog-in-Israel-ontslagen.jpg","type":"image\/jpeg"}],"author":"info@blueappleagency.nl","twitter_card":"summary_large_image","twitter_misc":{"Geschreven door":"info@blueappleagency.nl","Geschatte leestijd":"2 minuten"},"schema":{"@context":"https:\/\/schema.org","@graph":[{"@type":"Article","@id":"https:\/\/dualar.com\/nl\/2025\/07\/08\/nederlands-imam-is-na-ontmoeting-met-herzog-in-israel-ontslagen\/#article","isPartOf":{"@id":"https:\/\/dualar.com\/nl\/2025\/07\/08\/nederlands-imam-is-na-ontmoeting-met-herzog-in-israel-ontslagen\/"},"author":{"name":"info@blueappleagency.nl","@id":"https:\/\/dualar.com\/nl\/#\/schema\/person\/d920bfed24e7ef4d145c3664464931fd"},"headline":"Nederlands imam is na ontmoeting met Herzog in Isra\u00ebl ontslagen","datePublished":"2025-07-08T13:50:47+00:00","dateModified":"2025-07-08T13:50:56+00:00","mainEntityOfPage":{"@id":"https:\/\/dualar.com\/nl\/2025\/07\/08\/nederlands-imam-is-na-ontmoeting-met-herzog-in-israel-ontslagen\/"},"wordCount":423,"commentCount":0,"publisher":{"@id":"https:\/\/dualar.com\/nl\/#organization"},"image":{"@id":"https:\/\/dualar.com\/nl\/2025\/07\/08\/nederlands-imam-is-na-ontmoeting-met-herzog-in-israel-ontslagen\/#primaryimage"},"thumbnailUrl":"https:\/\/dualar.com\/nl\/wp-content\/uploads\/sites\/2\/2025\/07\/Nederlands-imam-is-na-ontmoeting-met-Herzog-in-Israel-ontslagen.jpg","keywords":["Herzog","imam","Isra\u00ebl","ontmoeting","ontslagen"],"articleSection":["Mondiaal Moslim Nieuws"],"inLanguage":"nl-NL","potentialAction":[{"@type":"CommentAction","name":"Comment","target":["https:\/\/dualar.com\/nl\/2025\/07\/08\/nederlands-imam-is-na-ontmoeting-met-herzog-in-israel-ontslagen\/#respond"]}]},{"@type":"WebPage","@id":"https:\/\/dualar.com\/nl\/2025\/07\/08\/nederlands-imam-is-na-ontmoeting-met-herzog-in-israel-ontslagen\/","url":"https:\/\/dualar.com\/nl\/2025\/07\/08\/nederlands-imam-is-na-ontmoeting-met-herzog-in-israel-ontslagen\/","name":"Nederlands imam is na ontmoeting met Herzog in Isra\u00ebl ontslagen - Dualar.com\/nl","isPartOf":{"@id":"https:\/\/dualar.com\/nl\/#website"},"primaryImageOfPage":{"@id":"https:\/\/dualar.com\/nl\/2025\/07\/08\/nederlands-imam-is-na-ontmoeting-met-herzog-in-israel-ontslagen\/#primaryimage"},"image":{"@id":"https:\/\/dualar.com\/nl\/2025\/07\/08\/nederlands-imam-is-na-ontmoeting-met-herzog-in-israel-ontslagen\/#primaryimage"},"thumbnailUrl":"https:\/\/dualar.com\/nl\/wp-content\/uploads\/sites\/2\/2025\/07\/Nederlands-imam-is-na-ontmoeting-met-Herzog-in-Israel-ontslagen.jpg","datePublished":"2025-07-08T13:50:47+00:00","dateModified":"2025-07-08T13:50:56+00:00","description":"Imam Youssef Msibih is verwijderd uit de Bilal Moskee na een gesprek met Isra\u00ebl's president Herzog en kritiek op zijn uitspraken.","breadcrumb":{"@id":"https:\/\/dualar.com\/nl\/2025\/07\/08\/nederlands-imam-is-na-ontmoeting-met-herzog-in-israel-ontslagen\/#breadcrumb"},"inLanguage":"nl-NL","potentialAction":[{"@type":"ReadAction","target":["https:\/\/dualar.com\/nl\/2025\/07\/08\/nederlands-imam-is-na-ontmoeting-met-herzog-in-israel-ontslagen\/"]}]},{"@type":"ImageObject","inLanguage":"nl-NL","@id":"https:\/\/dualar.com\/nl\/2025\/07\/08\/nederlands-imam-is-na-ontmoeting-met-herzog-in-israel-ontslagen\/#primaryimage","url":"https:\/\/dualar.com\/nl\/wp-content\/uploads\/sites\/2\/2025\/07\/Nederlands-imam-is-na-ontmoeting-met-Herzog-in-Israel-ontslagen.jpg","contentUrl":"https:\/\/dualar.com\/nl\/wp-content\/uploads\/sites\/2\/2025\/07\/Nederlands-imam-is-na-ontmoeting-met-Herzog-in-Israel-ontslagen.jpg","width":1600,"height":900,"caption":"Nederlands imam is na ontmoeting met Herzog in Isra\u00ebl ontslagen"},{"@type":"BreadcrumbList","@id":"https:\/\/dualar.com\/nl\/2025\/07\/08\/nederlands-imam-is-na-ontmoeting-met-herzog-in-israel-ontslagen\/#breadcrumb","itemListElement":[{"@type":"ListItem","position":1,"name":"Home","item":"https:\/\/dualar.com\/nl\/"},{"@type":"ListItem","position":2,"name":"Nederlands imam is na ontmoeting met Herzog in Isra\u00ebl ontslagen"}]},{"@type":"WebSite","@id":"https:\/\/dualar.com\/nl\/#website","url":"https:\/\/dualar.com\/nl\/","name":"Dualar.com\/nl","description":"Gebeden die u op elk moment inspireren","publisher":{"@id":"https:\/\/dualar.com\/nl\/#organization"},"potentialAction":[{"@type":"SearchAction","target":{"@type":"EntryPoint","urlTemplate":"https:\/\/dualar.com\/nl\/?s={search_term_string}"},"query-input":{"@type":"PropertyValueSpecification","valueRequired":true,"valueName":"search_term_string"}}],"inLanguage":"nl-NL"},{"@type":"Organization","@id":"https:\/\/dualar.com\/nl\/#organization","name":"Dualar.com\/nl","url":"https:\/\/dualar.com\/nl\/","logo":{"@type":"ImageObject","inLanguage":"nl-NL","@id":"https:\/\/dualar.com\/nl\/#\/schema\/logo\/image\/","url":"https:\/\/dualar.com\/nl\/wp-content\/uploads\/sites\/2\/2024\/11\/Her-Aniniza-Ilham-Veren-Dualar-1.png","contentUrl":"https:\/\/dualar.com\/nl\/wp-content\/uploads\/sites\/2\/2024\/11\/Her-Aniniza-Ilham-Veren-Dualar-1.png","width":1000,"height":300,"caption":"Dualar.com\/nl"},"image":{"@id":"https:\/\/dualar.com\/nl\/#\/schema\/logo\/image\/"}},{"@type":"Person","@id":"https:\/\/dualar.com\/nl\/#\/schema\/person\/d920bfed24e7ef4d145c3664464931fd","name":"info@blueappleagency.nl","image":{"@type":"ImageObject","inLanguage":"nl-NL","@id":"https:\/\/dualar.com\/nl\/#\/schema\/person\/image\/","url":"https:\/\/secure.gravatar.com\/avatar\/4bcc94ad74be7f14c7e9a39e3f95a587?s=96&d=mm&r=g","contentUrl":"https:\/\/secure.gravatar.com\/avatar\/4bcc94ad74be7f14c7e9a39e3f95a587?s=96&d=mm&r=g","caption":"info@blueappleagency.nl"},"sameAs":["http:\/\/dualar.com"],"url":"#"}]}},"taxonomy_info":{"category":[{"value":2,"label":"Mondiaal Moslim Nieuws"}],"post_tag":[{"value":2996,"label":"Herzog"},{"value":2130,"label":"imam"},{"value":38,"label":"Isra\u00ebl"},{"value":1369,"label":"ontmoeting"},{"value":1503,"label":"ontslagen"}]},"featured_image_src_large":["https:\/\/dualar.com\/nl\/wp-content\/uploads\/sites\/2\/2025\/07\/Nederlands-imam-is-na-ontmoeting-met-Herzog-in-Israel-ontslagen-1024x576.jpg",1024,576,true],"author_info":{"display_name":"info@blueappleagency.nl","author_link":"#"},"comment_info":0,"category_info":[{"term_id":2,"name":"Mondiaal Moslim Nieuws","slug":"mondiaal-moslim-nieuws","term_group":0,"term_taxonomy_id":2,"taxonomy":"category","description":"","parent":0,"count":1312,"filter":"raw","cat_ID":2,"category_count":1312,"category_description":"","cat_name":"Mondiaal Moslim Nieuws","category_nicename":"mondiaal-moslim-nieuws","category_parent":0}],"tag_info":[{"term_id":2996,"name":"Herzog","slug":"herzog","term_group":0,"term_taxonomy_id":2996,"taxonomy":"post_tag","description":"","parent":0,"count":2,"filter":"raw"},{"term_id":2130,"name":"imam","slug":"imam","term_group":0,"term_taxonomy_id":2130,"taxonomy":"post_tag","description":"","parent":0,"count":4,"filter":"raw"},{"term_id":38,"name":"Isra\u00ebl","slug":"israel","term_group":0,"term_taxonomy_id":38,"taxonomy":"post_tag","description":"","parent":0,"count":230,"filter":"raw"},{"term_id":1369,"name":"ontmoeting","slug":"ontmoeting","term_group":0,"term_taxonomy_id":1369,"taxonomy":"post_tag","description":"","parent":0,"count":4,"filter":"raw"},{"term_id":1503,"name":"ontslagen","slug":"ontslagen","term_group":0,"term_taxonomy_id":1503,"taxonomy":"post_tag","description":"","parent":0,"count":4,"filter":"raw"}],"_links":{"self":[{"href":"https:\/\/dualar.com\/nl\/wp-json\/wp\/v2\/posts\/4460","targetHints":{"allow":["GET"]}}],"collection":[{"href":"https:\/\/dualar.com\/nl\/wp-json\/wp\/v2\/posts"}],"about":[{"href":"https:\/\/dualar.com\/nl\/wp-json\/wp\/v2\/types\/post"}],"author":[{"embeddable":true,"href":"https:\/\/dualar.com\/nl\/wp-json\/wp\/v2\/users\/1"}],"replies":[{"embeddable":true,"href":"https:\/\/dualar.com\/nl\/wp-json\/wp\/v2\/comments?post=4460"}],"version-history":[{"count":1,"href":"https:\/\/dualar.com\/nl\/wp-json\/wp\/v2\/posts\/4460\/revisions"}],"predecessor-version":[{"id":4462,"href":"https:\/\/dualar.com\/nl\/wp-json\/wp\/v2\/posts\/4460\/revisions\/4462"}],"wp:featuredmedia":[{"embeddable":true,"href":"https:\/\/dualar.com\/nl\/wp-json\/wp\/v2\/media\/4461"}],"wp:attachment":[{"href":"https:\/\/dualar.com\/nl\/wp-json\/wp\/v2\/media?parent=4460"}],"wp:term":[{"taxonomy":"category","embeddable":true,"href":"https:\/\/dualar.com\/nl\/wp-json\/wp\/v2\/categories?post=4460"},{"taxonomy":"post_tag","embeddable":true,"href":"https:\/\/dualar.com\/nl\/wp-json\/wp\/v2\/tags?post=4460"}],"curies":[{"name":"wp","href":"https:\/\/api.w.org\/{rel}","templated":true}]}}