{"id":4697,"date":"2025-08-18T16:42:41","date_gmt":"2025-08-18T15:42:41","guid":{"rendered":"https:\/\/dualar.com\/nl\/2025\/08\/18\/vs-heeft-visa-voor-palestijnse-medische-evacuaties-uit-gaza-stopgezet\/"},"modified":"2025-08-18T16:42:48","modified_gmt":"2025-08-18T15:42:48","slug":"vs-heeft-visa-voor-palestijnse-medische-evacuaties-uit-gaza-stopgezet","status":"publish","type":"post","link":"https:\/\/dualar.com\/nl\/2025\/08\/18\/vs-heeft-visa-voor-palestijnse-medische-evacuaties-uit-gaza-stopgezet\/","title":{"rendered":"VS heeft visa voor Palestijnse medische evacuaties uit Gaza stopgezet"},"content":{"rendered":"<div>\n<p><strong>VS stopt bezoekvisa voor Palestijnen uit Gaza: Nieuwe politiek en effecten<\/strong><\/p>\n<p>Het Amerikaanse ministerie van Buitenlandse Zaken heeft zaterdag aangekondigd dat alle bezoekvisa voor Palestijnen uit Gaza zijn stopgezet. Deze beslissing werd genomen tijdens een &#8220;volledige en grondige evaluatie&#8221; van de processen voor het verlenen van tijdelijke medische-humanitaire visa die in de afgelopen dagen zijn afgegeven. Deze situatie is een belangrijke ontwikkeling die de toegang van Palestijnse pati\u00ebnten tot gezondheidszorg in de VS be\u00efnvloedt.<\/p>\n<p><strong>Stopzetting van Palestijnse Bezoekvisa<\/strong><\/p>\n<p>Deze stap volgde op ongeverifieerde claims die werden gedeeld door de rechtse commentator Laura Loomer op het X-platform. Loomer beweerde dat Palestijnen die medische-humanitaire visa ontvangen &#8220;Hamas-gezind&#8221; zijn en verbonden met de Moslimbroederschap. Deze beweringen kregen steun van sommige Republikeinse congresleden. Congreslid Randy Fine noemde de visa een &#8220;nationaal veiligheidsrisico&#8221;.<\/p>\n<p><strong>Reacties van Cair<\/strong><\/p>\n<p>Het American Islamic Relations Council (Cair) heeft deze beperkingen veroordeeld en verklaard dat deze &#8220;de compliciteit van de Trump-administratie in de genocide van Isra\u00ebl&#8221; en &#8220;duister wreed&#8221; zijn. Cair vond het ironisch dat de Trump-administratie Palestijnse kinderen die medische hulp zochten verbood, terwijl het de deuren opende voor racisten en oorlogsmisdadigers.<\/p>\n<p><strong>Statistieken over Medische Visa<\/strong><\/p>\n<p>Volgens Reuters heeft de VS in 2025 meer dan 3.800 B1- en B2-bezoekvisa verleend aan personen met reisdocumenten van de Palestijnse Autoriteit. Dit aantal omvat slechts 640 visa die in mei zijn afgegeven. De ngo Heal Palestine, die evacuaties organiseert voor gewonde kinderen en hun gezinnen, meldde dat zij tot nu toe dit jaar 148 mensen hebben geholpen, van wie 63 dringende medische hulp nodig hadden.<\/p>\n<ul>\n<li><strong>Dringende Medische Evacuaties:<\/strong> Op 4 augustus meldde de groep dat 11 ernstig gewonde kinderen, samen met zorgverleners, naar de VS zijn gebracht voor langdurige behandeling en revalidatie.<\/li>\n<\/ul>\n<p><strong>Waarschuwingen over Basisrechten<\/strong><\/p>\n<p>Het Palestijnse Kinderhulpfonds verklaarde dat het stopzetten van de visa het recht van kinderen op toegang tot &#8220;de meest basale medische diensten&#8221; zal ontnemen, terwijl zij al meer dan 30 jaar gratis medische hulp bieden aan zieke en gewonde kinderen. Loomer gaf aan dat zij hoopt dat de nieuwe politiek &#8220;de Gazanen zou toevoegen aan het Trump-reisverbod&#8221;.<\/p>\n<p><strong>Effecten op het Gezondheidssysteem van Gaza<\/strong><\/p>\n<p>De bombardementen van Isra\u00ebl hebben het gezondheidssysteem van Gaza verwoest en de belegerde regio beroofd van zelfs maar \u00e9\u00e9n volledig functioneel ziekenhuis. De Wereldgezondheidsorganisatie schat dat 12.500 pati\u00ebnten in Gaza ge\u00ebvacueerd moeten worden voor medische behandeling.<\/p>\n<p><strong>Conclusie en Oproep aan de Lezer<\/strong><\/p>\n<p>Deze ontwikkelingen tonen opnieuw aan hoe kritiek de medische situatie in Gaza is. We nodigen onze lezers uit om hun gedachten te delen of artikelen over soortgelijke onderwerpen te lezen. Voor meer informatie kunt u bronnen zoals <a href=\"https:\/\/www.cair.com\/\">Cair<\/a> en <a href=\"https:\/\/www.healpalestine.org\/\">Heal Palestine<\/a> bezoeken.<\/p>\n<\/div>\n","protected":false},"excerpt":{"rendered":"<p>Het Amerikaanse ministerie van Buitenlandse Zaken heeft alle bezoekvisa voor Palestijnen uit Gaza stopgezet, wat grote gevolgen heeft voor de toegang tot gezondheidszorg in de VS. Deze beslissing volgde op ongefundeerde claims van Laura Loomer, die stelde dat Palestijnen met medische visa verbonden zijn aan Hamas. Reacties van de American Islamic Relations Council (Cair) waren sterk negatief, waarbij ze de actie vergeleken met compliciteit in genocide. De situatie in Gaza is kritiek, met een verwoest gezondheidssysteem en duizenden pati\u00ebnten die medische behandeling nodig hebben. De stopzetting van visa bedreigt het recht van kinderen op noodzakelijke medische zorg.<\/p>\n","protected":false},"author":1,"featured_media":4698,"comment_status":"open","ping_status":"open","sticky":false,"template":"","format":"standard","meta":{"_kad_blocks_custom_css":"","_kad_blocks_head_custom_js":"","_kad_blocks_body_custom_js":"","_kad_blocks_footer_custom_js":"","_kadence_starter_templates_imported_post":false,"_kad_post_transparent":"","_kad_post_title":"","_kad_post_layout":"","_kad_post_sidebar_id":"","_kad_post_content_style":"","_kad_post_vertical_padding":"","_kad_post_feature":"","_kad_post_feature_position":"","_kad_post_header":false,"_kad_post_footer":false,"footnotes":""},"categories":[2],"tags":[3167,85,3166,20,3168,3165,108],"class_list":["post-4697","post","type-post","status-publish","format-standard","has-post-thumbnail","hentry","category-mondiaal-moslim-nieuws","tag-evacuaties","tag-gaza","tag-medische","tag-palestijnse","tag-stopgezet","tag-visa","tag-vs"],"yoast_head":"<!-- This site is optimized with the Yoast SEO plugin v23.9 - https:\/\/yoast.com\/wordpress\/plugins\/seo\/ -->\n<title>VS heeft visa voor Palestijnse medische evacuaties uit Gaza stopgezet - Dualar.com\/nl<\/title>\n<meta name=\"description\" content=\"VS stopt bezoekvisa voor Palestijnen uit Gaza, wat hun toegang tot medische zorg be\u00efnvloedt. Critici wijzen op de gevolgen voor kinderen en pati\u00ebnten.\" \/>\n<meta name=\"robots\" content=\"index, follow, max-snippet:-1, max-image-preview:large, max-video-preview:-1\" \/>\n<link rel=\"canonical\" href=\"https:\/\/dualar.com\/nl\/2025\/08\/18\/vs-heeft-visa-voor-palestijnse-medische-evacuaties-uit-gaza-stopgezet\/\" \/>\n<meta property=\"og:locale\" content=\"nl_NL\" \/>\n<meta property=\"og:type\" content=\"article\" \/>\n<meta property=\"og:title\" content=\"VS heeft visa voor Palestijnse medische evacuaties uit Gaza stopgezet - Dualar.com\/nl\" \/>\n<meta property=\"og:description\" content=\"VS stopt bezoekvisa voor Palestijnen uit Gaza, wat hun toegang tot medische zorg be\u00efnvloedt. Critici wijzen op de gevolgen voor kinderen en pati\u00ebnten.\" \/>\n<meta property=\"og:url\" content=\"https:\/\/dualar.com\/nl\/2025\/08\/18\/vs-heeft-visa-voor-palestijnse-medische-evacuaties-uit-gaza-stopgezet\/\" \/>\n<meta property=\"og:site_name\" content=\"Dualar.com\/nl\" \/>\n<meta property=\"article:published_time\" content=\"2025-08-18T15:42:41+00:00\" \/>\n<meta property=\"article:modified_time\" content=\"2025-08-18T15:42:48+00:00\" \/>\n<meta property=\"og:image\" content=\"https:\/\/dualar.com\/nl\/wp-content\/uploads\/sites\/2\/2025\/08\/VS-heeft-visa-voor-Palestijnse-medische-evacuaties-uit-Gaza-stopgezet.jpg\" \/>\n\t<meta property=\"og:image:width\" content=\"1600\" \/>\n\t<meta property=\"og:image:height\" content=\"1067\" \/>\n\t<meta property=\"og:image:type\" content=\"image\/jpeg\" \/>\n<meta name=\"author\" content=\"info@blueappleagency.nl\" \/>\n<meta name=\"twitter:card\" content=\"summary_large_image\" \/>\n<meta name=\"twitter:label1\" content=\"Geschreven door\" \/>\n\t<meta name=\"twitter:data1\" content=\"info@blueappleagency.nl\" \/>\n\t<meta name=\"twitter:label2\" content=\"Geschatte leestijd\" \/>\n\t<meta name=\"twitter:data2\" content=\"2 minuten\" \/>\n<script type=\"application\/ld+json\" class=\"yoast-schema-graph\">{\"@context\":\"https:\/\/schema.org\",\"@graph\":[{\"@type\":\"Article\",\"@id\":\"https:\/\/dualar.com\/nl\/2025\/08\/18\/vs-heeft-visa-voor-palestijnse-medische-evacuaties-uit-gaza-stopgezet\/#article\",\"isPartOf\":{\"@id\":\"https:\/\/dualar.com\/nl\/2025\/08\/18\/vs-heeft-visa-voor-palestijnse-medische-evacuaties-uit-gaza-stopgezet\/\"},\"author\":{\"name\":\"info@blueappleagency.nl\",\"@id\":\"https:\/\/dualar.com\/nl\/#\/schema\/person\/d920bfed24e7ef4d145c3664464931fd\"},\"headline\":\"VS heeft visa voor Palestijnse medische evacuaties uit Gaza stopgezet\",\"datePublished\":\"2025-08-18T15:42:41+00:00\",\"dateModified\":\"2025-08-18T15:42:48+00:00\",\"mainEntityOfPage\":{\"@id\":\"https:\/\/dualar.com\/nl\/2025\/08\/18\/vs-heeft-visa-voor-palestijnse-medische-evacuaties-uit-gaza-stopgezet\/\"},\"wordCount\":438,\"commentCount\":0,\"publisher\":{\"@id\":\"https:\/\/dualar.com\/nl\/#organization\"},\"image\":{\"@id\":\"https:\/\/dualar.com\/nl\/2025\/08\/18\/vs-heeft-visa-voor-palestijnse-medische-evacuaties-uit-gaza-stopgezet\/#primaryimage\"},\"thumbnailUrl\":\"https:\/\/dualar.com\/nl\/wp-content\/uploads\/sites\/2\/2025\/08\/VS-heeft-visa-voor-Palestijnse-medische-evacuaties-uit-Gaza-stopgezet.jpg\",\"keywords\":[\"evacuaties\",\"Gaza\",\"medische\",\"Palestijnse\",\"stopgezet\",\"visa\",\"VS\"],\"articleSection\":[\"Mondiaal Moslim Nieuws\"],\"inLanguage\":\"nl-NL\",\"potentialAction\":[{\"@type\":\"CommentAction\",\"name\":\"Comment\",\"target\":[\"https:\/\/dualar.com\/nl\/2025\/08\/18\/vs-heeft-visa-voor-palestijnse-medische-evacuaties-uit-gaza-stopgezet\/#respond\"]}]},{\"@type\":\"WebPage\",\"@id\":\"https:\/\/dualar.com\/nl\/2025\/08\/18\/vs-heeft-visa-voor-palestijnse-medische-evacuaties-uit-gaza-stopgezet\/\",\"url\":\"https:\/\/dualar.com\/nl\/2025\/08\/18\/vs-heeft-visa-voor-palestijnse-medische-evacuaties-uit-gaza-stopgezet\/\",\"name\":\"VS heeft visa voor Palestijnse medische evacuaties uit Gaza stopgezet - Dualar.com\/nl\",\"isPartOf\":{\"@id\":\"https:\/\/dualar.com\/nl\/#website\"},\"primaryImageOfPage\":{\"@id\":\"https:\/\/dualar.com\/nl\/2025\/08\/18\/vs-heeft-visa-voor-palestijnse-medische-evacuaties-uit-gaza-stopgezet\/#primaryimage\"},\"image\":{\"@id\":\"https:\/\/dualar.com\/nl\/2025\/08\/18\/vs-heeft-visa-voor-palestijnse-medische-evacuaties-uit-gaza-stopgezet\/#primaryimage\"},\"thumbnailUrl\":\"https:\/\/dualar.com\/nl\/wp-content\/uploads\/sites\/2\/2025\/08\/VS-heeft-visa-voor-Palestijnse-medische-evacuaties-uit-Gaza-stopgezet.jpg\",\"datePublished\":\"2025-08-18T15:42:41+00:00\",\"dateModified\":\"2025-08-18T15:42:48+00:00\",\"description\":\"VS stopt bezoekvisa voor Palestijnen uit Gaza, wat hun toegang tot medische zorg be\u00efnvloedt. Critici wijzen op de gevolgen voor kinderen en pati\u00ebnten.\",\"breadcrumb\":{\"@id\":\"https:\/\/dualar.com\/nl\/2025\/08\/18\/vs-heeft-visa-voor-palestijnse-medische-evacuaties-uit-gaza-stopgezet\/#breadcrumb\"},\"inLanguage\":\"nl-NL\",\"potentialAction\":[{\"@type\":\"ReadAction\",\"target\":[\"https:\/\/dualar.com\/nl\/2025\/08\/18\/vs-heeft-visa-voor-palestijnse-medische-evacuaties-uit-gaza-stopgezet\/\"]}]},{\"@type\":\"ImageObject\",\"inLanguage\":\"nl-NL\",\"@id\":\"https:\/\/dualar.com\/nl\/2025\/08\/18\/vs-heeft-visa-voor-palestijnse-medische-evacuaties-uit-gaza-stopgezet\/#primaryimage\",\"url\":\"https:\/\/dualar.com\/nl\/wp-content\/uploads\/sites\/2\/2025\/08\/VS-heeft-visa-voor-Palestijnse-medische-evacuaties-uit-Gaza-stopgezet.jpg\",\"contentUrl\":\"https:\/\/dualar.com\/nl\/wp-content\/uploads\/sites\/2\/2025\/08\/VS-heeft-visa-voor-Palestijnse-medische-evacuaties-uit-Gaza-stopgezet.jpg\",\"width\":1600,\"height\":1067,\"caption\":\"VS heeft visa voor Palestijnse medische evacuaties uit Gaza stopgezet\"},{\"@type\":\"BreadcrumbList\",\"@id\":\"https:\/\/dualar.com\/nl\/2025\/08\/18\/vs-heeft-visa-voor-palestijnse-medische-evacuaties-uit-gaza-stopgezet\/#breadcrumb\",\"itemListElement\":[{\"@type\":\"ListItem\",\"position\":1,\"name\":\"Home\",\"item\":\"https:\/\/dualar.com\/nl\/\"},{\"@type\":\"ListItem\",\"position\":2,\"name\":\"VS heeft visa voor Palestijnse medische evacuaties uit Gaza stopgezet\"}]},{\"@type\":\"WebSite\",\"@id\":\"https:\/\/dualar.com\/nl\/#website\",\"url\":\"https:\/\/dualar.com\/nl\/\",\"name\":\"Dualar.com\/nl\",\"description\":\"Gebeden die u op elk moment inspireren\",\"publisher\":{\"@id\":\"https:\/\/dualar.com\/nl\/#organization\"},\"potentialAction\":[{\"@type\":\"SearchAction\",\"target\":{\"@type\":\"EntryPoint\",\"urlTemplate\":\"https:\/\/dualar.com\/nl\/?s={search_term_string}\"},\"query-input\":{\"@type\":\"PropertyValueSpecification\",\"valueRequired\":true,\"valueName\":\"search_term_string\"}}],\"inLanguage\":\"nl-NL\"},{\"@type\":\"Organization\",\"@id\":\"https:\/\/dualar.com\/nl\/#organization\",\"name\":\"Dualar.com\/nl\",\"url\":\"https:\/\/dualar.com\/nl\/\",\"logo\":{\"@type\":\"ImageObject\",\"inLanguage\":\"nl-NL\",\"@id\":\"https:\/\/dualar.com\/nl\/#\/schema\/logo\/image\/\",\"url\":\"https:\/\/dualar.com\/nl\/wp-content\/uploads\/sites\/2\/2024\/11\/Her-Aniniza-Ilham-Veren-Dualar-1.png\",\"contentUrl\":\"https:\/\/dualar.com\/nl\/wp-content\/uploads\/sites\/2\/2024\/11\/Her-Aniniza-Ilham-Veren-Dualar-1.png\",\"width\":1000,\"height\":300,\"caption\":\"Dualar.com\/nl\"},\"image\":{\"@id\":\"https:\/\/dualar.com\/nl\/#\/schema\/logo\/image\/\"}},{\"@type\":\"Person\",\"@id\":\"https:\/\/dualar.com\/nl\/#\/schema\/person\/d920bfed24e7ef4d145c3664464931fd\",\"name\":\"info@blueappleagency.nl\",\"image\":{\"@type\":\"ImageObject\",\"inLanguage\":\"nl-NL\",\"@id\":\"https:\/\/dualar.com\/nl\/#\/schema\/person\/image\/\",\"url\":\"https:\/\/secure.gravatar.com\/avatar\/4bcc94ad74be7f14c7e9a39e3f95a587?s=96&d=mm&r=g\",\"contentUrl\":\"https:\/\/secure.gravatar.com\/avatar\/4bcc94ad74be7f14c7e9a39e3f95a587?s=96&d=mm&r=g\",\"caption\":\"info@blueappleagency.nl\"},\"sameAs\":[\"http:\/\/dualar.com\"],\"url\":\"#\"}]}<\/script>\n<!-- \/ Yoast SEO plugin. -->","yoast_head_json":{"title":"VS heeft visa voor Palestijnse medische evacuaties uit Gaza stopgezet - Dualar.com\/nl","description":"VS stopt bezoekvisa voor Palestijnen uit Gaza, wat hun toegang tot medische zorg be\u00efnvloedt. Critici wijzen op de gevolgen voor kinderen en pati\u00ebnten.","robots":{"index":"index","follow":"follow","max-snippet":"max-snippet:-1","max-image-preview":"max-image-preview:large","max-video-preview":"max-video-preview:-1"},"canonical":"https:\/\/dualar.com\/nl\/2025\/08\/18\/vs-heeft-visa-voor-palestijnse-medische-evacuaties-uit-gaza-stopgezet\/","og_locale":"nl_NL","og_type":"article","og_title":"VS heeft visa voor Palestijnse medische evacuaties uit Gaza stopgezet - Dualar.com\/nl","og_description":"VS stopt bezoekvisa voor Palestijnen uit Gaza, wat hun toegang tot medische zorg be\u00efnvloedt. Critici wijzen op de gevolgen voor kinderen en pati\u00ebnten.","og_url":"https:\/\/dualar.com\/nl\/2025\/08\/18\/vs-heeft-visa-voor-palestijnse-medische-evacuaties-uit-gaza-stopgezet\/","og_site_name":"Dualar.com\/nl","article_published_time":"2025-08-18T15:42:41+00:00","article_modified_time":"2025-08-18T15:42:48+00:00","og_image":[{"width":1600,"height":1067,"url":"https:\/\/dualar.com\/nl\/wp-content\/uploads\/sites\/2\/2025\/08\/VS-heeft-visa-voor-Palestijnse-medische-evacuaties-uit-Gaza-stopgezet.jpg","type":"image\/jpeg"}],"author":"info@blueappleagency.nl","twitter_card":"summary_large_image","twitter_misc":{"Geschreven door":"info@blueappleagency.nl","Geschatte leestijd":"2 minuten"},"schema":{"@context":"https:\/\/schema.org","@graph":[{"@type":"Article","@id":"https:\/\/dualar.com\/nl\/2025\/08\/18\/vs-heeft-visa-voor-palestijnse-medische-evacuaties-uit-gaza-stopgezet\/#article","isPartOf":{"@id":"https:\/\/dualar.com\/nl\/2025\/08\/18\/vs-heeft-visa-voor-palestijnse-medische-evacuaties-uit-gaza-stopgezet\/"},"author":{"name":"info@blueappleagency.nl","@id":"https:\/\/dualar.com\/nl\/#\/schema\/person\/d920bfed24e7ef4d145c3664464931fd"},"headline":"VS heeft visa voor Palestijnse medische evacuaties uit Gaza stopgezet","datePublished":"2025-08-18T15:42:41+00:00","dateModified":"2025-08-18T15:42:48+00:00","mainEntityOfPage":{"@id":"https:\/\/dualar.com\/nl\/2025\/08\/18\/vs-heeft-visa-voor-palestijnse-medische-evacuaties-uit-gaza-stopgezet\/"},"wordCount":438,"commentCount":0,"publisher":{"@id":"https:\/\/dualar.com\/nl\/#organization"},"image":{"@id":"https:\/\/dualar.com\/nl\/2025\/08\/18\/vs-heeft-visa-voor-palestijnse-medische-evacuaties-uit-gaza-stopgezet\/#primaryimage"},"thumbnailUrl":"https:\/\/dualar.com\/nl\/wp-content\/uploads\/sites\/2\/2025\/08\/VS-heeft-visa-voor-Palestijnse-medische-evacuaties-uit-Gaza-stopgezet.jpg","keywords":["evacuaties","Gaza","medische","Palestijnse","stopgezet","visa","VS"],"articleSection":["Mondiaal Moslim Nieuws"],"inLanguage":"nl-NL","potentialAction":[{"@type":"CommentAction","name":"Comment","target":["https:\/\/dualar.com\/nl\/2025\/08\/18\/vs-heeft-visa-voor-palestijnse-medische-evacuaties-uit-gaza-stopgezet\/#respond"]}]},{"@type":"WebPage","@id":"https:\/\/dualar.com\/nl\/2025\/08\/18\/vs-heeft-visa-voor-palestijnse-medische-evacuaties-uit-gaza-stopgezet\/","url":"https:\/\/dualar.com\/nl\/2025\/08\/18\/vs-heeft-visa-voor-palestijnse-medische-evacuaties-uit-gaza-stopgezet\/","name":"VS heeft visa voor Palestijnse medische evacuaties uit Gaza stopgezet - Dualar.com\/nl","isPartOf":{"@id":"https:\/\/dualar.com\/nl\/#website"},"primaryImageOfPage":{"@id":"https:\/\/dualar.com\/nl\/2025\/08\/18\/vs-heeft-visa-voor-palestijnse-medische-evacuaties-uit-gaza-stopgezet\/#primaryimage"},"image":{"@id":"https:\/\/dualar.com\/nl\/2025\/08\/18\/vs-heeft-visa-voor-palestijnse-medische-evacuaties-uit-gaza-stopgezet\/#primaryimage"},"thumbnailUrl":"https:\/\/dualar.com\/nl\/wp-content\/uploads\/sites\/2\/2025\/08\/VS-heeft-visa-voor-Palestijnse-medische-evacuaties-uit-Gaza-stopgezet.jpg","datePublished":"2025-08-18T15:42:41+00:00","dateModified":"2025-08-18T15:42:48+00:00","description":"VS stopt bezoekvisa voor Palestijnen uit Gaza, wat hun toegang tot medische zorg be\u00efnvloedt. Critici wijzen op de gevolgen voor kinderen en pati\u00ebnten.","breadcrumb":{"@id":"https:\/\/dualar.com\/nl\/2025\/08\/18\/vs-heeft-visa-voor-palestijnse-medische-evacuaties-uit-gaza-stopgezet\/#breadcrumb"},"inLanguage":"nl-NL","potentialAction":[{"@type":"ReadAction","target":["https:\/\/dualar.com\/nl\/2025\/08\/18\/vs-heeft-visa-voor-palestijnse-medische-evacuaties-uit-gaza-stopgezet\/"]}]},{"@type":"ImageObject","inLanguage":"nl-NL","@id":"https:\/\/dualar.com\/nl\/2025\/08\/18\/vs-heeft-visa-voor-palestijnse-medische-evacuaties-uit-gaza-stopgezet\/#primaryimage","url":"https:\/\/dualar.com\/nl\/wp-content\/uploads\/sites\/2\/2025\/08\/VS-heeft-visa-voor-Palestijnse-medische-evacuaties-uit-Gaza-stopgezet.jpg","contentUrl":"https:\/\/dualar.com\/nl\/wp-content\/uploads\/sites\/2\/2025\/08\/VS-heeft-visa-voor-Palestijnse-medische-evacuaties-uit-Gaza-stopgezet.jpg","width":1600,"height":1067,"caption":"VS heeft visa voor Palestijnse medische evacuaties uit Gaza stopgezet"},{"@type":"BreadcrumbList","@id":"https:\/\/dualar.com\/nl\/2025\/08\/18\/vs-heeft-visa-voor-palestijnse-medische-evacuaties-uit-gaza-stopgezet\/#breadcrumb","itemListElement":[{"@type":"ListItem","position":1,"name":"Home","item":"https:\/\/dualar.com\/nl\/"},{"@type":"ListItem","position":2,"name":"VS heeft visa voor Palestijnse medische evacuaties uit Gaza stopgezet"}]},{"@type":"WebSite","@id":"https:\/\/dualar.com\/nl\/#website","url":"https:\/\/dualar.com\/nl\/","name":"Dualar.com\/nl","description":"Gebeden die u op elk moment inspireren","publisher":{"@id":"https:\/\/dualar.com\/nl\/#organization"},"potentialAction":[{"@type":"SearchAction","target":{"@type":"EntryPoint","urlTemplate":"https:\/\/dualar.com\/nl\/?s={search_term_string}"},"query-input":{"@type":"PropertyValueSpecification","valueRequired":true,"valueName":"search_term_string"}}],"inLanguage":"nl-NL"},{"@type":"Organization","@id":"https:\/\/dualar.com\/nl\/#organization","name":"Dualar.com\/nl","url":"https:\/\/dualar.com\/nl\/","logo":{"@type":"ImageObject","inLanguage":"nl-NL","@id":"https:\/\/dualar.com\/nl\/#\/schema\/logo\/image\/","url":"https:\/\/dualar.com\/nl\/wp-content\/uploads\/sites\/2\/2024\/11\/Her-Aniniza-Ilham-Veren-Dualar-1.png","contentUrl":"https:\/\/dualar.com\/nl\/wp-content\/uploads\/sites\/2\/2024\/11\/Her-Aniniza-Ilham-Veren-Dualar-1.png","width":1000,"height":300,"caption":"Dualar.com\/nl"},"image":{"@id":"https:\/\/dualar.com\/nl\/#\/schema\/logo\/image\/"}},{"@type":"Person","@id":"https:\/\/dualar.com\/nl\/#\/schema\/person\/d920bfed24e7ef4d145c3664464931fd","name":"info@blueappleagency.nl","image":{"@type":"ImageObject","inLanguage":"nl-NL","@id":"https:\/\/dualar.com\/nl\/#\/schema\/person\/image\/","url":"https:\/\/secure.gravatar.com\/avatar\/4bcc94ad74be7f14c7e9a39e3f95a587?s=96&d=mm&r=g","contentUrl":"https:\/\/secure.gravatar.com\/avatar\/4bcc94ad74be7f14c7e9a39e3f95a587?s=96&d=mm&r=g","caption":"info@blueappleagency.nl"},"sameAs":["http:\/\/dualar.com"],"url":"#"}]}},"taxonomy_info":{"category":[{"value":2,"label":"Mondiaal Moslim Nieuws"}],"post_tag":[{"value":3167,"label":"evacuaties"},{"value":85,"label":"Gaza"},{"value":3166,"label":"medische"},{"value":20,"label":"Palestijnse"},{"value":3168,"label":"stopgezet"},{"value":3165,"label":"visa"},{"value":108,"label":"VS"}]},"featured_image_src_large":["https:\/\/dualar.com\/nl\/wp-content\/uploads\/sites\/2\/2025\/08\/VS-heeft-visa-voor-Palestijnse-medische-evacuaties-uit-Gaza-stopgezet-1024x683.jpg",1024,683,true],"author_info":{"display_name":"info@blueappleagency.nl","author_link":"#"},"comment_info":0,"category_info":[{"term_id":2,"name":"Mondiaal Moslim Nieuws","slug":"mondiaal-moslim-nieuws","term_group":0,"term_taxonomy_id":2,"taxonomy":"category","description":"","parent":0,"count":1312,"filter":"raw","cat_ID":2,"category_count":1312,"category_description":"","cat_name":"Mondiaal Moslim Nieuws","category_nicename":"mondiaal-moslim-nieuws","category_parent":0}],"tag_info":[{"term_id":3167,"name":"evacuaties","slug":"evacuaties","term_group":0,"term_taxonomy_id":3167,"taxonomy":"post_tag","description":"","parent":0,"count":1,"filter":"raw"},{"term_id":85,"name":"Gaza","slug":"gaza","term_group":0,"term_taxonomy_id":85,"taxonomy":"post_tag","description":"","parent":0,"count":191,"filter":"raw"},{"term_id":3166,"name":"medische","slug":"medische","term_group":0,"term_taxonomy_id":3166,"taxonomy":"post_tag","description":"","parent":0,"count":1,"filter":"raw"},{"term_id":20,"name":"Palestijnse","slug":"palestijnse","term_group":0,"term_taxonomy_id":20,"taxonomy":"post_tag","description":"","parent":0,"count":22,"filter":"raw"},{"term_id":3168,"name":"stopgezet","slug":"stopgezet","term_group":0,"term_taxonomy_id":3168,"taxonomy":"post_tag","description":"","parent":0,"count":3,"filter":"raw"},{"term_id":3165,"name":"visa","slug":"visa","term_group":0,"term_taxonomy_id":3165,"taxonomy":"post_tag","description":"","parent":0,"count":4,"filter":"raw"},{"term_id":108,"name":"VS","slug":"vs","term_group":0,"term_taxonomy_id":108,"taxonomy":"post_tag","description":"","parent":0,"count":71,"filter":"raw"}],"_links":{"self":[{"href":"https:\/\/dualar.com\/nl\/wp-json\/wp\/v2\/posts\/4697","targetHints":{"allow":["GET"]}}],"collection":[{"href":"https:\/\/dualar.com\/nl\/wp-json\/wp\/v2\/posts"}],"about":[{"href":"https:\/\/dualar.com\/nl\/wp-json\/wp\/v2\/types\/post"}],"author":[{"embeddable":true,"href":"https:\/\/dualar.com\/nl\/wp-json\/wp\/v2\/users\/1"}],"replies":[{"embeddable":true,"href":"https:\/\/dualar.com\/nl\/wp-json\/wp\/v2\/comments?post=4697"}],"version-history":[{"count":1,"href":"https:\/\/dualar.com\/nl\/wp-json\/wp\/v2\/posts\/4697\/revisions"}],"predecessor-version":[{"id":4699,"href":"https:\/\/dualar.com\/nl\/wp-json\/wp\/v2\/posts\/4697\/revisions\/4699"}],"wp:featuredmedia":[{"embeddable":true,"href":"https:\/\/dualar.com\/nl\/wp-json\/wp\/v2\/media\/4698"}],"wp:attachment":[{"href":"https:\/\/dualar.com\/nl\/wp-json\/wp\/v2\/media?parent=4697"}],"wp:term":[{"taxonomy":"category","embeddable":true,"href":"https:\/\/dualar.com\/nl\/wp-json\/wp\/v2\/categories?post=4697"},{"taxonomy":"post_tag","embeddable":true,"href":"https:\/\/dualar.com\/nl\/wp-json\/wp\/v2\/tags?post=4697"}],"curies":[{"name":"wp","href":"https:\/\/api.w.org\/{rel}","templated":true}]}}