{"id":4796,"date":"2025-08-30T09:23:23","date_gmt":"2025-08-30T08:23:23","guid":{"rendered":"https:\/\/dualar.com\/nl\/2025\/08\/30\/israels-morele-kompas-is-gebroken-een-stem-kracht\/"},"modified":"2025-08-30T09:23:31","modified_gmt":"2025-08-30T08:23:31","slug":"israels-morele-kompas-is-gebroken-een-stem-kracht","status":"publish","type":"post","link":"https:\/\/dualar.com\/nl\/2025\/08\/30\/israels-morele-kompas-is-gebroken-een-stem-kracht\/","title":{"rendered":"Isra\u00ebl&#8217;s Morele Kompas is Gebroken: \u00c9\u00e9n Stem, Kracht!"},"content":{"rendered":"<div>\n<p><strong>Laatste Ontwikkelingen: Antiregeringsprotesten in Tel Aviv en de Militaire Ethos van Isra\u00ebl<\/strong><\/p>\n<p>Isra\u00eblische president Isaac Herzog heeft in reactie op de recente antiregeringsprotesten in Tel Aviv de landen van de wereld beschuldigd van hypocrisie. Herzog merkte op dat de internationale gemeenschap Isra\u00ebl dwingt om humanitaire hulp naar Gaza te sturen, maar geen druk uitoefent op Hamas. Deze uitspraken weerspiegelen niet alleen de gemoedstoestand van de oppositie, maar tonen ook het succes van de huidige regering in het cre\u00ebren van een nieuwe zionistische ethos aan. Deze ethos steunt op brute kracht zonder morele rechtvaardiging.<\/p>\n<p>Premier Benjamin Netanyahu deelde een vergelijkbaar gevoel toen hem werd gevraagd naar het idee van &#8220;Groot Isra\u00ebl&#8221;, en zijn antwoord was direct: \u201cWe zijn hier.\u201d Deze uitspraken weerspiegelen een brede Isra\u00eblische consensus: militaire kracht wordt gezien als de oplossing voor elke uitdaging, niet alleen diplomatie, maar ook in het dagelijks leven.<\/p>\n<p><strong>Militaire Cultuur en Voetbal<\/strong><\/p>\n<p>Dit militarisme heeft ook culturele gebieden zoals voetbal bereikt. Tijdens een wedstrijd deze maand in Hongarije toonden de supporters van Maccabi Haifa een spandoek met de tekst &#8220;Moordenaars sinds 1939&#8221;. Dit spandoek had betrekking op de Holocaustgeschiedenis van Polen en werd zelfs veroordeeld door de Isra\u00eblische ambassade. De supporters van Hapoel Be\u2019er Sheva toonden een spandoek gericht op de UEFA met de tekst &#8220;Twee dingen moeten worden vernietigd: Hamas en de UEFA&#8221;.<\/p>\n<p>De UEFA heeft Isra\u00ebl na de invasie van Oekra\u00efne door Rusland nooit sancties opgelegd. Integendeel, tijdens de Supercupwedstrijd van dit jaar gaf het goedkeuring aan een spandoek met de tekst \u201cStop met het doden van kinderen. Stop met het doden van burgers,\u201d wat opviel als een humanitaire boodschap ontdaan van politieke context.<\/p>\n<p><strong>Diepgaande Analyse van Militarisme<\/strong><\/p>\n<p>Historicus Yuval Noah Harari beschreef deze situatie als een spiritueel keerpunt voor de Joden. Harari zei: &#8220;Joden hebben overleefd van catastrofe naar catastrofe, maar ze zijn nog nooit geconfronteerd met een spirituele bedreiging van deze omvang.&#8221; Hij benadrukte dat de huidige koers het risico met zich meedraagt om 2000 jaar Joodse gedachten en cultuur te vernietigen.<\/p>\n<p>Harari wees op de gemak waarmee veel van zijn tijdgenoten het idee van bevolkingsverplaatsing in Gaza steunen. Hij stelde dat de geschiedenis vaak wordt bepaald door de 10% die verandering voorstellen, wanneer tijdens een interview werd opgemerkt dat de steun voor de extreme rechterzijde slechts door een minderheid werd geaccepteerd.<\/p>\n<p><strong>Inwendige Transformatie en Zionisme<\/strong><\/p>\n<p>Harari heeft echter de transformatie van de Joodse ethos in Isra\u00ebl correct ge\u00efdentificeerd. Isra\u00ebl, ooit gepositioneerd als een staat die vecht voor overleving, is nu op zoek naar een openlijke uitbreiding zonder een morele rechtvaardiging die verder gaat dan militaire kracht.<\/p>\n<p>Deze strijd komt ook tot uiting op straat. Honderdduizenden mensen kwamen samen voor een protest dat gericht was op het be\u00ebindigen van de oorlog. Echter, de protesten legden een diepere breuk bloot die verder gaat dan de politiek: de verdeeldheid binnen het zionisme. Aan de ene kant zijn er degenen die terug willen naar de oude overlevingsethos, aan de andere kant zijn er degenen die de expansionistische zionisme die macht en territoriale groei verheerlijkt omarmen.<\/p>\n<p><strong>De Tegenstrijdigheid van de Protestbeweging<\/strong><\/p>\n<p>De huidige protestbeweging negeert niet alleen de ramp die Palestijnen in Gaza en de bezette Westelijke Jordaanoever ondergaan, maar deze stilte wordt een constante eigenschap van het zionisme. Zoals de voormalige militaire inlichtingendienstchef generaal-majoor Aharon Haliva opmerkte: &#8220;Voor wat er op 7 oktober is gebeurd, moet elke Palestijn sterven.&#8221;<\/p>\n<p>Het onvermogen van de protestleiders om te begrijpen dat de gebeurtenissen van 7 oktober 2023 de genocide en massale honger niet kunnen rechtvaardigen, onthult hun morele blindheid. Internationale steun en sympathie negeerden de bredere context van de Palestijnse strijd v\u00f3\u00f3r 7 oktober.<\/p>\n<p><strong>Conclusie en Oproep aan de Lezers<\/strong><\/p>\n<p>De Isra\u00eblische regering weet dat deze oorlog niet alleen met Gaza te maken heeft, maar ook met het toekomstige karakter van Isra\u00ebl. Terwijl een mogelijke wapenstilstand dichterbij komt, is het belangrijk om degenen die denken dat de protestbeweging een zinvol alternatief voor de huidige regering biedt, eraan te herinneren dat ze teleurgesteld zullen zijn.<\/p>\n<p>Naast duizenden demonstranten die deze maand op straat lopen, toonde een video uit Gaza een Isra\u00eblische raket die zonder duidelijke reden een jonge vrouw raakte. Deze beelden hebben geen enkele kritiek op het leger of erkenning van het lijden van de Palestijnen opgeleverd.<\/p>\n<p>Wat zijn uw gedachten? U kunt uw mening aan ons doorgeven door dit artikel te delen of soortgelijke inhoud te lezen.<\/p>\n<\/div>\n","protected":false},"excerpt":{"rendered":"<p>Isra\u00eblische president Isaac Herzog heeft de internationale gemeenschap beschuldigd van hypocrisie tijdens de antiregeringsprotesten in Tel Aviv. Hij wijst op de druk om humanitaire hulp naar Gaza te sturen zonder druk op Hamas. Premier Netanyahu steunt deze militaire ethos, waarbij kracht als oplossing voor uitdagingen wordt gezien. Deze militaristische cultuur heeft ook invloed op de sport, zoals bleek uit spandoeken tijdens voetbalwedstrijden. Historicus Yuval Noah Harari waarschuwt voor de spirituele bedreiging van de Joodse cultuur door de huidige koers van Isra\u00ebl, die de verdeeldheid binnen het zionisme benadrukt. Protesten reflecteren deze interne breuk, maar blijven de Palestijnse lijden negeren.<\/p>\n","protected":false},"author":1,"featured_media":4797,"comment_status":"open","ping_status":"open","sticky":false,"template":"","format":"standard","meta":{"_kad_blocks_custom_css":"","_kad_blocks_head_custom_js":"","_kad_blocks_body_custom_js":"","_kad_blocks_footer_custom_js":"","_kadence_starter_templates_imported_post":false,"_kad_post_transparent":"","_kad_post_title":"","_kad_post_layout":"","_kad_post_sidebar_id":"","_kad_post_content_style":"","_kad_post_vertical_padding":"","_kad_post_feature":"","_kad_post_feature_position":"","_kad_post_header":false,"_kad_post_footer":false,"footnotes":""},"categories":[2],"tags":[3240,3239,38,3241,3238],"class_list":["post-4796","post","type-post","status-publish","format-standard","has-post-thumbnail","hentry","category-mondiaal-moslim-nieuws","tag-een-stem","tag-gebroken","tag-israel","tag-kracht","tag-morele-kompas"],"yoast_head":"<!-- This site is optimized with the Yoast SEO plugin v23.9 - https:\/\/yoast.com\/wordpress\/plugins\/seo\/ -->\n<title>Isra\u00ebl&#039;s Morele Kompas is Gebroken: \u00c9\u00e9n Stem, Kracht! - Dualar.com\/nl<\/title>\n<meta name=\"description\" content=\"Isra\u00ebl&#039;s president Herzog bekritiseert internationale hypocrisie tijdens antiregeringsprotesten; militarisme in cultuur en politiek groeit.\" \/>\n<meta name=\"robots\" content=\"index, follow, max-snippet:-1, max-image-preview:large, max-video-preview:-1\" \/>\n<link rel=\"canonical\" href=\"https:\/\/dualar.com\/nl\/2025\/08\/30\/israels-morele-kompas-is-gebroken-een-stem-kracht\/\" \/>\n<meta property=\"og:locale\" content=\"nl_NL\" \/>\n<meta property=\"og:type\" content=\"article\" \/>\n<meta property=\"og:title\" content=\"Isra\u00ebl&#039;s Morele Kompas is Gebroken: \u00c9\u00e9n Stem, Kracht! - Dualar.com\/nl\" \/>\n<meta property=\"og:description\" content=\"Isra\u00ebl&#039;s president Herzog bekritiseert internationale hypocrisie tijdens antiregeringsprotesten; militarisme in cultuur en politiek groeit.\" \/>\n<meta property=\"og:url\" content=\"https:\/\/dualar.com\/nl\/2025\/08\/30\/israels-morele-kompas-is-gebroken-een-stem-kracht\/\" \/>\n<meta property=\"og:site_name\" content=\"Dualar.com\/nl\" \/>\n<meta property=\"article:published_time\" content=\"2025-08-30T08:23:23+00:00\" \/>\n<meta property=\"article:modified_time\" content=\"2025-08-30T08:23:31+00:00\" \/>\n<meta property=\"og:image\" content=\"https:\/\/dualar.com\/nl\/wp-content\/uploads\/sites\/2\/2025\/08\/Israels-Morele-Kompas-is-Gebroken-Een-Stem-Kracht.jpg\" \/>\n\t<meta property=\"og:image:width\" content=\"1024\" \/>\n\t<meta property=\"og:image:height\" content=\"576\" \/>\n\t<meta property=\"og:image:type\" content=\"image\/jpeg\" \/>\n<meta name=\"author\" content=\"info@blueappleagency.nl\" \/>\n<meta name=\"twitter:card\" content=\"summary_large_image\" \/>\n<meta name=\"twitter:label1\" content=\"Geschreven door\" \/>\n\t<meta name=\"twitter:data1\" content=\"info@blueappleagency.nl\" \/>\n\t<meta name=\"twitter:label2\" content=\"Geschatte leestijd\" \/>\n\t<meta name=\"twitter:data2\" content=\"4 minuten\" \/>\n<script type=\"application\/ld+json\" class=\"yoast-schema-graph\">{\"@context\":\"https:\/\/schema.org\",\"@graph\":[{\"@type\":\"Article\",\"@id\":\"https:\/\/dualar.com\/nl\/2025\/08\/30\/israels-morele-kompas-is-gebroken-een-stem-kracht\/#article\",\"isPartOf\":{\"@id\":\"https:\/\/dualar.com\/nl\/2025\/08\/30\/israels-morele-kompas-is-gebroken-een-stem-kracht\/\"},\"author\":{\"name\":\"info@blueappleagency.nl\",\"@id\":\"https:\/\/dualar.com\/nl\/#\/schema\/person\/d920bfed24e7ef4d145c3664464931fd\"},\"headline\":\"Isra\u00ebl&#8217;s Morele Kompas is Gebroken: \u00c9\u00e9n Stem, Kracht!\",\"datePublished\":\"2025-08-30T08:23:23+00:00\",\"dateModified\":\"2025-08-30T08:23:31+00:00\",\"mainEntityOfPage\":{\"@id\":\"https:\/\/dualar.com\/nl\/2025\/08\/30\/israels-morele-kompas-is-gebroken-een-stem-kracht\/\"},\"wordCount\":743,\"commentCount\":0,\"publisher\":{\"@id\":\"https:\/\/dualar.com\/nl\/#organization\"},\"image\":{\"@id\":\"https:\/\/dualar.com\/nl\/2025\/08\/30\/israels-morele-kompas-is-gebroken-een-stem-kracht\/#primaryimage\"},\"thumbnailUrl\":\"https:\/\/dualar.com\/nl\/wp-content\/uploads\/sites\/2\/2025\/08\/Israels-Morele-Kompas-is-Gebroken-Een-Stem-Kracht.jpg\",\"keywords\":[\"E\u00e9n Stem\",\"Gebroken\",\"Isra\u00ebl\",\"Kracht\",\"Morele Kompas\"],\"articleSection\":[\"Mondiaal Moslim Nieuws\"],\"inLanguage\":\"nl-NL\",\"potentialAction\":[{\"@type\":\"CommentAction\",\"name\":\"Comment\",\"target\":[\"https:\/\/dualar.com\/nl\/2025\/08\/30\/israels-morele-kompas-is-gebroken-een-stem-kracht\/#respond\"]}]},{\"@type\":\"WebPage\",\"@id\":\"https:\/\/dualar.com\/nl\/2025\/08\/30\/israels-morele-kompas-is-gebroken-een-stem-kracht\/\",\"url\":\"https:\/\/dualar.com\/nl\/2025\/08\/30\/israels-morele-kompas-is-gebroken-een-stem-kracht\/\",\"name\":\"Isra\u00ebl's Morele Kompas is Gebroken: \u00c9\u00e9n Stem, Kracht! - Dualar.com\/nl\",\"isPartOf\":{\"@id\":\"https:\/\/dualar.com\/nl\/#website\"},\"primaryImageOfPage\":{\"@id\":\"https:\/\/dualar.com\/nl\/2025\/08\/30\/israels-morele-kompas-is-gebroken-een-stem-kracht\/#primaryimage\"},\"image\":{\"@id\":\"https:\/\/dualar.com\/nl\/2025\/08\/30\/israels-morele-kompas-is-gebroken-een-stem-kracht\/#primaryimage\"},\"thumbnailUrl\":\"https:\/\/dualar.com\/nl\/wp-content\/uploads\/sites\/2\/2025\/08\/Israels-Morele-Kompas-is-Gebroken-Een-Stem-Kracht.jpg\",\"datePublished\":\"2025-08-30T08:23:23+00:00\",\"dateModified\":\"2025-08-30T08:23:31+00:00\",\"description\":\"Isra\u00ebl's president Herzog bekritiseert internationale hypocrisie tijdens antiregeringsprotesten; militarisme in cultuur en politiek groeit.\",\"breadcrumb\":{\"@id\":\"https:\/\/dualar.com\/nl\/2025\/08\/30\/israels-morele-kompas-is-gebroken-een-stem-kracht\/#breadcrumb\"},\"inLanguage\":\"nl-NL\",\"potentialAction\":[{\"@type\":\"ReadAction\",\"target\":[\"https:\/\/dualar.com\/nl\/2025\/08\/30\/israels-morele-kompas-is-gebroken-een-stem-kracht\/\"]}]},{\"@type\":\"ImageObject\",\"inLanguage\":\"nl-NL\",\"@id\":\"https:\/\/dualar.com\/nl\/2025\/08\/30\/israels-morele-kompas-is-gebroken-een-stem-kracht\/#primaryimage\",\"url\":\"https:\/\/dualar.com\/nl\/wp-content\/uploads\/sites\/2\/2025\/08\/Israels-Morele-Kompas-is-Gebroken-Een-Stem-Kracht.jpg\",\"contentUrl\":\"https:\/\/dualar.com\/nl\/wp-content\/uploads\/sites\/2\/2025\/08\/Israels-Morele-Kompas-is-Gebroken-Een-Stem-Kracht.jpg\",\"width\":1024,\"height\":576,\"caption\":\"Isra\u00ebl's Morele Kompas is Gebroken: \u00c9\u00e9n Stem, Kracht!\"},{\"@type\":\"BreadcrumbList\",\"@id\":\"https:\/\/dualar.com\/nl\/2025\/08\/30\/israels-morele-kompas-is-gebroken-een-stem-kracht\/#breadcrumb\",\"itemListElement\":[{\"@type\":\"ListItem\",\"position\":1,\"name\":\"Home\",\"item\":\"https:\/\/dualar.com\/nl\/\"},{\"@type\":\"ListItem\",\"position\":2,\"name\":\"Isra\u00ebl&#8217;s Morele Kompas is Gebroken: \u00c9\u00e9n Stem, Kracht!\"}]},{\"@type\":\"WebSite\",\"@id\":\"https:\/\/dualar.com\/nl\/#website\",\"url\":\"https:\/\/dualar.com\/nl\/\",\"name\":\"Dualar.com\/nl\",\"description\":\"Gebeden die u op elk moment inspireren\",\"publisher\":{\"@id\":\"https:\/\/dualar.com\/nl\/#organization\"},\"potentialAction\":[{\"@type\":\"SearchAction\",\"target\":{\"@type\":\"EntryPoint\",\"urlTemplate\":\"https:\/\/dualar.com\/nl\/?s={search_term_string}\"},\"query-input\":{\"@type\":\"PropertyValueSpecification\",\"valueRequired\":true,\"valueName\":\"search_term_string\"}}],\"inLanguage\":\"nl-NL\"},{\"@type\":\"Organization\",\"@id\":\"https:\/\/dualar.com\/nl\/#organization\",\"name\":\"Dualar.com\/nl\",\"url\":\"https:\/\/dualar.com\/nl\/\",\"logo\":{\"@type\":\"ImageObject\",\"inLanguage\":\"nl-NL\",\"@id\":\"https:\/\/dualar.com\/nl\/#\/schema\/logo\/image\/\",\"url\":\"https:\/\/dualar.com\/nl\/wp-content\/uploads\/sites\/2\/2024\/11\/Her-Aniniza-Ilham-Veren-Dualar-1.png\",\"contentUrl\":\"https:\/\/dualar.com\/nl\/wp-content\/uploads\/sites\/2\/2024\/11\/Her-Aniniza-Ilham-Veren-Dualar-1.png\",\"width\":1000,\"height\":300,\"caption\":\"Dualar.com\/nl\"},\"image\":{\"@id\":\"https:\/\/dualar.com\/nl\/#\/schema\/logo\/image\/\"}},{\"@type\":\"Person\",\"@id\":\"https:\/\/dualar.com\/nl\/#\/schema\/person\/d920bfed24e7ef4d145c3664464931fd\",\"name\":\"info@blueappleagency.nl\",\"image\":{\"@type\":\"ImageObject\",\"inLanguage\":\"nl-NL\",\"@id\":\"https:\/\/dualar.com\/nl\/#\/schema\/person\/image\/\",\"url\":\"https:\/\/secure.gravatar.com\/avatar\/4bcc94ad74be7f14c7e9a39e3f95a587?s=96&d=mm&r=g\",\"contentUrl\":\"https:\/\/secure.gravatar.com\/avatar\/4bcc94ad74be7f14c7e9a39e3f95a587?s=96&d=mm&r=g\",\"caption\":\"info@blueappleagency.nl\"},\"sameAs\":[\"http:\/\/dualar.com\"],\"url\":\"#\"}]}<\/script>\n<!-- \/ Yoast SEO plugin. -->","yoast_head_json":{"title":"Isra\u00ebl's Morele Kompas is Gebroken: \u00c9\u00e9n Stem, Kracht! - Dualar.com\/nl","description":"Isra\u00ebl's president Herzog bekritiseert internationale hypocrisie tijdens antiregeringsprotesten; militarisme in cultuur en politiek groeit.","robots":{"index":"index","follow":"follow","max-snippet":"max-snippet:-1","max-image-preview":"max-image-preview:large","max-video-preview":"max-video-preview:-1"},"canonical":"https:\/\/dualar.com\/nl\/2025\/08\/30\/israels-morele-kompas-is-gebroken-een-stem-kracht\/","og_locale":"nl_NL","og_type":"article","og_title":"Isra\u00ebl's Morele Kompas is Gebroken: \u00c9\u00e9n Stem, Kracht! - Dualar.com\/nl","og_description":"Isra\u00ebl's president Herzog bekritiseert internationale hypocrisie tijdens antiregeringsprotesten; militarisme in cultuur en politiek groeit.","og_url":"https:\/\/dualar.com\/nl\/2025\/08\/30\/israels-morele-kompas-is-gebroken-een-stem-kracht\/","og_site_name":"Dualar.com\/nl","article_published_time":"2025-08-30T08:23:23+00:00","article_modified_time":"2025-08-30T08:23:31+00:00","og_image":[{"width":1024,"height":576,"url":"https:\/\/dualar.com\/nl\/wp-content\/uploads\/sites\/2\/2025\/08\/Israels-Morele-Kompas-is-Gebroken-Een-Stem-Kracht.jpg","type":"image\/jpeg"}],"author":"info@blueappleagency.nl","twitter_card":"summary_large_image","twitter_misc":{"Geschreven door":"info@blueappleagency.nl","Geschatte leestijd":"4 minuten"},"schema":{"@context":"https:\/\/schema.org","@graph":[{"@type":"Article","@id":"https:\/\/dualar.com\/nl\/2025\/08\/30\/israels-morele-kompas-is-gebroken-een-stem-kracht\/#article","isPartOf":{"@id":"https:\/\/dualar.com\/nl\/2025\/08\/30\/israels-morele-kompas-is-gebroken-een-stem-kracht\/"},"author":{"name":"info@blueappleagency.nl","@id":"https:\/\/dualar.com\/nl\/#\/schema\/person\/d920bfed24e7ef4d145c3664464931fd"},"headline":"Isra\u00ebl&#8217;s Morele Kompas is Gebroken: \u00c9\u00e9n Stem, Kracht!","datePublished":"2025-08-30T08:23:23+00:00","dateModified":"2025-08-30T08:23:31+00:00","mainEntityOfPage":{"@id":"https:\/\/dualar.com\/nl\/2025\/08\/30\/israels-morele-kompas-is-gebroken-een-stem-kracht\/"},"wordCount":743,"commentCount":0,"publisher":{"@id":"https:\/\/dualar.com\/nl\/#organization"},"image":{"@id":"https:\/\/dualar.com\/nl\/2025\/08\/30\/israels-morele-kompas-is-gebroken-een-stem-kracht\/#primaryimage"},"thumbnailUrl":"https:\/\/dualar.com\/nl\/wp-content\/uploads\/sites\/2\/2025\/08\/Israels-Morele-Kompas-is-Gebroken-Een-Stem-Kracht.jpg","keywords":["E\u00e9n Stem","Gebroken","Isra\u00ebl","Kracht","Morele Kompas"],"articleSection":["Mondiaal Moslim Nieuws"],"inLanguage":"nl-NL","potentialAction":[{"@type":"CommentAction","name":"Comment","target":["https:\/\/dualar.com\/nl\/2025\/08\/30\/israels-morele-kompas-is-gebroken-een-stem-kracht\/#respond"]}]},{"@type":"WebPage","@id":"https:\/\/dualar.com\/nl\/2025\/08\/30\/israels-morele-kompas-is-gebroken-een-stem-kracht\/","url":"https:\/\/dualar.com\/nl\/2025\/08\/30\/israels-morele-kompas-is-gebroken-een-stem-kracht\/","name":"Isra\u00ebl's Morele Kompas is Gebroken: \u00c9\u00e9n Stem, Kracht! - Dualar.com\/nl","isPartOf":{"@id":"https:\/\/dualar.com\/nl\/#website"},"primaryImageOfPage":{"@id":"https:\/\/dualar.com\/nl\/2025\/08\/30\/israels-morele-kompas-is-gebroken-een-stem-kracht\/#primaryimage"},"image":{"@id":"https:\/\/dualar.com\/nl\/2025\/08\/30\/israels-morele-kompas-is-gebroken-een-stem-kracht\/#primaryimage"},"thumbnailUrl":"https:\/\/dualar.com\/nl\/wp-content\/uploads\/sites\/2\/2025\/08\/Israels-Morele-Kompas-is-Gebroken-Een-Stem-Kracht.jpg","datePublished":"2025-08-30T08:23:23+00:00","dateModified":"2025-08-30T08:23:31+00:00","description":"Isra\u00ebl's president Herzog bekritiseert internationale hypocrisie tijdens antiregeringsprotesten; militarisme in cultuur en politiek groeit.","breadcrumb":{"@id":"https:\/\/dualar.com\/nl\/2025\/08\/30\/israels-morele-kompas-is-gebroken-een-stem-kracht\/#breadcrumb"},"inLanguage":"nl-NL","potentialAction":[{"@type":"ReadAction","target":["https:\/\/dualar.com\/nl\/2025\/08\/30\/israels-morele-kompas-is-gebroken-een-stem-kracht\/"]}]},{"@type":"ImageObject","inLanguage":"nl-NL","@id":"https:\/\/dualar.com\/nl\/2025\/08\/30\/israels-morele-kompas-is-gebroken-een-stem-kracht\/#primaryimage","url":"https:\/\/dualar.com\/nl\/wp-content\/uploads\/sites\/2\/2025\/08\/Israels-Morele-Kompas-is-Gebroken-Een-Stem-Kracht.jpg","contentUrl":"https:\/\/dualar.com\/nl\/wp-content\/uploads\/sites\/2\/2025\/08\/Israels-Morele-Kompas-is-Gebroken-Een-Stem-Kracht.jpg","width":1024,"height":576,"caption":"Isra\u00ebl's Morele Kompas is Gebroken: \u00c9\u00e9n Stem, Kracht!"},{"@type":"BreadcrumbList","@id":"https:\/\/dualar.com\/nl\/2025\/08\/30\/israels-morele-kompas-is-gebroken-een-stem-kracht\/#breadcrumb","itemListElement":[{"@type":"ListItem","position":1,"name":"Home","item":"https:\/\/dualar.com\/nl\/"},{"@type":"ListItem","position":2,"name":"Isra\u00ebl&#8217;s Morele Kompas is Gebroken: \u00c9\u00e9n Stem, Kracht!"}]},{"@type":"WebSite","@id":"https:\/\/dualar.com\/nl\/#website","url":"https:\/\/dualar.com\/nl\/","name":"Dualar.com\/nl","description":"Gebeden die u op elk moment inspireren","publisher":{"@id":"https:\/\/dualar.com\/nl\/#organization"},"potentialAction":[{"@type":"SearchAction","target":{"@type":"EntryPoint","urlTemplate":"https:\/\/dualar.com\/nl\/?s={search_term_string}"},"query-input":{"@type":"PropertyValueSpecification","valueRequired":true,"valueName":"search_term_string"}}],"inLanguage":"nl-NL"},{"@type":"Organization","@id":"https:\/\/dualar.com\/nl\/#organization","name":"Dualar.com\/nl","url":"https:\/\/dualar.com\/nl\/","logo":{"@type":"ImageObject","inLanguage":"nl-NL","@id":"https:\/\/dualar.com\/nl\/#\/schema\/logo\/image\/","url":"https:\/\/dualar.com\/nl\/wp-content\/uploads\/sites\/2\/2024\/11\/Her-Aniniza-Ilham-Veren-Dualar-1.png","contentUrl":"https:\/\/dualar.com\/nl\/wp-content\/uploads\/sites\/2\/2024\/11\/Her-Aniniza-Ilham-Veren-Dualar-1.png","width":1000,"height":300,"caption":"Dualar.com\/nl"},"image":{"@id":"https:\/\/dualar.com\/nl\/#\/schema\/logo\/image\/"}},{"@type":"Person","@id":"https:\/\/dualar.com\/nl\/#\/schema\/person\/d920bfed24e7ef4d145c3664464931fd","name":"info@blueappleagency.nl","image":{"@type":"ImageObject","inLanguage":"nl-NL","@id":"https:\/\/dualar.com\/nl\/#\/schema\/person\/image\/","url":"https:\/\/secure.gravatar.com\/avatar\/4bcc94ad74be7f14c7e9a39e3f95a587?s=96&d=mm&r=g","contentUrl":"https:\/\/secure.gravatar.com\/avatar\/4bcc94ad74be7f14c7e9a39e3f95a587?s=96&d=mm&r=g","caption":"info@blueappleagency.nl"},"sameAs":["http:\/\/dualar.com"],"url":"#"}]}},"taxonomy_info":{"category":[{"value":2,"label":"Mondiaal Moslim Nieuws"}],"post_tag":[{"value":3240,"label":"E\u00e9n Stem"},{"value":3239,"label":"Gebroken"},{"value":38,"label":"Isra\u00ebl"},{"value":3241,"label":"Kracht"},{"value":3238,"label":"Morele Kompas"}]},"featured_image_src_large":["https:\/\/dualar.com\/nl\/wp-content\/uploads\/sites\/2\/2025\/08\/Israels-Morele-Kompas-is-Gebroken-Een-Stem-Kracht.jpg",1024,576,false],"author_info":{"display_name":"info@blueappleagency.nl","author_link":"#"},"comment_info":0,"category_info":[{"term_id":2,"name":"Mondiaal Moslim Nieuws","slug":"mondiaal-moslim-nieuws","term_group":0,"term_taxonomy_id":2,"taxonomy":"category","description":"","parent":0,"count":1312,"filter":"raw","cat_ID":2,"category_count":1312,"category_description":"","cat_name":"Mondiaal Moslim Nieuws","category_nicename":"mondiaal-moslim-nieuws","category_parent":0}],"tag_info":[{"term_id":3240,"name":"E\u00e9n Stem","slug":"een-stem","term_group":0,"term_taxonomy_id":3240,"taxonomy":"post_tag","description":"","parent":0,"count":1,"filter":"raw"},{"term_id":3239,"name":"Gebroken","slug":"gebroken","term_group":0,"term_taxonomy_id":3239,"taxonomy":"post_tag","description":"","parent":0,"count":1,"filter":"raw"},{"term_id":38,"name":"Isra\u00ebl","slug":"israel","term_group":0,"term_taxonomy_id":38,"taxonomy":"post_tag","description":"","parent":0,"count":230,"filter":"raw"},{"term_id":3241,"name":"Kracht","slug":"kracht","term_group":0,"term_taxonomy_id":3241,"taxonomy":"post_tag","description":"","parent":0,"count":3,"filter":"raw"},{"term_id":3238,"name":"Morele Kompas","slug":"morele-kompas","term_group":0,"term_taxonomy_id":3238,"taxonomy":"post_tag","description":"","parent":0,"count":1,"filter":"raw"}],"_links":{"self":[{"href":"https:\/\/dualar.com\/nl\/wp-json\/wp\/v2\/posts\/4796","targetHints":{"allow":["GET"]}}],"collection":[{"href":"https:\/\/dualar.com\/nl\/wp-json\/wp\/v2\/posts"}],"about":[{"href":"https:\/\/dualar.com\/nl\/wp-json\/wp\/v2\/types\/post"}],"author":[{"embeddable":true,"href":"https:\/\/dualar.com\/nl\/wp-json\/wp\/v2\/users\/1"}],"replies":[{"embeddable":true,"href":"https:\/\/dualar.com\/nl\/wp-json\/wp\/v2\/comments?post=4796"}],"version-history":[{"count":1,"href":"https:\/\/dualar.com\/nl\/wp-json\/wp\/v2\/posts\/4796\/revisions"}],"predecessor-version":[{"id":4798,"href":"https:\/\/dualar.com\/nl\/wp-json\/wp\/v2\/posts\/4796\/revisions\/4798"}],"wp:featuredmedia":[{"embeddable":true,"href":"https:\/\/dualar.com\/nl\/wp-json\/wp\/v2\/media\/4797"}],"wp:attachment":[{"href":"https:\/\/dualar.com\/nl\/wp-json\/wp\/v2\/media?parent=4796"}],"wp:term":[{"taxonomy":"category","embeddable":true,"href":"https:\/\/dualar.com\/nl\/wp-json\/wp\/v2\/categories?post=4796"},{"taxonomy":"post_tag","embeddable":true,"href":"https:\/\/dualar.com\/nl\/wp-json\/wp\/v2\/tags?post=4796"}],"curies":[{"name":"wp","href":"https:\/\/api.w.org\/{rel}","templated":true}]}}