{"id":5135,"date":"2025-09-26T10:17:26","date_gmt":"2025-09-26T09:17:26","guid":{"rendered":"https:\/\/dualar.com\/nl\/2025\/09\/26\/tony-blair-voorgesteld-als-hoofd-van-de-tijdelijke-regering-van-gaza\/"},"modified":"2025-09-26T10:17:34","modified_gmt":"2025-09-26T09:17:34","slug":"tony-blair-voorgesteld-als-hoofd-van-de-tijdelijke-regering-van-gaza","status":"publish","type":"post","link":"https:\/\/dualar.com\/nl\/2025\/09\/26\/tony-blair-voorgesteld-als-hoofd-van-de-tijdelijke-regering-van-gaza\/","title":{"rendered":"Tony Blair voorgesteld als hoofd van de tijdelijke regering van Gaza"},"content":{"rendered":"<div>\n<p><strong>Tony Blair voert gesprekken over het beheer van de tijdelijke autoriteit in Gaza<\/strong><\/p>\n<p>De voormalige Britse premier Tony Blair voert gesprekken over het beheren van een tijdelijke autoriteit in de Gazastrook in het kader van een door de VS gesteund plan voor het beheer na de oorlog. Deze ontwikkeling is gemeld door zowel de Isra\u00eblische media als de BBC. Het wordt gedacht dat Blair, die in 2003 samen met de VS de oorlog tegen Irak begon, aan het hoofd zal staan van de voorgestelde structuur.<\/p>\n<p><strong>Wat is het plan voor de tijdelijke autoriteit?<\/strong><\/p>\n<p>Het plan voorziet in de oprichting van een tijdelijke autoriteit in Gaza, buiten Hamas en de Palestijnse Autoriteit. Van deze autoriteit wordt verwacht dat zij gedurende de tijdelijke periode &#8220;de hoogste politieke en juridische autoriteit&#8221; over Gaza heeft. De details van het plan zijn als volgt:<\/p>\n<ul>\n<li><strong>Oprichtingslocatie:<\/strong> De autoriteit zal worden opgericht in de Egyptische stad el-Arish, dicht bij de zuidelijke grens van Gaza.<\/li>\n<li><strong>Ondersteuning:<\/strong> Het zal worden gesteund door de Verenigde Naties, Arabische staten en een multinationale kracht.<\/li>\n<li><strong>Verplaatsing van Palestijnen:<\/strong> Het door het Witte Huis gesteunde plan omvat geen verplaatsing van Palestijnen buiten Gaza.<\/li>\n<li><strong>Tijdelijke periode:<\/strong> Wanneer de tijdelijke periode eindigt, zal het beheer worden overgedragen aan de Palestijnen.<\/li>\n<\/ul>\n<p>Volgens de BBC wordt gemeld dat Tony Blair direct betrokken is bij de gesprekken over het beheer van de tijdelijke autoriteit. Blair heeft echter geen openbare opmerkingen over deze rapporten gemaakt.<\/p>\n<p><strong>Details van het plan en internationale steun<\/strong><\/p>\n<p>Dit voorstel werd gepresenteerd tijdens een bijeenkomst van de Algemene Vergadering van de Verenigde Naties, evenals tussen president Donald Trump en verschillende Arabische en moslimleiders. Volgens de Financial Times heeft de VS een 21-puntenplan voorgesteld om de huidige situatie in Gaza permanent te be\u00ebindigen. Dit plan is opgesteld in verband met incidenten waarbij meer dan 65.000 Palestijnen om het leven zijn gekomen.<\/p>\n<ul>\n<li><strong>Vrijlating van Isra\u00eblische gevangenen:<\/strong> Het plan eist de onmiddellijke vrijlating van alle Isra\u00eblische gevangenen.<\/li>\n<li><strong>Terugtrekking:<\/strong> Het voorziet in de terugtrekking van de Isra\u00eblische strijdkrachten naar de posities die zij hadden tijdens de twee maanden durende wapenstilstand van januari tot maart van dit jaar.<\/li>\n<li><strong>De rol van Hamas:<\/strong> Het plan stelt dat Hamas geen rol zal spelen in het beheer van Gaza na de oorlog.<\/li>\n<\/ul>\n<p>Hamas en Isra\u00ebl hebben nog geen commentaar gegeven op dit voorstel.<\/p>\n<p><strong>Conclusie en lezerscommentaren<\/strong><\/p>\n<p>De gesprekken van Tony Blair over het beheer van de tijdelijke autoriteit in Gaza worden beschouwd als een belangrijke ontwikkeling in de politieke dynamiek van de regio. Wat zijn uw gedachten hierover? U kunt uw opmerkingen hieronder delen. Lees ook onze andere artikelen voor meer informatie over vergelijkbare onderwerpen.<\/p>\n<\/div>\n","protected":false},"excerpt":{"rendered":"<p>Tony Blair voert gesprekken over het beheer van een tijdelijke autoriteit in Gaza, ondersteund door de VS. Deze autoriteit, opgericht in el-Arish, zal buiten Hamas en de Palestijnse Autoriteit functioneren en &#8220;de hoogste politieke en juridische autoriteit&#8221; over Gaza zijn. Het plan omvat geen verplaatsing van Palestijnen en voorziet in een toekomstige overdracht van het beheer aan Palestijnen. Daarnaast vereist het de vrijlating van Isra\u00eblische gevangenen en de terugtrekking van Isra\u00eblische troepen. Zowel Hamas als Isra\u00ebl hebben nog niet op het voorstel gereageerd, dat werd gepresenteerd tijdens een VN-bijeenkomst.<\/p>\n","protected":false},"author":1,"featured_media":5136,"comment_status":"open","ping_status":"open","sticky":false,"template":"","format":"standard","meta":{"_kad_blocks_custom_css":"","_kad_blocks_head_custom_js":"","_kad_blocks_body_custom_js":"","_kad_blocks_footer_custom_js":"","_kadence_starter_templates_imported_post":false,"_kad_post_transparent":"","_kad_post_title":"","_kad_post_layout":"","_kad_post_sidebar_id":"","_kad_post_content_style":"","_kad_post_vertical_padding":"","_kad_post_feature":"","_kad_post_feature_position":"","_kad_post_header":false,"_kad_post_footer":false,"footnotes":""},"categories":[2],"tags":[85,3479,1792,3478],"class_list":["post-5135","post","type-post","status-publish","format-standard","has-post-thumbnail","hentry","category-mondiaal-moslim-nieuws","tag-gaza","tag-hoofd","tag-tijdelijke-regering","tag-tony-blair"],"yoast_head":"<!-- This site is optimized with the Yoast SEO plugin v23.9 - https:\/\/yoast.com\/wordpress\/plugins\/seo\/ -->\n<title>Tony Blair voorgesteld als hoofd van de tijdelijke regering van Gaza - Dualar.com\/nl<\/title>\n<meta name=\"description\" content=\"Tony Blair praat over een tijdelijke autoriteit in Gaza, gesteund door de VS, zonder Hamas. Oprichtingslocatie: el-Arish, Egypte.\" \/>\n<meta name=\"robots\" content=\"index, follow, max-snippet:-1, max-image-preview:large, max-video-preview:-1\" \/>\n<link rel=\"canonical\" href=\"https:\/\/dualar.com\/nl\/2025\/09\/26\/tony-blair-voorgesteld-als-hoofd-van-de-tijdelijke-regering-van-gaza\/\" \/>\n<meta property=\"og:locale\" content=\"nl_NL\" \/>\n<meta property=\"og:type\" content=\"article\" \/>\n<meta property=\"og:title\" content=\"Tony Blair voorgesteld als hoofd van de tijdelijke regering van Gaza - Dualar.com\/nl\" \/>\n<meta property=\"og:description\" content=\"Tony Blair praat over een tijdelijke autoriteit in Gaza, gesteund door de VS, zonder Hamas. Oprichtingslocatie: el-Arish, Egypte.\" \/>\n<meta property=\"og:url\" content=\"https:\/\/dualar.com\/nl\/2025\/09\/26\/tony-blair-voorgesteld-als-hoofd-van-de-tijdelijke-regering-van-gaza\/\" \/>\n<meta property=\"og:site_name\" content=\"Dualar.com\/nl\" \/>\n<meta property=\"article:published_time\" content=\"2025-09-26T09:17:26+00:00\" \/>\n<meta property=\"article:modified_time\" content=\"2025-09-26T09:17:34+00:00\" \/>\n<meta property=\"og:image\" content=\"https:\/\/dualar.com\/nl\/wp-content\/uploads\/sites\/2\/2025\/09\/Tony-Blair-voorgesteld-als-hoofd-van-de-tijdelijke-regering-van.jpg\" \/>\n\t<meta property=\"og:image:width\" content=\"1600\" \/>\n\t<meta property=\"og:image:height\" content=\"899\" \/>\n\t<meta property=\"og:image:type\" content=\"image\/jpeg\" \/>\n<meta name=\"author\" content=\"info@blueappleagency.nl\" \/>\n<meta name=\"twitter:card\" content=\"summary_large_image\" \/>\n<meta name=\"twitter:label1\" content=\"Geschreven door\" \/>\n\t<meta name=\"twitter:data1\" content=\"info@blueappleagency.nl\" \/>\n\t<meta name=\"twitter:label2\" content=\"Geschatte leestijd\" \/>\n\t<meta name=\"twitter:data2\" content=\"2 minuten\" \/>\n<script type=\"application\/ld+json\" class=\"yoast-schema-graph\">{\"@context\":\"https:\/\/schema.org\",\"@graph\":[{\"@type\":\"Article\",\"@id\":\"https:\/\/dualar.com\/nl\/2025\/09\/26\/tony-blair-voorgesteld-als-hoofd-van-de-tijdelijke-regering-van-gaza\/#article\",\"isPartOf\":{\"@id\":\"https:\/\/dualar.com\/nl\/2025\/09\/26\/tony-blair-voorgesteld-als-hoofd-van-de-tijdelijke-regering-van-gaza\/\"},\"author\":{\"name\":\"info@blueappleagency.nl\",\"@id\":\"https:\/\/dualar.com\/nl\/#\/schema\/person\/d920bfed24e7ef4d145c3664464931fd\"},\"headline\":\"Tony Blair voorgesteld als hoofd van de tijdelijke regering van Gaza\",\"datePublished\":\"2025-09-26T09:17:26+00:00\",\"dateModified\":\"2025-09-26T09:17:34+00:00\",\"mainEntityOfPage\":{\"@id\":\"https:\/\/dualar.com\/nl\/2025\/09\/26\/tony-blair-voorgesteld-als-hoofd-van-de-tijdelijke-regering-van-gaza\/\"},\"wordCount\":446,\"commentCount\":0,\"publisher\":{\"@id\":\"https:\/\/dualar.com\/nl\/#organization\"},\"image\":{\"@id\":\"https:\/\/dualar.com\/nl\/2025\/09\/26\/tony-blair-voorgesteld-als-hoofd-van-de-tijdelijke-regering-van-gaza\/#primaryimage\"},\"thumbnailUrl\":\"https:\/\/dualar.com\/nl\/wp-content\/uploads\/sites\/2\/2025\/09\/Tony-Blair-voorgesteld-als-hoofd-van-de-tijdelijke-regering-van.jpg\",\"keywords\":[\"Gaza\",\"hoofd\",\"tijdelijke regering\",\"Tony Blair\"],\"articleSection\":[\"Mondiaal Moslim Nieuws\"],\"inLanguage\":\"nl-NL\",\"potentialAction\":[{\"@type\":\"CommentAction\",\"name\":\"Comment\",\"target\":[\"https:\/\/dualar.com\/nl\/2025\/09\/26\/tony-blair-voorgesteld-als-hoofd-van-de-tijdelijke-regering-van-gaza\/#respond\"]}]},{\"@type\":\"WebPage\",\"@id\":\"https:\/\/dualar.com\/nl\/2025\/09\/26\/tony-blair-voorgesteld-als-hoofd-van-de-tijdelijke-regering-van-gaza\/\",\"url\":\"https:\/\/dualar.com\/nl\/2025\/09\/26\/tony-blair-voorgesteld-als-hoofd-van-de-tijdelijke-regering-van-gaza\/\",\"name\":\"Tony Blair voorgesteld als hoofd van de tijdelijke regering van Gaza - Dualar.com\/nl\",\"isPartOf\":{\"@id\":\"https:\/\/dualar.com\/nl\/#website\"},\"primaryImageOfPage\":{\"@id\":\"https:\/\/dualar.com\/nl\/2025\/09\/26\/tony-blair-voorgesteld-als-hoofd-van-de-tijdelijke-regering-van-gaza\/#primaryimage\"},\"image\":{\"@id\":\"https:\/\/dualar.com\/nl\/2025\/09\/26\/tony-blair-voorgesteld-als-hoofd-van-de-tijdelijke-regering-van-gaza\/#primaryimage\"},\"thumbnailUrl\":\"https:\/\/dualar.com\/nl\/wp-content\/uploads\/sites\/2\/2025\/09\/Tony-Blair-voorgesteld-als-hoofd-van-de-tijdelijke-regering-van.jpg\",\"datePublished\":\"2025-09-26T09:17:26+00:00\",\"dateModified\":\"2025-09-26T09:17:34+00:00\",\"description\":\"Tony Blair praat over een tijdelijke autoriteit in Gaza, gesteund door de VS, zonder Hamas. Oprichtingslocatie: el-Arish, Egypte.\",\"breadcrumb\":{\"@id\":\"https:\/\/dualar.com\/nl\/2025\/09\/26\/tony-blair-voorgesteld-als-hoofd-van-de-tijdelijke-regering-van-gaza\/#breadcrumb\"},\"inLanguage\":\"nl-NL\",\"potentialAction\":[{\"@type\":\"ReadAction\",\"target\":[\"https:\/\/dualar.com\/nl\/2025\/09\/26\/tony-blair-voorgesteld-als-hoofd-van-de-tijdelijke-regering-van-gaza\/\"]}]},{\"@type\":\"ImageObject\",\"inLanguage\":\"nl-NL\",\"@id\":\"https:\/\/dualar.com\/nl\/2025\/09\/26\/tony-blair-voorgesteld-als-hoofd-van-de-tijdelijke-regering-van-gaza\/#primaryimage\",\"url\":\"https:\/\/dualar.com\/nl\/wp-content\/uploads\/sites\/2\/2025\/09\/Tony-Blair-voorgesteld-als-hoofd-van-de-tijdelijke-regering-van.jpg\",\"contentUrl\":\"https:\/\/dualar.com\/nl\/wp-content\/uploads\/sites\/2\/2025\/09\/Tony-Blair-voorgesteld-als-hoofd-van-de-tijdelijke-regering-van.jpg\",\"width\":1600,\"height\":899,\"caption\":\"Tony Blair voorgesteld als hoofd van de tijdelijke regering van Gaza\"},{\"@type\":\"BreadcrumbList\",\"@id\":\"https:\/\/dualar.com\/nl\/2025\/09\/26\/tony-blair-voorgesteld-als-hoofd-van-de-tijdelijke-regering-van-gaza\/#breadcrumb\",\"itemListElement\":[{\"@type\":\"ListItem\",\"position\":1,\"name\":\"Home\",\"item\":\"https:\/\/dualar.com\/nl\/\"},{\"@type\":\"ListItem\",\"position\":2,\"name\":\"Tony Blair voorgesteld als hoofd van de tijdelijke regering van Gaza\"}]},{\"@type\":\"WebSite\",\"@id\":\"https:\/\/dualar.com\/nl\/#website\",\"url\":\"https:\/\/dualar.com\/nl\/\",\"name\":\"Dualar.com\/nl\",\"description\":\"Gebeden die u op elk moment inspireren\",\"publisher\":{\"@id\":\"https:\/\/dualar.com\/nl\/#organization\"},\"potentialAction\":[{\"@type\":\"SearchAction\",\"target\":{\"@type\":\"EntryPoint\",\"urlTemplate\":\"https:\/\/dualar.com\/nl\/?s={search_term_string}\"},\"query-input\":{\"@type\":\"PropertyValueSpecification\",\"valueRequired\":true,\"valueName\":\"search_term_string\"}}],\"inLanguage\":\"nl-NL\"},{\"@type\":\"Organization\",\"@id\":\"https:\/\/dualar.com\/nl\/#organization\",\"name\":\"Dualar.com\/nl\",\"url\":\"https:\/\/dualar.com\/nl\/\",\"logo\":{\"@type\":\"ImageObject\",\"inLanguage\":\"nl-NL\",\"@id\":\"https:\/\/dualar.com\/nl\/#\/schema\/logo\/image\/\",\"url\":\"https:\/\/dualar.com\/nl\/wp-content\/uploads\/sites\/2\/2024\/11\/Her-Aniniza-Ilham-Veren-Dualar-1.png\",\"contentUrl\":\"https:\/\/dualar.com\/nl\/wp-content\/uploads\/sites\/2\/2024\/11\/Her-Aniniza-Ilham-Veren-Dualar-1.png\",\"width\":1000,\"height\":300,\"caption\":\"Dualar.com\/nl\"},\"image\":{\"@id\":\"https:\/\/dualar.com\/nl\/#\/schema\/logo\/image\/\"}},{\"@type\":\"Person\",\"@id\":\"https:\/\/dualar.com\/nl\/#\/schema\/person\/d920bfed24e7ef4d145c3664464931fd\",\"name\":\"info@blueappleagency.nl\",\"image\":{\"@type\":\"ImageObject\",\"inLanguage\":\"nl-NL\",\"@id\":\"https:\/\/dualar.com\/nl\/#\/schema\/person\/image\/\",\"url\":\"https:\/\/secure.gravatar.com\/avatar\/4bcc94ad74be7f14c7e9a39e3f95a587?s=96&d=mm&r=g\",\"contentUrl\":\"https:\/\/secure.gravatar.com\/avatar\/4bcc94ad74be7f14c7e9a39e3f95a587?s=96&d=mm&r=g\",\"caption\":\"info@blueappleagency.nl\"},\"sameAs\":[\"http:\/\/dualar.com\"],\"url\":\"#\"}]}<\/script>\n<!-- \/ Yoast SEO plugin. -->","yoast_head_json":{"title":"Tony Blair voorgesteld als hoofd van de tijdelijke regering van Gaza - Dualar.com\/nl","description":"Tony Blair praat over een tijdelijke autoriteit in Gaza, gesteund door de VS, zonder Hamas. Oprichtingslocatie: el-Arish, Egypte.","robots":{"index":"index","follow":"follow","max-snippet":"max-snippet:-1","max-image-preview":"max-image-preview:large","max-video-preview":"max-video-preview:-1"},"canonical":"https:\/\/dualar.com\/nl\/2025\/09\/26\/tony-blair-voorgesteld-als-hoofd-van-de-tijdelijke-regering-van-gaza\/","og_locale":"nl_NL","og_type":"article","og_title":"Tony Blair voorgesteld als hoofd van de tijdelijke regering van Gaza - Dualar.com\/nl","og_description":"Tony Blair praat over een tijdelijke autoriteit in Gaza, gesteund door de VS, zonder Hamas. Oprichtingslocatie: el-Arish, Egypte.","og_url":"https:\/\/dualar.com\/nl\/2025\/09\/26\/tony-blair-voorgesteld-als-hoofd-van-de-tijdelijke-regering-van-gaza\/","og_site_name":"Dualar.com\/nl","article_published_time":"2025-09-26T09:17:26+00:00","article_modified_time":"2025-09-26T09:17:34+00:00","og_image":[{"width":1600,"height":899,"url":"https:\/\/dualar.com\/nl\/wp-content\/uploads\/sites\/2\/2025\/09\/Tony-Blair-voorgesteld-als-hoofd-van-de-tijdelijke-regering-van.jpg","type":"image\/jpeg"}],"author":"info@blueappleagency.nl","twitter_card":"summary_large_image","twitter_misc":{"Geschreven door":"info@blueappleagency.nl","Geschatte leestijd":"2 minuten"},"schema":{"@context":"https:\/\/schema.org","@graph":[{"@type":"Article","@id":"https:\/\/dualar.com\/nl\/2025\/09\/26\/tony-blair-voorgesteld-als-hoofd-van-de-tijdelijke-regering-van-gaza\/#article","isPartOf":{"@id":"https:\/\/dualar.com\/nl\/2025\/09\/26\/tony-blair-voorgesteld-als-hoofd-van-de-tijdelijke-regering-van-gaza\/"},"author":{"name":"info@blueappleagency.nl","@id":"https:\/\/dualar.com\/nl\/#\/schema\/person\/d920bfed24e7ef4d145c3664464931fd"},"headline":"Tony Blair voorgesteld als hoofd van de tijdelijke regering van Gaza","datePublished":"2025-09-26T09:17:26+00:00","dateModified":"2025-09-26T09:17:34+00:00","mainEntityOfPage":{"@id":"https:\/\/dualar.com\/nl\/2025\/09\/26\/tony-blair-voorgesteld-als-hoofd-van-de-tijdelijke-regering-van-gaza\/"},"wordCount":446,"commentCount":0,"publisher":{"@id":"https:\/\/dualar.com\/nl\/#organization"},"image":{"@id":"https:\/\/dualar.com\/nl\/2025\/09\/26\/tony-blair-voorgesteld-als-hoofd-van-de-tijdelijke-regering-van-gaza\/#primaryimage"},"thumbnailUrl":"https:\/\/dualar.com\/nl\/wp-content\/uploads\/sites\/2\/2025\/09\/Tony-Blair-voorgesteld-als-hoofd-van-de-tijdelijke-regering-van.jpg","keywords":["Gaza","hoofd","tijdelijke regering","Tony Blair"],"articleSection":["Mondiaal Moslim Nieuws"],"inLanguage":"nl-NL","potentialAction":[{"@type":"CommentAction","name":"Comment","target":["https:\/\/dualar.com\/nl\/2025\/09\/26\/tony-blair-voorgesteld-als-hoofd-van-de-tijdelijke-regering-van-gaza\/#respond"]}]},{"@type":"WebPage","@id":"https:\/\/dualar.com\/nl\/2025\/09\/26\/tony-blair-voorgesteld-als-hoofd-van-de-tijdelijke-regering-van-gaza\/","url":"https:\/\/dualar.com\/nl\/2025\/09\/26\/tony-blair-voorgesteld-als-hoofd-van-de-tijdelijke-regering-van-gaza\/","name":"Tony Blair voorgesteld als hoofd van de tijdelijke regering van Gaza - Dualar.com\/nl","isPartOf":{"@id":"https:\/\/dualar.com\/nl\/#website"},"primaryImageOfPage":{"@id":"https:\/\/dualar.com\/nl\/2025\/09\/26\/tony-blair-voorgesteld-als-hoofd-van-de-tijdelijke-regering-van-gaza\/#primaryimage"},"image":{"@id":"https:\/\/dualar.com\/nl\/2025\/09\/26\/tony-blair-voorgesteld-als-hoofd-van-de-tijdelijke-regering-van-gaza\/#primaryimage"},"thumbnailUrl":"https:\/\/dualar.com\/nl\/wp-content\/uploads\/sites\/2\/2025\/09\/Tony-Blair-voorgesteld-als-hoofd-van-de-tijdelijke-regering-van.jpg","datePublished":"2025-09-26T09:17:26+00:00","dateModified":"2025-09-26T09:17:34+00:00","description":"Tony Blair praat over een tijdelijke autoriteit in Gaza, gesteund door de VS, zonder Hamas. Oprichtingslocatie: el-Arish, Egypte.","breadcrumb":{"@id":"https:\/\/dualar.com\/nl\/2025\/09\/26\/tony-blair-voorgesteld-als-hoofd-van-de-tijdelijke-regering-van-gaza\/#breadcrumb"},"inLanguage":"nl-NL","potentialAction":[{"@type":"ReadAction","target":["https:\/\/dualar.com\/nl\/2025\/09\/26\/tony-blair-voorgesteld-als-hoofd-van-de-tijdelijke-regering-van-gaza\/"]}]},{"@type":"ImageObject","inLanguage":"nl-NL","@id":"https:\/\/dualar.com\/nl\/2025\/09\/26\/tony-blair-voorgesteld-als-hoofd-van-de-tijdelijke-regering-van-gaza\/#primaryimage","url":"https:\/\/dualar.com\/nl\/wp-content\/uploads\/sites\/2\/2025\/09\/Tony-Blair-voorgesteld-als-hoofd-van-de-tijdelijke-regering-van.jpg","contentUrl":"https:\/\/dualar.com\/nl\/wp-content\/uploads\/sites\/2\/2025\/09\/Tony-Blair-voorgesteld-als-hoofd-van-de-tijdelijke-regering-van.jpg","width":1600,"height":899,"caption":"Tony Blair voorgesteld als hoofd van de tijdelijke regering van Gaza"},{"@type":"BreadcrumbList","@id":"https:\/\/dualar.com\/nl\/2025\/09\/26\/tony-blair-voorgesteld-als-hoofd-van-de-tijdelijke-regering-van-gaza\/#breadcrumb","itemListElement":[{"@type":"ListItem","position":1,"name":"Home","item":"https:\/\/dualar.com\/nl\/"},{"@type":"ListItem","position":2,"name":"Tony Blair voorgesteld als hoofd van de tijdelijke regering van Gaza"}]},{"@type":"WebSite","@id":"https:\/\/dualar.com\/nl\/#website","url":"https:\/\/dualar.com\/nl\/","name":"Dualar.com\/nl","description":"Gebeden die u op elk moment inspireren","publisher":{"@id":"https:\/\/dualar.com\/nl\/#organization"},"potentialAction":[{"@type":"SearchAction","target":{"@type":"EntryPoint","urlTemplate":"https:\/\/dualar.com\/nl\/?s={search_term_string}"},"query-input":{"@type":"PropertyValueSpecification","valueRequired":true,"valueName":"search_term_string"}}],"inLanguage":"nl-NL"},{"@type":"Organization","@id":"https:\/\/dualar.com\/nl\/#organization","name":"Dualar.com\/nl","url":"https:\/\/dualar.com\/nl\/","logo":{"@type":"ImageObject","inLanguage":"nl-NL","@id":"https:\/\/dualar.com\/nl\/#\/schema\/logo\/image\/","url":"https:\/\/dualar.com\/nl\/wp-content\/uploads\/sites\/2\/2024\/11\/Her-Aniniza-Ilham-Veren-Dualar-1.png","contentUrl":"https:\/\/dualar.com\/nl\/wp-content\/uploads\/sites\/2\/2024\/11\/Her-Aniniza-Ilham-Veren-Dualar-1.png","width":1000,"height":300,"caption":"Dualar.com\/nl"},"image":{"@id":"https:\/\/dualar.com\/nl\/#\/schema\/logo\/image\/"}},{"@type":"Person","@id":"https:\/\/dualar.com\/nl\/#\/schema\/person\/d920bfed24e7ef4d145c3664464931fd","name":"info@blueappleagency.nl","image":{"@type":"ImageObject","inLanguage":"nl-NL","@id":"https:\/\/dualar.com\/nl\/#\/schema\/person\/image\/","url":"https:\/\/secure.gravatar.com\/avatar\/4bcc94ad74be7f14c7e9a39e3f95a587?s=96&d=mm&r=g","contentUrl":"https:\/\/secure.gravatar.com\/avatar\/4bcc94ad74be7f14c7e9a39e3f95a587?s=96&d=mm&r=g","caption":"info@blueappleagency.nl"},"sameAs":["http:\/\/dualar.com"],"url":"#"}]}},"taxonomy_info":{"category":[{"value":2,"label":"Mondiaal Moslim Nieuws"}],"post_tag":[{"value":85,"label":"Gaza"},{"value":3479,"label":"hoofd"},{"value":1792,"label":"tijdelijke regering"},{"value":3478,"label":"Tony Blair"}]},"featured_image_src_large":["https:\/\/dualar.com\/nl\/wp-content\/uploads\/sites\/2\/2025\/09\/Tony-Blair-voorgesteld-als-hoofd-van-de-tijdelijke-regering-van-1024x575.jpg",1024,575,true],"author_info":{"display_name":"info@blueappleagency.nl","author_link":"#"},"comment_info":0,"category_info":[{"term_id":2,"name":"Mondiaal Moslim Nieuws","slug":"mondiaal-moslim-nieuws","term_group":0,"term_taxonomy_id":2,"taxonomy":"category","description":"","parent":0,"count":1312,"filter":"raw","cat_ID":2,"category_count":1312,"category_description":"","cat_name":"Mondiaal Moslim Nieuws","category_nicename":"mondiaal-moslim-nieuws","category_parent":0}],"tag_info":[{"term_id":85,"name":"Gaza","slug":"gaza","term_group":0,"term_taxonomy_id":85,"taxonomy":"post_tag","description":"","parent":0,"count":191,"filter":"raw"},{"term_id":3479,"name":"hoofd","slug":"hoofd","term_group":0,"term_taxonomy_id":3479,"taxonomy":"post_tag","description":"","parent":0,"count":1,"filter":"raw"},{"term_id":1792,"name":"tijdelijke regering","slug":"tijdelijke-regering","term_group":0,"term_taxonomy_id":1792,"taxonomy":"post_tag","description":"","parent":0,"count":2,"filter":"raw"},{"term_id":3478,"name":"Tony Blair","slug":"tony-blair","term_group":0,"term_taxonomy_id":3478,"taxonomy":"post_tag","description":"","parent":0,"count":7,"filter":"raw"}],"_links":{"self":[{"href":"https:\/\/dualar.com\/nl\/wp-json\/wp\/v2\/posts\/5135","targetHints":{"allow":["GET"]}}],"collection":[{"href":"https:\/\/dualar.com\/nl\/wp-json\/wp\/v2\/posts"}],"about":[{"href":"https:\/\/dualar.com\/nl\/wp-json\/wp\/v2\/types\/post"}],"author":[{"embeddable":true,"href":"https:\/\/dualar.com\/nl\/wp-json\/wp\/v2\/users\/1"}],"replies":[{"embeddable":true,"href":"https:\/\/dualar.com\/nl\/wp-json\/wp\/v2\/comments?post=5135"}],"version-history":[{"count":1,"href":"https:\/\/dualar.com\/nl\/wp-json\/wp\/v2\/posts\/5135\/revisions"}],"predecessor-version":[{"id":5137,"href":"https:\/\/dualar.com\/nl\/wp-json\/wp\/v2\/posts\/5135\/revisions\/5137"}],"wp:featuredmedia":[{"embeddable":true,"href":"https:\/\/dualar.com\/nl\/wp-json\/wp\/v2\/media\/5136"}],"wp:attachment":[{"href":"https:\/\/dualar.com\/nl\/wp-json\/wp\/v2\/media?parent=5135"}],"wp:term":[{"taxonomy":"category","embeddable":true,"href":"https:\/\/dualar.com\/nl\/wp-json\/wp\/v2\/categories?post=5135"},{"taxonomy":"post_tag","embeddable":true,"href":"https:\/\/dualar.com\/nl\/wp-json\/wp\/v2\/tags?post=5135"}],"curies":[{"name":"wp","href":"https:\/\/api.w.org\/{rel}","templated":true}]}}