{"id":5249,"date":"2025-10-07T15:01:53","date_gmt":"2025-10-07T14:01:53","guid":{"rendered":"https:\/\/dualar.com\/nl\/2025\/10\/07\/israel-en-palestina-wat-is-er-sinds-oktober-2023-in-de-westelijke-jordaanoever-gebeurd\/"},"modified":"2025-10-07T15:02:05","modified_gmt":"2025-10-07T14:02:05","slug":"israel-en-palestina-wat-is-er-sinds-oktober-2023-in-de-westelijke-jordaanoever-gebeurd","status":"publish","type":"post","link":"https:\/\/dualar.com\/nl\/2025\/10\/07\/israel-en-palestina-wat-is-er-sinds-oktober-2023-in-de-westelijke-jordaanoever-gebeurd\/","title":{"rendered":"Isra\u00ebl en Palestina: Wat is er sinds oktober 2023 in de Westelijke Jordaanoever gebeurd?"},"content":{"rendered":"<div>\n<p><strong>De Wereld Blijft Aandacht Geven aan Gaza: Wat Gebeurt er in de Westelijke Jordaanoever?<\/strong><\/p>\n<p>De wereld is sinds 7 oktober 2023 gefocust op Gaza; meer dan 66.000 Palestijnen zijn omgekomen als gevolg van twee jaar Isra\u00eblische aanvallen. Echter, er vinden ook grote gebeurtenissen plaats in de Westelijke Jordaanoever. In dit artikel zullen we de recente situatie in de Westelijke Jordaanoever en de ontwikkelingen v\u00f3\u00f3r en na 7 oktober bespreken.<\/p>\n<h3>Ontwikkelingen in de Westelijke Jordaanoever<\/h3>\n<p>De Westelijke Jordaanoever is sinds 1967 onder Isra\u00eblische bezetting en in de afgelopen twee jaar zijn de aanvallen van Isra\u00eblische kolonisten op Palestijnen toegenomen. Volgens gegevens van het Bureau voor de Co\u00f6rdinatie van Humanitaire Hulp van de Verenigde Naties (OCHA) hebben Isra\u00eblische troepen tot 2025 bijna 7.500 invallen in Palestijnse dorpen en steden in de Westelijke Jordaanoever uitgevoerd.<\/p>\n<h4>Geografische Locatie van de Westelijke Jordaanoever<\/h4>\n<p>De Westelijke Jordaanoever is een afgesloten gebied van 5.665 km\u00b2, gelegen ten westen van de Jordaan. Dit gebied is 15 keer zo groot als Gaza en de Palestijnse bevolking hier bedraagt ongeveer 3 miljoen, waarvan meer dan 900.000 vluchtelingen zijn. Daarnaast leven er meer dan 700.000 illegale kolonisten.<\/p>\n<h3>Hoe Was de Westelijke Jordaanoever Voor 7 Oktober?<\/h3>\n<p>Na de Arabisch-Isra\u00eblische Oorlog van 1967 controleerde Isra\u00ebl over veel Palestijnse grond, inclusief de Westelijke Jordaanoever. Sinds de Oslo-akkoorden van 1993 is de Westelijke Jordaanoever verdeeld in gebieden A, B en C:<\/p>\n<ul>\n<li><strong>Gebied A (%21):<\/strong> Volledige administratieve en veiligheidscontrole door de Palestijnse Autoriteit (PA).<\/li>\n<li><strong>Gebied B (%18):<\/strong> Gedeeltelijke Palestijnse controle, maar onder controle van Isra\u00eblische veiligheidsdiensten.<\/li>\n<li><strong>Gebied C (%61):<\/strong> Volledig onder Isra\u00eblische controle.<\/li>\n<\/ul>\n<p>Deze gebieden zijn gevuld met militaire controlepunten die het dagelijks leven van Palestijnen be\u00efnvloeden. De levensomstandigheden in de vluchtelingenkampen in de Westelijke Jordaanoever zijn uiterst slecht; in het Balata-vluchtelingenkamp leeft meer dan 33.000 mensen op een oppervlakte van slechts een kwart vierkante kilometer.<\/p>\n<h3>Ontwikkelingen Na 7 Oktober<\/h3>\n<p>In de periode na 7 oktober 2023 heeft Isra\u00ebl zijn militaire aanwezigheid in de Westelijke Jordaanoever vergroot. Militaire invallen zijn toegenomen en richten zich voornamelijk op vluchtelingenkampen. Mensenrechtenorganisaties uiten hun bezorgdheid over de willekeurige arrestaties en moorden op ongewapende burgers.<\/p>\n<p>Volgens gegevens van OCHA zijn er tot 2024 996 Palestijnen omgekomen als gevolg van Isra\u00eblische militaire en kolonistenaanvallen. Deze gebeurtenissen maken het leven van Palestijnen in de Westelijke Jordaanoever nog moeilijker.<\/p>\n<h3>Kolonistenaanvallen en Gevolgen<\/h3>\n<p>Sinds 7 oktober 2023 zijn de aanvallen van Isra\u00eblische kolonisten op Palestijnen ook toegenomen. In 2024 zijn er meer dan 1.400 gevallen van geweld door kolonisten geregistreerd. Dit leidt tot gedwongen ontruimingen van Palestijnen die in landelijke gebieden wonen.<\/p>\n<h3>Reacties van Palestijnen in de Westelijke Jordaanoever<\/h3>\n<p>De oorlog in Gaza heeft geleid tot woede en protesten onder Palestijnen in de Westelijke Jordaanoever. De Palestijnse Autoriteit heeft de demonstraties met geweld onderdrukt en media zoals Al Jazeera verboden. Er is echter brede steun voor het vertrek van Abbas en de steun voor Hamas is ook niet afgenomen.<\/p>\n<h3>Conclusie en Toekomst<\/h3>\n<p>De situatie in de Westelijke Jordaanoever is complex en in een dynamisch proces. De ontwikkelingen in deze regio worden zowel lokaal als internationaal nauwlettend gevolgd. Het is belangrijk om meer aandacht te besteden aan de levensomstandigheden en rechten van Palestijnen in de Westelijke Jordaanoever en internationale steun te waarborgen.<\/p>\n<p><strong>Verwachting van Onze Lezers:<\/strong><br \/>U kunt uw gedachten over dit complexe onderwerp delen of ons volgen om soortgelijke artikelen te lezen. Vergeet niet om meer informatie te verkrijgen over de ontwikkelingen in de Westelijke Jordaanoever en de voortgang van het Palestijns-Isra\u00eblische conflict.<\/p>\n<\/div>\n","protected":false},"excerpt":{"rendered":"<p>De wereld richt zich sinds 7 oktober 2023 op Gaza, waar meer dan 66.000 Palestijnen zijn omgekomen door Isra\u00eblische aanvallen. Tegelijkertijd zijn er belangrijke gebeurtenissen in de Westelijke Jordaanoever, die sinds 1967 onder Isra\u00eblische bezetting staat. Isra\u00eblische aanvallen op Palestijnen zijn toegenomen, met bijna 7.500 invallen tot 2025. De levensomstandigheden in vluchtelingenkampen zijn zeer slecht. Na 7 oktober zijn militaire acties toegenomen, met 996 doden als gevolg van aanvallen. Protesten onder Palestijnen worden onderdrukt, terwijl de steun voor Hamas blijft groeien. De situatie blijft complex en vereist internationale aandacht voor de mensenrechten van Palestijnen.<\/p>\n","protected":false},"author":1,"featured_media":5250,"comment_status":"open","ping_status":"open","sticky":false,"template":"","format":"standard","meta":{"_kad_blocks_custom_css":"","_kad_blocks_head_custom_js":"","_kad_blocks_body_custom_js":"","_kad_blocks_footer_custom_js":"","_kadence_starter_templates_imported_post":false,"_kad_post_transparent":"","_kad_post_title":"","_kad_post_layout":"","_kad_post_sidebar_id":"","_kad_post_content_style":"","_kad_post_vertical_padding":"","_kad_post_feature":"","_kad_post_feature_position":"","_kad_post_header":false,"_kad_post_footer":false,"footnotes":""},"categories":[2],"tags":[38,866,3544,993,650],"class_list":["post-5249","post","type-post","status-publish","format-standard","has-post-thumbnail","hentry","category-mondiaal-moslim-nieuws","tag-israel","tag-nieuws","tag-oktober-2023","tag-palestina","tag-westelijke-jordaanoever"],"yoast_head":"<!-- This site is optimized with the Yoast SEO plugin v23.9 - https:\/\/yoast.com\/wordpress\/plugins\/seo\/ -->\n<title>Isra\u00ebl en Palestina: Wat is er sinds oktober 2023 in de Westelijke Jordaanoever gebeurd? - Dualar.com\/nl<\/title>\n<meta name=\"description\" content=\"De wereld focust op Gaza, maar de situatie in de Westelijke Jordaanoever verslechtert door Isra\u00eblische aanvallen en kolonistengeweld.\" \/>\n<meta name=\"robots\" content=\"index, follow, max-snippet:-1, max-image-preview:large, max-video-preview:-1\" \/>\n<link rel=\"canonical\" href=\"https:\/\/dualar.com\/nl\/2025\/10\/07\/israel-en-palestina-wat-is-er-sinds-oktober-2023-in-de-westelijke-jordaanoever-gebeurd\/\" \/>\n<meta property=\"og:locale\" content=\"nl_NL\" \/>\n<meta property=\"og:type\" content=\"article\" \/>\n<meta property=\"og:title\" content=\"Isra\u00ebl en Palestina: Wat is er sinds oktober 2023 in de Westelijke Jordaanoever gebeurd? - Dualar.com\/nl\" \/>\n<meta property=\"og:description\" content=\"De wereld focust op Gaza, maar de situatie in de Westelijke Jordaanoever verslechtert door Isra\u00eblische aanvallen en kolonistengeweld.\" \/>\n<meta property=\"og:url\" content=\"https:\/\/dualar.com\/nl\/2025\/10\/07\/israel-en-palestina-wat-is-er-sinds-oktober-2023-in-de-westelijke-jordaanoever-gebeurd\/\" \/>\n<meta property=\"og:site_name\" content=\"Dualar.com\/nl\" \/>\n<meta property=\"article:published_time\" content=\"2025-10-07T14:01:53+00:00\" \/>\n<meta property=\"article:modified_time\" content=\"2025-10-07T14:02:05+00:00\" \/>\n<meta property=\"og:image\" content=\"https:\/\/dualar.com\/nl\/wp-content\/uploads\/sites\/2\/2025\/10\/Israel-en-Palestina-Wat-is-er-sinds-oktober-2023-in.jpg\" \/>\n\t<meta property=\"og:image:width\" content=\"1500\" \/>\n\t<meta property=\"og:image:height\" content=\"881\" \/>\n\t<meta property=\"og:image:type\" content=\"image\/jpeg\" \/>\n<meta name=\"author\" content=\"info@blueappleagency.nl\" \/>\n<meta name=\"twitter:card\" content=\"summary_large_image\" \/>\n<meta name=\"twitter:label1\" content=\"Geschreven door\" \/>\n\t<meta name=\"twitter:data1\" content=\"info@blueappleagency.nl\" \/>\n\t<meta name=\"twitter:label2\" content=\"Geschatte leestijd\" \/>\n\t<meta name=\"twitter:data2\" content=\"3 minuten\" \/>\n<script type=\"application\/ld+json\" class=\"yoast-schema-graph\">{\"@context\":\"https:\/\/schema.org\",\"@graph\":[{\"@type\":\"Article\",\"@id\":\"https:\/\/dualar.com\/nl\/2025\/10\/07\/israel-en-palestina-wat-is-er-sinds-oktober-2023-in-de-westelijke-jordaanoever-gebeurd\/#article\",\"isPartOf\":{\"@id\":\"https:\/\/dualar.com\/nl\/2025\/10\/07\/israel-en-palestina-wat-is-er-sinds-oktober-2023-in-de-westelijke-jordaanoever-gebeurd\/\"},\"author\":{\"name\":\"info@blueappleagency.nl\",\"@id\":\"https:\/\/dualar.com\/nl\/#\/schema\/person\/d920bfed24e7ef4d145c3664464931fd\"},\"headline\":\"Isra\u00ebl en Palestina: Wat is er sinds oktober 2023 in de Westelijke Jordaanoever gebeurd?\",\"datePublished\":\"2025-10-07T14:01:53+00:00\",\"dateModified\":\"2025-10-07T14:02:05+00:00\",\"mainEntityOfPage\":{\"@id\":\"https:\/\/dualar.com\/nl\/2025\/10\/07\/israel-en-palestina-wat-is-er-sinds-oktober-2023-in-de-westelijke-jordaanoever-gebeurd\/\"},\"wordCount\":569,\"commentCount\":0,\"publisher\":{\"@id\":\"https:\/\/dualar.com\/nl\/#organization\"},\"image\":{\"@id\":\"https:\/\/dualar.com\/nl\/2025\/10\/07\/israel-en-palestina-wat-is-er-sinds-oktober-2023-in-de-westelijke-jordaanoever-gebeurd\/#primaryimage\"},\"thumbnailUrl\":\"https:\/\/dualar.com\/nl\/wp-content\/uploads\/sites\/2\/2025\/10\/Israel-en-Palestina-Wat-is-er-sinds-oktober-2023-in.jpg\",\"keywords\":[\"Isra\u00ebl\",\"nieuws\",\"oktober 2023\",\"Palestina\",\"Westelijke Jordaanoever\"],\"articleSection\":[\"Mondiaal Moslim Nieuws\"],\"inLanguage\":\"nl-NL\",\"potentialAction\":[{\"@type\":\"CommentAction\",\"name\":\"Comment\",\"target\":[\"https:\/\/dualar.com\/nl\/2025\/10\/07\/israel-en-palestina-wat-is-er-sinds-oktober-2023-in-de-westelijke-jordaanoever-gebeurd\/#respond\"]}]},{\"@type\":\"WebPage\",\"@id\":\"https:\/\/dualar.com\/nl\/2025\/10\/07\/israel-en-palestina-wat-is-er-sinds-oktober-2023-in-de-westelijke-jordaanoever-gebeurd\/\",\"url\":\"https:\/\/dualar.com\/nl\/2025\/10\/07\/israel-en-palestina-wat-is-er-sinds-oktober-2023-in-de-westelijke-jordaanoever-gebeurd\/\",\"name\":\"Isra\u00ebl en Palestina: Wat is er sinds oktober 2023 in de Westelijke Jordaanoever gebeurd? - Dualar.com\/nl\",\"isPartOf\":{\"@id\":\"https:\/\/dualar.com\/nl\/#website\"},\"primaryImageOfPage\":{\"@id\":\"https:\/\/dualar.com\/nl\/2025\/10\/07\/israel-en-palestina-wat-is-er-sinds-oktober-2023-in-de-westelijke-jordaanoever-gebeurd\/#primaryimage\"},\"image\":{\"@id\":\"https:\/\/dualar.com\/nl\/2025\/10\/07\/israel-en-palestina-wat-is-er-sinds-oktober-2023-in-de-westelijke-jordaanoever-gebeurd\/#primaryimage\"},\"thumbnailUrl\":\"https:\/\/dualar.com\/nl\/wp-content\/uploads\/sites\/2\/2025\/10\/Israel-en-Palestina-Wat-is-er-sinds-oktober-2023-in.jpg\",\"datePublished\":\"2025-10-07T14:01:53+00:00\",\"dateModified\":\"2025-10-07T14:02:05+00:00\",\"description\":\"De wereld focust op Gaza, maar de situatie in de Westelijke Jordaanoever verslechtert door Isra\u00eblische aanvallen en kolonistengeweld.\",\"breadcrumb\":{\"@id\":\"https:\/\/dualar.com\/nl\/2025\/10\/07\/israel-en-palestina-wat-is-er-sinds-oktober-2023-in-de-westelijke-jordaanoever-gebeurd\/#breadcrumb\"},\"inLanguage\":\"nl-NL\",\"potentialAction\":[{\"@type\":\"ReadAction\",\"target\":[\"https:\/\/dualar.com\/nl\/2025\/10\/07\/israel-en-palestina-wat-is-er-sinds-oktober-2023-in-de-westelijke-jordaanoever-gebeurd\/\"]}]},{\"@type\":\"ImageObject\",\"inLanguage\":\"nl-NL\",\"@id\":\"https:\/\/dualar.com\/nl\/2025\/10\/07\/israel-en-palestina-wat-is-er-sinds-oktober-2023-in-de-westelijke-jordaanoever-gebeurd\/#primaryimage\",\"url\":\"https:\/\/dualar.com\/nl\/wp-content\/uploads\/sites\/2\/2025\/10\/Israel-en-Palestina-Wat-is-er-sinds-oktober-2023-in.jpg\",\"contentUrl\":\"https:\/\/dualar.com\/nl\/wp-content\/uploads\/sites\/2\/2025\/10\/Israel-en-Palestina-Wat-is-er-sinds-oktober-2023-in.jpg\",\"width\":1500,\"height\":881,\"caption\":\"Isra\u00ebl en Palestina: Wat is er sinds oktober 2023 in de Westelijke Jordaanoever gebeurd?\"},{\"@type\":\"BreadcrumbList\",\"@id\":\"https:\/\/dualar.com\/nl\/2025\/10\/07\/israel-en-palestina-wat-is-er-sinds-oktober-2023-in-de-westelijke-jordaanoever-gebeurd\/#breadcrumb\",\"itemListElement\":[{\"@type\":\"ListItem\",\"position\":1,\"name\":\"Home\",\"item\":\"https:\/\/dualar.com\/nl\/\"},{\"@type\":\"ListItem\",\"position\":2,\"name\":\"Isra\u00ebl en Palestina: Wat is er sinds oktober 2023 in de Westelijke Jordaanoever gebeurd?\"}]},{\"@type\":\"WebSite\",\"@id\":\"https:\/\/dualar.com\/nl\/#website\",\"url\":\"https:\/\/dualar.com\/nl\/\",\"name\":\"Dualar.com\/nl\",\"description\":\"Gebeden die u op elk moment inspireren\",\"publisher\":{\"@id\":\"https:\/\/dualar.com\/nl\/#organization\"},\"potentialAction\":[{\"@type\":\"SearchAction\",\"target\":{\"@type\":\"EntryPoint\",\"urlTemplate\":\"https:\/\/dualar.com\/nl\/?s={search_term_string}\"},\"query-input\":{\"@type\":\"PropertyValueSpecification\",\"valueRequired\":true,\"valueName\":\"search_term_string\"}}],\"inLanguage\":\"nl-NL\"},{\"@type\":\"Organization\",\"@id\":\"https:\/\/dualar.com\/nl\/#organization\",\"name\":\"Dualar.com\/nl\",\"url\":\"https:\/\/dualar.com\/nl\/\",\"logo\":{\"@type\":\"ImageObject\",\"inLanguage\":\"nl-NL\",\"@id\":\"https:\/\/dualar.com\/nl\/#\/schema\/logo\/image\/\",\"url\":\"https:\/\/dualar.com\/nl\/wp-content\/uploads\/sites\/2\/2024\/11\/Her-Aniniza-Ilham-Veren-Dualar-1.png\",\"contentUrl\":\"https:\/\/dualar.com\/nl\/wp-content\/uploads\/sites\/2\/2024\/11\/Her-Aniniza-Ilham-Veren-Dualar-1.png\",\"width\":1000,\"height\":300,\"caption\":\"Dualar.com\/nl\"},\"image\":{\"@id\":\"https:\/\/dualar.com\/nl\/#\/schema\/logo\/image\/\"}},{\"@type\":\"Person\",\"@id\":\"https:\/\/dualar.com\/nl\/#\/schema\/person\/d920bfed24e7ef4d145c3664464931fd\",\"name\":\"info@blueappleagency.nl\",\"image\":{\"@type\":\"ImageObject\",\"inLanguage\":\"nl-NL\",\"@id\":\"https:\/\/dualar.com\/nl\/#\/schema\/person\/image\/\",\"url\":\"https:\/\/secure.gravatar.com\/avatar\/4bcc94ad74be7f14c7e9a39e3f95a587?s=96&d=mm&r=g\",\"contentUrl\":\"https:\/\/secure.gravatar.com\/avatar\/4bcc94ad74be7f14c7e9a39e3f95a587?s=96&d=mm&r=g\",\"caption\":\"info@blueappleagency.nl\"},\"sameAs\":[\"http:\/\/dualar.com\"],\"url\":\"#\"}]}<\/script>\n<!-- \/ Yoast SEO plugin. -->","yoast_head_json":{"title":"Isra\u00ebl en Palestina: Wat is er sinds oktober 2023 in de Westelijke Jordaanoever gebeurd? - Dualar.com\/nl","description":"De wereld focust op Gaza, maar de situatie in de Westelijke Jordaanoever verslechtert door Isra\u00eblische aanvallen en kolonistengeweld.","robots":{"index":"index","follow":"follow","max-snippet":"max-snippet:-1","max-image-preview":"max-image-preview:large","max-video-preview":"max-video-preview:-1"},"canonical":"https:\/\/dualar.com\/nl\/2025\/10\/07\/israel-en-palestina-wat-is-er-sinds-oktober-2023-in-de-westelijke-jordaanoever-gebeurd\/","og_locale":"nl_NL","og_type":"article","og_title":"Isra\u00ebl en Palestina: Wat is er sinds oktober 2023 in de Westelijke Jordaanoever gebeurd? - Dualar.com\/nl","og_description":"De wereld focust op Gaza, maar de situatie in de Westelijke Jordaanoever verslechtert door Isra\u00eblische aanvallen en kolonistengeweld.","og_url":"https:\/\/dualar.com\/nl\/2025\/10\/07\/israel-en-palestina-wat-is-er-sinds-oktober-2023-in-de-westelijke-jordaanoever-gebeurd\/","og_site_name":"Dualar.com\/nl","article_published_time":"2025-10-07T14:01:53+00:00","article_modified_time":"2025-10-07T14:02:05+00:00","og_image":[{"width":1500,"height":881,"url":"https:\/\/dualar.com\/nl\/wp-content\/uploads\/sites\/2\/2025\/10\/Israel-en-Palestina-Wat-is-er-sinds-oktober-2023-in.jpg","type":"image\/jpeg"}],"author":"info@blueappleagency.nl","twitter_card":"summary_large_image","twitter_misc":{"Geschreven door":"info@blueappleagency.nl","Geschatte leestijd":"3 minuten"},"schema":{"@context":"https:\/\/schema.org","@graph":[{"@type":"Article","@id":"https:\/\/dualar.com\/nl\/2025\/10\/07\/israel-en-palestina-wat-is-er-sinds-oktober-2023-in-de-westelijke-jordaanoever-gebeurd\/#article","isPartOf":{"@id":"https:\/\/dualar.com\/nl\/2025\/10\/07\/israel-en-palestina-wat-is-er-sinds-oktober-2023-in-de-westelijke-jordaanoever-gebeurd\/"},"author":{"name":"info@blueappleagency.nl","@id":"https:\/\/dualar.com\/nl\/#\/schema\/person\/d920bfed24e7ef4d145c3664464931fd"},"headline":"Isra\u00ebl en Palestina: Wat is er sinds oktober 2023 in de Westelijke Jordaanoever gebeurd?","datePublished":"2025-10-07T14:01:53+00:00","dateModified":"2025-10-07T14:02:05+00:00","mainEntityOfPage":{"@id":"https:\/\/dualar.com\/nl\/2025\/10\/07\/israel-en-palestina-wat-is-er-sinds-oktober-2023-in-de-westelijke-jordaanoever-gebeurd\/"},"wordCount":569,"commentCount":0,"publisher":{"@id":"https:\/\/dualar.com\/nl\/#organization"},"image":{"@id":"https:\/\/dualar.com\/nl\/2025\/10\/07\/israel-en-palestina-wat-is-er-sinds-oktober-2023-in-de-westelijke-jordaanoever-gebeurd\/#primaryimage"},"thumbnailUrl":"https:\/\/dualar.com\/nl\/wp-content\/uploads\/sites\/2\/2025\/10\/Israel-en-Palestina-Wat-is-er-sinds-oktober-2023-in.jpg","keywords":["Isra\u00ebl","nieuws","oktober 2023","Palestina","Westelijke Jordaanoever"],"articleSection":["Mondiaal Moslim Nieuws"],"inLanguage":"nl-NL","potentialAction":[{"@type":"CommentAction","name":"Comment","target":["https:\/\/dualar.com\/nl\/2025\/10\/07\/israel-en-palestina-wat-is-er-sinds-oktober-2023-in-de-westelijke-jordaanoever-gebeurd\/#respond"]}]},{"@type":"WebPage","@id":"https:\/\/dualar.com\/nl\/2025\/10\/07\/israel-en-palestina-wat-is-er-sinds-oktober-2023-in-de-westelijke-jordaanoever-gebeurd\/","url":"https:\/\/dualar.com\/nl\/2025\/10\/07\/israel-en-palestina-wat-is-er-sinds-oktober-2023-in-de-westelijke-jordaanoever-gebeurd\/","name":"Isra\u00ebl en Palestina: Wat is er sinds oktober 2023 in de Westelijke Jordaanoever gebeurd? - Dualar.com\/nl","isPartOf":{"@id":"https:\/\/dualar.com\/nl\/#website"},"primaryImageOfPage":{"@id":"https:\/\/dualar.com\/nl\/2025\/10\/07\/israel-en-palestina-wat-is-er-sinds-oktober-2023-in-de-westelijke-jordaanoever-gebeurd\/#primaryimage"},"image":{"@id":"https:\/\/dualar.com\/nl\/2025\/10\/07\/israel-en-palestina-wat-is-er-sinds-oktober-2023-in-de-westelijke-jordaanoever-gebeurd\/#primaryimage"},"thumbnailUrl":"https:\/\/dualar.com\/nl\/wp-content\/uploads\/sites\/2\/2025\/10\/Israel-en-Palestina-Wat-is-er-sinds-oktober-2023-in.jpg","datePublished":"2025-10-07T14:01:53+00:00","dateModified":"2025-10-07T14:02:05+00:00","description":"De wereld focust op Gaza, maar de situatie in de Westelijke Jordaanoever verslechtert door Isra\u00eblische aanvallen en kolonistengeweld.","breadcrumb":{"@id":"https:\/\/dualar.com\/nl\/2025\/10\/07\/israel-en-palestina-wat-is-er-sinds-oktober-2023-in-de-westelijke-jordaanoever-gebeurd\/#breadcrumb"},"inLanguage":"nl-NL","potentialAction":[{"@type":"ReadAction","target":["https:\/\/dualar.com\/nl\/2025\/10\/07\/israel-en-palestina-wat-is-er-sinds-oktober-2023-in-de-westelijke-jordaanoever-gebeurd\/"]}]},{"@type":"ImageObject","inLanguage":"nl-NL","@id":"https:\/\/dualar.com\/nl\/2025\/10\/07\/israel-en-palestina-wat-is-er-sinds-oktober-2023-in-de-westelijke-jordaanoever-gebeurd\/#primaryimage","url":"https:\/\/dualar.com\/nl\/wp-content\/uploads\/sites\/2\/2025\/10\/Israel-en-Palestina-Wat-is-er-sinds-oktober-2023-in.jpg","contentUrl":"https:\/\/dualar.com\/nl\/wp-content\/uploads\/sites\/2\/2025\/10\/Israel-en-Palestina-Wat-is-er-sinds-oktober-2023-in.jpg","width":1500,"height":881,"caption":"Isra\u00ebl en Palestina: Wat is er sinds oktober 2023 in de Westelijke Jordaanoever gebeurd?"},{"@type":"BreadcrumbList","@id":"https:\/\/dualar.com\/nl\/2025\/10\/07\/israel-en-palestina-wat-is-er-sinds-oktober-2023-in-de-westelijke-jordaanoever-gebeurd\/#breadcrumb","itemListElement":[{"@type":"ListItem","position":1,"name":"Home","item":"https:\/\/dualar.com\/nl\/"},{"@type":"ListItem","position":2,"name":"Isra\u00ebl en Palestina: Wat is er sinds oktober 2023 in de Westelijke Jordaanoever gebeurd?"}]},{"@type":"WebSite","@id":"https:\/\/dualar.com\/nl\/#website","url":"https:\/\/dualar.com\/nl\/","name":"Dualar.com\/nl","description":"Gebeden die u op elk moment inspireren","publisher":{"@id":"https:\/\/dualar.com\/nl\/#organization"},"potentialAction":[{"@type":"SearchAction","target":{"@type":"EntryPoint","urlTemplate":"https:\/\/dualar.com\/nl\/?s={search_term_string}"},"query-input":{"@type":"PropertyValueSpecification","valueRequired":true,"valueName":"search_term_string"}}],"inLanguage":"nl-NL"},{"@type":"Organization","@id":"https:\/\/dualar.com\/nl\/#organization","name":"Dualar.com\/nl","url":"https:\/\/dualar.com\/nl\/","logo":{"@type":"ImageObject","inLanguage":"nl-NL","@id":"https:\/\/dualar.com\/nl\/#\/schema\/logo\/image\/","url":"https:\/\/dualar.com\/nl\/wp-content\/uploads\/sites\/2\/2024\/11\/Her-Aniniza-Ilham-Veren-Dualar-1.png","contentUrl":"https:\/\/dualar.com\/nl\/wp-content\/uploads\/sites\/2\/2024\/11\/Her-Aniniza-Ilham-Veren-Dualar-1.png","width":1000,"height":300,"caption":"Dualar.com\/nl"},"image":{"@id":"https:\/\/dualar.com\/nl\/#\/schema\/logo\/image\/"}},{"@type":"Person","@id":"https:\/\/dualar.com\/nl\/#\/schema\/person\/d920bfed24e7ef4d145c3664464931fd","name":"info@blueappleagency.nl","image":{"@type":"ImageObject","inLanguage":"nl-NL","@id":"https:\/\/dualar.com\/nl\/#\/schema\/person\/image\/","url":"https:\/\/secure.gravatar.com\/avatar\/4bcc94ad74be7f14c7e9a39e3f95a587?s=96&d=mm&r=g","contentUrl":"https:\/\/secure.gravatar.com\/avatar\/4bcc94ad74be7f14c7e9a39e3f95a587?s=96&d=mm&r=g","caption":"info@blueappleagency.nl"},"sameAs":["http:\/\/dualar.com"],"url":"#"}]}},"taxonomy_info":{"category":[{"value":2,"label":"Mondiaal Moslim Nieuws"}],"post_tag":[{"value":38,"label":"Isra\u00ebl"},{"value":866,"label":"nieuws"},{"value":3544,"label":"oktober 2023"},{"value":993,"label":"Palestina"},{"value":650,"label":"Westelijke Jordaanoever"}]},"featured_image_src_large":["https:\/\/dualar.com\/nl\/wp-content\/uploads\/sites\/2\/2025\/10\/Israel-en-Palestina-Wat-is-er-sinds-oktober-2023-in-1024x601.jpg",1024,601,true],"author_info":{"display_name":"info@blueappleagency.nl","author_link":"#"},"comment_info":0,"category_info":[{"term_id":2,"name":"Mondiaal Moslim Nieuws","slug":"mondiaal-moslim-nieuws","term_group":0,"term_taxonomy_id":2,"taxonomy":"category","description":"","parent":0,"count":1312,"filter":"raw","cat_ID":2,"category_count":1312,"category_description":"","cat_name":"Mondiaal Moslim Nieuws","category_nicename":"mondiaal-moslim-nieuws","category_parent":0}],"tag_info":[{"term_id":38,"name":"Isra\u00ebl","slug":"israel","term_group":0,"term_taxonomy_id":38,"taxonomy":"post_tag","description":"","parent":0,"count":230,"filter":"raw"},{"term_id":866,"name":"nieuws","slug":"nieuws","term_group":0,"term_taxonomy_id":866,"taxonomy":"post_tag","description":"","parent":0,"count":7,"filter":"raw"},{"term_id":3544,"name":"oktober 2023","slug":"oktober-2023","term_group":0,"term_taxonomy_id":3544,"taxonomy":"post_tag","description":"","parent":0,"count":1,"filter":"raw"},{"term_id":993,"name":"Palestina","slug":"palestina","term_group":0,"term_taxonomy_id":993,"taxonomy":"post_tag","description":"","parent":0,"count":28,"filter":"raw"},{"term_id":650,"name":"Westelijke Jordaanoever","slug":"westelijke-jordaanoever","term_group":0,"term_taxonomy_id":650,"taxonomy":"post_tag","description":"","parent":0,"count":18,"filter":"raw"}],"_links":{"self":[{"href":"https:\/\/dualar.com\/nl\/wp-json\/wp\/v2\/posts\/5249","targetHints":{"allow":["GET"]}}],"collection":[{"href":"https:\/\/dualar.com\/nl\/wp-json\/wp\/v2\/posts"}],"about":[{"href":"https:\/\/dualar.com\/nl\/wp-json\/wp\/v2\/types\/post"}],"author":[{"embeddable":true,"href":"https:\/\/dualar.com\/nl\/wp-json\/wp\/v2\/users\/1"}],"replies":[{"embeddable":true,"href":"https:\/\/dualar.com\/nl\/wp-json\/wp\/v2\/comments?post=5249"}],"version-history":[{"count":1,"href":"https:\/\/dualar.com\/nl\/wp-json\/wp\/v2\/posts\/5249\/revisions"}],"predecessor-version":[{"id":5251,"href":"https:\/\/dualar.com\/nl\/wp-json\/wp\/v2\/posts\/5249\/revisions\/5251"}],"wp:featuredmedia":[{"embeddable":true,"href":"https:\/\/dualar.com\/nl\/wp-json\/wp\/v2\/media\/5250"}],"wp:attachment":[{"href":"https:\/\/dualar.com\/nl\/wp-json\/wp\/v2\/media?parent=5249"}],"wp:term":[{"taxonomy":"category","embeddable":true,"href":"https:\/\/dualar.com\/nl\/wp-json\/wp\/v2\/categories?post=5249"},{"taxonomy":"post_tag","embeddable":true,"href":"https:\/\/dualar.com\/nl\/wp-json\/wp\/v2\/tags?post=5249"}],"curies":[{"name":"wp","href":"https:\/\/api.w.org\/{rel}","templated":true}]}}