{"id":5285,"date":"2025-10-10T17:24:01","date_gmt":"2025-10-10T16:24:01","guid":{"rendered":"https:\/\/dualar.com\/nl\/2025\/10\/10\/netanyahus-islamitische-oorlog-stookt-antisemitisme-op-in-europa\/"},"modified":"2025-10-10T17:24:15","modified_gmt":"2025-10-10T16:24:15","slug":"netanyahus-islamitische-oorlog-stookt-antisemitisme-op-in-europa","status":"publish","type":"post","link":"https:\/\/dualar.com\/nl\/2025\/10\/10\/netanyahus-islamitische-oorlog-stookt-antisemitisme-op-in-europa\/","title":{"rendered":"Netanyahu&#8217;s islamitische oorlog stookt antisemitisme op in Europa"},"content":{"rendered":"<div>\n<h3>De Relatie van Isra\u00ebl met de Extremere Rechtse: Uitnodiging voor Tommy Robinson<\/h3>\n<p>De afgelopen dagen heeft de Isra\u00eblische minister van Diaspora Zaken en Bestrijding van Antisemitisme, Amichai Chikli, de extreemrechtse Tommy Robinson uitgenodigd om Isra\u00ebl te bezoeken. Dit was geen diplomatiek gebaar, maar een ideologische omarming. Chikli noemde Robinson een \u201cechte vriend van Isra\u00ebl en het Joodse volk\u201d en prees hem als een \u201cdappere leider aan het front tegen het radicale islam.\u201d Ze beloofden samen via X (voormalig Twitter) \u201csterkere solidariteitsbruggen te bouwen, de strijd tegen terrorisme aan te gaan en de westerse beschaving te verdedigen.\u201d<\/p>\n<p>Echter, dit is geen solidariteit; het is een gevaarlijke strategie. Isra\u00ebl zoekt duidelijk een alliantie met de extreemrechtse partijen in Europa en gebruikt islamofobie als een politiek instrument.<\/p>\n<h4>Robinson&#8217;s Verleden en Invloeden<\/h4>\n<p>Tommy Robinson heeft zijn carri\u00e8re opgebouwd door haat tegen de moslims in Groot-Brittanni\u00eb aan te wakkeren. Nu beloont de Isra\u00eblische regering hem. De Joodse gemeenschap in Groot-Brittanni\u00eb heeft alarm geslagen over deze situatie. De Deputies Board, een van de sterkste supporters van Isra\u00ebl, noemde Robinson de \u201cslechtste vertegenwoordiger\u201d van Groot-Brittanni\u00eb en verklaarde dat Chikli&#8217;s steun voor Robinson de opvattingen van de overgrote meerderheid van de Joden in Groot-Brittanni\u00eb negeert.<\/p>\n<p>De Joodse Leiderschap Raad heeft ook een veroordeling uitgebracht en benadrukt dat dergelijke allianties de inspanningen om extremisme te bestrijden verzwakken en de sociale cohesie bedreigen.<\/p>\n<h4>Morele Ondergang<\/h4>\n<p>Dit is geen diplomatieke fout, maar een morele ondergang. Isra\u00ebl&#8217;s omarming van Robinson is een keuze om zij aan zij te staan met de krachten waar de Joodse gemeenschappen al lange tijd de wereld voor waarschuwen. De alliantie van Isra\u00ebl met extreemrechtse figuren leidt ertoe dat het zich positioneert als de verdediger van de westerse beschaving; het komt naar voren als de eerste verdedigingslinie tegen een denkbeeldige moslimdreiging.<\/p>\n<p>De gevolgen zijn inmiddels zichtbaar geworden. Robinson leidde een ongekende racistische mars in het centrum van Londen.<\/p>\n<h4>Islamofobie en Haatmisdrijven<\/h4>\n<p>De normalisering van islamofobie in Engeland voedt haat en geweld. Het afgelopen jaar is het aantal aanvallen op moslims in haatmisdrijven op religieuze basis met 40% gestegen. Het Ministerie van Binnenlandse Zaken meldde dat religie-gebaseerde haatmisdrijven met 25% zijn toegenomen, het hoogste niveau dat in meer dan tien jaar is geregistreerd.<\/p>\n<p>Tegelijkertijd heeft online intimidatie een explosieve stijging doorgemaakt en worden deze haatzaaiende uitlatingen verspreid door de extreemrechtse elementen die Isra\u00ebl nu omarmt.<\/p>\n<h4>Conclusie en Oproep<\/h4>\n<p>Netanyahu&#8217;s alliantie met de extreemrechtse is geen krachttoer, maar een teken van zwakte. Het lijkt erop dat deze strategie aan het instorten is. 61% van de Amerikaanse Joden gelooft dat Isra\u00ebl oorlogsmisdaden heeft gepleegd in Gaza. In Groot-Brittanni\u00eb doen vertegenwoordigers van de Joodse gemeenschap een oproep voor gerechtigheid voor de Palestijnen.<\/p>\n<p>Isra\u00ebl&#8217;s omarming van Tommy Robinson is een teken van verval, niet van vertrouwen. Door het aanwakkeren van de haatvlam probeert Netanyahu de gewetens van de wereld te verdoezelen; echter, dit wekt opnieuw de krachten tot leven die ooit zijn eigen volk achtervolgden.<\/p>\n<p>Vergeet niet uw gedachten over dit onderwerp met ons te delen of blijf relevante artikelen lezen!<\/p>\n<\/div>\n","protected":false},"excerpt":{"rendered":"<p>Isra\u00ebl heeft Tommy Robinson, een extreemrechtse figuur, uitgenodigd voor een bezoek, wat als een ideologische omarming wordt gezien. Minister Amichai Chikli prees Robinson als een vriend van Isra\u00ebl en beloofde samenwerking tegen terrorisme en radicale islam. Deze alliantie met extreemrechtse partijen in Europa is echter gevaarlijk en voedt islamofobie. De Joodse gemeenschap in Groot-Brittanni\u00eb bekritiseert deze steun, waarbij ze waarschuwen dat dergelijke allianties de strijd tegen extremisme verzwakken. De normalisering van islamofobie leidt tot een toename van haatmisdrijven, terwijl een groeiend aantal Joden Isra\u00ebl&#8217;s acties in Gaza bekritiseert.<\/p>\n","protected":false},"author":1,"featured_media":5286,"comment_status":"open","ping_status":"open","sticky":false,"template":"","format":"standard","meta":{"_kad_blocks_custom_css":"","_kad_blocks_head_custom_js":"","_kad_blocks_body_custom_js":"","_kad_blocks_footer_custom_js":"","_kadence_starter_templates_imported_post":false,"_kad_post_transparent":"","_kad_post_title":"","_kad_post_layout":"","_kad_post_sidebar_id":"","_kad_post_content_style":"","_kad_post_vertical_padding":"","_kad_post_feature":"","_kad_post_feature_position":"","_kad_post_header":false,"_kad_post_footer":false,"footnotes":""},"categories":[2],"tags":[624,430,3565,142],"class_list":["post-5285","post","type-post","status-publish","format-standard","has-post-thumbnail","hentry","category-mondiaal-moslim-nieuws","tag-antisemitisme","tag-europa","tag-islamitische-oorlog","tag-netanyahu"],"yoast_head":"<!-- This site is optimized with the Yoast SEO plugin v23.9 - https:\/\/yoast.com\/wordpress\/plugins\/seo\/ -->\n<title>Netanyahu&#039;s islamitische oorlog stookt antisemitisme op in Europa - Dualar.com\/nl<\/title>\n<meta name=\"description\" content=\"Isra\u00ebl nodigt extreemrechtse Tommy Robinson uit, wat leidt tot verzet van de Joodse gemeenschap. Dit is een gevaarlijke, morele ondergang.\" \/>\n<meta name=\"robots\" content=\"index, follow, max-snippet:-1, max-image-preview:large, max-video-preview:-1\" \/>\n<link rel=\"canonical\" href=\"https:\/\/dualar.com\/nl\/2025\/10\/10\/netanyahus-islamitische-oorlog-stookt-antisemitisme-op-in-europa\/\" \/>\n<meta property=\"og:locale\" content=\"nl_NL\" \/>\n<meta property=\"og:type\" content=\"article\" \/>\n<meta property=\"og:title\" content=\"Netanyahu&#039;s islamitische oorlog stookt antisemitisme op in Europa - Dualar.com\/nl\" \/>\n<meta property=\"og:description\" content=\"Isra\u00ebl nodigt extreemrechtse Tommy Robinson uit, wat leidt tot verzet van de Joodse gemeenschap. Dit is een gevaarlijke, morele ondergang.\" \/>\n<meta property=\"og:url\" content=\"https:\/\/dualar.com\/nl\/2025\/10\/10\/netanyahus-islamitische-oorlog-stookt-antisemitisme-op-in-europa\/\" \/>\n<meta property=\"og:site_name\" content=\"Dualar.com\/nl\" \/>\n<meta property=\"article:published_time\" content=\"2025-10-10T16:24:01+00:00\" \/>\n<meta property=\"article:modified_time\" content=\"2025-10-10T16:24:15+00:00\" \/>\n<meta property=\"og:image\" content=\"https:\/\/dualar.com\/nl\/wp-content\/uploads\/sites\/2\/2025\/10\/Netanyahus-islamitische-oorlog-stookt-antisemitisme-op-in-Europa.jpg\" \/>\n\t<meta property=\"og:image:width\" content=\"1024\" \/>\n\t<meta property=\"og:image:height\" content=\"576\" \/>\n\t<meta property=\"og:image:type\" content=\"image\/jpeg\" \/>\n<meta name=\"author\" content=\"info@blueappleagency.nl\" \/>\n<meta name=\"twitter:card\" content=\"summary_large_image\" \/>\n<meta name=\"twitter:label1\" content=\"Geschreven door\" \/>\n\t<meta name=\"twitter:data1\" content=\"info@blueappleagency.nl\" \/>\n\t<meta name=\"twitter:label2\" content=\"Geschatte leestijd\" \/>\n\t<meta name=\"twitter:data2\" content=\"3 minuten\" \/>\n<script type=\"application\/ld+json\" class=\"yoast-schema-graph\">{\"@context\":\"https:\/\/schema.org\",\"@graph\":[{\"@type\":\"Article\",\"@id\":\"https:\/\/dualar.com\/nl\/2025\/10\/10\/netanyahus-islamitische-oorlog-stookt-antisemitisme-op-in-europa\/#article\",\"isPartOf\":{\"@id\":\"https:\/\/dualar.com\/nl\/2025\/10\/10\/netanyahus-islamitische-oorlog-stookt-antisemitisme-op-in-europa\/\"},\"author\":{\"name\":\"info@blueappleagency.nl\",\"@id\":\"https:\/\/dualar.com\/nl\/#\/schema\/person\/d920bfed24e7ef4d145c3664464931fd\"},\"headline\":\"Netanyahu&#8217;s islamitische oorlog stookt antisemitisme op in Europa\",\"datePublished\":\"2025-10-10T16:24:01+00:00\",\"dateModified\":\"2025-10-10T16:24:15+00:00\",\"mainEntityOfPage\":{\"@id\":\"https:\/\/dualar.com\/nl\/2025\/10\/10\/netanyahus-islamitische-oorlog-stookt-antisemitisme-op-in-europa\/\"},\"wordCount\":522,\"commentCount\":0,\"publisher\":{\"@id\":\"https:\/\/dualar.com\/nl\/#organization\"},\"image\":{\"@id\":\"https:\/\/dualar.com\/nl\/2025\/10\/10\/netanyahus-islamitische-oorlog-stookt-antisemitisme-op-in-europa\/#primaryimage\"},\"thumbnailUrl\":\"https:\/\/dualar.com\/nl\/wp-content\/uploads\/sites\/2\/2025\/10\/Netanyahus-islamitische-oorlog-stookt-antisemitisme-op-in-Europa.jpg\",\"keywords\":[\"antisemitisme\",\"Europa\",\"islamitische oorlog\",\"Netanyahu\"],\"articleSection\":[\"Mondiaal Moslim Nieuws\"],\"inLanguage\":\"nl-NL\",\"potentialAction\":[{\"@type\":\"CommentAction\",\"name\":\"Comment\",\"target\":[\"https:\/\/dualar.com\/nl\/2025\/10\/10\/netanyahus-islamitische-oorlog-stookt-antisemitisme-op-in-europa\/#respond\"]}]},{\"@type\":\"WebPage\",\"@id\":\"https:\/\/dualar.com\/nl\/2025\/10\/10\/netanyahus-islamitische-oorlog-stookt-antisemitisme-op-in-europa\/\",\"url\":\"https:\/\/dualar.com\/nl\/2025\/10\/10\/netanyahus-islamitische-oorlog-stookt-antisemitisme-op-in-europa\/\",\"name\":\"Netanyahu's islamitische oorlog stookt antisemitisme op in Europa - Dualar.com\/nl\",\"isPartOf\":{\"@id\":\"https:\/\/dualar.com\/nl\/#website\"},\"primaryImageOfPage\":{\"@id\":\"https:\/\/dualar.com\/nl\/2025\/10\/10\/netanyahus-islamitische-oorlog-stookt-antisemitisme-op-in-europa\/#primaryimage\"},\"image\":{\"@id\":\"https:\/\/dualar.com\/nl\/2025\/10\/10\/netanyahus-islamitische-oorlog-stookt-antisemitisme-op-in-europa\/#primaryimage\"},\"thumbnailUrl\":\"https:\/\/dualar.com\/nl\/wp-content\/uploads\/sites\/2\/2025\/10\/Netanyahus-islamitische-oorlog-stookt-antisemitisme-op-in-Europa.jpg\",\"datePublished\":\"2025-10-10T16:24:01+00:00\",\"dateModified\":\"2025-10-10T16:24:15+00:00\",\"description\":\"Isra\u00ebl nodigt extreemrechtse Tommy Robinson uit, wat leidt tot verzet van de Joodse gemeenschap. Dit is een gevaarlijke, morele ondergang.\",\"breadcrumb\":{\"@id\":\"https:\/\/dualar.com\/nl\/2025\/10\/10\/netanyahus-islamitische-oorlog-stookt-antisemitisme-op-in-europa\/#breadcrumb\"},\"inLanguage\":\"nl-NL\",\"potentialAction\":[{\"@type\":\"ReadAction\",\"target\":[\"https:\/\/dualar.com\/nl\/2025\/10\/10\/netanyahus-islamitische-oorlog-stookt-antisemitisme-op-in-europa\/\"]}]},{\"@type\":\"ImageObject\",\"inLanguage\":\"nl-NL\",\"@id\":\"https:\/\/dualar.com\/nl\/2025\/10\/10\/netanyahus-islamitische-oorlog-stookt-antisemitisme-op-in-europa\/#primaryimage\",\"url\":\"https:\/\/dualar.com\/nl\/wp-content\/uploads\/sites\/2\/2025\/10\/Netanyahus-islamitische-oorlog-stookt-antisemitisme-op-in-Europa.jpg\",\"contentUrl\":\"https:\/\/dualar.com\/nl\/wp-content\/uploads\/sites\/2\/2025\/10\/Netanyahus-islamitische-oorlog-stookt-antisemitisme-op-in-Europa.jpg\",\"width\":1024,\"height\":576,\"caption\":\"Netanyahu's islamitische oorlog stookt antisemitisme op in Europa\"},{\"@type\":\"BreadcrumbList\",\"@id\":\"https:\/\/dualar.com\/nl\/2025\/10\/10\/netanyahus-islamitische-oorlog-stookt-antisemitisme-op-in-europa\/#breadcrumb\",\"itemListElement\":[{\"@type\":\"ListItem\",\"position\":1,\"name\":\"Home\",\"item\":\"https:\/\/dualar.com\/nl\/\"},{\"@type\":\"ListItem\",\"position\":2,\"name\":\"Netanyahu&#8217;s islamitische oorlog stookt antisemitisme op in Europa\"}]},{\"@type\":\"WebSite\",\"@id\":\"https:\/\/dualar.com\/nl\/#website\",\"url\":\"https:\/\/dualar.com\/nl\/\",\"name\":\"Dualar.com\/nl\",\"description\":\"Gebeden die u op elk moment inspireren\",\"publisher\":{\"@id\":\"https:\/\/dualar.com\/nl\/#organization\"},\"potentialAction\":[{\"@type\":\"SearchAction\",\"target\":{\"@type\":\"EntryPoint\",\"urlTemplate\":\"https:\/\/dualar.com\/nl\/?s={search_term_string}\"},\"query-input\":{\"@type\":\"PropertyValueSpecification\",\"valueRequired\":true,\"valueName\":\"search_term_string\"}}],\"inLanguage\":\"nl-NL\"},{\"@type\":\"Organization\",\"@id\":\"https:\/\/dualar.com\/nl\/#organization\",\"name\":\"Dualar.com\/nl\",\"url\":\"https:\/\/dualar.com\/nl\/\",\"logo\":{\"@type\":\"ImageObject\",\"inLanguage\":\"nl-NL\",\"@id\":\"https:\/\/dualar.com\/nl\/#\/schema\/logo\/image\/\",\"url\":\"https:\/\/dualar.com\/nl\/wp-content\/uploads\/sites\/2\/2024\/11\/Her-Aniniza-Ilham-Veren-Dualar-1.png\",\"contentUrl\":\"https:\/\/dualar.com\/nl\/wp-content\/uploads\/sites\/2\/2024\/11\/Her-Aniniza-Ilham-Veren-Dualar-1.png\",\"width\":1000,\"height\":300,\"caption\":\"Dualar.com\/nl\"},\"image\":{\"@id\":\"https:\/\/dualar.com\/nl\/#\/schema\/logo\/image\/\"}},{\"@type\":\"Person\",\"@id\":\"https:\/\/dualar.com\/nl\/#\/schema\/person\/d920bfed24e7ef4d145c3664464931fd\",\"name\":\"info@blueappleagency.nl\",\"image\":{\"@type\":\"ImageObject\",\"inLanguage\":\"nl-NL\",\"@id\":\"https:\/\/dualar.com\/nl\/#\/schema\/person\/image\/\",\"url\":\"https:\/\/secure.gravatar.com\/avatar\/4bcc94ad74be7f14c7e9a39e3f95a587?s=96&d=mm&r=g\",\"contentUrl\":\"https:\/\/secure.gravatar.com\/avatar\/4bcc94ad74be7f14c7e9a39e3f95a587?s=96&d=mm&r=g\",\"caption\":\"info@blueappleagency.nl\"},\"sameAs\":[\"http:\/\/dualar.com\"],\"url\":\"#\"}]}<\/script>\n<!-- \/ Yoast SEO plugin. -->","yoast_head_json":{"title":"Netanyahu's islamitische oorlog stookt antisemitisme op in Europa - Dualar.com\/nl","description":"Isra\u00ebl nodigt extreemrechtse Tommy Robinson uit, wat leidt tot verzet van de Joodse gemeenschap. Dit is een gevaarlijke, morele ondergang.","robots":{"index":"index","follow":"follow","max-snippet":"max-snippet:-1","max-image-preview":"max-image-preview:large","max-video-preview":"max-video-preview:-1"},"canonical":"https:\/\/dualar.com\/nl\/2025\/10\/10\/netanyahus-islamitische-oorlog-stookt-antisemitisme-op-in-europa\/","og_locale":"nl_NL","og_type":"article","og_title":"Netanyahu's islamitische oorlog stookt antisemitisme op in Europa - Dualar.com\/nl","og_description":"Isra\u00ebl nodigt extreemrechtse Tommy Robinson uit, wat leidt tot verzet van de Joodse gemeenschap. Dit is een gevaarlijke, morele ondergang.","og_url":"https:\/\/dualar.com\/nl\/2025\/10\/10\/netanyahus-islamitische-oorlog-stookt-antisemitisme-op-in-europa\/","og_site_name":"Dualar.com\/nl","article_published_time":"2025-10-10T16:24:01+00:00","article_modified_time":"2025-10-10T16:24:15+00:00","og_image":[{"width":1024,"height":576,"url":"https:\/\/dualar.com\/nl\/wp-content\/uploads\/sites\/2\/2025\/10\/Netanyahus-islamitische-oorlog-stookt-antisemitisme-op-in-Europa.jpg","type":"image\/jpeg"}],"author":"info@blueappleagency.nl","twitter_card":"summary_large_image","twitter_misc":{"Geschreven door":"info@blueappleagency.nl","Geschatte leestijd":"3 minuten"},"schema":{"@context":"https:\/\/schema.org","@graph":[{"@type":"Article","@id":"https:\/\/dualar.com\/nl\/2025\/10\/10\/netanyahus-islamitische-oorlog-stookt-antisemitisme-op-in-europa\/#article","isPartOf":{"@id":"https:\/\/dualar.com\/nl\/2025\/10\/10\/netanyahus-islamitische-oorlog-stookt-antisemitisme-op-in-europa\/"},"author":{"name":"info@blueappleagency.nl","@id":"https:\/\/dualar.com\/nl\/#\/schema\/person\/d920bfed24e7ef4d145c3664464931fd"},"headline":"Netanyahu&#8217;s islamitische oorlog stookt antisemitisme op in Europa","datePublished":"2025-10-10T16:24:01+00:00","dateModified":"2025-10-10T16:24:15+00:00","mainEntityOfPage":{"@id":"https:\/\/dualar.com\/nl\/2025\/10\/10\/netanyahus-islamitische-oorlog-stookt-antisemitisme-op-in-europa\/"},"wordCount":522,"commentCount":0,"publisher":{"@id":"https:\/\/dualar.com\/nl\/#organization"},"image":{"@id":"https:\/\/dualar.com\/nl\/2025\/10\/10\/netanyahus-islamitische-oorlog-stookt-antisemitisme-op-in-europa\/#primaryimage"},"thumbnailUrl":"https:\/\/dualar.com\/nl\/wp-content\/uploads\/sites\/2\/2025\/10\/Netanyahus-islamitische-oorlog-stookt-antisemitisme-op-in-Europa.jpg","keywords":["antisemitisme","Europa","islamitische oorlog","Netanyahu"],"articleSection":["Mondiaal Moslim Nieuws"],"inLanguage":"nl-NL","potentialAction":[{"@type":"CommentAction","name":"Comment","target":["https:\/\/dualar.com\/nl\/2025\/10\/10\/netanyahus-islamitische-oorlog-stookt-antisemitisme-op-in-europa\/#respond"]}]},{"@type":"WebPage","@id":"https:\/\/dualar.com\/nl\/2025\/10\/10\/netanyahus-islamitische-oorlog-stookt-antisemitisme-op-in-europa\/","url":"https:\/\/dualar.com\/nl\/2025\/10\/10\/netanyahus-islamitische-oorlog-stookt-antisemitisme-op-in-europa\/","name":"Netanyahu's islamitische oorlog stookt antisemitisme op in Europa - Dualar.com\/nl","isPartOf":{"@id":"https:\/\/dualar.com\/nl\/#website"},"primaryImageOfPage":{"@id":"https:\/\/dualar.com\/nl\/2025\/10\/10\/netanyahus-islamitische-oorlog-stookt-antisemitisme-op-in-europa\/#primaryimage"},"image":{"@id":"https:\/\/dualar.com\/nl\/2025\/10\/10\/netanyahus-islamitische-oorlog-stookt-antisemitisme-op-in-europa\/#primaryimage"},"thumbnailUrl":"https:\/\/dualar.com\/nl\/wp-content\/uploads\/sites\/2\/2025\/10\/Netanyahus-islamitische-oorlog-stookt-antisemitisme-op-in-Europa.jpg","datePublished":"2025-10-10T16:24:01+00:00","dateModified":"2025-10-10T16:24:15+00:00","description":"Isra\u00ebl nodigt extreemrechtse Tommy Robinson uit, wat leidt tot verzet van de Joodse gemeenschap. Dit is een gevaarlijke, morele ondergang.","breadcrumb":{"@id":"https:\/\/dualar.com\/nl\/2025\/10\/10\/netanyahus-islamitische-oorlog-stookt-antisemitisme-op-in-europa\/#breadcrumb"},"inLanguage":"nl-NL","potentialAction":[{"@type":"ReadAction","target":["https:\/\/dualar.com\/nl\/2025\/10\/10\/netanyahus-islamitische-oorlog-stookt-antisemitisme-op-in-europa\/"]}]},{"@type":"ImageObject","inLanguage":"nl-NL","@id":"https:\/\/dualar.com\/nl\/2025\/10\/10\/netanyahus-islamitische-oorlog-stookt-antisemitisme-op-in-europa\/#primaryimage","url":"https:\/\/dualar.com\/nl\/wp-content\/uploads\/sites\/2\/2025\/10\/Netanyahus-islamitische-oorlog-stookt-antisemitisme-op-in-Europa.jpg","contentUrl":"https:\/\/dualar.com\/nl\/wp-content\/uploads\/sites\/2\/2025\/10\/Netanyahus-islamitische-oorlog-stookt-antisemitisme-op-in-Europa.jpg","width":1024,"height":576,"caption":"Netanyahu's islamitische oorlog stookt antisemitisme op in Europa"},{"@type":"BreadcrumbList","@id":"https:\/\/dualar.com\/nl\/2025\/10\/10\/netanyahus-islamitische-oorlog-stookt-antisemitisme-op-in-europa\/#breadcrumb","itemListElement":[{"@type":"ListItem","position":1,"name":"Home","item":"https:\/\/dualar.com\/nl\/"},{"@type":"ListItem","position":2,"name":"Netanyahu&#8217;s islamitische oorlog stookt antisemitisme op in Europa"}]},{"@type":"WebSite","@id":"https:\/\/dualar.com\/nl\/#website","url":"https:\/\/dualar.com\/nl\/","name":"Dualar.com\/nl","description":"Gebeden die u op elk moment inspireren","publisher":{"@id":"https:\/\/dualar.com\/nl\/#organization"},"potentialAction":[{"@type":"SearchAction","target":{"@type":"EntryPoint","urlTemplate":"https:\/\/dualar.com\/nl\/?s={search_term_string}"},"query-input":{"@type":"PropertyValueSpecification","valueRequired":true,"valueName":"search_term_string"}}],"inLanguage":"nl-NL"},{"@type":"Organization","@id":"https:\/\/dualar.com\/nl\/#organization","name":"Dualar.com\/nl","url":"https:\/\/dualar.com\/nl\/","logo":{"@type":"ImageObject","inLanguage":"nl-NL","@id":"https:\/\/dualar.com\/nl\/#\/schema\/logo\/image\/","url":"https:\/\/dualar.com\/nl\/wp-content\/uploads\/sites\/2\/2024\/11\/Her-Aniniza-Ilham-Veren-Dualar-1.png","contentUrl":"https:\/\/dualar.com\/nl\/wp-content\/uploads\/sites\/2\/2024\/11\/Her-Aniniza-Ilham-Veren-Dualar-1.png","width":1000,"height":300,"caption":"Dualar.com\/nl"},"image":{"@id":"https:\/\/dualar.com\/nl\/#\/schema\/logo\/image\/"}},{"@type":"Person","@id":"https:\/\/dualar.com\/nl\/#\/schema\/person\/d920bfed24e7ef4d145c3664464931fd","name":"info@blueappleagency.nl","image":{"@type":"ImageObject","inLanguage":"nl-NL","@id":"https:\/\/dualar.com\/nl\/#\/schema\/person\/image\/","url":"https:\/\/secure.gravatar.com\/avatar\/4bcc94ad74be7f14c7e9a39e3f95a587?s=96&d=mm&r=g","contentUrl":"https:\/\/secure.gravatar.com\/avatar\/4bcc94ad74be7f14c7e9a39e3f95a587?s=96&d=mm&r=g","caption":"info@blueappleagency.nl"},"sameAs":["http:\/\/dualar.com"],"url":"#"}]}},"taxonomy_info":{"category":[{"value":2,"label":"Mondiaal Moslim Nieuws"}],"post_tag":[{"value":624,"label":"antisemitisme"},{"value":430,"label":"Europa"},{"value":3565,"label":"islamitische oorlog"},{"value":142,"label":"Netanyahu"}]},"featured_image_src_large":["https:\/\/dualar.com\/nl\/wp-content\/uploads\/sites\/2\/2025\/10\/Netanyahus-islamitische-oorlog-stookt-antisemitisme-op-in-Europa.jpg",1024,576,false],"author_info":{"display_name":"info@blueappleagency.nl","author_link":"#"},"comment_info":0,"category_info":[{"term_id":2,"name":"Mondiaal Moslim Nieuws","slug":"mondiaal-moslim-nieuws","term_group":0,"term_taxonomy_id":2,"taxonomy":"category","description":"","parent":0,"count":1312,"filter":"raw","cat_ID":2,"category_count":1312,"category_description":"","cat_name":"Mondiaal Moslim Nieuws","category_nicename":"mondiaal-moslim-nieuws","category_parent":0}],"tag_info":[{"term_id":624,"name":"antisemitisme","slug":"antisemitisme","term_group":0,"term_taxonomy_id":624,"taxonomy":"post_tag","description":"","parent":0,"count":9,"filter":"raw"},{"term_id":430,"name":"Europa","slug":"europa","term_group":0,"term_taxonomy_id":430,"taxonomy":"post_tag","description":"","parent":0,"count":12,"filter":"raw"},{"term_id":3565,"name":"islamitische oorlog","slug":"islamitische-oorlog","term_group":0,"term_taxonomy_id":3565,"taxonomy":"post_tag","description":"","parent":0,"count":1,"filter":"raw"},{"term_id":142,"name":"Netanyahu","slug":"netanyahu","term_group":0,"term_taxonomy_id":142,"taxonomy":"post_tag","description":"","parent":0,"count":28,"filter":"raw"}],"_links":{"self":[{"href":"https:\/\/dualar.com\/nl\/wp-json\/wp\/v2\/posts\/5285","targetHints":{"allow":["GET"]}}],"collection":[{"href":"https:\/\/dualar.com\/nl\/wp-json\/wp\/v2\/posts"}],"about":[{"href":"https:\/\/dualar.com\/nl\/wp-json\/wp\/v2\/types\/post"}],"author":[{"embeddable":true,"href":"https:\/\/dualar.com\/nl\/wp-json\/wp\/v2\/users\/1"}],"replies":[{"embeddable":true,"href":"https:\/\/dualar.com\/nl\/wp-json\/wp\/v2\/comments?post=5285"}],"version-history":[{"count":1,"href":"https:\/\/dualar.com\/nl\/wp-json\/wp\/v2\/posts\/5285\/revisions"}],"predecessor-version":[{"id":5287,"href":"https:\/\/dualar.com\/nl\/wp-json\/wp\/v2\/posts\/5285\/revisions\/5287"}],"wp:featuredmedia":[{"embeddable":true,"href":"https:\/\/dualar.com\/nl\/wp-json\/wp\/v2\/media\/5286"}],"wp:attachment":[{"href":"https:\/\/dualar.com\/nl\/wp-json\/wp\/v2\/media?parent=5285"}],"wp:term":[{"taxonomy":"category","embeddable":true,"href":"https:\/\/dualar.com\/nl\/wp-json\/wp\/v2\/categories?post=5285"},{"taxonomy":"post_tag","embeddable":true,"href":"https:\/\/dualar.com\/nl\/wp-json\/wp\/v2\/tags?post=5285"}],"curies":[{"name":"wp","href":"https:\/\/api.w.org\/{rel}","templated":true}]}}