{"id":5402,"date":"2025-10-22T20:04:57","date_gmt":"2025-10-22T19:04:57","guid":{"rendered":"https:\/\/dualar.com\/nl\/2025\/10\/22\/democratische-senatoren-vroegen-trump-zich-tegen-de-annexatie-van-de-westelijke-jordaanoever-uit-te-spreken\/"},"modified":"2025-10-22T20:05:07","modified_gmt":"2025-10-22T19:05:07","slug":"democratische-senatoren-vroegen-trump-zich-tegen-de-annexatie-van-de-westelijke-jordaanoever-uit-te-spreken","status":"publish","type":"post","link":"https:\/\/dualar.com\/nl\/2025\/10\/22\/democratische-senatoren-vroegen-trump-zich-tegen-de-annexatie-van-de-westelijke-jordaanoever-uit-te-spreken\/","title":{"rendered":"Democratische senatoren vroegen Trump zich tegen de annexatie van de Westelijke Jordaanoever uit te spreken"},"content":{"rendered":"<div>\n<p><strong>Titel: Brief van de Amerikaanse Senaat aan Trump tegen de annexatie van de Westelijke Jordaanoever door Isra\u00ebl<\/strong><\/p>\n<p>44 van de 45 Democraten in de Amerikaanse Senaat hebben een brief gestuurd aan president Donald Trump om zijn standpunt tegen het plan van Isra\u00ebl om de door Isra\u00ebl bezette Westelijke Jordaanoever te annexeren, opnieuw te bevestigen. Volgens een bericht van Axios was Pennsylvania senator John Fetterman de enige Democraat die de brief niet ondertekende, omdat hij zich als een zionist heeft gepresenteerd die de extreemrechtse opvattingen van de huidige Isra\u00eblische regering omarmt.<\/p>\n<p>In de brief staat: &#8220;Aangezien uw plan voor Gaza de Westelijke Jordaanoever niet omvat, is het van vitaal belang dat uw administratie haar verklaringen versterkt en benadrukt tegen annexatie te zijn.&#8221; De senatoren waarschuwden: &#8220;De annexatie van Isra\u00ebl of de uitbreiding van nederzettingen die de oprichting van een Palestijnse staat tegenhouden, wekt diepe bezorgdheid en tegenstand onder Arabische partners en brengt de successen die in het verleden zijn behaald onder de Abraham Akkoorden in gevaar.&#8221;<\/p>\n<h3>Ondersteuning van de VS voor de erkenning van een Palestijnse staat<\/h3>\n<p>De brief werd geleid door Californische senator Adam Schiff. Schiff is de afgelopen twee jaar bekritiseerd door kiezers vanwege zijn onvoorwaardelijke steun aan Isra\u00ebl. Volgens een woensdag gepubliceerde Reuters-Ipsos-enqu\u00eate steunt 80% van de Democratische kiezers nu de erkenning van een Palestijnse staat. Dezelfde enqu\u00eate onthulde dat 41% van de Republikeinse kiezers een soortgelijke mening heeft.<\/p>\n<h4>Trump&#8217;s toezeggingen en de situatie in de Westelijke Jordaanoever<\/h4>\n<p>Trump had vorige maand tijdens een bijeenkomst met moslimleiders in New York beloofd dat hij premier Benjamin Netanyahu niet zou toestaan de Westelijke Jordaanoever te annexeren. Deze voorwaarde wordt door velen gezien als de geschrapte 21e maatregel van Trump&#8217;s 20-puntenplan voor Gaza.<\/p>\n<p>Echter, een groot deel van de door Isra\u00ebl bezette Westelijke Jordaanoever is de facto al geannexeerd. Amerikaanse functionarissen erkennen deze situatie openlijk of negeren deze. Voorbeeld hiervan is dat de Amerikaanse ambassadeur in Isra\u00ebl, Mike Huckabee, deze situatie ondersteunt, terwijl minister van Buitenlandse Zaken Marco Rubio deze negeert. Rubio wordt binnenkort verwacht Isra\u00ebl te bezoeken, waarbij hij zal deelnemen aan een evenement georganiseerd door kolonisten in een politiek gevoelige archeologische zone onder het Palestijnse dorp Silwan in bezet Oost-Jeruzalem.<\/p>\n<h3>Wetgeving voor annexatie vanuit de Knesset<\/h3>\n<p>De Isra\u00eblische Knesset is begonnen met het bevorderen van een wetsvoorstel dat de toepassing van Isra\u00eblische wetten in de gehele Westelijke Jordaanoever voorziet. Het voorstel vereist nog drie stemrondes voordat het wet wordt; het werd echter aangenomen met de steun van 25 parlementari\u00ebrs. In het voorstel staat: &#8220;De Staat Isra\u00ebl zal zijn wetten en soevereiniteit toepassen op de nederzettingen in Judea en Samaria.&#8221;<\/p>\n<p>Een hoge functionaris uit de Verenigde Arabische Emiraten heeft aangegeven dat de historische Abraham Akkoorden van Trump in gevaar zullen komen als Isra\u00ebl doorgaat met het annexatieproces. Anwar Gargash zei: &#8220;Sommige beleidsmaatregelen zijn niet langer geldig en mogen niet opnieuw worden ge\u00efmplementeerd. Extreme opvattingen over de Palestijnse kwestie zijn niet geldig.&#8221;<\/p>\n<h3>Conclusie<\/h3>\n<p>De pogingen van Isra\u00ebl om de Westelijke Jordaanoever te annexeren bedreigen niet alleen de stabiliteit in de regio, maar hebben ook een negatieve impact op de internationale betrekkingen. Deze situatie is van cruciaal belang voor de rol van de VS in het Midden-Oosten en de toekomst van het vredesproces.<\/p>\n<p><strong>Deel uw gedachten met ons of klik <a href=\"#\">hier<\/a> om gerelateerde artikelen te lezen.<\/strong><\/p>\n<\/div>\n","protected":false},"excerpt":{"rendered":"<p>44 van de 45 Democraten in de Amerikaanse Senaat hebben een brief aan president Trump gestuurd om zijn tegenstand tegen de annexatie van de Westelijke Jordaanoever door Isra\u00ebl te bevestigen. Pennsylvania senator John Fetterman ondertekende de brief niet. De senatoren uiten bezorgdheid over de annexatie en de impact op de Palestijnse staat. Trump had eerder beloofd dat hij annexatie zou tegenhouden. De Isra\u00eblische Knesset overweegt een wetsvoorstel om Isra\u00eblische wetten op de hele Westelijke Jordaanoever toe te passen. Een hoge functionaris van de VAE waarschuwde dat deze acties de Abraham Akkoorden in gevaar brengen.<\/p>\n","protected":false},"author":1,"featured_media":5403,"comment_status":"open","ping_status":"open","sticky":false,"template":"","format":"standard","meta":{"_kad_blocks_custom_css":"","_kad_blocks_head_custom_js":"","_kad_blocks_body_custom_js":"","_kad_blocks_footer_custom_js":"","_kadence_starter_templates_imported_post":false,"_kad_post_transparent":"","_kad_post_title":"","_kad_post_layout":"","_kad_post_sidebar_id":"","_kad_post_content_style":"","_kad_post_vertical_padding":"","_kad_post_feature":"","_kad_post_feature_position":"","_kad_post_header":false,"_kad_post_footer":false,"footnotes":""},"categories":[2],"tags":[3270,552,3642,35,650],"class_list":["post-5402","post","type-post","status-publish","format-standard","has-post-thumbnail","hentry","category-mondiaal-moslim-nieuws","tag-annexatie","tag-democratische","tag-senatoren","tag-trump","tag-westelijke-jordaanoever"],"yoast_head":"<!-- This site is optimized with the Yoast SEO plugin v23.9 - https:\/\/yoast.com\/wordpress\/plugins\/seo\/ -->\n<title>Democratische senatoren vroegen Trump zich tegen de annexatie van de Westelijke Jordaanoever uit te spreken - Dualar.com\/nl<\/title>\n<meta name=\"description\" content=\"44 van de 45 Democraten in de Senaat schrijven Trump om annexatie van de Westelijke Jordaanoever door Isra\u00ebl te verwerpen.\" \/>\n<meta name=\"robots\" content=\"index, follow, max-snippet:-1, max-image-preview:large, max-video-preview:-1\" \/>\n<link rel=\"canonical\" href=\"https:\/\/dualar.com\/nl\/2025\/10\/22\/democratische-senatoren-vroegen-trump-zich-tegen-de-annexatie-van-de-westelijke-jordaanoever-uit-te-spreken\/\" \/>\n<meta property=\"og:locale\" content=\"nl_NL\" \/>\n<meta property=\"og:type\" content=\"article\" \/>\n<meta property=\"og:title\" content=\"Democratische senatoren vroegen Trump zich tegen de annexatie van de Westelijke Jordaanoever uit te spreken - Dualar.com\/nl\" \/>\n<meta property=\"og:description\" content=\"44 van de 45 Democraten in de Senaat schrijven Trump om annexatie van de Westelijke Jordaanoever door Isra\u00ebl te verwerpen.\" \/>\n<meta property=\"og:url\" content=\"https:\/\/dualar.com\/nl\/2025\/10\/22\/democratische-senatoren-vroegen-trump-zich-tegen-de-annexatie-van-de-westelijke-jordaanoever-uit-te-spreken\/\" \/>\n<meta property=\"og:site_name\" content=\"Dualar.com\/nl\" \/>\n<meta property=\"article:published_time\" content=\"2025-10-22T19:04:57+00:00\" \/>\n<meta property=\"article:modified_time\" content=\"2025-10-22T19:05:07+00:00\" \/>\n<meta property=\"og:image\" content=\"https:\/\/dualar.com\/nl\/wp-content\/uploads\/sites\/2\/2025\/10\/Democratische-senatoren-vroegen-Trump-zich-tegen-de-annexatie-van-de.jpg\" \/>\n\t<meta property=\"og:image:width\" content=\"1600\" \/>\n\t<meta property=\"og:image:height\" content=\"900\" \/>\n\t<meta property=\"og:image:type\" content=\"image\/jpeg\" \/>\n<meta name=\"author\" content=\"info@blueappleagency.nl\" \/>\n<meta name=\"twitter:card\" content=\"summary_large_image\" \/>\n<meta name=\"twitter:label1\" content=\"Geschreven door\" \/>\n\t<meta name=\"twitter:data1\" content=\"info@blueappleagency.nl\" \/>\n\t<meta name=\"twitter:label2\" content=\"Geschatte leestijd\" \/>\n\t<meta name=\"twitter:data2\" content=\"3 minuten\" \/>\n<script type=\"application\/ld+json\" class=\"yoast-schema-graph\">{\"@context\":\"https:\/\/schema.org\",\"@graph\":[{\"@type\":\"Article\",\"@id\":\"https:\/\/dualar.com\/nl\/2025\/10\/22\/democratische-senatoren-vroegen-trump-zich-tegen-de-annexatie-van-de-westelijke-jordaanoever-uit-te-spreken\/#article\",\"isPartOf\":{\"@id\":\"https:\/\/dualar.com\/nl\/2025\/10\/22\/democratische-senatoren-vroegen-trump-zich-tegen-de-annexatie-van-de-westelijke-jordaanoever-uit-te-spreken\/\"},\"author\":{\"name\":\"info@blueappleagency.nl\",\"@id\":\"https:\/\/dualar.com\/nl\/#\/schema\/person\/d920bfed24e7ef4d145c3664464931fd\"},\"headline\":\"Democratische senatoren vroegen Trump zich tegen de annexatie van de Westelijke Jordaanoever uit te spreken\",\"datePublished\":\"2025-10-22T19:04:57+00:00\",\"dateModified\":\"2025-10-22T19:05:07+00:00\",\"mainEntityOfPage\":{\"@id\":\"https:\/\/dualar.com\/nl\/2025\/10\/22\/democratische-senatoren-vroegen-trump-zich-tegen-de-annexatie-van-de-westelijke-jordaanoever-uit-te-spreken\/\"},\"wordCount\":574,\"commentCount\":0,\"publisher\":{\"@id\":\"https:\/\/dualar.com\/nl\/#organization\"},\"image\":{\"@id\":\"https:\/\/dualar.com\/nl\/2025\/10\/22\/democratische-senatoren-vroegen-trump-zich-tegen-de-annexatie-van-de-westelijke-jordaanoever-uit-te-spreken\/#primaryimage\"},\"thumbnailUrl\":\"https:\/\/dualar.com\/nl\/wp-content\/uploads\/sites\/2\/2025\/10\/Democratische-senatoren-vroegen-Trump-zich-tegen-de-annexatie-van-de.jpg\",\"keywords\":[\"annexatie\",\"Democratische\",\"senatoren\",\"Trump\",\"Westelijke Jordaanoever\"],\"articleSection\":[\"Mondiaal Moslim Nieuws\"],\"inLanguage\":\"nl-NL\",\"potentialAction\":[{\"@type\":\"CommentAction\",\"name\":\"Comment\",\"target\":[\"https:\/\/dualar.com\/nl\/2025\/10\/22\/democratische-senatoren-vroegen-trump-zich-tegen-de-annexatie-van-de-westelijke-jordaanoever-uit-te-spreken\/#respond\"]}]},{\"@type\":\"WebPage\",\"@id\":\"https:\/\/dualar.com\/nl\/2025\/10\/22\/democratische-senatoren-vroegen-trump-zich-tegen-de-annexatie-van-de-westelijke-jordaanoever-uit-te-spreken\/\",\"url\":\"https:\/\/dualar.com\/nl\/2025\/10\/22\/democratische-senatoren-vroegen-trump-zich-tegen-de-annexatie-van-de-westelijke-jordaanoever-uit-te-spreken\/\",\"name\":\"Democratische senatoren vroegen Trump zich tegen de annexatie van de Westelijke Jordaanoever uit te spreken - Dualar.com\/nl\",\"isPartOf\":{\"@id\":\"https:\/\/dualar.com\/nl\/#website\"},\"primaryImageOfPage\":{\"@id\":\"https:\/\/dualar.com\/nl\/2025\/10\/22\/democratische-senatoren-vroegen-trump-zich-tegen-de-annexatie-van-de-westelijke-jordaanoever-uit-te-spreken\/#primaryimage\"},\"image\":{\"@id\":\"https:\/\/dualar.com\/nl\/2025\/10\/22\/democratische-senatoren-vroegen-trump-zich-tegen-de-annexatie-van-de-westelijke-jordaanoever-uit-te-spreken\/#primaryimage\"},\"thumbnailUrl\":\"https:\/\/dualar.com\/nl\/wp-content\/uploads\/sites\/2\/2025\/10\/Democratische-senatoren-vroegen-Trump-zich-tegen-de-annexatie-van-de.jpg\",\"datePublished\":\"2025-10-22T19:04:57+00:00\",\"dateModified\":\"2025-10-22T19:05:07+00:00\",\"description\":\"44 van de 45 Democraten in de Senaat schrijven Trump om annexatie van de Westelijke Jordaanoever door Isra\u00ebl te verwerpen.\",\"breadcrumb\":{\"@id\":\"https:\/\/dualar.com\/nl\/2025\/10\/22\/democratische-senatoren-vroegen-trump-zich-tegen-de-annexatie-van-de-westelijke-jordaanoever-uit-te-spreken\/#breadcrumb\"},\"inLanguage\":\"nl-NL\",\"potentialAction\":[{\"@type\":\"ReadAction\",\"target\":[\"https:\/\/dualar.com\/nl\/2025\/10\/22\/democratische-senatoren-vroegen-trump-zich-tegen-de-annexatie-van-de-westelijke-jordaanoever-uit-te-spreken\/\"]}]},{\"@type\":\"ImageObject\",\"inLanguage\":\"nl-NL\",\"@id\":\"https:\/\/dualar.com\/nl\/2025\/10\/22\/democratische-senatoren-vroegen-trump-zich-tegen-de-annexatie-van-de-westelijke-jordaanoever-uit-te-spreken\/#primaryimage\",\"url\":\"https:\/\/dualar.com\/nl\/wp-content\/uploads\/sites\/2\/2025\/10\/Democratische-senatoren-vroegen-Trump-zich-tegen-de-annexatie-van-de.jpg\",\"contentUrl\":\"https:\/\/dualar.com\/nl\/wp-content\/uploads\/sites\/2\/2025\/10\/Democratische-senatoren-vroegen-Trump-zich-tegen-de-annexatie-van-de.jpg\",\"width\":1600,\"height\":900,\"caption\":\"Democratische senatoren vroegen Trump zich tegen de annexatie van de Westelijke Jordaanoever uit te spreken\"},{\"@type\":\"BreadcrumbList\",\"@id\":\"https:\/\/dualar.com\/nl\/2025\/10\/22\/democratische-senatoren-vroegen-trump-zich-tegen-de-annexatie-van-de-westelijke-jordaanoever-uit-te-spreken\/#breadcrumb\",\"itemListElement\":[{\"@type\":\"ListItem\",\"position\":1,\"name\":\"Home\",\"item\":\"https:\/\/dualar.com\/nl\/\"},{\"@type\":\"ListItem\",\"position\":2,\"name\":\"Democratische senatoren vroegen Trump zich tegen de annexatie van de Westelijke Jordaanoever uit te spreken\"}]},{\"@type\":\"WebSite\",\"@id\":\"https:\/\/dualar.com\/nl\/#website\",\"url\":\"https:\/\/dualar.com\/nl\/\",\"name\":\"Dualar.com\/nl\",\"description\":\"Gebeden die u op elk moment inspireren\",\"publisher\":{\"@id\":\"https:\/\/dualar.com\/nl\/#organization\"},\"potentialAction\":[{\"@type\":\"SearchAction\",\"target\":{\"@type\":\"EntryPoint\",\"urlTemplate\":\"https:\/\/dualar.com\/nl\/?s={search_term_string}\"},\"query-input\":{\"@type\":\"PropertyValueSpecification\",\"valueRequired\":true,\"valueName\":\"search_term_string\"}}],\"inLanguage\":\"nl-NL\"},{\"@type\":\"Organization\",\"@id\":\"https:\/\/dualar.com\/nl\/#organization\",\"name\":\"Dualar.com\/nl\",\"url\":\"https:\/\/dualar.com\/nl\/\",\"logo\":{\"@type\":\"ImageObject\",\"inLanguage\":\"nl-NL\",\"@id\":\"https:\/\/dualar.com\/nl\/#\/schema\/logo\/image\/\",\"url\":\"https:\/\/dualar.com\/nl\/wp-content\/uploads\/sites\/2\/2024\/11\/Her-Aniniza-Ilham-Veren-Dualar-1.png\",\"contentUrl\":\"https:\/\/dualar.com\/nl\/wp-content\/uploads\/sites\/2\/2024\/11\/Her-Aniniza-Ilham-Veren-Dualar-1.png\",\"width\":1000,\"height\":300,\"caption\":\"Dualar.com\/nl\"},\"image\":{\"@id\":\"https:\/\/dualar.com\/nl\/#\/schema\/logo\/image\/\"}},{\"@type\":\"Person\",\"@id\":\"https:\/\/dualar.com\/nl\/#\/schema\/person\/d920bfed24e7ef4d145c3664464931fd\",\"name\":\"info@blueappleagency.nl\",\"image\":{\"@type\":\"ImageObject\",\"inLanguage\":\"nl-NL\",\"@id\":\"https:\/\/dualar.com\/nl\/#\/schema\/person\/image\/\",\"url\":\"https:\/\/secure.gravatar.com\/avatar\/4bcc94ad74be7f14c7e9a39e3f95a587?s=96&d=mm&r=g\",\"contentUrl\":\"https:\/\/secure.gravatar.com\/avatar\/4bcc94ad74be7f14c7e9a39e3f95a587?s=96&d=mm&r=g\",\"caption\":\"info@blueappleagency.nl\"},\"sameAs\":[\"http:\/\/dualar.com\"],\"url\":\"#\"}]}<\/script>\n<!-- \/ Yoast SEO plugin. -->","yoast_head_json":{"title":"Democratische senatoren vroegen Trump zich tegen de annexatie van de Westelijke Jordaanoever uit te spreken - Dualar.com\/nl","description":"44 van de 45 Democraten in de Senaat schrijven Trump om annexatie van de Westelijke Jordaanoever door Isra\u00ebl te verwerpen.","robots":{"index":"index","follow":"follow","max-snippet":"max-snippet:-1","max-image-preview":"max-image-preview:large","max-video-preview":"max-video-preview:-1"},"canonical":"https:\/\/dualar.com\/nl\/2025\/10\/22\/democratische-senatoren-vroegen-trump-zich-tegen-de-annexatie-van-de-westelijke-jordaanoever-uit-te-spreken\/","og_locale":"nl_NL","og_type":"article","og_title":"Democratische senatoren vroegen Trump zich tegen de annexatie van de Westelijke Jordaanoever uit te spreken - Dualar.com\/nl","og_description":"44 van de 45 Democraten in de Senaat schrijven Trump om annexatie van de Westelijke Jordaanoever door Isra\u00ebl te verwerpen.","og_url":"https:\/\/dualar.com\/nl\/2025\/10\/22\/democratische-senatoren-vroegen-trump-zich-tegen-de-annexatie-van-de-westelijke-jordaanoever-uit-te-spreken\/","og_site_name":"Dualar.com\/nl","article_published_time":"2025-10-22T19:04:57+00:00","article_modified_time":"2025-10-22T19:05:07+00:00","og_image":[{"width":1600,"height":900,"url":"https:\/\/dualar.com\/nl\/wp-content\/uploads\/sites\/2\/2025\/10\/Democratische-senatoren-vroegen-Trump-zich-tegen-de-annexatie-van-de.jpg","type":"image\/jpeg"}],"author":"info@blueappleagency.nl","twitter_card":"summary_large_image","twitter_misc":{"Geschreven door":"info@blueappleagency.nl","Geschatte leestijd":"3 minuten"},"schema":{"@context":"https:\/\/schema.org","@graph":[{"@type":"Article","@id":"https:\/\/dualar.com\/nl\/2025\/10\/22\/democratische-senatoren-vroegen-trump-zich-tegen-de-annexatie-van-de-westelijke-jordaanoever-uit-te-spreken\/#article","isPartOf":{"@id":"https:\/\/dualar.com\/nl\/2025\/10\/22\/democratische-senatoren-vroegen-trump-zich-tegen-de-annexatie-van-de-westelijke-jordaanoever-uit-te-spreken\/"},"author":{"name":"info@blueappleagency.nl","@id":"https:\/\/dualar.com\/nl\/#\/schema\/person\/d920bfed24e7ef4d145c3664464931fd"},"headline":"Democratische senatoren vroegen Trump zich tegen de annexatie van de Westelijke Jordaanoever uit te spreken","datePublished":"2025-10-22T19:04:57+00:00","dateModified":"2025-10-22T19:05:07+00:00","mainEntityOfPage":{"@id":"https:\/\/dualar.com\/nl\/2025\/10\/22\/democratische-senatoren-vroegen-trump-zich-tegen-de-annexatie-van-de-westelijke-jordaanoever-uit-te-spreken\/"},"wordCount":574,"commentCount":0,"publisher":{"@id":"https:\/\/dualar.com\/nl\/#organization"},"image":{"@id":"https:\/\/dualar.com\/nl\/2025\/10\/22\/democratische-senatoren-vroegen-trump-zich-tegen-de-annexatie-van-de-westelijke-jordaanoever-uit-te-spreken\/#primaryimage"},"thumbnailUrl":"https:\/\/dualar.com\/nl\/wp-content\/uploads\/sites\/2\/2025\/10\/Democratische-senatoren-vroegen-Trump-zich-tegen-de-annexatie-van-de.jpg","keywords":["annexatie","Democratische","senatoren","Trump","Westelijke Jordaanoever"],"articleSection":["Mondiaal Moslim Nieuws"],"inLanguage":"nl-NL","potentialAction":[{"@type":"CommentAction","name":"Comment","target":["https:\/\/dualar.com\/nl\/2025\/10\/22\/democratische-senatoren-vroegen-trump-zich-tegen-de-annexatie-van-de-westelijke-jordaanoever-uit-te-spreken\/#respond"]}]},{"@type":"WebPage","@id":"https:\/\/dualar.com\/nl\/2025\/10\/22\/democratische-senatoren-vroegen-trump-zich-tegen-de-annexatie-van-de-westelijke-jordaanoever-uit-te-spreken\/","url":"https:\/\/dualar.com\/nl\/2025\/10\/22\/democratische-senatoren-vroegen-trump-zich-tegen-de-annexatie-van-de-westelijke-jordaanoever-uit-te-spreken\/","name":"Democratische senatoren vroegen Trump zich tegen de annexatie van de Westelijke Jordaanoever uit te spreken - Dualar.com\/nl","isPartOf":{"@id":"https:\/\/dualar.com\/nl\/#website"},"primaryImageOfPage":{"@id":"https:\/\/dualar.com\/nl\/2025\/10\/22\/democratische-senatoren-vroegen-trump-zich-tegen-de-annexatie-van-de-westelijke-jordaanoever-uit-te-spreken\/#primaryimage"},"image":{"@id":"https:\/\/dualar.com\/nl\/2025\/10\/22\/democratische-senatoren-vroegen-trump-zich-tegen-de-annexatie-van-de-westelijke-jordaanoever-uit-te-spreken\/#primaryimage"},"thumbnailUrl":"https:\/\/dualar.com\/nl\/wp-content\/uploads\/sites\/2\/2025\/10\/Democratische-senatoren-vroegen-Trump-zich-tegen-de-annexatie-van-de.jpg","datePublished":"2025-10-22T19:04:57+00:00","dateModified":"2025-10-22T19:05:07+00:00","description":"44 van de 45 Democraten in de Senaat schrijven Trump om annexatie van de Westelijke Jordaanoever door Isra\u00ebl te verwerpen.","breadcrumb":{"@id":"https:\/\/dualar.com\/nl\/2025\/10\/22\/democratische-senatoren-vroegen-trump-zich-tegen-de-annexatie-van-de-westelijke-jordaanoever-uit-te-spreken\/#breadcrumb"},"inLanguage":"nl-NL","potentialAction":[{"@type":"ReadAction","target":["https:\/\/dualar.com\/nl\/2025\/10\/22\/democratische-senatoren-vroegen-trump-zich-tegen-de-annexatie-van-de-westelijke-jordaanoever-uit-te-spreken\/"]}]},{"@type":"ImageObject","inLanguage":"nl-NL","@id":"https:\/\/dualar.com\/nl\/2025\/10\/22\/democratische-senatoren-vroegen-trump-zich-tegen-de-annexatie-van-de-westelijke-jordaanoever-uit-te-spreken\/#primaryimage","url":"https:\/\/dualar.com\/nl\/wp-content\/uploads\/sites\/2\/2025\/10\/Democratische-senatoren-vroegen-Trump-zich-tegen-de-annexatie-van-de.jpg","contentUrl":"https:\/\/dualar.com\/nl\/wp-content\/uploads\/sites\/2\/2025\/10\/Democratische-senatoren-vroegen-Trump-zich-tegen-de-annexatie-van-de.jpg","width":1600,"height":900,"caption":"Democratische senatoren vroegen Trump zich tegen de annexatie van de Westelijke Jordaanoever uit te spreken"},{"@type":"BreadcrumbList","@id":"https:\/\/dualar.com\/nl\/2025\/10\/22\/democratische-senatoren-vroegen-trump-zich-tegen-de-annexatie-van-de-westelijke-jordaanoever-uit-te-spreken\/#breadcrumb","itemListElement":[{"@type":"ListItem","position":1,"name":"Home","item":"https:\/\/dualar.com\/nl\/"},{"@type":"ListItem","position":2,"name":"Democratische senatoren vroegen Trump zich tegen de annexatie van de Westelijke Jordaanoever uit te spreken"}]},{"@type":"WebSite","@id":"https:\/\/dualar.com\/nl\/#website","url":"https:\/\/dualar.com\/nl\/","name":"Dualar.com\/nl","description":"Gebeden die u op elk moment inspireren","publisher":{"@id":"https:\/\/dualar.com\/nl\/#organization"},"potentialAction":[{"@type":"SearchAction","target":{"@type":"EntryPoint","urlTemplate":"https:\/\/dualar.com\/nl\/?s={search_term_string}"},"query-input":{"@type":"PropertyValueSpecification","valueRequired":true,"valueName":"search_term_string"}}],"inLanguage":"nl-NL"},{"@type":"Organization","@id":"https:\/\/dualar.com\/nl\/#organization","name":"Dualar.com\/nl","url":"https:\/\/dualar.com\/nl\/","logo":{"@type":"ImageObject","inLanguage":"nl-NL","@id":"https:\/\/dualar.com\/nl\/#\/schema\/logo\/image\/","url":"https:\/\/dualar.com\/nl\/wp-content\/uploads\/sites\/2\/2024\/11\/Her-Aniniza-Ilham-Veren-Dualar-1.png","contentUrl":"https:\/\/dualar.com\/nl\/wp-content\/uploads\/sites\/2\/2024\/11\/Her-Aniniza-Ilham-Veren-Dualar-1.png","width":1000,"height":300,"caption":"Dualar.com\/nl"},"image":{"@id":"https:\/\/dualar.com\/nl\/#\/schema\/logo\/image\/"}},{"@type":"Person","@id":"https:\/\/dualar.com\/nl\/#\/schema\/person\/d920bfed24e7ef4d145c3664464931fd","name":"info@blueappleagency.nl","image":{"@type":"ImageObject","inLanguage":"nl-NL","@id":"https:\/\/dualar.com\/nl\/#\/schema\/person\/image\/","url":"https:\/\/secure.gravatar.com\/avatar\/4bcc94ad74be7f14c7e9a39e3f95a587?s=96&d=mm&r=g","contentUrl":"https:\/\/secure.gravatar.com\/avatar\/4bcc94ad74be7f14c7e9a39e3f95a587?s=96&d=mm&r=g","caption":"info@blueappleagency.nl"},"sameAs":["http:\/\/dualar.com"],"url":"#"}]}},"taxonomy_info":{"category":[{"value":2,"label":"Mondiaal Moslim Nieuws"}],"post_tag":[{"value":3270,"label":"annexatie"},{"value":552,"label":"Democratische"},{"value":3642,"label":"senatoren"},{"value":35,"label":"Trump"},{"value":650,"label":"Westelijke Jordaanoever"}]},"featured_image_src_large":["https:\/\/dualar.com\/nl\/wp-content\/uploads\/sites\/2\/2025\/10\/Democratische-senatoren-vroegen-Trump-zich-tegen-de-annexatie-van-de-1024x576.jpg",1024,576,true],"author_info":{"display_name":"info@blueappleagency.nl","author_link":"#"},"comment_info":0,"category_info":[{"term_id":2,"name":"Mondiaal Moslim Nieuws","slug":"mondiaal-moslim-nieuws","term_group":0,"term_taxonomy_id":2,"taxonomy":"category","description":"","parent":0,"count":1312,"filter":"raw","cat_ID":2,"category_count":1312,"category_description":"","cat_name":"Mondiaal Moslim Nieuws","category_nicename":"mondiaal-moslim-nieuws","category_parent":0}],"tag_info":[{"term_id":3270,"name":"annexatie","slug":"annexatie","term_group":0,"term_taxonomy_id":3270,"taxonomy":"post_tag","description":"","parent":0,"count":5,"filter":"raw"},{"term_id":552,"name":"Democratische","slug":"democratische","term_group":0,"term_taxonomy_id":552,"taxonomy":"post_tag","description":"","parent":0,"count":2,"filter":"raw"},{"term_id":3642,"name":"senatoren","slug":"senatoren","term_group":0,"term_taxonomy_id":3642,"taxonomy":"post_tag","description":"","parent":0,"count":1,"filter":"raw"},{"term_id":35,"name":"Trump","slug":"trump","term_group":0,"term_taxonomy_id":35,"taxonomy":"post_tag","description":"","parent":0,"count":108,"filter":"raw"},{"term_id":650,"name":"Westelijke Jordaanoever","slug":"westelijke-jordaanoever","term_group":0,"term_taxonomy_id":650,"taxonomy":"post_tag","description":"","parent":0,"count":18,"filter":"raw"}],"_links":{"self":[{"href":"https:\/\/dualar.com\/nl\/wp-json\/wp\/v2\/posts\/5402","targetHints":{"allow":["GET"]}}],"collection":[{"href":"https:\/\/dualar.com\/nl\/wp-json\/wp\/v2\/posts"}],"about":[{"href":"https:\/\/dualar.com\/nl\/wp-json\/wp\/v2\/types\/post"}],"author":[{"embeddable":true,"href":"https:\/\/dualar.com\/nl\/wp-json\/wp\/v2\/users\/1"}],"replies":[{"embeddable":true,"href":"https:\/\/dualar.com\/nl\/wp-json\/wp\/v2\/comments?post=5402"}],"version-history":[{"count":1,"href":"https:\/\/dualar.com\/nl\/wp-json\/wp\/v2\/posts\/5402\/revisions"}],"predecessor-version":[{"id":5404,"href":"https:\/\/dualar.com\/nl\/wp-json\/wp\/v2\/posts\/5402\/revisions\/5404"}],"wp:featuredmedia":[{"embeddable":true,"href":"https:\/\/dualar.com\/nl\/wp-json\/wp\/v2\/media\/5403"}],"wp:attachment":[{"href":"https:\/\/dualar.com\/nl\/wp-json\/wp\/v2\/media?parent=5402"}],"wp:term":[{"taxonomy":"category","embeddable":true,"href":"https:\/\/dualar.com\/nl\/wp-json\/wp\/v2\/categories?post=5402"},{"taxonomy":"post_tag","embeddable":true,"href":"https:\/\/dualar.com\/nl\/wp-json\/wp\/v2\/tags?post=5402"}],"curies":[{"name":"wp","href":"https:\/\/api.w.org\/{rel}","templated":true}]}}