{"id":5588,"date":"2025-11-07T22:55:20","date_gmt":"2025-11-07T21:55:20","guid":{"rendered":"https:\/\/dualar.com\/nl\/2025\/11\/07\/de-vergadering-is-een-boodschap-saraa-zoekt-naar-kracht-tegen-israel-tijdens-bezoek-aan-de-vs\/"},"modified":"2025-11-07T22:55:31","modified_gmt":"2025-11-07T21:55:31","slug":"de-vergadering-is-een-boodschap-saraa-zoekt-naar-kracht-tegen-israel-tijdens-bezoek-aan-de-vs","status":"publish","type":"post","link":"https:\/\/dualar.com\/nl\/2025\/11\/07\/de-vergadering-is-een-boodschap-saraa-zoekt-naar-kracht-tegen-israel-tijdens-bezoek-aan-de-vs\/","title":{"rendered":"De vergadering is een boodschap: \u015earaa zoekt naar kracht tegen Isra\u00ebl tijdens bezoek aan de VS"},"content":{"rendered":"<div>\n<p><strong>Bezoek van de Syrische president Ahmed El-\u015earaa aan het Witte Huis en de betrekkingen met de VS<\/strong><\/p>\n<p>Syrische president Ahmed El-\u015earaa zal het Witte Huis bezoeken, terwijl hij zich voegt bij de lijst van leiders die in het verleden door de VS als terrorist zijn bestempeld. El-\u015earaa zal op maandag deelnemen aan de door de VS geleide coalitie tegen ISIS, die ooit zijn rivaal was. Deze stap komt naar voren als een poging van El-\u015earaa om zijn relaties met de VS te versterken te midden van de uitdagingen in Syri\u00eb en internationale druk.<\/p>\n<p>El-\u015earaa&#8217;s toenadering tot de VS gebeurt in een periode waarin zijn regering wordt geconfronteerd met een tumultueuze economie die niet in staat is om buitenlandse investeringen aan te trekken vanwege de Isra\u00eblische bezetting in Zuid-Syri\u00eb, problemen met Koerdische strijders in het noorden en sancties. Tijdens El-\u015earaa&#8217;s bezoek aan het Witte Huis wordt niet verwacht dat deze kwesties worden opgelost, maar gezien het feit dat Donald Trump hem als &#8220;aantrekkelijk&#8221;, &#8220;sterk&#8221; en &#8220;hard&#8221; heeft geprezen, zal zijn verschijning in de Oval Office een belangrijke boodschap uitzenden.<\/p>\n<h3>Leiders die in de geschiedenis als terrorist zijn aangeduid<\/h3>\n<p>Door de geschiedenis heen is het zeldzaam dat leiders zoals de Syrische president het Witte Huis bezoeken terwijl ze als terrorist zijn bestempeld. Voorbeelden hiervan zijn Nelson Mandela uit Zuid-Afrika, Yasser Arafat, de leider van de Palestijnse Bevrijdingsorganisatie, en leiders van het Ierse Republikeinse Leger.<\/p>\n<h3>El-\u015earaa&#8217;s Succes en Uitdagingen<\/h3>\n<p>Deskundigen wijzen erop dat het belangrijkste succes van El-\u015earaa ligt in zijn vermogen om de zorgen van grote mogendheden weg te nemen door eerdere problemen te overwinnen. Echter, het Syrische volk wordt nog steeds geconfronteerd met corruptie, economische moeilijkheden en de gevolgen van sektarisch geweld tegen groepen zoals christenen, alawieten en druzen. Patrick Haenni merkt op: &#8220;El-\u015earaa&#8217;s beleid is heel duidelijk, nul problemen&#8221;, en wijst erop dat deze benadering in het verleden populair werd gemaakt door de voormalige Turkse minister van Buitenlandse Zaken Ahmet Davuto\u011flu.<\/p>\n<h3>Verandering in het Amerikaanse beleid ten aanzien van Syri\u00eb<\/h3>\n<p>Voorafgaand aan de bijeenkomst die op maandag plaatsvindt, heeft de Trump-administratie snel de sancties tegen El-\u015earaa opgeheven. De status van \u201cBijzonder Geclassificeerde Wereldwijde Terrorist\u201d van El-\u015earaa, samen met de Syrische minister van Binnenlandse Zaken Anas Khattab, is ook opgeheven.<\/p>\n<ul>\n<li><strong>El-\u015earaa&#8217;s Militaire en Economische Situatie<\/strong>: Het Syrische leger krijgt militaire training van de NAVO-lidstaat Turkije om een nauwere relatie op te bouwen. Tegelijkertijd is de regering, die zich in financi\u00eble moeilijkheden bevindt, afhankelijk van salarisbetalingen van Qatar en Saoedi-Arabi\u00eb, die belangrijke partners van de VS zijn.<\/li>\n<\/ul>\n<h3>El-\u015earaa&#8217;s Deelname aan de ISIS-coalitie<\/h3>\n<p>El-\u015earaa&#8217;s deelname aan de coalitie tegen ISIS wordt gezien als een deel van de inspanningen van zijn regering om de veiligheids samenwerking met de VS en de Golfstaten te versterken, evenals als een poging om Syri\u00eb opnieuw te integreren in de internationale arena. El-\u015earaa heeft vijf jaar in de VS gevangen gezeten tijdens de Irak-oorlog in 2003 en heeft daarna het Al-Nusra-front opgericht.<\/p>\n<h3>Relaties tussen Syri\u00eb en Isra\u00ebl<\/h3>\n<p>De grootste bedreiging voor El-\u015earaa komt van Isra\u00ebl. De buur van Syri\u00eb heeft de zwakte van El-\u015earaa&#8217;s regering uitgebuit door de VN-bufferzone in Zuid-Syri\u00eb te bezetten en in de zomer luchtaanvallen op de hoofdstad Damascus uit te voeren. De voormalige Amerikaanse ambassadeur in Syri\u00eb, Robert Ford, zei: &#8220;Ik zie geen bewijs dat de Isra\u00ebli&#8217;s zich voorbereiden om zich terug te trekken uit het bezette gebied.&#8221;<\/p>\n<h3>Koerden en de Opkomst van El-\u015earaa<\/h3>\n<p>De VS heeft ongeveer 1.000 soldaten in het noordoosten van Syri\u00eb gestationeerd en werkt samen met de Syrische Democratische Strijdkrachten (SDF). Echter, omdat de SDF wordt beschouwd als verbonden met de PKK, vormt dit een probleem voor Turkije. El-\u015earaa doet inspanningen om de integratie van de SDF in het Syrische leger te bevorderen.<\/p>\n<h3>Oproep aan de lezers<\/h3>\n<p>El-\u015earaa&#8217;s bezoek aan het Witte Huis kan een belangrijke keerpunt zijn in de internationale betrekkingen van Syri\u00eb. Deel uw gedachten hierover met ons of bezoek onze site om andere artikelen over Syri\u00eb te lezen.<\/p>\n<p>Voor meer informatie en updates kunt u bronnen zoals <a href=\"https:\/\/www.mee.com\">Middle East Eye<\/a> en <a href=\"https:\/\/www.reuters.com\">Reuters<\/a> bekijken.<\/p>\n<\/div>\n","protected":false},"excerpt":{"rendered":"<p>Syrische president Ahmed El-\u015earaa bezoekt het Witte Huis, een opmerkelijke stap gezien zijn eerdere aanduiding als terrorist door de VS. Hij neemt deel aan de door de VS geleide coalitie tegen ISIS, wat zijn poging weerspiegelt om de relaties met de VS te verbeteren te midden van interne en externe uitdagingen. Ondanks de opheffing van zijn status als &#8220;Bijzonder Geclassificeerde Wereldwijde Terrorist&#8221; en sancties, blijft Syri\u00eb worstelen met corruptie en economische problemen. El-\u015earaa&#8217;s bezoek kan een keerpunt zijn in de internationale betrekkingen van Syri\u00eb, vooral gezien de druk van Isra\u00ebl en de Koerdische kwesties.<\/p>\n","protected":false},"author":1,"featured_media":5589,"comment_status":"open","ping_status":"open","sticky":false,"template":"","format":"standard","meta":{"_kad_blocks_custom_css":"","_kad_blocks_head_custom_js":"","_kad_blocks_body_custom_js":"","_kad_blocks_footer_custom_js":"","_kadence_starter_templates_imported_post":false,"_kad_post_transparent":"","_kad_post_title":"","_kad_post_layout":"","_kad_post_sidebar_id":"","_kad_post_content_style":"","_kad_post_vertical_padding":"","_kad_post_feature":"","_kad_post_feature_position":"","_kad_post_header":false,"_kad_post_footer":false,"footnotes":""},"categories":[2],"tags":[750,1700,38,3241,3751,3750,108],"class_list":["post-5588","post","type-post","status-publish","format-standard","has-post-thumbnail","hentry","category-mondiaal-moslim-nieuws","tag-bezoek","tag-boodschap","tag-israel","tag-kracht","tag-saraa","tag-vergadering","tag-vs"],"yoast_head":"<!-- This site is optimized with the Yoast SEO plugin v23.9 - https:\/\/yoast.com\/wordpress\/plugins\/seo\/ -->\n<title>De vergadering is een boodschap: \u015earaa zoekt naar kracht tegen Isra\u00ebl tijdens bezoek aan de VS - Dualar.com\/nl<\/title>\n<meta name=\"description\" content=\"Syrische president El-\u015earaa bezoekt het Witte Huis om relaties met de VS te versterken, ondanks zijn verleden als &#039;terrorist&#039;.\" \/>\n<meta name=\"robots\" content=\"index, follow, max-snippet:-1, max-image-preview:large, max-video-preview:-1\" \/>\n<link rel=\"canonical\" href=\"https:\/\/dualar.com\/nl\/2025\/11\/07\/de-vergadering-is-een-boodschap-saraa-zoekt-naar-kracht-tegen-israel-tijdens-bezoek-aan-de-vs\/\" \/>\n<meta property=\"og:locale\" content=\"nl_NL\" \/>\n<meta property=\"og:type\" content=\"article\" \/>\n<meta property=\"og:title\" content=\"De vergadering is een boodschap: \u015earaa zoekt naar kracht tegen Isra\u00ebl tijdens bezoek aan de VS - Dualar.com\/nl\" \/>\n<meta property=\"og:description\" content=\"Syrische president El-\u015earaa bezoekt het Witte Huis om relaties met de VS te versterken, ondanks zijn verleden als &#039;terrorist&#039;.\" \/>\n<meta property=\"og:url\" content=\"https:\/\/dualar.com\/nl\/2025\/11\/07\/de-vergadering-is-een-boodschap-saraa-zoekt-naar-kracht-tegen-israel-tijdens-bezoek-aan-de-vs\/\" \/>\n<meta property=\"og:site_name\" content=\"Dualar.com\/nl\" \/>\n<meta property=\"article:published_time\" content=\"2025-11-07T21:55:20+00:00\" \/>\n<meta property=\"article:modified_time\" content=\"2025-11-07T21:55:31+00:00\" \/>\n<meta property=\"og:image\" content=\"https:\/\/dualar.com\/nl\/wp-content\/uploads\/sites\/2\/2025\/11\/De-vergadering-is-een-boodschap-Saraa-zoekt-naar-kracht-tegen.jpg\" \/>\n\t<meta property=\"og:image:width\" content=\"1200\" \/>\n\t<meta property=\"og:image:height\" content=\"675\" \/>\n\t<meta property=\"og:image:type\" content=\"image\/jpeg\" \/>\n<meta name=\"author\" content=\"info@blueappleagency.nl\" \/>\n<meta name=\"twitter:card\" content=\"summary_large_image\" \/>\n<meta name=\"twitter:label1\" content=\"Geschreven door\" \/>\n\t<meta name=\"twitter:data1\" content=\"info@blueappleagency.nl\" \/>\n\t<meta name=\"twitter:label2\" content=\"Geschatte leestijd\" \/>\n\t<meta name=\"twitter:data2\" content=\"3 minuten\" \/>\n<script type=\"application\/ld+json\" class=\"yoast-schema-graph\">{\"@context\":\"https:\/\/schema.org\",\"@graph\":[{\"@type\":\"Article\",\"@id\":\"https:\/\/dualar.com\/nl\/2025\/11\/07\/de-vergadering-is-een-boodschap-saraa-zoekt-naar-kracht-tegen-israel-tijdens-bezoek-aan-de-vs\/#article\",\"isPartOf\":{\"@id\":\"https:\/\/dualar.com\/nl\/2025\/11\/07\/de-vergadering-is-een-boodschap-saraa-zoekt-naar-kracht-tegen-israel-tijdens-bezoek-aan-de-vs\/\"},\"author\":{\"name\":\"info@blueappleagency.nl\",\"@id\":\"https:\/\/dualar.com\/nl\/#\/schema\/person\/d920bfed24e7ef4d145c3664464931fd\"},\"headline\":\"De vergadering is een boodschap: \u015earaa zoekt naar kracht tegen Isra\u00ebl tijdens bezoek aan de VS\",\"datePublished\":\"2025-11-07T21:55:20+00:00\",\"dateModified\":\"2025-11-07T21:55:31+00:00\",\"mainEntityOfPage\":{\"@id\":\"https:\/\/dualar.com\/nl\/2025\/11\/07\/de-vergadering-is-een-boodschap-saraa-zoekt-naar-kracht-tegen-israel-tijdens-bezoek-aan-de-vs\/\"},\"wordCount\":716,\"commentCount\":0,\"publisher\":{\"@id\":\"https:\/\/dualar.com\/nl\/#organization\"},\"image\":{\"@id\":\"https:\/\/dualar.com\/nl\/2025\/11\/07\/de-vergadering-is-een-boodschap-saraa-zoekt-naar-kracht-tegen-israel-tijdens-bezoek-aan-de-vs\/#primaryimage\"},\"thumbnailUrl\":\"https:\/\/dualar.com\/nl\/wp-content\/uploads\/sites\/2\/2025\/11\/De-vergadering-is-een-boodschap-Saraa-zoekt-naar-kracht-tegen.jpg\",\"keywords\":[\"bezoek\",\"boodschap\",\"Isra\u00ebl\",\"Kracht\",\"\u015earaa\",\"vergadering\",\"VS\"],\"articleSection\":[\"Mondiaal Moslim Nieuws\"],\"inLanguage\":\"nl-NL\",\"potentialAction\":[{\"@type\":\"CommentAction\",\"name\":\"Comment\",\"target\":[\"https:\/\/dualar.com\/nl\/2025\/11\/07\/de-vergadering-is-een-boodschap-saraa-zoekt-naar-kracht-tegen-israel-tijdens-bezoek-aan-de-vs\/#respond\"]}]},{\"@type\":\"WebPage\",\"@id\":\"https:\/\/dualar.com\/nl\/2025\/11\/07\/de-vergadering-is-een-boodschap-saraa-zoekt-naar-kracht-tegen-israel-tijdens-bezoek-aan-de-vs\/\",\"url\":\"https:\/\/dualar.com\/nl\/2025\/11\/07\/de-vergadering-is-een-boodschap-saraa-zoekt-naar-kracht-tegen-israel-tijdens-bezoek-aan-de-vs\/\",\"name\":\"De vergadering is een boodschap: \u015earaa zoekt naar kracht tegen Isra\u00ebl tijdens bezoek aan de VS - Dualar.com\/nl\",\"isPartOf\":{\"@id\":\"https:\/\/dualar.com\/nl\/#website\"},\"primaryImageOfPage\":{\"@id\":\"https:\/\/dualar.com\/nl\/2025\/11\/07\/de-vergadering-is-een-boodschap-saraa-zoekt-naar-kracht-tegen-israel-tijdens-bezoek-aan-de-vs\/#primaryimage\"},\"image\":{\"@id\":\"https:\/\/dualar.com\/nl\/2025\/11\/07\/de-vergadering-is-een-boodschap-saraa-zoekt-naar-kracht-tegen-israel-tijdens-bezoek-aan-de-vs\/#primaryimage\"},\"thumbnailUrl\":\"https:\/\/dualar.com\/nl\/wp-content\/uploads\/sites\/2\/2025\/11\/De-vergadering-is-een-boodschap-Saraa-zoekt-naar-kracht-tegen.jpg\",\"datePublished\":\"2025-11-07T21:55:20+00:00\",\"dateModified\":\"2025-11-07T21:55:31+00:00\",\"description\":\"Syrische president El-\u015earaa bezoekt het Witte Huis om relaties met de VS te versterken, ondanks zijn verleden als 'terrorist'.\",\"breadcrumb\":{\"@id\":\"https:\/\/dualar.com\/nl\/2025\/11\/07\/de-vergadering-is-een-boodschap-saraa-zoekt-naar-kracht-tegen-israel-tijdens-bezoek-aan-de-vs\/#breadcrumb\"},\"inLanguage\":\"nl-NL\",\"potentialAction\":[{\"@type\":\"ReadAction\",\"target\":[\"https:\/\/dualar.com\/nl\/2025\/11\/07\/de-vergadering-is-een-boodschap-saraa-zoekt-naar-kracht-tegen-israel-tijdens-bezoek-aan-de-vs\/\"]}]},{\"@type\":\"ImageObject\",\"inLanguage\":\"nl-NL\",\"@id\":\"https:\/\/dualar.com\/nl\/2025\/11\/07\/de-vergadering-is-een-boodschap-saraa-zoekt-naar-kracht-tegen-israel-tijdens-bezoek-aan-de-vs\/#primaryimage\",\"url\":\"https:\/\/dualar.com\/nl\/wp-content\/uploads\/sites\/2\/2025\/11\/De-vergadering-is-een-boodschap-Saraa-zoekt-naar-kracht-tegen.jpg\",\"contentUrl\":\"https:\/\/dualar.com\/nl\/wp-content\/uploads\/sites\/2\/2025\/11\/De-vergadering-is-een-boodschap-Saraa-zoekt-naar-kracht-tegen.jpg\",\"width\":1200,\"height\":675,\"caption\":\"De vergadering is een boodschap: \u015earaa zoekt naar kracht tegen Isra\u00ebl tijdens bezoek aan de VS\"},{\"@type\":\"BreadcrumbList\",\"@id\":\"https:\/\/dualar.com\/nl\/2025\/11\/07\/de-vergadering-is-een-boodschap-saraa-zoekt-naar-kracht-tegen-israel-tijdens-bezoek-aan-de-vs\/#breadcrumb\",\"itemListElement\":[{\"@type\":\"ListItem\",\"position\":1,\"name\":\"Home\",\"item\":\"https:\/\/dualar.com\/nl\/\"},{\"@type\":\"ListItem\",\"position\":2,\"name\":\"De vergadering is een boodschap: \u015earaa zoekt naar kracht tegen Isra\u00ebl tijdens bezoek aan de VS\"}]},{\"@type\":\"WebSite\",\"@id\":\"https:\/\/dualar.com\/nl\/#website\",\"url\":\"https:\/\/dualar.com\/nl\/\",\"name\":\"Dualar.com\/nl\",\"description\":\"Gebeden die u op elk moment inspireren\",\"publisher\":{\"@id\":\"https:\/\/dualar.com\/nl\/#organization\"},\"potentialAction\":[{\"@type\":\"SearchAction\",\"target\":{\"@type\":\"EntryPoint\",\"urlTemplate\":\"https:\/\/dualar.com\/nl\/?s={search_term_string}\"},\"query-input\":{\"@type\":\"PropertyValueSpecification\",\"valueRequired\":true,\"valueName\":\"search_term_string\"}}],\"inLanguage\":\"nl-NL\"},{\"@type\":\"Organization\",\"@id\":\"https:\/\/dualar.com\/nl\/#organization\",\"name\":\"Dualar.com\/nl\",\"url\":\"https:\/\/dualar.com\/nl\/\",\"logo\":{\"@type\":\"ImageObject\",\"inLanguage\":\"nl-NL\",\"@id\":\"https:\/\/dualar.com\/nl\/#\/schema\/logo\/image\/\",\"url\":\"https:\/\/dualar.com\/nl\/wp-content\/uploads\/sites\/2\/2024\/11\/Her-Aniniza-Ilham-Veren-Dualar-1.png\",\"contentUrl\":\"https:\/\/dualar.com\/nl\/wp-content\/uploads\/sites\/2\/2024\/11\/Her-Aniniza-Ilham-Veren-Dualar-1.png\",\"width\":1000,\"height\":300,\"caption\":\"Dualar.com\/nl\"},\"image\":{\"@id\":\"https:\/\/dualar.com\/nl\/#\/schema\/logo\/image\/\"}},{\"@type\":\"Person\",\"@id\":\"https:\/\/dualar.com\/nl\/#\/schema\/person\/d920bfed24e7ef4d145c3664464931fd\",\"name\":\"info@blueappleagency.nl\",\"image\":{\"@type\":\"ImageObject\",\"inLanguage\":\"nl-NL\",\"@id\":\"https:\/\/dualar.com\/nl\/#\/schema\/person\/image\/\",\"url\":\"https:\/\/secure.gravatar.com\/avatar\/4bcc94ad74be7f14c7e9a39e3f95a587?s=96&d=mm&r=g\",\"contentUrl\":\"https:\/\/secure.gravatar.com\/avatar\/4bcc94ad74be7f14c7e9a39e3f95a587?s=96&d=mm&r=g\",\"caption\":\"info@blueappleagency.nl\"},\"sameAs\":[\"http:\/\/dualar.com\"],\"url\":\"#\"}]}<\/script>\n<!-- \/ Yoast SEO plugin. -->","yoast_head_json":{"title":"De vergadering is een boodschap: \u015earaa zoekt naar kracht tegen Isra\u00ebl tijdens bezoek aan de VS - Dualar.com\/nl","description":"Syrische president El-\u015earaa bezoekt het Witte Huis om relaties met de VS te versterken, ondanks zijn verleden als 'terrorist'.","robots":{"index":"index","follow":"follow","max-snippet":"max-snippet:-1","max-image-preview":"max-image-preview:large","max-video-preview":"max-video-preview:-1"},"canonical":"https:\/\/dualar.com\/nl\/2025\/11\/07\/de-vergadering-is-een-boodschap-saraa-zoekt-naar-kracht-tegen-israel-tijdens-bezoek-aan-de-vs\/","og_locale":"nl_NL","og_type":"article","og_title":"De vergadering is een boodschap: \u015earaa zoekt naar kracht tegen Isra\u00ebl tijdens bezoek aan de VS - Dualar.com\/nl","og_description":"Syrische president El-\u015earaa bezoekt het Witte Huis om relaties met de VS te versterken, ondanks zijn verleden als 'terrorist'.","og_url":"https:\/\/dualar.com\/nl\/2025\/11\/07\/de-vergadering-is-een-boodschap-saraa-zoekt-naar-kracht-tegen-israel-tijdens-bezoek-aan-de-vs\/","og_site_name":"Dualar.com\/nl","article_published_time":"2025-11-07T21:55:20+00:00","article_modified_time":"2025-11-07T21:55:31+00:00","og_image":[{"width":1200,"height":675,"url":"https:\/\/dualar.com\/nl\/wp-content\/uploads\/sites\/2\/2025\/11\/De-vergadering-is-een-boodschap-Saraa-zoekt-naar-kracht-tegen.jpg","type":"image\/jpeg"}],"author":"info@blueappleagency.nl","twitter_card":"summary_large_image","twitter_misc":{"Geschreven door":"info@blueappleagency.nl","Geschatte leestijd":"3 minuten"},"schema":{"@context":"https:\/\/schema.org","@graph":[{"@type":"Article","@id":"https:\/\/dualar.com\/nl\/2025\/11\/07\/de-vergadering-is-een-boodschap-saraa-zoekt-naar-kracht-tegen-israel-tijdens-bezoek-aan-de-vs\/#article","isPartOf":{"@id":"https:\/\/dualar.com\/nl\/2025\/11\/07\/de-vergadering-is-een-boodschap-saraa-zoekt-naar-kracht-tegen-israel-tijdens-bezoek-aan-de-vs\/"},"author":{"name":"info@blueappleagency.nl","@id":"https:\/\/dualar.com\/nl\/#\/schema\/person\/d920bfed24e7ef4d145c3664464931fd"},"headline":"De vergadering is een boodschap: \u015earaa zoekt naar kracht tegen Isra\u00ebl tijdens bezoek aan de VS","datePublished":"2025-11-07T21:55:20+00:00","dateModified":"2025-11-07T21:55:31+00:00","mainEntityOfPage":{"@id":"https:\/\/dualar.com\/nl\/2025\/11\/07\/de-vergadering-is-een-boodschap-saraa-zoekt-naar-kracht-tegen-israel-tijdens-bezoek-aan-de-vs\/"},"wordCount":716,"commentCount":0,"publisher":{"@id":"https:\/\/dualar.com\/nl\/#organization"},"image":{"@id":"https:\/\/dualar.com\/nl\/2025\/11\/07\/de-vergadering-is-een-boodschap-saraa-zoekt-naar-kracht-tegen-israel-tijdens-bezoek-aan-de-vs\/#primaryimage"},"thumbnailUrl":"https:\/\/dualar.com\/nl\/wp-content\/uploads\/sites\/2\/2025\/11\/De-vergadering-is-een-boodschap-Saraa-zoekt-naar-kracht-tegen.jpg","keywords":["bezoek","boodschap","Isra\u00ebl","Kracht","\u015earaa","vergadering","VS"],"articleSection":["Mondiaal Moslim Nieuws"],"inLanguage":"nl-NL","potentialAction":[{"@type":"CommentAction","name":"Comment","target":["https:\/\/dualar.com\/nl\/2025\/11\/07\/de-vergadering-is-een-boodschap-saraa-zoekt-naar-kracht-tegen-israel-tijdens-bezoek-aan-de-vs\/#respond"]}]},{"@type":"WebPage","@id":"https:\/\/dualar.com\/nl\/2025\/11\/07\/de-vergadering-is-een-boodschap-saraa-zoekt-naar-kracht-tegen-israel-tijdens-bezoek-aan-de-vs\/","url":"https:\/\/dualar.com\/nl\/2025\/11\/07\/de-vergadering-is-een-boodschap-saraa-zoekt-naar-kracht-tegen-israel-tijdens-bezoek-aan-de-vs\/","name":"De vergadering is een boodschap: \u015earaa zoekt naar kracht tegen Isra\u00ebl tijdens bezoek aan de VS - Dualar.com\/nl","isPartOf":{"@id":"https:\/\/dualar.com\/nl\/#website"},"primaryImageOfPage":{"@id":"https:\/\/dualar.com\/nl\/2025\/11\/07\/de-vergadering-is-een-boodschap-saraa-zoekt-naar-kracht-tegen-israel-tijdens-bezoek-aan-de-vs\/#primaryimage"},"image":{"@id":"https:\/\/dualar.com\/nl\/2025\/11\/07\/de-vergadering-is-een-boodschap-saraa-zoekt-naar-kracht-tegen-israel-tijdens-bezoek-aan-de-vs\/#primaryimage"},"thumbnailUrl":"https:\/\/dualar.com\/nl\/wp-content\/uploads\/sites\/2\/2025\/11\/De-vergadering-is-een-boodschap-Saraa-zoekt-naar-kracht-tegen.jpg","datePublished":"2025-11-07T21:55:20+00:00","dateModified":"2025-11-07T21:55:31+00:00","description":"Syrische president El-\u015earaa bezoekt het Witte Huis om relaties met de VS te versterken, ondanks zijn verleden als 'terrorist'.","breadcrumb":{"@id":"https:\/\/dualar.com\/nl\/2025\/11\/07\/de-vergadering-is-een-boodschap-saraa-zoekt-naar-kracht-tegen-israel-tijdens-bezoek-aan-de-vs\/#breadcrumb"},"inLanguage":"nl-NL","potentialAction":[{"@type":"ReadAction","target":["https:\/\/dualar.com\/nl\/2025\/11\/07\/de-vergadering-is-een-boodschap-saraa-zoekt-naar-kracht-tegen-israel-tijdens-bezoek-aan-de-vs\/"]}]},{"@type":"ImageObject","inLanguage":"nl-NL","@id":"https:\/\/dualar.com\/nl\/2025\/11\/07\/de-vergadering-is-een-boodschap-saraa-zoekt-naar-kracht-tegen-israel-tijdens-bezoek-aan-de-vs\/#primaryimage","url":"https:\/\/dualar.com\/nl\/wp-content\/uploads\/sites\/2\/2025\/11\/De-vergadering-is-een-boodschap-Saraa-zoekt-naar-kracht-tegen.jpg","contentUrl":"https:\/\/dualar.com\/nl\/wp-content\/uploads\/sites\/2\/2025\/11\/De-vergadering-is-een-boodschap-Saraa-zoekt-naar-kracht-tegen.jpg","width":1200,"height":675,"caption":"De vergadering is een boodschap: \u015earaa zoekt naar kracht tegen Isra\u00ebl tijdens bezoek aan de VS"},{"@type":"BreadcrumbList","@id":"https:\/\/dualar.com\/nl\/2025\/11\/07\/de-vergadering-is-een-boodschap-saraa-zoekt-naar-kracht-tegen-israel-tijdens-bezoek-aan-de-vs\/#breadcrumb","itemListElement":[{"@type":"ListItem","position":1,"name":"Home","item":"https:\/\/dualar.com\/nl\/"},{"@type":"ListItem","position":2,"name":"De vergadering is een boodschap: \u015earaa zoekt naar kracht tegen Isra\u00ebl tijdens bezoek aan de VS"}]},{"@type":"WebSite","@id":"https:\/\/dualar.com\/nl\/#website","url":"https:\/\/dualar.com\/nl\/","name":"Dualar.com\/nl","description":"Gebeden die u op elk moment inspireren","publisher":{"@id":"https:\/\/dualar.com\/nl\/#organization"},"potentialAction":[{"@type":"SearchAction","target":{"@type":"EntryPoint","urlTemplate":"https:\/\/dualar.com\/nl\/?s={search_term_string}"},"query-input":{"@type":"PropertyValueSpecification","valueRequired":true,"valueName":"search_term_string"}}],"inLanguage":"nl-NL"},{"@type":"Organization","@id":"https:\/\/dualar.com\/nl\/#organization","name":"Dualar.com\/nl","url":"https:\/\/dualar.com\/nl\/","logo":{"@type":"ImageObject","inLanguage":"nl-NL","@id":"https:\/\/dualar.com\/nl\/#\/schema\/logo\/image\/","url":"https:\/\/dualar.com\/nl\/wp-content\/uploads\/sites\/2\/2024\/11\/Her-Aniniza-Ilham-Veren-Dualar-1.png","contentUrl":"https:\/\/dualar.com\/nl\/wp-content\/uploads\/sites\/2\/2024\/11\/Her-Aniniza-Ilham-Veren-Dualar-1.png","width":1000,"height":300,"caption":"Dualar.com\/nl"},"image":{"@id":"https:\/\/dualar.com\/nl\/#\/schema\/logo\/image\/"}},{"@type":"Person","@id":"https:\/\/dualar.com\/nl\/#\/schema\/person\/d920bfed24e7ef4d145c3664464931fd","name":"info@blueappleagency.nl","image":{"@type":"ImageObject","inLanguage":"nl-NL","@id":"https:\/\/dualar.com\/nl\/#\/schema\/person\/image\/","url":"https:\/\/secure.gravatar.com\/avatar\/4bcc94ad74be7f14c7e9a39e3f95a587?s=96&d=mm&r=g","contentUrl":"https:\/\/secure.gravatar.com\/avatar\/4bcc94ad74be7f14c7e9a39e3f95a587?s=96&d=mm&r=g","caption":"info@blueappleagency.nl"},"sameAs":["http:\/\/dualar.com"],"url":"#"}]}},"taxonomy_info":{"category":[{"value":2,"label":"Mondiaal Moslim Nieuws"}],"post_tag":[{"value":750,"label":"bezoek"},{"value":1700,"label":"boodschap"},{"value":38,"label":"Isra\u00ebl"},{"value":3241,"label":"Kracht"},{"value":3751,"label":"\u015earaa"},{"value":3750,"label":"vergadering"},{"value":108,"label":"VS"}]},"featured_image_src_large":["https:\/\/dualar.com\/nl\/wp-content\/uploads\/sites\/2\/2025\/11\/De-vergadering-is-een-boodschap-Saraa-zoekt-naar-kracht-tegen-1024x576.jpg",1024,576,true],"author_info":{"display_name":"info@blueappleagency.nl","author_link":"#"},"comment_info":0,"category_info":[{"term_id":2,"name":"Mondiaal Moslim Nieuws","slug":"mondiaal-moslim-nieuws","term_group":0,"term_taxonomy_id":2,"taxonomy":"category","description":"","parent":0,"count":1312,"filter":"raw","cat_ID":2,"category_count":1312,"category_description":"","cat_name":"Mondiaal Moslim Nieuws","category_nicename":"mondiaal-moslim-nieuws","category_parent":0}],"tag_info":[{"term_id":750,"name":"bezoek","slug":"bezoek","term_group":0,"term_taxonomy_id":750,"taxonomy":"post_tag","description":"","parent":0,"count":8,"filter":"raw"},{"term_id":1700,"name":"boodschap","slug":"boodschap","term_group":0,"term_taxonomy_id":1700,"taxonomy":"post_tag","description":"","parent":0,"count":3,"filter":"raw"},{"term_id":38,"name":"Isra\u00ebl","slug":"israel","term_group":0,"term_taxonomy_id":38,"taxonomy":"post_tag","description":"","parent":0,"count":230,"filter":"raw"},{"term_id":3241,"name":"Kracht","slug":"kracht","term_group":0,"term_taxonomy_id":3241,"taxonomy":"post_tag","description":"","parent":0,"count":3,"filter":"raw"},{"term_id":3751,"name":"\u015earaa","slug":"saraa","term_group":0,"term_taxonomy_id":3751,"taxonomy":"post_tag","description":"","parent":0,"count":1,"filter":"raw"},{"term_id":3750,"name":"vergadering","slug":"vergadering","term_group":0,"term_taxonomy_id":3750,"taxonomy":"post_tag","description":"","parent":0,"count":1,"filter":"raw"},{"term_id":108,"name":"VS","slug":"vs","term_group":0,"term_taxonomy_id":108,"taxonomy":"post_tag","description":"","parent":0,"count":71,"filter":"raw"}],"_links":{"self":[{"href":"https:\/\/dualar.com\/nl\/wp-json\/wp\/v2\/posts\/5588","targetHints":{"allow":["GET"]}}],"collection":[{"href":"https:\/\/dualar.com\/nl\/wp-json\/wp\/v2\/posts"}],"about":[{"href":"https:\/\/dualar.com\/nl\/wp-json\/wp\/v2\/types\/post"}],"author":[{"embeddable":true,"href":"https:\/\/dualar.com\/nl\/wp-json\/wp\/v2\/users\/1"}],"replies":[{"embeddable":true,"href":"https:\/\/dualar.com\/nl\/wp-json\/wp\/v2\/comments?post=5588"}],"version-history":[{"count":1,"href":"https:\/\/dualar.com\/nl\/wp-json\/wp\/v2\/posts\/5588\/revisions"}],"predecessor-version":[{"id":5590,"href":"https:\/\/dualar.com\/nl\/wp-json\/wp\/v2\/posts\/5588\/revisions\/5590"}],"wp:featuredmedia":[{"embeddable":true,"href":"https:\/\/dualar.com\/nl\/wp-json\/wp\/v2\/media\/5589"}],"wp:attachment":[{"href":"https:\/\/dualar.com\/nl\/wp-json\/wp\/v2\/media?parent=5588"}],"wp:term":[{"taxonomy":"category","embeddable":true,"href":"https:\/\/dualar.com\/nl\/wp-json\/wp\/v2\/categories?post=5588"},{"taxonomy":"post_tag","embeddable":true,"href":"https:\/\/dualar.com\/nl\/wp-json\/wp\/v2\/tags?post=5588"}],"curies":[{"name":"wp","href":"https:\/\/api.w.org\/{rel}","templated":true}]}}