{"id":5675,"date":"2025-11-18T20:52:54","date_gmt":"2025-11-18T19:52:54","guid":{"rendered":"https:\/\/dualar.com\/nl\/2025\/11\/18\/saudi-arabies-kroonprins-mohammed-bin-salman-na-7-jaar-weer-in-het-witte-huis\/"},"modified":"2025-11-18T20:53:02","modified_gmt":"2025-11-18T19:53:02","slug":"saudi-arabies-kroonprins-mohammed-bin-salman-na-7-jaar-weer-in-het-witte-huis","status":"publish","type":"post","link":"https:\/\/dualar.com\/nl\/2025\/11\/18\/saudi-arabies-kroonprins-mohammed-bin-salman-na-7-jaar-weer-in-het-witte-huis\/","title":{"rendered":"Saudi-Arabi\u00eb&#8217;s kroonprins Mohammed bin Salman, na 7 jaar weer in het Witte Huis"},"content":{"rendered":"<div>\n<p><strong>Saudi-Arabi\u00eb&#8217;s kroonprins Mohammed bin Salman bezocht het Witte Huis<\/strong><\/p>\n<p>Saudi-Arabi\u00eb&#8217;s kroonprins Mohammed bin Salman keerde dinsdag, na zeven jaar afwezigheid, terug naar de Verenigde Staten met een bezoek aan het Witte Huis. Dit bezoek vertegenwoordigt een belangrijk keerpunt voor de Saudi-leider in internationale betrekkingen. De 40-jarige Mohammed bin Salman werd verwelkomd met een kleurrijke garde, een orkest, luchtdemonstraties met gevechtsvliegtuigen en trommelritmes. Deze elementen geven aanwijzingen over de extravagantie van het bezoek.<\/p>\n<p>Voormalig president Donald Trump maakte samen met de kroonprins een wandeling op de nieuwe &#8220;Presidential Walk of Fame&#8221;. Tijdens deze wandeling bekeken ze de portretten van eerdere Amerikaanse presidenten. Dit bezoek symboliseert ook een opmerkelijke verandering in de relaties van de Saudi-kroonprins met Washington. De Amerikaanse inlichtingendiensten hadden onthuld dat Mohammed bin Salman in 2018 het bevel gaf tot de moord op Washington Post-columnist Jamal Khashoggi.<\/p>\n<h3>Keerpunt in de Relaties tussen Saudi-Arabi\u00eb en de VS<\/h3>\n<p>Voormalig president Joe Biden negeerde de kroonprins in de eerste dagen van zijn regering, maar richtte zich opnieuw tot hem om de hoge energieprijzen onder controle te krijgen en de oorlog van Isra\u00ebl in Gaza te beheren. Mohammed bin Salman verklaarde ook dat Trump zou lobbyen voor interventie met betrekking tot de ondersteuning van de Verenigde Arabische Emiraten aan de Rapid Support Forces in Soedan. Dit volgde ook na de goedkeuring door de Veiligheidsraad van de Verenigde Naties van een plan voor de VS om Arabische en moslim-vredesmachten te sturen.<\/p>\n<h3>Hoofdthema van het Bezoek: Zakelijke Overeenkomsten<\/h3>\n<p>De belangrijkste focus van het bezoek ligt op de zakelijke overeenkomsten die Saudi-autoriteiten willen ontwikkelen om de binnenlandse economische transformatie van het land vooruit te helpen en hun doelstellingen als regionale macht te bereiken.<\/p>\n<h4>Verlangens van Saudi-Arabi\u00eb<\/h4>\n<p>Trump gaf aan dat hij van plan is om F-35 gevechtsvliegtuigen aan Saudi-Arabi\u00eb te verkopen. De gesprekken over de aankoop van F-35&#8217;s door Saudi-Arabi\u00eb lopen al jaren, maar deze gesprekken waren verbonden met de normalisatie van de relaties van Riyad met Isra\u00ebl. Echter, Saudi-Arabi\u00eb is erin geslaagd deze eis te scheiden van de normalisatie met Isra\u00ebl.<\/p>\n<ul>\n<li>\n<p><strong>Defensieovereenkomsten:<\/strong> Saudi-experts geven aan dat de grootste wens van het Koninkrijk is om samen te werken met de VS om hun eigen industrie te ontwikkelen. Dit is een stap die verder gaat dan andere regionale machten zoals Turkije. Bovendien is Saudi-Arabi\u00eb op zoek naar een overeenkomst voor door kunstmatige intelligentie ondersteunde drones.<\/p>\n<\/li>\n<li><strong>Investeringsverbintenissen:<\/strong> Tijdens Trumps bezoek aan Riyad werden investeringsverbintenissen ter waarde van 600 miljard dollar aangekondigd. De verkoop van F-35&#8217;s zal slechts \u00e9\u00e9n van de vele overeenkomsten zijn die binnen de komende twee dagen definitief zullen worden.<\/li>\n<\/ul>\n<h3>Kunstmatige Intelligentie en Nucleaire Technologie<\/h3>\n<p>Saudi-Arabi\u00eb streeft ernaar een centrum voor de kunstmatige intelligentie-industrie te worden. De uitgebreide fossiele brandstof- en zonne-energievoorraden van het Koninkrijk bieden de belofte van lage elektriciteitsprijzen voor datacenter-exploitanten. Echter, experts wijzen erop dat de tijd van Saudi-Arabi\u00eb waarin alleen grote bedragen werden uitgegeven, ten einde is. Het budget van het Koninkrijk staat onder druk door lage energieprijzen en de kosten van grote megaprojecten.<\/p>\n<p>Saudi-Arabi\u00eb vraagt ook om toegang tot Amerikaanse civiele nucleaire technologie. De kroonprins is op zoek naar een overeenkomst om rijke uraniumbronnen te verrijken. Deze eis wekt echter zorgen binnen de Amerikaanse regering.<\/p>\n<h3>Conclusie<\/h3>\n<pTerwijl Saudi-Arabi\u00eb probeert zijn relaties met de VS opnieuw vorm te geven, vormt het bezoek van de kroonprins een belangrijk keerpunt. De resultaten van het bezoek kunnen niet alleen de relaties tussen de twee landen be\u00efnvloeden, maar ook de machtsdynamiek in de regio. Deel uw gedachten over het bezoek of bezoek onze website om gerelateerde artikelen te lezen.<\/p>\n<p><strong>Bronnen:<\/strong> <a href=\"https:\/\/www.middleeasteye.net\">Middle East Eye<\/a>, <a href=\"https:\/\/www.reuters.com\">Reuters<\/a>.<\/p>\n<\/div>\n","protected":false},"excerpt":{"rendered":"<p>Kroonprins Mohammed bin Salman van Saudi-Arabi\u00eb bezocht na zeven jaar het Witte Huis, een teken van veranderingen in de relaties met de VS. Tijdens zijn bezoek, dat de nadruk legt op zakelijke overeenkomsten, werd hij verwelkomd met militaire eerbetoon en een wandeling met voormalig president Trump. De focus ligt op investeringen ter waarde van 600 miljard dollar en defensieovereenkomsten, waaronder de mogelijke verkoop van F-35&#8217;s. Saudi-Arabi\u00eb streeft ook naar samenwerking op het gebied van kunstmatige intelligentie en nucleaire technologie, hoewel er zorgen zijn over de verrijking van uranium. Het bezoek markeert een nieuw hoofdstuk in de diplomatieke banden.<\/p>\n","protected":false},"author":1,"featured_media":5676,"comment_status":"open","ping_status":"open","sticky":false,"template":"","format":"standard","meta":{"_kad_blocks_custom_css":"","_kad_blocks_head_custom_js":"","_kad_blocks_body_custom_js":"","_kad_blocks_footer_custom_js":"","_kadence_starter_templates_imported_post":false,"_kad_post_transparent":"","_kad_post_title":"","_kad_post_layout":"","_kad_post_sidebar_id":"","_kad_post_content_style":"","_kad_post_vertical_padding":"","_kad_post_feature":"","_kad_post_feature_position":"","_kad_post_header":false,"_kad_post_footer":false,"footnotes":""},"categories":[2],"tags":[934,3629,1437,959,2094],"class_list":["post-5675","post","type-post","status-publish","format-standard","has-post-thumbnail","hentry","category-mondiaal-moslim-nieuws","tag-7-jaar","tag-kroonprins","tag-mohammed-bin-salman","tag-saudi-arabie","tag-witte-huis"],"yoast_head":"<!-- This site is optimized with the Yoast SEO plugin v23.9 - https:\/\/yoast.com\/wordpress\/plugins\/seo\/ -->\n<title>Saudi-Arabi\u00eb&#039;s kroonprins Mohammed bin Salman, na 7 jaar weer in het Witte Huis - Dualar.com\/nl<\/title>\n<meta name=\"description\" content=\"Kroonprins Mohammed bin Salman van Saudi-Arabi\u00eb bezocht het Witte Huis, gericht op zakelijke overeenkomsten en samenwerking met de VS.\" \/>\n<meta name=\"robots\" content=\"index, follow, max-snippet:-1, max-image-preview:large, max-video-preview:-1\" \/>\n<link rel=\"canonical\" href=\"https:\/\/dualar.com\/nl\/2025\/11\/18\/saudi-arabies-kroonprins-mohammed-bin-salman-na-7-jaar-weer-in-het-witte-huis\/\" \/>\n<meta property=\"og:locale\" content=\"nl_NL\" \/>\n<meta property=\"og:type\" content=\"article\" \/>\n<meta property=\"og:title\" content=\"Saudi-Arabi\u00eb&#039;s kroonprins Mohammed bin Salman, na 7 jaar weer in het Witte Huis - Dualar.com\/nl\" \/>\n<meta property=\"og:description\" content=\"Kroonprins Mohammed bin Salman van Saudi-Arabi\u00eb bezocht het Witte Huis, gericht op zakelijke overeenkomsten en samenwerking met de VS.\" \/>\n<meta property=\"og:url\" content=\"https:\/\/dualar.com\/nl\/2025\/11\/18\/saudi-arabies-kroonprins-mohammed-bin-salman-na-7-jaar-weer-in-het-witte-huis\/\" \/>\n<meta property=\"og:site_name\" content=\"Dualar.com\/nl\" \/>\n<meta property=\"article:published_time\" content=\"2025-11-18T19:52:54+00:00\" \/>\n<meta property=\"article:modified_time\" content=\"2025-11-18T19:53:02+00:00\" \/>\n<meta property=\"og:image\" content=\"https:\/\/dualar.com\/nl\/wp-content\/uploads\/sites\/2\/2025\/11\/Saudi-Arabies-kroonprins-Mohammed-bin-Salman-na-7-jaar-weer-in.jpg\" \/>\n\t<meta property=\"og:image:width\" content=\"1200\" \/>\n\t<meta property=\"og:image:height\" content=\"674\" \/>\n\t<meta property=\"og:image:type\" content=\"image\/jpeg\" \/>\n<meta name=\"author\" content=\"info@blueappleagency.nl\" \/>\n<meta name=\"twitter:card\" content=\"summary_large_image\" \/>\n<meta name=\"twitter:label1\" content=\"Geschreven door\" \/>\n\t<meta name=\"twitter:data1\" content=\"info@blueappleagency.nl\" \/>\n\t<meta name=\"twitter:label2\" content=\"Geschatte leestijd\" \/>\n\t<meta name=\"twitter:data2\" content=\"3 minuten\" \/>\n<script type=\"application\/ld+json\" class=\"yoast-schema-graph\">{\"@context\":\"https:\/\/schema.org\",\"@graph\":[{\"@type\":\"Article\",\"@id\":\"https:\/\/dualar.com\/nl\/2025\/11\/18\/saudi-arabies-kroonprins-mohammed-bin-salman-na-7-jaar-weer-in-het-witte-huis\/#article\",\"isPartOf\":{\"@id\":\"https:\/\/dualar.com\/nl\/2025\/11\/18\/saudi-arabies-kroonprins-mohammed-bin-salman-na-7-jaar-weer-in-het-witte-huis\/\"},\"author\":{\"name\":\"info@blueappleagency.nl\",\"@id\":\"https:\/\/dualar.com\/nl\/#\/schema\/person\/d920bfed24e7ef4d145c3664464931fd\"},\"headline\":\"Saudi-Arabi\u00eb&#8217;s kroonprins Mohammed bin Salman, na 7 jaar weer in het Witte Huis\",\"datePublished\":\"2025-11-18T19:52:54+00:00\",\"dateModified\":\"2025-11-18T19:53:02+00:00\",\"mainEntityOfPage\":{\"@id\":\"https:\/\/dualar.com\/nl\/2025\/11\/18\/saudi-arabies-kroonprins-mohammed-bin-salman-na-7-jaar-weer-in-het-witte-huis\/\"},\"wordCount\":543,\"commentCount\":0,\"publisher\":{\"@id\":\"https:\/\/dualar.com\/nl\/#organization\"},\"image\":{\"@id\":\"https:\/\/dualar.com\/nl\/2025\/11\/18\/saudi-arabies-kroonprins-mohammed-bin-salman-na-7-jaar-weer-in-het-witte-huis\/#primaryimage\"},\"thumbnailUrl\":\"https:\/\/dualar.com\/nl\/wp-content\/uploads\/sites\/2\/2025\/11\/Saudi-Arabies-kroonprins-Mohammed-bin-Salman-na-7-jaar-weer-in.jpg\",\"keywords\":[\"7 jaar\",\"kroonprins\",\"Mohammed bin Salman\",\"Saudi-Arabi\u00eb\",\"Witte Huis\"],\"articleSection\":[\"Mondiaal Moslim Nieuws\"],\"inLanguage\":\"nl-NL\",\"potentialAction\":[{\"@type\":\"CommentAction\",\"name\":\"Comment\",\"target\":[\"https:\/\/dualar.com\/nl\/2025\/11\/18\/saudi-arabies-kroonprins-mohammed-bin-salman-na-7-jaar-weer-in-het-witte-huis\/#respond\"]}]},{\"@type\":\"WebPage\",\"@id\":\"https:\/\/dualar.com\/nl\/2025\/11\/18\/saudi-arabies-kroonprins-mohammed-bin-salman-na-7-jaar-weer-in-het-witte-huis\/\",\"url\":\"https:\/\/dualar.com\/nl\/2025\/11\/18\/saudi-arabies-kroonprins-mohammed-bin-salman-na-7-jaar-weer-in-het-witte-huis\/\",\"name\":\"Saudi-Arabi\u00eb's kroonprins Mohammed bin Salman, na 7 jaar weer in het Witte Huis - Dualar.com\/nl\",\"isPartOf\":{\"@id\":\"https:\/\/dualar.com\/nl\/#website\"},\"primaryImageOfPage\":{\"@id\":\"https:\/\/dualar.com\/nl\/2025\/11\/18\/saudi-arabies-kroonprins-mohammed-bin-salman-na-7-jaar-weer-in-het-witte-huis\/#primaryimage\"},\"image\":{\"@id\":\"https:\/\/dualar.com\/nl\/2025\/11\/18\/saudi-arabies-kroonprins-mohammed-bin-salman-na-7-jaar-weer-in-het-witte-huis\/#primaryimage\"},\"thumbnailUrl\":\"https:\/\/dualar.com\/nl\/wp-content\/uploads\/sites\/2\/2025\/11\/Saudi-Arabies-kroonprins-Mohammed-bin-Salman-na-7-jaar-weer-in.jpg\",\"datePublished\":\"2025-11-18T19:52:54+00:00\",\"dateModified\":\"2025-11-18T19:53:02+00:00\",\"description\":\"Kroonprins Mohammed bin Salman van Saudi-Arabi\u00eb bezocht het Witte Huis, gericht op zakelijke overeenkomsten en samenwerking met de VS.\",\"breadcrumb\":{\"@id\":\"https:\/\/dualar.com\/nl\/2025\/11\/18\/saudi-arabies-kroonprins-mohammed-bin-salman-na-7-jaar-weer-in-het-witte-huis\/#breadcrumb\"},\"inLanguage\":\"nl-NL\",\"potentialAction\":[{\"@type\":\"ReadAction\",\"target\":[\"https:\/\/dualar.com\/nl\/2025\/11\/18\/saudi-arabies-kroonprins-mohammed-bin-salman-na-7-jaar-weer-in-het-witte-huis\/\"]}]},{\"@type\":\"ImageObject\",\"inLanguage\":\"nl-NL\",\"@id\":\"https:\/\/dualar.com\/nl\/2025\/11\/18\/saudi-arabies-kroonprins-mohammed-bin-salman-na-7-jaar-weer-in-het-witte-huis\/#primaryimage\",\"url\":\"https:\/\/dualar.com\/nl\/wp-content\/uploads\/sites\/2\/2025\/11\/Saudi-Arabies-kroonprins-Mohammed-bin-Salman-na-7-jaar-weer-in.jpg\",\"contentUrl\":\"https:\/\/dualar.com\/nl\/wp-content\/uploads\/sites\/2\/2025\/11\/Saudi-Arabies-kroonprins-Mohammed-bin-Salman-na-7-jaar-weer-in.jpg\",\"width\":1200,\"height\":674,\"caption\":\"Saudi-Arabi\u00eb's kroonprins Mohammed bin Salman, na 7 jaar weer in het Witte Huis\"},{\"@type\":\"BreadcrumbList\",\"@id\":\"https:\/\/dualar.com\/nl\/2025\/11\/18\/saudi-arabies-kroonprins-mohammed-bin-salman-na-7-jaar-weer-in-het-witte-huis\/#breadcrumb\",\"itemListElement\":[{\"@type\":\"ListItem\",\"position\":1,\"name\":\"Home\",\"item\":\"https:\/\/dualar.com\/nl\/\"},{\"@type\":\"ListItem\",\"position\":2,\"name\":\"Saudi-Arabi\u00eb&#8217;s kroonprins Mohammed bin Salman, na 7 jaar weer in het Witte Huis\"}]},{\"@type\":\"WebSite\",\"@id\":\"https:\/\/dualar.com\/nl\/#website\",\"url\":\"https:\/\/dualar.com\/nl\/\",\"name\":\"Dualar.com\/nl\",\"description\":\"Gebeden die u op elk moment inspireren\",\"publisher\":{\"@id\":\"https:\/\/dualar.com\/nl\/#organization\"},\"potentialAction\":[{\"@type\":\"SearchAction\",\"target\":{\"@type\":\"EntryPoint\",\"urlTemplate\":\"https:\/\/dualar.com\/nl\/?s={search_term_string}\"},\"query-input\":{\"@type\":\"PropertyValueSpecification\",\"valueRequired\":true,\"valueName\":\"search_term_string\"}}],\"inLanguage\":\"nl-NL\"},{\"@type\":\"Organization\",\"@id\":\"https:\/\/dualar.com\/nl\/#organization\",\"name\":\"Dualar.com\/nl\",\"url\":\"https:\/\/dualar.com\/nl\/\",\"logo\":{\"@type\":\"ImageObject\",\"inLanguage\":\"nl-NL\",\"@id\":\"https:\/\/dualar.com\/nl\/#\/schema\/logo\/image\/\",\"url\":\"https:\/\/dualar.com\/nl\/wp-content\/uploads\/sites\/2\/2024\/11\/Her-Aniniza-Ilham-Veren-Dualar-1.png\",\"contentUrl\":\"https:\/\/dualar.com\/nl\/wp-content\/uploads\/sites\/2\/2024\/11\/Her-Aniniza-Ilham-Veren-Dualar-1.png\",\"width\":1000,\"height\":300,\"caption\":\"Dualar.com\/nl\"},\"image\":{\"@id\":\"https:\/\/dualar.com\/nl\/#\/schema\/logo\/image\/\"}},{\"@type\":\"Person\",\"@id\":\"https:\/\/dualar.com\/nl\/#\/schema\/person\/d920bfed24e7ef4d145c3664464931fd\",\"name\":\"info@blueappleagency.nl\",\"image\":{\"@type\":\"ImageObject\",\"inLanguage\":\"nl-NL\",\"@id\":\"https:\/\/dualar.com\/nl\/#\/schema\/person\/image\/\",\"url\":\"https:\/\/secure.gravatar.com\/avatar\/4bcc94ad74be7f14c7e9a39e3f95a587?s=96&d=mm&r=g\",\"contentUrl\":\"https:\/\/secure.gravatar.com\/avatar\/4bcc94ad74be7f14c7e9a39e3f95a587?s=96&d=mm&r=g\",\"caption\":\"info@blueappleagency.nl\"},\"sameAs\":[\"http:\/\/dualar.com\"],\"url\":\"#\"}]}<\/script>\n<!-- \/ Yoast SEO plugin. -->","yoast_head_json":{"title":"Saudi-Arabi\u00eb's kroonprins Mohammed bin Salman, na 7 jaar weer in het Witte Huis - Dualar.com\/nl","description":"Kroonprins Mohammed bin Salman van Saudi-Arabi\u00eb bezocht het Witte Huis, gericht op zakelijke overeenkomsten en samenwerking met de VS.","robots":{"index":"index","follow":"follow","max-snippet":"max-snippet:-1","max-image-preview":"max-image-preview:large","max-video-preview":"max-video-preview:-1"},"canonical":"https:\/\/dualar.com\/nl\/2025\/11\/18\/saudi-arabies-kroonprins-mohammed-bin-salman-na-7-jaar-weer-in-het-witte-huis\/","og_locale":"nl_NL","og_type":"article","og_title":"Saudi-Arabi\u00eb's kroonprins Mohammed bin Salman, na 7 jaar weer in het Witte Huis - Dualar.com\/nl","og_description":"Kroonprins Mohammed bin Salman van Saudi-Arabi\u00eb bezocht het Witte Huis, gericht op zakelijke overeenkomsten en samenwerking met de VS.","og_url":"https:\/\/dualar.com\/nl\/2025\/11\/18\/saudi-arabies-kroonprins-mohammed-bin-salman-na-7-jaar-weer-in-het-witte-huis\/","og_site_name":"Dualar.com\/nl","article_published_time":"2025-11-18T19:52:54+00:00","article_modified_time":"2025-11-18T19:53:02+00:00","og_image":[{"width":1200,"height":674,"url":"https:\/\/dualar.com\/nl\/wp-content\/uploads\/sites\/2\/2025\/11\/Saudi-Arabies-kroonprins-Mohammed-bin-Salman-na-7-jaar-weer-in.jpg","type":"image\/jpeg"}],"author":"info@blueappleagency.nl","twitter_card":"summary_large_image","twitter_misc":{"Geschreven door":"info@blueappleagency.nl","Geschatte leestijd":"3 minuten"},"schema":{"@context":"https:\/\/schema.org","@graph":[{"@type":"Article","@id":"https:\/\/dualar.com\/nl\/2025\/11\/18\/saudi-arabies-kroonprins-mohammed-bin-salman-na-7-jaar-weer-in-het-witte-huis\/#article","isPartOf":{"@id":"https:\/\/dualar.com\/nl\/2025\/11\/18\/saudi-arabies-kroonprins-mohammed-bin-salman-na-7-jaar-weer-in-het-witte-huis\/"},"author":{"name":"info@blueappleagency.nl","@id":"https:\/\/dualar.com\/nl\/#\/schema\/person\/d920bfed24e7ef4d145c3664464931fd"},"headline":"Saudi-Arabi\u00eb&#8217;s kroonprins Mohammed bin Salman, na 7 jaar weer in het Witte Huis","datePublished":"2025-11-18T19:52:54+00:00","dateModified":"2025-11-18T19:53:02+00:00","mainEntityOfPage":{"@id":"https:\/\/dualar.com\/nl\/2025\/11\/18\/saudi-arabies-kroonprins-mohammed-bin-salman-na-7-jaar-weer-in-het-witte-huis\/"},"wordCount":543,"commentCount":0,"publisher":{"@id":"https:\/\/dualar.com\/nl\/#organization"},"image":{"@id":"https:\/\/dualar.com\/nl\/2025\/11\/18\/saudi-arabies-kroonprins-mohammed-bin-salman-na-7-jaar-weer-in-het-witte-huis\/#primaryimage"},"thumbnailUrl":"https:\/\/dualar.com\/nl\/wp-content\/uploads\/sites\/2\/2025\/11\/Saudi-Arabies-kroonprins-Mohammed-bin-Salman-na-7-jaar-weer-in.jpg","keywords":["7 jaar","kroonprins","Mohammed bin Salman","Saudi-Arabi\u00eb","Witte Huis"],"articleSection":["Mondiaal Moslim Nieuws"],"inLanguage":"nl-NL","potentialAction":[{"@type":"CommentAction","name":"Comment","target":["https:\/\/dualar.com\/nl\/2025\/11\/18\/saudi-arabies-kroonprins-mohammed-bin-salman-na-7-jaar-weer-in-het-witte-huis\/#respond"]}]},{"@type":"WebPage","@id":"https:\/\/dualar.com\/nl\/2025\/11\/18\/saudi-arabies-kroonprins-mohammed-bin-salman-na-7-jaar-weer-in-het-witte-huis\/","url":"https:\/\/dualar.com\/nl\/2025\/11\/18\/saudi-arabies-kroonprins-mohammed-bin-salman-na-7-jaar-weer-in-het-witte-huis\/","name":"Saudi-Arabi\u00eb's kroonprins Mohammed bin Salman, na 7 jaar weer in het Witte Huis - Dualar.com\/nl","isPartOf":{"@id":"https:\/\/dualar.com\/nl\/#website"},"primaryImageOfPage":{"@id":"https:\/\/dualar.com\/nl\/2025\/11\/18\/saudi-arabies-kroonprins-mohammed-bin-salman-na-7-jaar-weer-in-het-witte-huis\/#primaryimage"},"image":{"@id":"https:\/\/dualar.com\/nl\/2025\/11\/18\/saudi-arabies-kroonprins-mohammed-bin-salman-na-7-jaar-weer-in-het-witte-huis\/#primaryimage"},"thumbnailUrl":"https:\/\/dualar.com\/nl\/wp-content\/uploads\/sites\/2\/2025\/11\/Saudi-Arabies-kroonprins-Mohammed-bin-Salman-na-7-jaar-weer-in.jpg","datePublished":"2025-11-18T19:52:54+00:00","dateModified":"2025-11-18T19:53:02+00:00","description":"Kroonprins Mohammed bin Salman van Saudi-Arabi\u00eb bezocht het Witte Huis, gericht op zakelijke overeenkomsten en samenwerking met de VS.","breadcrumb":{"@id":"https:\/\/dualar.com\/nl\/2025\/11\/18\/saudi-arabies-kroonprins-mohammed-bin-salman-na-7-jaar-weer-in-het-witte-huis\/#breadcrumb"},"inLanguage":"nl-NL","potentialAction":[{"@type":"ReadAction","target":["https:\/\/dualar.com\/nl\/2025\/11\/18\/saudi-arabies-kroonprins-mohammed-bin-salman-na-7-jaar-weer-in-het-witte-huis\/"]}]},{"@type":"ImageObject","inLanguage":"nl-NL","@id":"https:\/\/dualar.com\/nl\/2025\/11\/18\/saudi-arabies-kroonprins-mohammed-bin-salman-na-7-jaar-weer-in-het-witte-huis\/#primaryimage","url":"https:\/\/dualar.com\/nl\/wp-content\/uploads\/sites\/2\/2025\/11\/Saudi-Arabies-kroonprins-Mohammed-bin-Salman-na-7-jaar-weer-in.jpg","contentUrl":"https:\/\/dualar.com\/nl\/wp-content\/uploads\/sites\/2\/2025\/11\/Saudi-Arabies-kroonprins-Mohammed-bin-Salman-na-7-jaar-weer-in.jpg","width":1200,"height":674,"caption":"Saudi-Arabi\u00eb's kroonprins Mohammed bin Salman, na 7 jaar weer in het Witte Huis"},{"@type":"BreadcrumbList","@id":"https:\/\/dualar.com\/nl\/2025\/11\/18\/saudi-arabies-kroonprins-mohammed-bin-salman-na-7-jaar-weer-in-het-witte-huis\/#breadcrumb","itemListElement":[{"@type":"ListItem","position":1,"name":"Home","item":"https:\/\/dualar.com\/nl\/"},{"@type":"ListItem","position":2,"name":"Saudi-Arabi\u00eb&#8217;s kroonprins Mohammed bin Salman, na 7 jaar weer in het Witte Huis"}]},{"@type":"WebSite","@id":"https:\/\/dualar.com\/nl\/#website","url":"https:\/\/dualar.com\/nl\/","name":"Dualar.com\/nl","description":"Gebeden die u op elk moment inspireren","publisher":{"@id":"https:\/\/dualar.com\/nl\/#organization"},"potentialAction":[{"@type":"SearchAction","target":{"@type":"EntryPoint","urlTemplate":"https:\/\/dualar.com\/nl\/?s={search_term_string}"},"query-input":{"@type":"PropertyValueSpecification","valueRequired":true,"valueName":"search_term_string"}}],"inLanguage":"nl-NL"},{"@type":"Organization","@id":"https:\/\/dualar.com\/nl\/#organization","name":"Dualar.com\/nl","url":"https:\/\/dualar.com\/nl\/","logo":{"@type":"ImageObject","inLanguage":"nl-NL","@id":"https:\/\/dualar.com\/nl\/#\/schema\/logo\/image\/","url":"https:\/\/dualar.com\/nl\/wp-content\/uploads\/sites\/2\/2024\/11\/Her-Aniniza-Ilham-Veren-Dualar-1.png","contentUrl":"https:\/\/dualar.com\/nl\/wp-content\/uploads\/sites\/2\/2024\/11\/Her-Aniniza-Ilham-Veren-Dualar-1.png","width":1000,"height":300,"caption":"Dualar.com\/nl"},"image":{"@id":"https:\/\/dualar.com\/nl\/#\/schema\/logo\/image\/"}},{"@type":"Person","@id":"https:\/\/dualar.com\/nl\/#\/schema\/person\/d920bfed24e7ef4d145c3664464931fd","name":"info@blueappleagency.nl","image":{"@type":"ImageObject","inLanguage":"nl-NL","@id":"https:\/\/dualar.com\/nl\/#\/schema\/person\/image\/","url":"https:\/\/secure.gravatar.com\/avatar\/4bcc94ad74be7f14c7e9a39e3f95a587?s=96&d=mm&r=g","contentUrl":"https:\/\/secure.gravatar.com\/avatar\/4bcc94ad74be7f14c7e9a39e3f95a587?s=96&d=mm&r=g","caption":"info@blueappleagency.nl"},"sameAs":["http:\/\/dualar.com"],"url":"#"}]}},"taxonomy_info":{"category":[{"value":2,"label":"Mondiaal Moslim Nieuws"}],"post_tag":[{"value":934,"label":"7 jaar"},{"value":3629,"label":"kroonprins"},{"value":1437,"label":"Mohammed bin Salman"},{"value":959,"label":"Saudi-Arabi\u00eb"},{"value":2094,"label":"Witte Huis"}]},"featured_image_src_large":["https:\/\/dualar.com\/nl\/wp-content\/uploads\/sites\/2\/2025\/11\/Saudi-Arabies-kroonprins-Mohammed-bin-Salman-na-7-jaar-weer-in-1024x575.jpg",1024,575,true],"author_info":{"display_name":"info@blueappleagency.nl","author_link":"#"},"comment_info":0,"category_info":[{"term_id":2,"name":"Mondiaal Moslim Nieuws","slug":"mondiaal-moslim-nieuws","term_group":0,"term_taxonomy_id":2,"taxonomy":"category","description":"","parent":0,"count":1312,"filter":"raw","cat_ID":2,"category_count":1312,"category_description":"","cat_name":"Mondiaal Moslim Nieuws","category_nicename":"mondiaal-moslim-nieuws","category_parent":0}],"tag_info":[{"term_id":934,"name":"7 jaar","slug":"7-jaar","term_group":0,"term_taxonomy_id":934,"taxonomy":"post_tag","description":"","parent":0,"count":2,"filter":"raw"},{"term_id":3629,"name":"kroonprins","slug":"kroonprins","term_group":0,"term_taxonomy_id":3629,"taxonomy":"post_tag","description":"","parent":0,"count":2,"filter":"raw"},{"term_id":1437,"name":"Mohammed bin Salman","slug":"mohammed-bin-salman","term_group":0,"term_taxonomy_id":1437,"taxonomy":"post_tag","description":"","parent":0,"count":3,"filter":"raw"},{"term_id":959,"name":"Saudi-Arabi\u00eb","slug":"saudi-arabie","term_group":0,"term_taxonomy_id":959,"taxonomy":"post_tag","description":"","parent":0,"count":7,"filter":"raw"},{"term_id":2094,"name":"Witte Huis","slug":"witte-huis","term_group":0,"term_taxonomy_id":2094,"taxonomy":"post_tag","description":"","parent":0,"count":3,"filter":"raw"}],"_links":{"self":[{"href":"https:\/\/dualar.com\/nl\/wp-json\/wp\/v2\/posts\/5675","targetHints":{"allow":["GET"]}}],"collection":[{"href":"https:\/\/dualar.com\/nl\/wp-json\/wp\/v2\/posts"}],"about":[{"href":"https:\/\/dualar.com\/nl\/wp-json\/wp\/v2\/types\/post"}],"author":[{"embeddable":true,"href":"https:\/\/dualar.com\/nl\/wp-json\/wp\/v2\/users\/1"}],"replies":[{"embeddable":true,"href":"https:\/\/dualar.com\/nl\/wp-json\/wp\/v2\/comments?post=5675"}],"version-history":[{"count":1,"href":"https:\/\/dualar.com\/nl\/wp-json\/wp\/v2\/posts\/5675\/revisions"}],"predecessor-version":[{"id":5677,"href":"https:\/\/dualar.com\/nl\/wp-json\/wp\/v2\/posts\/5675\/revisions\/5677"}],"wp:featuredmedia":[{"embeddable":true,"href":"https:\/\/dualar.com\/nl\/wp-json\/wp\/v2\/media\/5676"}],"wp:attachment":[{"href":"https:\/\/dualar.com\/nl\/wp-json\/wp\/v2\/media?parent=5675"}],"wp:term":[{"taxonomy":"category","embeddable":true,"href":"https:\/\/dualar.com\/nl\/wp-json\/wp\/v2\/categories?post=5675"},{"taxonomy":"post_tag","embeddable":true,"href":"https:\/\/dualar.com\/nl\/wp-json\/wp\/v2\/tags?post=5675"}],"curies":[{"name":"wp","href":"https:\/\/api.w.org\/{rel}","templated":true}]}}