{"id":5837,"date":"2025-12-01T18:34:33","date_gmt":"2025-12-01T17:34:33","guid":{"rendered":"https:\/\/dualar.com\/nl\/2025\/12\/01\/franse-moslimgroep-vraagt-om-onderzoek-naar-bevolkingsregister-gedeeld-met-israel\/"},"modified":"2025-12-01T18:34:48","modified_gmt":"2025-12-01T17:34:48","slug":"franse-moslimgroep-vraagt-om-onderzoek-naar-bevolkingsregister-gedeeld-met-israel","status":"publish","type":"post","link":"https:\/\/dualar.com\/nl\/2025\/12\/01\/franse-moslimgroep-vraagt-om-onderzoek-naar-bevolkingsregister-gedeeld-met-israel\/","title":{"rendered":"Franse Moslimgroep vraagt om onderzoek naar bevolkingsregister gedeeld met Isra\u00ebl"},"content":{"rendered":"<div>\n<p><strong>Franse Moslimorganisatie veroordeelt het doorsturen van de enqu\u00eate naar buitenlandse inlichtingendiensten<\/strong><\/p>\n<p>De moslimgemeenschap in Frankrijk heeft aangekondigd dat een enqu\u00eate, die werd ge\u00ebist door een sterke pro-Isra\u00ebl lobby, mogelijk is doorgegeven aan Franse en Isra\u00eblische inlichtingendiensten. De Franse Raad van Moslimreligies (CFCM) benadrukte dat deze enqu\u00eate over Franse moslims een &#8220;onvoorstelbare en uiterst ernstige&#8221; kwestie is en eiste een &#8220;uitgebreid en transparant&#8221; onderzoek.<\/p>\n<p>De organisatie deed deze verklaring na het publiceren van een video waarin de Franse adviseur Didier Meir Long beweert dat hij sinds het begin van 2023 werkt aan een &#8220;strategie voor CRIF en verschillende Joodse organisaties&#8221; met betrekking tot moslims in Frankrijk. Long verklaarde dat hij samen met Dov Maimon, een senior onderzoeker van het Isra\u00eblische denktank Joods Volk Beleidsinstituut (JPPI), informatie verzamelde van verschillende Franse veiligheids- en inlichtingendiensten.<\/p>\n<h3>Commentaar en zorgen van de CFCM<\/h3>\n<p>CFCM zei in een verklaring: &#8220;We hebben het recht om deze praktijk in twijfel te trekken.&#8221; In een land waar de verzameling van gegevens over religieuze identiteit is verboden om individuele vrijheden te beschermen, stelde de organisatie vragen zoals: &#8220;Wat is de reden voor het verzamelen van informatie over Franse burgers en het doorgeven aan buitenlandse inlichtingendiensten?&#8221;<\/p>\n<ul>\n<li><strong>Opvallende punten:<\/strong>\n<ul>\n<li>De motivatie achter de enqu\u00eate.<\/li>\n<li>De juridische status van een buitenlandse staat die gegevens verzamelt over een bepaalde religieuze en etnische groep.<\/li>\n<li>De plannen van CFCM om een klacht in te dienen bij de nationale commissie voor bescherming van persoonsgegevens.<\/li>\n<\/ul>\n<\/li>\n<\/ul>\n<h3>Inhoud en resultaten van de enqu\u00eate<\/h3>\n<p>Long stelde op basis van de resultaten van de enqu\u00eate dat het aantal moslims in Frankrijk veel hoger is dan de huidige schattingen. &#8220;Er zijn 10 miljoen mensen die halal consumeren en van deze groep zijn 7 miljoen moslim. Als we denken dat 80% van de moslims halal consumeert, dan is het werkelijke aantal moslims ongeveer 9 miljoen,&#8221; zei hij.<\/p>\n<h3>Islamofobie en de effecten op de samenleving<\/h3>\n<p>CFCM bekritiseerde Long&#8217;s verklaringen en zei dat hij probeert een bedreigingsverbinding te leggen tussen Franse moslims en Franse joden. Long beweerde dat de 150.000 joden in Frankrijk direct contact hebben met moslims van Arabische, Turkse of Pakistaanse afkomst en dat joden in veel Franse steden &#8220;omringd zijn door moslims.&#8221;<\/p>\n<h3>Conclusie<\/h3>\n<p>De moslimgemeenschap in Frankrijk maakt zich zorgen dat dit soort enqu\u00eates en praktijken discriminatie in de samenleving kan vergroten. CFCM stelt dat deze situatie de veiligheid en rechten van moslims in Frankrijk bedreigt.<\/p>\n<p>Deel uw gedachten over dit onderwerp met ons of lees relevante artikelen voor meer informatie.<\/p>\n<h3>Extra bronnen<\/h3>\n<\/div>\n","protected":false},"excerpt":{"rendered":"<p>De Franse Raad van Moslimreligies (CFCM) heeft de doorstroom van een enqu\u00eate naar buitenlandse inlichtingendiensten, ge\u00efnitieerd door een pro-Isra\u00ebl lobby, scherp veroordeeld. Ze beschouwen dit als een &#8220;onvoorstelbare en uiterst ernstige&#8221; kwestie en eisen een &#8220;uitgebreid en transparant&#8221; onderzoek. CFCM stelt vragen over de rechtmatigheid van het verzamelen van gegevens over Franse moslims en de overdracht aan buitenlandse organisaties. De enqu\u00eate, uitgevoerd door Didier Meir Long, suggereert dat het aantal moslims in Frankrijk veel hoger is dan eerder geschat. De gemeenschap vreest dat dergelijke praktijken discriminatie vergroten en de rechten van moslims bedreigen.<\/p>\n","protected":false},"author":1,"featured_media":5838,"comment_status":"open","ping_status":"open","sticky":false,"template":"","format":"standard","meta":{"_kad_blocks_custom_css":"","_kad_blocks_head_custom_js":"","_kad_blocks_body_custom_js":"","_kad_blocks_footer_custom_js":"","_kadence_starter_templates_imported_post":false,"_kad_post_transparent":"","_kad_post_title":"","_kad_post_layout":"","_kad_post_sidebar_id":"","_kad_post_content_style":"","_kad_post_vertical_padding":"","_kad_post_feature":"","_kad_post_feature_position":"","_kad_post_header":false,"_kad_post_footer":false,"footnotes":""},"categories":[2],"tags":[178,3900,38,578],"class_list":["post-5837","post","type-post","status-publish","format-standard","has-post-thumbnail","hentry","category-mondiaal-moslim-nieuws","tag-bevolkingsregister","tag-franse-moslimgroep","tag-israel","tag-onderzoek"],"yoast_head":"<!-- This site is optimized with the Yoast SEO plugin v23.9 - https:\/\/yoast.com\/wordpress\/plugins\/seo\/ -->\n<title>Franse Moslimgroep vraagt om onderzoek naar bevolkingsregister gedeeld met Isra\u00ebl - Dualar.com\/nl<\/title>\n<meta name=\"description\" content=\"De Franse Moslimorganisatie CFCM verzet zich tegen het doorsturen van een enqu\u00eate over moslims naar inlichtingendiensten, wat discriminatie bevordert.\" \/>\n<meta name=\"robots\" content=\"index, follow, max-snippet:-1, max-image-preview:large, max-video-preview:-1\" \/>\n<link rel=\"canonical\" href=\"https:\/\/dualar.com\/nl\/2025\/12\/01\/franse-moslimgroep-vraagt-om-onderzoek-naar-bevolkingsregister-gedeeld-met-israel\/\" \/>\n<meta property=\"og:locale\" content=\"nl_NL\" \/>\n<meta property=\"og:type\" content=\"article\" \/>\n<meta property=\"og:title\" content=\"Franse Moslimgroep vraagt om onderzoek naar bevolkingsregister gedeeld met Isra\u00ebl - Dualar.com\/nl\" \/>\n<meta property=\"og:description\" content=\"De Franse Moslimorganisatie CFCM verzet zich tegen het doorsturen van een enqu\u00eate over moslims naar inlichtingendiensten, wat discriminatie bevordert.\" \/>\n<meta property=\"og:url\" content=\"https:\/\/dualar.com\/nl\/2025\/12\/01\/franse-moslimgroep-vraagt-om-onderzoek-naar-bevolkingsregister-gedeeld-met-israel\/\" \/>\n<meta property=\"og:site_name\" content=\"Dualar.com\/nl\" \/>\n<meta property=\"article:published_time\" content=\"2025-12-01T17:34:33+00:00\" \/>\n<meta property=\"article:modified_time\" content=\"2025-12-01T17:34:48+00:00\" \/>\n<meta property=\"og:image\" content=\"https:\/\/dualar.com\/nl\/wp-content\/uploads\/sites\/2\/2025\/12\/Franse-Moslimgroep-vraagt-om-onderzoek-naar-bevolkingsregister-gedeeld-met-Israel.jpg\" \/>\n\t<meta property=\"og:image:width\" content=\"947\" \/>\n\t<meta property=\"og:image:height\" content=\"596\" \/>\n\t<meta property=\"og:image:type\" content=\"image\/jpeg\" \/>\n<meta name=\"author\" content=\"info@blueappleagency.nl\" \/>\n<meta name=\"twitter:card\" content=\"summary_large_image\" \/>\n<meta name=\"twitter:label1\" content=\"Geschreven door\" \/>\n\t<meta name=\"twitter:data1\" content=\"info@blueappleagency.nl\" \/>\n\t<meta name=\"twitter:label2\" content=\"Geschatte leestijd\" \/>\n\t<meta name=\"twitter:data2\" content=\"2 minuten\" \/>\n<script type=\"application\/ld+json\" class=\"yoast-schema-graph\">{\"@context\":\"https:\/\/schema.org\",\"@graph\":[{\"@type\":\"Article\",\"@id\":\"https:\/\/dualar.com\/nl\/2025\/12\/01\/franse-moslimgroep-vraagt-om-onderzoek-naar-bevolkingsregister-gedeeld-met-israel\/#article\",\"isPartOf\":{\"@id\":\"https:\/\/dualar.com\/nl\/2025\/12\/01\/franse-moslimgroep-vraagt-om-onderzoek-naar-bevolkingsregister-gedeeld-met-israel\/\"},\"author\":{\"name\":\"info@blueappleagency.nl\",\"@id\":\"https:\/\/dualar.com\/nl\/#\/schema\/person\/d920bfed24e7ef4d145c3664464931fd\"},\"headline\":\"Franse Moslimgroep vraagt om onderzoek naar bevolkingsregister gedeeld met Isra\u00ebl\",\"datePublished\":\"2025-12-01T17:34:33+00:00\",\"dateModified\":\"2025-12-01T17:34:48+00:00\",\"mainEntityOfPage\":{\"@id\":\"https:\/\/dualar.com\/nl\/2025\/12\/01\/franse-moslimgroep-vraagt-om-onderzoek-naar-bevolkingsregister-gedeeld-met-israel\/\"},\"wordCount\":427,\"commentCount\":0,\"publisher\":{\"@id\":\"https:\/\/dualar.com\/nl\/#organization\"},\"image\":{\"@id\":\"https:\/\/dualar.com\/nl\/2025\/12\/01\/franse-moslimgroep-vraagt-om-onderzoek-naar-bevolkingsregister-gedeeld-met-israel\/#primaryimage\"},\"thumbnailUrl\":\"https:\/\/dualar.com\/nl\/wp-content\/uploads\/sites\/2\/2025\/12\/Franse-Moslimgroep-vraagt-om-onderzoek-naar-bevolkingsregister-gedeeld-met-Israel.jpg\",\"keywords\":[\"Bevolkingsregister\",\"Franse Moslimgroep\",\"Isra\u00ebl\",\"onderzoek\"],\"articleSection\":[\"Mondiaal Moslim Nieuws\"],\"inLanguage\":\"nl-NL\",\"potentialAction\":[{\"@type\":\"CommentAction\",\"name\":\"Comment\",\"target\":[\"https:\/\/dualar.com\/nl\/2025\/12\/01\/franse-moslimgroep-vraagt-om-onderzoek-naar-bevolkingsregister-gedeeld-met-israel\/#respond\"]}]},{\"@type\":\"WebPage\",\"@id\":\"https:\/\/dualar.com\/nl\/2025\/12\/01\/franse-moslimgroep-vraagt-om-onderzoek-naar-bevolkingsregister-gedeeld-met-israel\/\",\"url\":\"https:\/\/dualar.com\/nl\/2025\/12\/01\/franse-moslimgroep-vraagt-om-onderzoek-naar-bevolkingsregister-gedeeld-met-israel\/\",\"name\":\"Franse Moslimgroep vraagt om onderzoek naar bevolkingsregister gedeeld met Isra\u00ebl - Dualar.com\/nl\",\"isPartOf\":{\"@id\":\"https:\/\/dualar.com\/nl\/#website\"},\"primaryImageOfPage\":{\"@id\":\"https:\/\/dualar.com\/nl\/2025\/12\/01\/franse-moslimgroep-vraagt-om-onderzoek-naar-bevolkingsregister-gedeeld-met-israel\/#primaryimage\"},\"image\":{\"@id\":\"https:\/\/dualar.com\/nl\/2025\/12\/01\/franse-moslimgroep-vraagt-om-onderzoek-naar-bevolkingsregister-gedeeld-met-israel\/#primaryimage\"},\"thumbnailUrl\":\"https:\/\/dualar.com\/nl\/wp-content\/uploads\/sites\/2\/2025\/12\/Franse-Moslimgroep-vraagt-om-onderzoek-naar-bevolkingsregister-gedeeld-met-Israel.jpg\",\"datePublished\":\"2025-12-01T17:34:33+00:00\",\"dateModified\":\"2025-12-01T17:34:48+00:00\",\"description\":\"De Franse Moslimorganisatie CFCM verzet zich tegen het doorsturen van een enqu\u00eate over moslims naar inlichtingendiensten, wat discriminatie bevordert.\",\"breadcrumb\":{\"@id\":\"https:\/\/dualar.com\/nl\/2025\/12\/01\/franse-moslimgroep-vraagt-om-onderzoek-naar-bevolkingsregister-gedeeld-met-israel\/#breadcrumb\"},\"inLanguage\":\"nl-NL\",\"potentialAction\":[{\"@type\":\"ReadAction\",\"target\":[\"https:\/\/dualar.com\/nl\/2025\/12\/01\/franse-moslimgroep-vraagt-om-onderzoek-naar-bevolkingsregister-gedeeld-met-israel\/\"]}]},{\"@type\":\"ImageObject\",\"inLanguage\":\"nl-NL\",\"@id\":\"https:\/\/dualar.com\/nl\/2025\/12\/01\/franse-moslimgroep-vraagt-om-onderzoek-naar-bevolkingsregister-gedeeld-met-israel\/#primaryimage\",\"url\":\"https:\/\/dualar.com\/nl\/wp-content\/uploads\/sites\/2\/2025\/12\/Franse-Moslimgroep-vraagt-om-onderzoek-naar-bevolkingsregister-gedeeld-met-Israel.jpg\",\"contentUrl\":\"https:\/\/dualar.com\/nl\/wp-content\/uploads\/sites\/2\/2025\/12\/Franse-Moslimgroep-vraagt-om-onderzoek-naar-bevolkingsregister-gedeeld-met-Israel.jpg\",\"width\":947,\"height\":596,\"caption\":\"Franse Moslimgroep vraagt om onderzoek naar bevolkingsregister gedeeld met Isra\u00ebl\"},{\"@type\":\"BreadcrumbList\",\"@id\":\"https:\/\/dualar.com\/nl\/2025\/12\/01\/franse-moslimgroep-vraagt-om-onderzoek-naar-bevolkingsregister-gedeeld-met-israel\/#breadcrumb\",\"itemListElement\":[{\"@type\":\"ListItem\",\"position\":1,\"name\":\"Home\",\"item\":\"https:\/\/dualar.com\/nl\/\"},{\"@type\":\"ListItem\",\"position\":2,\"name\":\"Franse Moslimgroep vraagt om onderzoek naar bevolkingsregister gedeeld met Isra\u00ebl\"}]},{\"@type\":\"WebSite\",\"@id\":\"https:\/\/dualar.com\/nl\/#website\",\"url\":\"https:\/\/dualar.com\/nl\/\",\"name\":\"Dualar.com\/nl\",\"description\":\"Gebeden die u op elk moment inspireren\",\"publisher\":{\"@id\":\"https:\/\/dualar.com\/nl\/#organization\"},\"potentialAction\":[{\"@type\":\"SearchAction\",\"target\":{\"@type\":\"EntryPoint\",\"urlTemplate\":\"https:\/\/dualar.com\/nl\/?s={search_term_string}\"},\"query-input\":{\"@type\":\"PropertyValueSpecification\",\"valueRequired\":true,\"valueName\":\"search_term_string\"}}],\"inLanguage\":\"nl-NL\"},{\"@type\":\"Organization\",\"@id\":\"https:\/\/dualar.com\/nl\/#organization\",\"name\":\"Dualar.com\/nl\",\"url\":\"https:\/\/dualar.com\/nl\/\",\"logo\":{\"@type\":\"ImageObject\",\"inLanguage\":\"nl-NL\",\"@id\":\"https:\/\/dualar.com\/nl\/#\/schema\/logo\/image\/\",\"url\":\"https:\/\/dualar.com\/nl\/wp-content\/uploads\/sites\/2\/2024\/11\/Her-Aniniza-Ilham-Veren-Dualar-1.png\",\"contentUrl\":\"https:\/\/dualar.com\/nl\/wp-content\/uploads\/sites\/2\/2024\/11\/Her-Aniniza-Ilham-Veren-Dualar-1.png\",\"width\":1000,\"height\":300,\"caption\":\"Dualar.com\/nl\"},\"image\":{\"@id\":\"https:\/\/dualar.com\/nl\/#\/schema\/logo\/image\/\"}},{\"@type\":\"Person\",\"@id\":\"https:\/\/dualar.com\/nl\/#\/schema\/person\/d920bfed24e7ef4d145c3664464931fd\",\"name\":\"info@blueappleagency.nl\",\"image\":{\"@type\":\"ImageObject\",\"inLanguage\":\"nl-NL\",\"@id\":\"https:\/\/dualar.com\/nl\/#\/schema\/person\/image\/\",\"url\":\"https:\/\/secure.gravatar.com\/avatar\/4bcc94ad74be7f14c7e9a39e3f95a587?s=96&d=mm&r=g\",\"contentUrl\":\"https:\/\/secure.gravatar.com\/avatar\/4bcc94ad74be7f14c7e9a39e3f95a587?s=96&d=mm&r=g\",\"caption\":\"info@blueappleagency.nl\"},\"sameAs\":[\"http:\/\/dualar.com\"],\"url\":\"#\"}]}<\/script>\n<!-- \/ Yoast SEO plugin. -->","yoast_head_json":{"title":"Franse Moslimgroep vraagt om onderzoek naar bevolkingsregister gedeeld met Isra\u00ebl - Dualar.com\/nl","description":"De Franse Moslimorganisatie CFCM verzet zich tegen het doorsturen van een enqu\u00eate over moslims naar inlichtingendiensten, wat discriminatie bevordert.","robots":{"index":"index","follow":"follow","max-snippet":"max-snippet:-1","max-image-preview":"max-image-preview:large","max-video-preview":"max-video-preview:-1"},"canonical":"https:\/\/dualar.com\/nl\/2025\/12\/01\/franse-moslimgroep-vraagt-om-onderzoek-naar-bevolkingsregister-gedeeld-met-israel\/","og_locale":"nl_NL","og_type":"article","og_title":"Franse Moslimgroep vraagt om onderzoek naar bevolkingsregister gedeeld met Isra\u00ebl - Dualar.com\/nl","og_description":"De Franse Moslimorganisatie CFCM verzet zich tegen het doorsturen van een enqu\u00eate over moslims naar inlichtingendiensten, wat discriminatie bevordert.","og_url":"https:\/\/dualar.com\/nl\/2025\/12\/01\/franse-moslimgroep-vraagt-om-onderzoek-naar-bevolkingsregister-gedeeld-met-israel\/","og_site_name":"Dualar.com\/nl","article_published_time":"2025-12-01T17:34:33+00:00","article_modified_time":"2025-12-01T17:34:48+00:00","og_image":[{"width":947,"height":596,"url":"https:\/\/dualar.com\/nl\/wp-content\/uploads\/sites\/2\/2025\/12\/Franse-Moslimgroep-vraagt-om-onderzoek-naar-bevolkingsregister-gedeeld-met-Israel.jpg","type":"image\/jpeg"}],"author":"info@blueappleagency.nl","twitter_card":"summary_large_image","twitter_misc":{"Geschreven door":"info@blueappleagency.nl","Geschatte leestijd":"2 minuten"},"schema":{"@context":"https:\/\/schema.org","@graph":[{"@type":"Article","@id":"https:\/\/dualar.com\/nl\/2025\/12\/01\/franse-moslimgroep-vraagt-om-onderzoek-naar-bevolkingsregister-gedeeld-met-israel\/#article","isPartOf":{"@id":"https:\/\/dualar.com\/nl\/2025\/12\/01\/franse-moslimgroep-vraagt-om-onderzoek-naar-bevolkingsregister-gedeeld-met-israel\/"},"author":{"name":"info@blueappleagency.nl","@id":"https:\/\/dualar.com\/nl\/#\/schema\/person\/d920bfed24e7ef4d145c3664464931fd"},"headline":"Franse Moslimgroep vraagt om onderzoek naar bevolkingsregister gedeeld met Isra\u00ebl","datePublished":"2025-12-01T17:34:33+00:00","dateModified":"2025-12-01T17:34:48+00:00","mainEntityOfPage":{"@id":"https:\/\/dualar.com\/nl\/2025\/12\/01\/franse-moslimgroep-vraagt-om-onderzoek-naar-bevolkingsregister-gedeeld-met-israel\/"},"wordCount":427,"commentCount":0,"publisher":{"@id":"https:\/\/dualar.com\/nl\/#organization"},"image":{"@id":"https:\/\/dualar.com\/nl\/2025\/12\/01\/franse-moslimgroep-vraagt-om-onderzoek-naar-bevolkingsregister-gedeeld-met-israel\/#primaryimage"},"thumbnailUrl":"https:\/\/dualar.com\/nl\/wp-content\/uploads\/sites\/2\/2025\/12\/Franse-Moslimgroep-vraagt-om-onderzoek-naar-bevolkingsregister-gedeeld-met-Israel.jpg","keywords":["Bevolkingsregister","Franse Moslimgroep","Isra\u00ebl","onderzoek"],"articleSection":["Mondiaal Moslim Nieuws"],"inLanguage":"nl-NL","potentialAction":[{"@type":"CommentAction","name":"Comment","target":["https:\/\/dualar.com\/nl\/2025\/12\/01\/franse-moslimgroep-vraagt-om-onderzoek-naar-bevolkingsregister-gedeeld-met-israel\/#respond"]}]},{"@type":"WebPage","@id":"https:\/\/dualar.com\/nl\/2025\/12\/01\/franse-moslimgroep-vraagt-om-onderzoek-naar-bevolkingsregister-gedeeld-met-israel\/","url":"https:\/\/dualar.com\/nl\/2025\/12\/01\/franse-moslimgroep-vraagt-om-onderzoek-naar-bevolkingsregister-gedeeld-met-israel\/","name":"Franse Moslimgroep vraagt om onderzoek naar bevolkingsregister gedeeld met Isra\u00ebl - Dualar.com\/nl","isPartOf":{"@id":"https:\/\/dualar.com\/nl\/#website"},"primaryImageOfPage":{"@id":"https:\/\/dualar.com\/nl\/2025\/12\/01\/franse-moslimgroep-vraagt-om-onderzoek-naar-bevolkingsregister-gedeeld-met-israel\/#primaryimage"},"image":{"@id":"https:\/\/dualar.com\/nl\/2025\/12\/01\/franse-moslimgroep-vraagt-om-onderzoek-naar-bevolkingsregister-gedeeld-met-israel\/#primaryimage"},"thumbnailUrl":"https:\/\/dualar.com\/nl\/wp-content\/uploads\/sites\/2\/2025\/12\/Franse-Moslimgroep-vraagt-om-onderzoek-naar-bevolkingsregister-gedeeld-met-Israel.jpg","datePublished":"2025-12-01T17:34:33+00:00","dateModified":"2025-12-01T17:34:48+00:00","description":"De Franse Moslimorganisatie CFCM verzet zich tegen het doorsturen van een enqu\u00eate over moslims naar inlichtingendiensten, wat discriminatie bevordert.","breadcrumb":{"@id":"https:\/\/dualar.com\/nl\/2025\/12\/01\/franse-moslimgroep-vraagt-om-onderzoek-naar-bevolkingsregister-gedeeld-met-israel\/#breadcrumb"},"inLanguage":"nl-NL","potentialAction":[{"@type":"ReadAction","target":["https:\/\/dualar.com\/nl\/2025\/12\/01\/franse-moslimgroep-vraagt-om-onderzoek-naar-bevolkingsregister-gedeeld-met-israel\/"]}]},{"@type":"ImageObject","inLanguage":"nl-NL","@id":"https:\/\/dualar.com\/nl\/2025\/12\/01\/franse-moslimgroep-vraagt-om-onderzoek-naar-bevolkingsregister-gedeeld-met-israel\/#primaryimage","url":"https:\/\/dualar.com\/nl\/wp-content\/uploads\/sites\/2\/2025\/12\/Franse-Moslimgroep-vraagt-om-onderzoek-naar-bevolkingsregister-gedeeld-met-Israel.jpg","contentUrl":"https:\/\/dualar.com\/nl\/wp-content\/uploads\/sites\/2\/2025\/12\/Franse-Moslimgroep-vraagt-om-onderzoek-naar-bevolkingsregister-gedeeld-met-Israel.jpg","width":947,"height":596,"caption":"Franse Moslimgroep vraagt om onderzoek naar bevolkingsregister gedeeld met Isra\u00ebl"},{"@type":"BreadcrumbList","@id":"https:\/\/dualar.com\/nl\/2025\/12\/01\/franse-moslimgroep-vraagt-om-onderzoek-naar-bevolkingsregister-gedeeld-met-israel\/#breadcrumb","itemListElement":[{"@type":"ListItem","position":1,"name":"Home","item":"https:\/\/dualar.com\/nl\/"},{"@type":"ListItem","position":2,"name":"Franse Moslimgroep vraagt om onderzoek naar bevolkingsregister gedeeld met Isra\u00ebl"}]},{"@type":"WebSite","@id":"https:\/\/dualar.com\/nl\/#website","url":"https:\/\/dualar.com\/nl\/","name":"Dualar.com\/nl","description":"Gebeden die u op elk moment inspireren","publisher":{"@id":"https:\/\/dualar.com\/nl\/#organization"},"potentialAction":[{"@type":"SearchAction","target":{"@type":"EntryPoint","urlTemplate":"https:\/\/dualar.com\/nl\/?s={search_term_string}"},"query-input":{"@type":"PropertyValueSpecification","valueRequired":true,"valueName":"search_term_string"}}],"inLanguage":"nl-NL"},{"@type":"Organization","@id":"https:\/\/dualar.com\/nl\/#organization","name":"Dualar.com\/nl","url":"https:\/\/dualar.com\/nl\/","logo":{"@type":"ImageObject","inLanguage":"nl-NL","@id":"https:\/\/dualar.com\/nl\/#\/schema\/logo\/image\/","url":"https:\/\/dualar.com\/nl\/wp-content\/uploads\/sites\/2\/2024\/11\/Her-Aniniza-Ilham-Veren-Dualar-1.png","contentUrl":"https:\/\/dualar.com\/nl\/wp-content\/uploads\/sites\/2\/2024\/11\/Her-Aniniza-Ilham-Veren-Dualar-1.png","width":1000,"height":300,"caption":"Dualar.com\/nl"},"image":{"@id":"https:\/\/dualar.com\/nl\/#\/schema\/logo\/image\/"}},{"@type":"Person","@id":"https:\/\/dualar.com\/nl\/#\/schema\/person\/d920bfed24e7ef4d145c3664464931fd","name":"info@blueappleagency.nl","image":{"@type":"ImageObject","inLanguage":"nl-NL","@id":"https:\/\/dualar.com\/nl\/#\/schema\/person\/image\/","url":"https:\/\/secure.gravatar.com\/avatar\/4bcc94ad74be7f14c7e9a39e3f95a587?s=96&d=mm&r=g","contentUrl":"https:\/\/secure.gravatar.com\/avatar\/4bcc94ad74be7f14c7e9a39e3f95a587?s=96&d=mm&r=g","caption":"info@blueappleagency.nl"},"sameAs":["http:\/\/dualar.com"],"url":"#"}]}},"taxonomy_info":{"category":[{"value":2,"label":"Mondiaal Moslim Nieuws"}],"post_tag":[{"value":178,"label":"Bevolkingsregister"},{"value":3900,"label":"Franse Moslimgroep"},{"value":38,"label":"Isra\u00ebl"},{"value":578,"label":"onderzoek"}]},"featured_image_src_large":["https:\/\/dualar.com\/nl\/wp-content\/uploads\/sites\/2\/2025\/12\/Franse-Moslimgroep-vraagt-om-onderzoek-naar-bevolkingsregister-gedeeld-met-Israel.jpg",947,596,false],"author_info":{"display_name":"info@blueappleagency.nl","author_link":"#"},"comment_info":1,"category_info":[{"term_id":2,"name":"Mondiaal Moslim Nieuws","slug":"mondiaal-moslim-nieuws","term_group":0,"term_taxonomy_id":2,"taxonomy":"category","description":"","parent":0,"count":1312,"filter":"raw","cat_ID":2,"category_count":1312,"category_description":"","cat_name":"Mondiaal Moslim Nieuws","category_nicename":"mondiaal-moslim-nieuws","category_parent":0}],"tag_info":[{"term_id":178,"name":"Bevolkingsregister","slug":"bevolkingsregister","term_group":0,"term_taxonomy_id":178,"taxonomy":"post_tag","description":"","parent":0,"count":2,"filter":"raw"},{"term_id":3900,"name":"Franse Moslimgroep","slug":"franse-moslimgroep","term_group":0,"term_taxonomy_id":3900,"taxonomy":"post_tag","description":"","parent":0,"count":1,"filter":"raw"},{"term_id":38,"name":"Isra\u00ebl","slug":"israel","term_group":0,"term_taxonomy_id":38,"taxonomy":"post_tag","description":"","parent":0,"count":230,"filter":"raw"},{"term_id":578,"name":"onderzoek","slug":"onderzoek","term_group":0,"term_taxonomy_id":578,"taxonomy":"post_tag","description":"","parent":0,"count":10,"filter":"raw"}],"_links":{"self":[{"href":"https:\/\/dualar.com\/nl\/wp-json\/wp\/v2\/posts\/5837","targetHints":{"allow":["GET"]}}],"collection":[{"href":"https:\/\/dualar.com\/nl\/wp-json\/wp\/v2\/posts"}],"about":[{"href":"https:\/\/dualar.com\/nl\/wp-json\/wp\/v2\/types\/post"}],"author":[{"embeddable":true,"href":"https:\/\/dualar.com\/nl\/wp-json\/wp\/v2\/users\/1"}],"replies":[{"embeddable":true,"href":"https:\/\/dualar.com\/nl\/wp-json\/wp\/v2\/comments?post=5837"}],"version-history":[{"count":1,"href":"https:\/\/dualar.com\/nl\/wp-json\/wp\/v2\/posts\/5837\/revisions"}],"predecessor-version":[{"id":5839,"href":"https:\/\/dualar.com\/nl\/wp-json\/wp\/v2\/posts\/5837\/revisions\/5839"}],"wp:featuredmedia":[{"embeddable":true,"href":"https:\/\/dualar.com\/nl\/wp-json\/wp\/v2\/media\/5838"}],"wp:attachment":[{"href":"https:\/\/dualar.com\/nl\/wp-json\/wp\/v2\/media?parent=5837"}],"wp:term":[{"taxonomy":"category","embeddable":true,"href":"https:\/\/dualar.com\/nl\/wp-json\/wp\/v2\/categories?post=5837"},{"taxonomy":"post_tag","embeddable":true,"href":"https:\/\/dualar.com\/nl\/wp-json\/wp\/v2\/tags?post=5837"}],"curies":[{"name":"wp","href":"https:\/\/api.w.org\/{rel}","templated":true}]}}