{"id":6065,"date":"2025-12-21T14:16:14","date_gmt":"2025-12-21T13:16:14","guid":{"rendered":"https:\/\/dualar.com\/nl\/2025\/12\/21\/tucker-carlson-en-steve-bannons-israel-prioriteit-kritiek\/"},"modified":"2025-12-21T14:16:22","modified_gmt":"2025-12-21T13:16:22","slug":"tucker-carlson-en-steve-bannons-israel-prioriteit-kritiek","status":"publish","type":"post","link":"https:\/\/dualar.com\/nl\/2025\/12\/21\/tucker-carlson-en-steve-bannons-israel-prioriteit-kritiek\/","title":{"rendered":"Tucker Carlson en Steve Bannon&#8217;s &#8216;Isra\u00ebl Prioriteit&#8217; Kritiek"},"content":{"rendered":"<div>\n<p><strong>Conservatieve Conventie in de VS Verandert in Chaos: Discussies over Steun voor Isra\u00ebl<\/strong><\/p>\n<p>Een grote conservatieve conventie in de VS is in chaos veranderd door kritiek van prominente figuren binnen de Make America Great Again (MAGA) beweging op de &#8220;Isra\u00ebl Prioriteit&#8221; beleidslijnen. Dit voorval vond plaats tijdens het America Fest evenement, georganiseerd door Turning Point USA. Het evenement is de eerste grote bijeenkomst sinds de dood van oprichter Charlie Kirk eerder dit jaar.<\/p>\n<p><strong>Discussies over Steun voor Isra\u00ebl Groeien<\/strong><\/p>\n<p>De conventie begon donderdag en is nog steeds aan de gang. Er is toenemende spanning tussen rechtse commentatoren en invloedrijke personen over de steun van Amerikanen voor Isra\u00ebl. De populaire pro-Isra\u00ebl podcast-presentator Ben Shapiro heeft voormalig Fox News-presentator Tucker Carlson fel bekritiseerd vanwege een interview met de rechtse influencer Nick Fuentes. Shapiro noemde Carlson&#8217;s beslissing om Fuentes te interviewen &#8220;een daad van morele onwetendheid&#8221; en beschreef Fuentes als &#8220;een Hitler-verdediger, nazi-sympathisant, anti-Amerikaanse rommel&#8221;.<\/p>\n<p><strong>Reactie van Carlson<\/strong><\/p>\n<p>Carlson heeft in zijn eigen toespraak de pogingen veroordeeld om kritische stemmen over Isra\u00ebl de kop in te drukken. &#8220;De meeste Amerikanen hebben meer gemeen met elkaar dan dat ze het niet met elkaar eens zijn,&#8221; zei hij. Carlson sprak ook: &#8220;Als een man een misdaad pleegt, gaan we dan zijn kinderen doden? Het maakt niet uit of het in Minneapolis of in Gaza-Stad is. Nee, dat doen we niet.&#8221;<\/p>\n<ul>\n<li><strong>Critici van Carlson:<\/strong>\n<ul>\n<li>&#8220;God staat niet aan de kant van welk land dan ook.&#8221;<\/li>\n<li>&#8220;Ik ben tegen islamofobie en accepteer het niet.&#8221;<\/li>\n<\/ul>\n<\/li>\n<\/ul>\n<p>Carlson benadrukte dat het verkeerd is om mensen op basis van hun religie aan te vallen en dat dergelijke acties het land verdelen.<\/p>\n<p><strong>Controversi\u00eble Opmerkingen van Bannon<\/strong><\/p>\n<p>Voormalig strategisch adviseur van het Witte Huis, Steve Bannon, heeft de discussies aangewakkerd door te beweren dat Charlie Kirk tegen &#8220;overdreven Isra\u00eblische en Isra\u00ebl-prioriteit&#8221; idee\u00ebn is. Bannon noemde Shapiro &#8220;een kanker&#8221; en zei: &#8220;Deze kanker verspreidt zich.&#8221; Hij voegde eraan toe: &#8220;De nummer \u00e9\u00e9n vijand van de mensen in Isra\u00ebl zijn de Amerikaanse joden die Isra\u00ebl niet steunen.&#8221;<\/p>\n<p><strong>Splitsingen binnen de MAGA Beweging<\/strong><\/p>\n<p>Media-presentator Megan Kelly opmerkte: &#8220;Er was al een splitsing in de MAGA-beweging, zelfs voordat we Charlie verloren, en die splitsing draait om Isra\u00ebl.&#8221;<\/p>\n<p>Erica Kirk, de vrouw van Charlie Kirk en de nieuwe leider van Turning Point, heeft aangekondigd dat ze JD Vance steunt voor het Witte Huis in 2028. Vance zal zondag een toespraak houden op de conferentie.<\/p>\n<p><strong>Conclusie en Gedachten<\/strong><\/p>\n<p>Deze conservatieve conventie in de VS vindt plaats in een omgeving waarin de discussies over Isra\u00ebl intensiveren. Deze situatie wijst op de botsing van verschillende opvattingen binnen de rechtse beweging. Deel uw gedachten en opmerkingen hierover met ons. U kunt ook meer informatie vinden over soortgelijke onderwerpen door de andere berichten van <a href=\"https:\/\/www.middleeasteye.net\">MEE<\/a> te bekijken.<\/p>\n<\/div>\n","protected":false},"excerpt":{"rendered":"<p>De conservatieve conventie in de VS, georganiseerd door Turning Point USA, is in chaos geraakt door interne kritiek op de &#8220;Isra\u00ebl Prioriteit&#8221; beleidslijnen. De spanning groeit tussen rechtse commentatoren, zoals Ben Shapiro, die voormalig Fox News-presentator Tucker Carlson bekritiseerde om zijn interview met Nick Fuentes. Carlson verdedigde zijn standpunt en sprak zich uit tegen geweld op basis van religie. Steve Bannon voegde olie aan het vuur toe door Shapiro een &#8220;kanker&#8221; te noemen en te stellen dat Amerikaanse joden de grootste vijand van Isra\u00ebl zijn. Deze discussies benadrukken de verdeeldheid binnen de MAGA-beweging over het Isra\u00ebl-beleid.<\/p>\n","protected":false},"author":1,"featured_media":6066,"comment_status":"open","ping_status":"open","sticky":false,"template":"","format":"standard","meta":{"_kad_blocks_custom_css":"","_kad_blocks_head_custom_js":"","_kad_blocks_body_custom_js":"","_kad_blocks_footer_custom_js":"","_kadence_starter_templates_imported_post":false,"_kad_post_transparent":"","_kad_post_title":"","_kad_post_layout":"","_kad_post_sidebar_id":"","_kad_post_content_style":"","_kad_post_vertical_padding":"","_kad_post_feature":"","_kad_post_feature_position":"","_kad_post_header":false,"_kad_post_footer":false,"footnotes":""},"categories":[2],"tags":[38,541,37,4029,2041],"class_list":["post-6065","post","type-post","status-publish","format-standard","has-post-thumbnail","hentry","category-mondiaal-moslim-nieuws","tag-israel","tag-kritiek","tag-prioriteit","tag-steve-bannon","tag-tucker-carlson"],"yoast_head":"<!-- This site is optimized with the Yoast SEO plugin v23.9 - https:\/\/yoast.com\/wordpress\/plugins\/seo\/ -->\n<title>Tucker Carlson en Steve Bannon&#039;s &#039;Isra\u00ebl Prioriteit&#039; Kritiek - Dualar.com\/nl<\/title>\n<meta name=\"description\" content=\"Conservatieve conventie in de VS verandert in chaos door kritiek op Isra\u00ebl-steun. Spanningen binnen MAGA-beweging groeien na controversi\u00eble uitspraken.\" \/>\n<meta name=\"robots\" content=\"index, follow, max-snippet:-1, max-image-preview:large, max-video-preview:-1\" \/>\n<link rel=\"canonical\" href=\"https:\/\/dualar.com\/nl\/2025\/12\/21\/tucker-carlson-en-steve-bannons-israel-prioriteit-kritiek\/\" \/>\n<meta property=\"og:locale\" content=\"nl_NL\" \/>\n<meta property=\"og:type\" content=\"article\" \/>\n<meta property=\"og:title\" content=\"Tucker Carlson en Steve Bannon&#039;s &#039;Isra\u00ebl Prioriteit&#039; Kritiek - Dualar.com\/nl\" \/>\n<meta property=\"og:description\" content=\"Conservatieve conventie in de VS verandert in chaos door kritiek op Isra\u00ebl-steun. Spanningen binnen MAGA-beweging groeien na controversi\u00eble uitspraken.\" \/>\n<meta property=\"og:url\" content=\"https:\/\/dualar.com\/nl\/2025\/12\/21\/tucker-carlson-en-steve-bannons-israel-prioriteit-kritiek\/\" \/>\n<meta property=\"og:site_name\" content=\"Dualar.com\/nl\" \/>\n<meta property=\"article:published_time\" content=\"2025-12-21T13:16:14+00:00\" \/>\n<meta property=\"article:modified_time\" content=\"2025-12-21T13:16:22+00:00\" \/>\n<meta property=\"og:image\" content=\"https:\/\/dualar.com\/nl\/wp-content\/uploads\/sites\/2\/2025\/12\/Tucker-Carlson-en-Steve-Bannons-Israel-Prioriteit-Kritiek.jpg\" \/>\n\t<meta property=\"og:image:width\" content=\"1024\" \/>\n\t<meta property=\"og:image:height\" content=\"576\" \/>\n\t<meta property=\"og:image:type\" content=\"image\/jpeg\" \/>\n<meta name=\"author\" content=\"info@blueappleagency.nl\" \/>\n<meta name=\"twitter:card\" content=\"summary_large_image\" \/>\n<meta name=\"twitter:label1\" content=\"Geschreven door\" \/>\n\t<meta name=\"twitter:data1\" content=\"info@blueappleagency.nl\" \/>\n\t<meta name=\"twitter:label2\" content=\"Geschatte leestijd\" \/>\n\t<meta name=\"twitter:data2\" content=\"2 minuten\" \/>\n<script type=\"application\/ld+json\" class=\"yoast-schema-graph\">{\"@context\":\"https:\/\/schema.org\",\"@graph\":[{\"@type\":\"Article\",\"@id\":\"https:\/\/dualar.com\/nl\/2025\/12\/21\/tucker-carlson-en-steve-bannons-israel-prioriteit-kritiek\/#article\",\"isPartOf\":{\"@id\":\"https:\/\/dualar.com\/nl\/2025\/12\/21\/tucker-carlson-en-steve-bannons-israel-prioriteit-kritiek\/\"},\"author\":{\"name\":\"info@blueappleagency.nl\",\"@id\":\"https:\/\/dualar.com\/nl\/#\/schema\/person\/d920bfed24e7ef4d145c3664464931fd\"},\"headline\":\"Tucker Carlson en Steve Bannon&#8217;s &#8216;Isra\u00ebl Prioriteit&#8217; Kritiek\",\"datePublished\":\"2025-12-21T13:16:14+00:00\",\"dateModified\":\"2025-12-21T13:16:22+00:00\",\"mainEntityOfPage\":{\"@id\":\"https:\/\/dualar.com\/nl\/2025\/12\/21\/tucker-carlson-en-steve-bannons-israel-prioriteit-kritiek\/\"},\"wordCount\":478,\"commentCount\":0,\"publisher\":{\"@id\":\"https:\/\/dualar.com\/nl\/#organization\"},\"image\":{\"@id\":\"https:\/\/dualar.com\/nl\/2025\/12\/21\/tucker-carlson-en-steve-bannons-israel-prioriteit-kritiek\/#primaryimage\"},\"thumbnailUrl\":\"https:\/\/dualar.com\/nl\/wp-content\/uploads\/sites\/2\/2025\/12\/Tucker-Carlson-en-Steve-Bannons-Israel-Prioriteit-Kritiek.jpg\",\"keywords\":[\"Isra\u00ebl\",\"kritiek\",\"prioriteit\",\"Steve Bannon\",\"Tucker Carlson\"],\"articleSection\":[\"Mondiaal Moslim Nieuws\"],\"inLanguage\":\"nl-NL\",\"potentialAction\":[{\"@type\":\"CommentAction\",\"name\":\"Comment\",\"target\":[\"https:\/\/dualar.com\/nl\/2025\/12\/21\/tucker-carlson-en-steve-bannons-israel-prioriteit-kritiek\/#respond\"]}]},{\"@type\":\"WebPage\",\"@id\":\"https:\/\/dualar.com\/nl\/2025\/12\/21\/tucker-carlson-en-steve-bannons-israel-prioriteit-kritiek\/\",\"url\":\"https:\/\/dualar.com\/nl\/2025\/12\/21\/tucker-carlson-en-steve-bannons-israel-prioriteit-kritiek\/\",\"name\":\"Tucker Carlson en Steve Bannon's 'Isra\u00ebl Prioriteit' Kritiek - Dualar.com\/nl\",\"isPartOf\":{\"@id\":\"https:\/\/dualar.com\/nl\/#website\"},\"primaryImageOfPage\":{\"@id\":\"https:\/\/dualar.com\/nl\/2025\/12\/21\/tucker-carlson-en-steve-bannons-israel-prioriteit-kritiek\/#primaryimage\"},\"image\":{\"@id\":\"https:\/\/dualar.com\/nl\/2025\/12\/21\/tucker-carlson-en-steve-bannons-israel-prioriteit-kritiek\/#primaryimage\"},\"thumbnailUrl\":\"https:\/\/dualar.com\/nl\/wp-content\/uploads\/sites\/2\/2025\/12\/Tucker-Carlson-en-Steve-Bannons-Israel-Prioriteit-Kritiek.jpg\",\"datePublished\":\"2025-12-21T13:16:14+00:00\",\"dateModified\":\"2025-12-21T13:16:22+00:00\",\"description\":\"Conservatieve conventie in de VS verandert in chaos door kritiek op Isra\u00ebl-steun. Spanningen binnen MAGA-beweging groeien na controversi\u00eble uitspraken.\",\"breadcrumb\":{\"@id\":\"https:\/\/dualar.com\/nl\/2025\/12\/21\/tucker-carlson-en-steve-bannons-israel-prioriteit-kritiek\/#breadcrumb\"},\"inLanguage\":\"nl-NL\",\"potentialAction\":[{\"@type\":\"ReadAction\",\"target\":[\"https:\/\/dualar.com\/nl\/2025\/12\/21\/tucker-carlson-en-steve-bannons-israel-prioriteit-kritiek\/\"]}]},{\"@type\":\"ImageObject\",\"inLanguage\":\"nl-NL\",\"@id\":\"https:\/\/dualar.com\/nl\/2025\/12\/21\/tucker-carlson-en-steve-bannons-israel-prioriteit-kritiek\/#primaryimage\",\"url\":\"https:\/\/dualar.com\/nl\/wp-content\/uploads\/sites\/2\/2025\/12\/Tucker-Carlson-en-Steve-Bannons-Israel-Prioriteit-Kritiek.jpg\",\"contentUrl\":\"https:\/\/dualar.com\/nl\/wp-content\/uploads\/sites\/2\/2025\/12\/Tucker-Carlson-en-Steve-Bannons-Israel-Prioriteit-Kritiek.jpg\",\"width\":1024,\"height\":576,\"caption\":\"Tucker Carlson en Steve Bannon's 'Isra\u00ebl Prioriteit' Kritiek\"},{\"@type\":\"BreadcrumbList\",\"@id\":\"https:\/\/dualar.com\/nl\/2025\/12\/21\/tucker-carlson-en-steve-bannons-israel-prioriteit-kritiek\/#breadcrumb\",\"itemListElement\":[{\"@type\":\"ListItem\",\"position\":1,\"name\":\"Home\",\"item\":\"https:\/\/dualar.com\/nl\/\"},{\"@type\":\"ListItem\",\"position\":2,\"name\":\"Tucker Carlson en Steve Bannon&#8217;s &#8216;Isra\u00ebl Prioriteit&#8217; Kritiek\"}]},{\"@type\":\"WebSite\",\"@id\":\"https:\/\/dualar.com\/nl\/#website\",\"url\":\"https:\/\/dualar.com\/nl\/\",\"name\":\"Dualar.com\/nl\",\"description\":\"Gebeden die u op elk moment inspireren\",\"publisher\":{\"@id\":\"https:\/\/dualar.com\/nl\/#organization\"},\"potentialAction\":[{\"@type\":\"SearchAction\",\"target\":{\"@type\":\"EntryPoint\",\"urlTemplate\":\"https:\/\/dualar.com\/nl\/?s={search_term_string}\"},\"query-input\":{\"@type\":\"PropertyValueSpecification\",\"valueRequired\":true,\"valueName\":\"search_term_string\"}}],\"inLanguage\":\"nl-NL\"},{\"@type\":\"Organization\",\"@id\":\"https:\/\/dualar.com\/nl\/#organization\",\"name\":\"Dualar.com\/nl\",\"url\":\"https:\/\/dualar.com\/nl\/\",\"logo\":{\"@type\":\"ImageObject\",\"inLanguage\":\"nl-NL\",\"@id\":\"https:\/\/dualar.com\/nl\/#\/schema\/logo\/image\/\",\"url\":\"https:\/\/dualar.com\/nl\/wp-content\/uploads\/sites\/2\/2024\/11\/Her-Aniniza-Ilham-Veren-Dualar-1.png\",\"contentUrl\":\"https:\/\/dualar.com\/nl\/wp-content\/uploads\/sites\/2\/2024\/11\/Her-Aniniza-Ilham-Veren-Dualar-1.png\",\"width\":1000,\"height\":300,\"caption\":\"Dualar.com\/nl\"},\"image\":{\"@id\":\"https:\/\/dualar.com\/nl\/#\/schema\/logo\/image\/\"}},{\"@type\":\"Person\",\"@id\":\"https:\/\/dualar.com\/nl\/#\/schema\/person\/d920bfed24e7ef4d145c3664464931fd\",\"name\":\"info@blueappleagency.nl\",\"image\":{\"@type\":\"ImageObject\",\"inLanguage\":\"nl-NL\",\"@id\":\"https:\/\/dualar.com\/nl\/#\/schema\/person\/image\/\",\"url\":\"https:\/\/secure.gravatar.com\/avatar\/4bcc94ad74be7f14c7e9a39e3f95a587?s=96&d=mm&r=g\",\"contentUrl\":\"https:\/\/secure.gravatar.com\/avatar\/4bcc94ad74be7f14c7e9a39e3f95a587?s=96&d=mm&r=g\",\"caption\":\"info@blueappleagency.nl\"},\"sameAs\":[\"http:\/\/dualar.com\"],\"url\":\"#\"}]}<\/script>\n<!-- \/ Yoast SEO plugin. -->","yoast_head_json":{"title":"Tucker Carlson en Steve Bannon's 'Isra\u00ebl Prioriteit' Kritiek - Dualar.com\/nl","description":"Conservatieve conventie in de VS verandert in chaos door kritiek op Isra\u00ebl-steun. Spanningen binnen MAGA-beweging groeien na controversi\u00eble uitspraken.","robots":{"index":"index","follow":"follow","max-snippet":"max-snippet:-1","max-image-preview":"max-image-preview:large","max-video-preview":"max-video-preview:-1"},"canonical":"https:\/\/dualar.com\/nl\/2025\/12\/21\/tucker-carlson-en-steve-bannons-israel-prioriteit-kritiek\/","og_locale":"nl_NL","og_type":"article","og_title":"Tucker Carlson en Steve Bannon's 'Isra\u00ebl Prioriteit' Kritiek - Dualar.com\/nl","og_description":"Conservatieve conventie in de VS verandert in chaos door kritiek op Isra\u00ebl-steun. Spanningen binnen MAGA-beweging groeien na controversi\u00eble uitspraken.","og_url":"https:\/\/dualar.com\/nl\/2025\/12\/21\/tucker-carlson-en-steve-bannons-israel-prioriteit-kritiek\/","og_site_name":"Dualar.com\/nl","article_published_time":"2025-12-21T13:16:14+00:00","article_modified_time":"2025-12-21T13:16:22+00:00","og_image":[{"width":1024,"height":576,"url":"https:\/\/dualar.com\/nl\/wp-content\/uploads\/sites\/2\/2025\/12\/Tucker-Carlson-en-Steve-Bannons-Israel-Prioriteit-Kritiek.jpg","type":"image\/jpeg"}],"author":"info@blueappleagency.nl","twitter_card":"summary_large_image","twitter_misc":{"Geschreven door":"info@blueappleagency.nl","Geschatte leestijd":"2 minuten"},"schema":{"@context":"https:\/\/schema.org","@graph":[{"@type":"Article","@id":"https:\/\/dualar.com\/nl\/2025\/12\/21\/tucker-carlson-en-steve-bannons-israel-prioriteit-kritiek\/#article","isPartOf":{"@id":"https:\/\/dualar.com\/nl\/2025\/12\/21\/tucker-carlson-en-steve-bannons-israel-prioriteit-kritiek\/"},"author":{"name":"info@blueappleagency.nl","@id":"https:\/\/dualar.com\/nl\/#\/schema\/person\/d920bfed24e7ef4d145c3664464931fd"},"headline":"Tucker Carlson en Steve Bannon&#8217;s &#8216;Isra\u00ebl Prioriteit&#8217; Kritiek","datePublished":"2025-12-21T13:16:14+00:00","dateModified":"2025-12-21T13:16:22+00:00","mainEntityOfPage":{"@id":"https:\/\/dualar.com\/nl\/2025\/12\/21\/tucker-carlson-en-steve-bannons-israel-prioriteit-kritiek\/"},"wordCount":478,"commentCount":0,"publisher":{"@id":"https:\/\/dualar.com\/nl\/#organization"},"image":{"@id":"https:\/\/dualar.com\/nl\/2025\/12\/21\/tucker-carlson-en-steve-bannons-israel-prioriteit-kritiek\/#primaryimage"},"thumbnailUrl":"https:\/\/dualar.com\/nl\/wp-content\/uploads\/sites\/2\/2025\/12\/Tucker-Carlson-en-Steve-Bannons-Israel-Prioriteit-Kritiek.jpg","keywords":["Isra\u00ebl","kritiek","prioriteit","Steve Bannon","Tucker Carlson"],"articleSection":["Mondiaal Moslim Nieuws"],"inLanguage":"nl-NL","potentialAction":[{"@type":"CommentAction","name":"Comment","target":["https:\/\/dualar.com\/nl\/2025\/12\/21\/tucker-carlson-en-steve-bannons-israel-prioriteit-kritiek\/#respond"]}]},{"@type":"WebPage","@id":"https:\/\/dualar.com\/nl\/2025\/12\/21\/tucker-carlson-en-steve-bannons-israel-prioriteit-kritiek\/","url":"https:\/\/dualar.com\/nl\/2025\/12\/21\/tucker-carlson-en-steve-bannons-israel-prioriteit-kritiek\/","name":"Tucker Carlson en Steve Bannon's 'Isra\u00ebl Prioriteit' Kritiek - Dualar.com\/nl","isPartOf":{"@id":"https:\/\/dualar.com\/nl\/#website"},"primaryImageOfPage":{"@id":"https:\/\/dualar.com\/nl\/2025\/12\/21\/tucker-carlson-en-steve-bannons-israel-prioriteit-kritiek\/#primaryimage"},"image":{"@id":"https:\/\/dualar.com\/nl\/2025\/12\/21\/tucker-carlson-en-steve-bannons-israel-prioriteit-kritiek\/#primaryimage"},"thumbnailUrl":"https:\/\/dualar.com\/nl\/wp-content\/uploads\/sites\/2\/2025\/12\/Tucker-Carlson-en-Steve-Bannons-Israel-Prioriteit-Kritiek.jpg","datePublished":"2025-12-21T13:16:14+00:00","dateModified":"2025-12-21T13:16:22+00:00","description":"Conservatieve conventie in de VS verandert in chaos door kritiek op Isra\u00ebl-steun. Spanningen binnen MAGA-beweging groeien na controversi\u00eble uitspraken.","breadcrumb":{"@id":"https:\/\/dualar.com\/nl\/2025\/12\/21\/tucker-carlson-en-steve-bannons-israel-prioriteit-kritiek\/#breadcrumb"},"inLanguage":"nl-NL","potentialAction":[{"@type":"ReadAction","target":["https:\/\/dualar.com\/nl\/2025\/12\/21\/tucker-carlson-en-steve-bannons-israel-prioriteit-kritiek\/"]}]},{"@type":"ImageObject","inLanguage":"nl-NL","@id":"https:\/\/dualar.com\/nl\/2025\/12\/21\/tucker-carlson-en-steve-bannons-israel-prioriteit-kritiek\/#primaryimage","url":"https:\/\/dualar.com\/nl\/wp-content\/uploads\/sites\/2\/2025\/12\/Tucker-Carlson-en-Steve-Bannons-Israel-Prioriteit-Kritiek.jpg","contentUrl":"https:\/\/dualar.com\/nl\/wp-content\/uploads\/sites\/2\/2025\/12\/Tucker-Carlson-en-Steve-Bannons-Israel-Prioriteit-Kritiek.jpg","width":1024,"height":576,"caption":"Tucker Carlson en Steve Bannon's 'Isra\u00ebl Prioriteit' Kritiek"},{"@type":"BreadcrumbList","@id":"https:\/\/dualar.com\/nl\/2025\/12\/21\/tucker-carlson-en-steve-bannons-israel-prioriteit-kritiek\/#breadcrumb","itemListElement":[{"@type":"ListItem","position":1,"name":"Home","item":"https:\/\/dualar.com\/nl\/"},{"@type":"ListItem","position":2,"name":"Tucker Carlson en Steve Bannon&#8217;s &#8216;Isra\u00ebl Prioriteit&#8217; Kritiek"}]},{"@type":"WebSite","@id":"https:\/\/dualar.com\/nl\/#website","url":"https:\/\/dualar.com\/nl\/","name":"Dualar.com\/nl","description":"Gebeden die u op elk moment inspireren","publisher":{"@id":"https:\/\/dualar.com\/nl\/#organization"},"potentialAction":[{"@type":"SearchAction","target":{"@type":"EntryPoint","urlTemplate":"https:\/\/dualar.com\/nl\/?s={search_term_string}"},"query-input":{"@type":"PropertyValueSpecification","valueRequired":true,"valueName":"search_term_string"}}],"inLanguage":"nl-NL"},{"@type":"Organization","@id":"https:\/\/dualar.com\/nl\/#organization","name":"Dualar.com\/nl","url":"https:\/\/dualar.com\/nl\/","logo":{"@type":"ImageObject","inLanguage":"nl-NL","@id":"https:\/\/dualar.com\/nl\/#\/schema\/logo\/image\/","url":"https:\/\/dualar.com\/nl\/wp-content\/uploads\/sites\/2\/2024\/11\/Her-Aniniza-Ilham-Veren-Dualar-1.png","contentUrl":"https:\/\/dualar.com\/nl\/wp-content\/uploads\/sites\/2\/2024\/11\/Her-Aniniza-Ilham-Veren-Dualar-1.png","width":1000,"height":300,"caption":"Dualar.com\/nl"},"image":{"@id":"https:\/\/dualar.com\/nl\/#\/schema\/logo\/image\/"}},{"@type":"Person","@id":"https:\/\/dualar.com\/nl\/#\/schema\/person\/d920bfed24e7ef4d145c3664464931fd","name":"info@blueappleagency.nl","image":{"@type":"ImageObject","inLanguage":"nl-NL","@id":"https:\/\/dualar.com\/nl\/#\/schema\/person\/image\/","url":"https:\/\/secure.gravatar.com\/avatar\/4bcc94ad74be7f14c7e9a39e3f95a587?s=96&d=mm&r=g","contentUrl":"https:\/\/secure.gravatar.com\/avatar\/4bcc94ad74be7f14c7e9a39e3f95a587?s=96&d=mm&r=g","caption":"info@blueappleagency.nl"},"sameAs":["http:\/\/dualar.com"],"url":"#"}]}},"taxonomy_info":{"category":[{"value":2,"label":"Mondiaal Moslim Nieuws"}],"post_tag":[{"value":38,"label":"Isra\u00ebl"},{"value":541,"label":"kritiek"},{"value":37,"label":"prioriteit"},{"value":4029,"label":"Steve Bannon"},{"value":2041,"label":"Tucker Carlson"}]},"featured_image_src_large":["https:\/\/dualar.com\/nl\/wp-content\/uploads\/sites\/2\/2025\/12\/Tucker-Carlson-en-Steve-Bannons-Israel-Prioriteit-Kritiek.jpg",1024,576,false],"author_info":{"display_name":"info@blueappleagency.nl","author_link":"#"},"comment_info":0,"category_info":[{"term_id":2,"name":"Mondiaal Moslim Nieuws","slug":"mondiaal-moslim-nieuws","term_group":0,"term_taxonomy_id":2,"taxonomy":"category","description":"","parent":0,"count":1312,"filter":"raw","cat_ID":2,"category_count":1312,"category_description":"","cat_name":"Mondiaal Moslim Nieuws","category_nicename":"mondiaal-moslim-nieuws","category_parent":0}],"tag_info":[{"term_id":38,"name":"Isra\u00ebl","slug":"israel","term_group":0,"term_taxonomy_id":38,"taxonomy":"post_tag","description":"","parent":0,"count":230,"filter":"raw"},{"term_id":541,"name":"kritiek","slug":"kritiek","term_group":0,"term_taxonomy_id":541,"taxonomy":"post_tag","description":"","parent":0,"count":12,"filter":"raw"},{"term_id":37,"name":"prioriteit","slug":"prioriteit","term_group":0,"term_taxonomy_id":37,"taxonomy":"post_tag","description":"","parent":0,"count":4,"filter":"raw"},{"term_id":4029,"name":"Steve Bannon","slug":"steve-bannon","term_group":0,"term_taxonomy_id":4029,"taxonomy":"post_tag","description":"","parent":0,"count":1,"filter":"raw"},{"term_id":2041,"name":"Tucker Carlson","slug":"tucker-carlson","term_group":0,"term_taxonomy_id":2041,"taxonomy":"post_tag","description":"","parent":0,"count":5,"filter":"raw"}],"_links":{"self":[{"href":"https:\/\/dualar.com\/nl\/wp-json\/wp\/v2\/posts\/6065","targetHints":{"allow":["GET"]}}],"collection":[{"href":"https:\/\/dualar.com\/nl\/wp-json\/wp\/v2\/posts"}],"about":[{"href":"https:\/\/dualar.com\/nl\/wp-json\/wp\/v2\/types\/post"}],"author":[{"embeddable":true,"href":"https:\/\/dualar.com\/nl\/wp-json\/wp\/v2\/users\/1"}],"replies":[{"embeddable":true,"href":"https:\/\/dualar.com\/nl\/wp-json\/wp\/v2\/comments?post=6065"}],"version-history":[{"count":1,"href":"https:\/\/dualar.com\/nl\/wp-json\/wp\/v2\/posts\/6065\/revisions"}],"predecessor-version":[{"id":6067,"href":"https:\/\/dualar.com\/nl\/wp-json\/wp\/v2\/posts\/6065\/revisions\/6067"}],"wp:featuredmedia":[{"embeddable":true,"href":"https:\/\/dualar.com\/nl\/wp-json\/wp\/v2\/media\/6066"}],"wp:attachment":[{"href":"https:\/\/dualar.com\/nl\/wp-json\/wp\/v2\/media?parent=6065"}],"wp:term":[{"taxonomy":"category","embeddable":true,"href":"https:\/\/dualar.com\/nl\/wp-json\/wp\/v2\/categories?post=6065"},{"taxonomy":"post_tag","embeddable":true,"href":"https:\/\/dualar.com\/nl\/wp-json\/wp\/v2\/tags?post=6065"}],"curies":[{"name":"wp","href":"https:\/\/api.w.org\/{rel}","templated":true}]}}