{"id":6326,"date":"2026-01-23T22:39:19","date_gmt":"2026-01-23T21:39:19","guid":{"rendered":"https:\/\/dualar.com\/nl\/2026\/01\/23\/vooruitstrevende-saoedische-academicus-beschuldigt-de-vae-van-trojaans-paard\/"},"modified":"2026-01-23T22:39:27","modified_gmt":"2026-01-23T21:39:27","slug":"vooruitstrevende-saoedische-academicus-beschuldigt-de-vae-van-trojaans-paard","status":"publish","type":"post","link":"https:\/\/dualar.com\/nl\/2026\/01\/23\/vooruitstrevende-saoedische-academicus-beschuldigt-de-vae-van-trojaans-paard\/","title":{"rendered":"Vooruitstrevende Saoedische academicus beschuldigt de VAE van &#8216;Trojaans paard&#8217;"},"content":{"rendered":"<div>\n<h3>Saudi Onderzoeker Verbindt VAE met Zionisme<\/h3>\n<p>Een vooraanstaande academicus uit Saoedi-Arabi\u00eb heeft beweerd dat de Verenigde Arabische Emiraten (VAE) &#8220;in de klauwen van het zionisme zijn gevallen&#8221; en dat het als &#8220;een Trojaans paard van Isra\u00ebl in de Arabische wereld&#8221; fungeert om Saoedi-Arabi\u00eb te verzwakken. Deze beweringen over de <strong>spanning tussen VAE en Saoedi-Arabi\u00eb<\/strong> verschenen in een artikel van Ahmed bin Othman al-Tuwaijri in de Al Jazirah krant.<\/p>\n<h4>Beschuldigingen van de VAE Tegen Saoedi-Arabi\u00eb<\/h4>\n<p>Al-Tuwaijri merkte op dat de leiders in Abu Dhabi &#8220;verblind zijn door haat en jaloezie&#8221; en zich tegen Saoedi-Arabi\u00eb hebben gekeerd. Dit staat in contrast met de steun die Saoedi-Arabi\u00eb hen jarenlang heeft geboden. Tuwaijri, voormalige decaan van de King Saud Universiteit en lid van de Shura Raad, bekritiseerde Abu Dhabi en benadrukte dat het emiraat &#8220;vijandige plannen onder het mom van diplomatie&#8221; nastreeft en vele pogingen heeft ondernomen om de regio te destabiliseren.<\/p>\n<h4>Opkomende Relaties van de VAE<\/h4>\n<p>Tuwaijri verklaarde dat de VAE, onder leiding van Mohammed bin Zayed, de kroonprins van Abu Dhabi, samenwerkt met Isra\u00ebl op een manier die de Arabische belangen schaadt en dat er sprake is van &#8220;een loyaliteitsoverdracht van Arabische en islamitische solidariteit naar externe invloeden&#8221;.<\/p>\n<p>In dit verband beweerde hij dat de VAE militaire en inlichtingen samenwerking met Isra\u00ebl heeft, de operaties in Gaza ondersteunt en zijn militaire bases in de Rode Zee en de Hoorn van Afrika gebruikt om aanvallen op Palestijnse &#8220;verzetsgroepen&#8221; te vergemakkelijken.<\/p>\n<h4>Jemen en Chaos<\/h4>\n<p>Tuwaijri gebruikte de situatie in Jemen als voorbeeld en beweerde dat Abu Dhabi groepen steunt die rechtstreeks de internationaal erkende regering van het land in het zuiden uitdagen. Vorige maand veroverden strijders verbonden aan de afscheidingsbeweging Zuidelijke Overgangsraad (STC) steden, militaire bases en havens die toebehoren aan de door Saoedi-Arabi\u00eb gesteunde Jemenitische regering.<\/p>\n<p>Hij zei dat de VAE bijdraagt aan de fragmentatie in Libi\u00eb en het land probeert te verdelen door &#8220;geld en wapens&#8221; te geven aan groepen in het oosten. Hij verklaarde ook dat ze de Rapid Support Forces (RSF) in Soedan financieren om chaos te zaaien.<\/p>\n<h4>Noord-Afrika en Egypte<\/h4>\n<p>Tuwaijri beweerde dat de VAE &#8220;als een plaag in Tunis is binnengedrongen&#8221; en de zoektocht naar vrijheid en gerechtigheid in Tunis na de Arabische Lente in 2011 heeft ondermijnd. In Egypte gebruikte de VAE zijn financi\u00eble macht om belangrijke sectoren te domineren en het besluitvormingsproces te be\u00efnvloeden.<\/p>\n<h4>Spanning Tussen Saoedi-Arabi\u00eb en de VAE<\/h4>\n<p>De spanning tussen Saoedi-Arabi\u00eb en de VAE bestaat al jaren, maar is vorig jaar na het bezoek van prins Mohammed bin Salman aan Washington toegenomen. Riyad bekritiseerde de steun van de VAE aan de RSF en heeft zijn militaire acties in Soedan opgevoerd. Saoedi-Arabi\u00eb steunt samen met Egypte en Turkije de Soedanese strijdkrachten tegen de door de VAE gesteunde RSF.<\/p>\n<h4>Conclusie en Uitnodiging aan de Lezers<\/h4>\n<p>Deze spanning tussen de VAE en Saoedi-Arabi\u00eb verspreidt zich ook buiten de Arabische wereld. Terwijl Saoedi-Arabi\u00eb stappen onderneemt om militaire partnerschappen met Pakistan op te bouwen, ontwikkelt de VAE nauwere relaties met India. Dit heeft een aanzienlijke impact op de machtsverhoudingen en internationale betrekkingen in de regio.<\/p>\n<p>Lezers kunnen hun gedachten over dit onderwerp delen of meer informatie over deze kwestie vinden in relevante artikelen.<\/p>\n<\/div>\n","protected":false},"excerpt":{"rendered":"<p>Een Saoedische academicus, Ahmed bin Othman al-Tuwaijri, heeft in Al Jazirah gesteld dat de VAE &#8220;in de klauwen van het zionisme&#8221; zijn gevallen en fungeren als &#8220;een Trojaans paard van Isra\u00ebl&#8221; om Saoedi-Arabi\u00eb te verzwakken. Hij bekritiseert de VAE-leiders voor hun vijandige plannen en samenwerking met Isra\u00ebl, die de Arabische belangen schaadt. Al-Tuwaijri wijst op de chaos in Jemen, waar de VAE groepen steunt die de Jemenitische regering ondermijnen, en hun invloed in Noord-Afrika en Egypte. De spanningen tussen de VAE en Saoedi-Arabi\u00eb nemen toe, vooral na het bezoek van prins Mohammed bin Salman aan Washington.<\/p>\n","protected":false},"author":1,"featured_media":6327,"comment_status":"open","ping_status":"open","sticky":false,"template":"","format":"standard","meta":{"_kad_blocks_custom_css":"","_kad_blocks_head_custom_js":"","_kad_blocks_body_custom_js":"","_kad_blocks_footer_custom_js":"","_kadence_starter_templates_imported_post":false,"_kad_post_transparent":"","_kad_post_title":"","_kad_post_layout":"","_kad_post_sidebar_id":"","_kad_post_content_style":"","_kad_post_vertical_padding":"","_kad_post_feature":"","_kad_post_feature_position":"","_kad_post_header":false,"_kad_post_footer":false,"footnotes":""},"categories":[2],"tags":[4215,2913,777,4216,773,4214],"class_list":["post-6326","post","type-post","status-publish","format-standard","has-post-thumbnail","hentry","category-mondiaal-moslim-nieuws","tag-academicus","tag-beschuldigt","tag-saoedische","tag-trojaans-paard","tag-vae","tag-vooruitstrevende"],"yoast_head":"<!-- This site is optimized with the Yoast SEO plugin v23.9 - https:\/\/yoast.com\/wordpress\/plugins\/seo\/ -->\n<title>Vooruitstrevende Saoedische academicus beschuldigt de VAE van &#039;Trojaans paard&#039; - Dualar.com\/nl<\/title>\n<meta name=\"description\" content=\"Saoedische academicus beschuldigt VAE van zionistische banden en destabilisatie van de regio, wat spanningen met Saoedi-Arabi\u00eb vergroot.\" \/>\n<meta name=\"robots\" content=\"index, follow, max-snippet:-1, max-image-preview:large, max-video-preview:-1\" \/>\n<link rel=\"canonical\" href=\"https:\/\/dualar.com\/nl\/2026\/01\/23\/vooruitstrevende-saoedische-academicus-beschuldigt-de-vae-van-trojaans-paard\/\" \/>\n<meta property=\"og:locale\" content=\"nl_NL\" \/>\n<meta property=\"og:type\" content=\"article\" \/>\n<meta property=\"og:title\" content=\"Vooruitstrevende Saoedische academicus beschuldigt de VAE van &#039;Trojaans paard&#039; - Dualar.com\/nl\" \/>\n<meta property=\"og:description\" content=\"Saoedische academicus beschuldigt VAE van zionistische banden en destabilisatie van de regio, wat spanningen met Saoedi-Arabi\u00eb vergroot.\" \/>\n<meta property=\"og:url\" content=\"https:\/\/dualar.com\/nl\/2026\/01\/23\/vooruitstrevende-saoedische-academicus-beschuldigt-de-vae-van-trojaans-paard\/\" \/>\n<meta property=\"og:site_name\" content=\"Dualar.com\/nl\" \/>\n<meta property=\"article:published_time\" content=\"2026-01-23T21:39:19+00:00\" \/>\n<meta property=\"article:modified_time\" content=\"2026-01-23T21:39:27+00:00\" \/>\n<meta property=\"og:image\" content=\"https:\/\/dualar.com\/nl\/wp-content\/uploads\/sites\/2\/2026\/01\/Vooruitstrevende-Saoedische-academicus-beschuldigt-de-VAE-van-Trojaans-paard.jpg\" \/>\n\t<meta property=\"og:image:width\" content=\"1361\" \/>\n\t<meta property=\"og:image:height\" content=\"766\" \/>\n\t<meta property=\"og:image:type\" content=\"image\/jpeg\" \/>\n<meta name=\"author\" content=\"info@blueappleagency.nl\" \/>\n<meta name=\"twitter:card\" content=\"summary_large_image\" \/>\n<meta name=\"twitter:label1\" content=\"Geschreven door\" \/>\n\t<meta name=\"twitter:data1\" content=\"info@blueappleagency.nl\" \/>\n\t<meta name=\"twitter:label2\" content=\"Geschatte leestijd\" \/>\n\t<meta name=\"twitter:data2\" content=\"3 minuten\" \/>\n<script type=\"application\/ld+json\" class=\"yoast-schema-graph\">{\"@context\":\"https:\/\/schema.org\",\"@graph\":[{\"@type\":\"Article\",\"@id\":\"https:\/\/dualar.com\/nl\/2026\/01\/23\/vooruitstrevende-saoedische-academicus-beschuldigt-de-vae-van-trojaans-paard\/#article\",\"isPartOf\":{\"@id\":\"https:\/\/dualar.com\/nl\/2026\/01\/23\/vooruitstrevende-saoedische-academicus-beschuldigt-de-vae-van-trojaans-paard\/\"},\"author\":{\"name\":\"info@blueappleagency.nl\",\"@id\":\"https:\/\/dualar.com\/nl\/#\/schema\/person\/d920bfed24e7ef4d145c3664464931fd\"},\"headline\":\"Vooruitstrevende Saoedische academicus beschuldigt de VAE van &#8216;Trojaans paard&#8217;\",\"datePublished\":\"2026-01-23T21:39:19+00:00\",\"dateModified\":\"2026-01-23T21:39:27+00:00\",\"mainEntityOfPage\":{\"@id\":\"https:\/\/dualar.com\/nl\/2026\/01\/23\/vooruitstrevende-saoedische-academicus-beschuldigt-de-vae-van-trojaans-paard\/\"},\"wordCount\":538,\"commentCount\":0,\"publisher\":{\"@id\":\"https:\/\/dualar.com\/nl\/#organization\"},\"image\":{\"@id\":\"https:\/\/dualar.com\/nl\/2026\/01\/23\/vooruitstrevende-saoedische-academicus-beschuldigt-de-vae-van-trojaans-paard\/#primaryimage\"},\"thumbnailUrl\":\"https:\/\/dualar.com\/nl\/wp-content\/uploads\/sites\/2\/2026\/01\/Vooruitstrevende-Saoedische-academicus-beschuldigt-de-VAE-van-Trojaans-paard.jpg\",\"keywords\":[\"academicus\",\"beschuldigt\",\"Saoedische\",\"Trojaans paard\",\"VAE\",\"Vooruitstrevende\"],\"articleSection\":[\"Mondiaal Moslim Nieuws\"],\"inLanguage\":\"nl-NL\",\"potentialAction\":[{\"@type\":\"CommentAction\",\"name\":\"Comment\",\"target\":[\"https:\/\/dualar.com\/nl\/2026\/01\/23\/vooruitstrevende-saoedische-academicus-beschuldigt-de-vae-van-trojaans-paard\/#respond\"]}]},{\"@type\":\"WebPage\",\"@id\":\"https:\/\/dualar.com\/nl\/2026\/01\/23\/vooruitstrevende-saoedische-academicus-beschuldigt-de-vae-van-trojaans-paard\/\",\"url\":\"https:\/\/dualar.com\/nl\/2026\/01\/23\/vooruitstrevende-saoedische-academicus-beschuldigt-de-vae-van-trojaans-paard\/\",\"name\":\"Vooruitstrevende Saoedische academicus beschuldigt de VAE van 'Trojaans paard' - Dualar.com\/nl\",\"isPartOf\":{\"@id\":\"https:\/\/dualar.com\/nl\/#website\"},\"primaryImageOfPage\":{\"@id\":\"https:\/\/dualar.com\/nl\/2026\/01\/23\/vooruitstrevende-saoedische-academicus-beschuldigt-de-vae-van-trojaans-paard\/#primaryimage\"},\"image\":{\"@id\":\"https:\/\/dualar.com\/nl\/2026\/01\/23\/vooruitstrevende-saoedische-academicus-beschuldigt-de-vae-van-trojaans-paard\/#primaryimage\"},\"thumbnailUrl\":\"https:\/\/dualar.com\/nl\/wp-content\/uploads\/sites\/2\/2026\/01\/Vooruitstrevende-Saoedische-academicus-beschuldigt-de-VAE-van-Trojaans-paard.jpg\",\"datePublished\":\"2026-01-23T21:39:19+00:00\",\"dateModified\":\"2026-01-23T21:39:27+00:00\",\"description\":\"Saoedische academicus beschuldigt VAE van zionistische banden en destabilisatie van de regio, wat spanningen met Saoedi-Arabi\u00eb vergroot.\",\"breadcrumb\":{\"@id\":\"https:\/\/dualar.com\/nl\/2026\/01\/23\/vooruitstrevende-saoedische-academicus-beschuldigt-de-vae-van-trojaans-paard\/#breadcrumb\"},\"inLanguage\":\"nl-NL\",\"potentialAction\":[{\"@type\":\"ReadAction\",\"target\":[\"https:\/\/dualar.com\/nl\/2026\/01\/23\/vooruitstrevende-saoedische-academicus-beschuldigt-de-vae-van-trojaans-paard\/\"]}]},{\"@type\":\"ImageObject\",\"inLanguage\":\"nl-NL\",\"@id\":\"https:\/\/dualar.com\/nl\/2026\/01\/23\/vooruitstrevende-saoedische-academicus-beschuldigt-de-vae-van-trojaans-paard\/#primaryimage\",\"url\":\"https:\/\/dualar.com\/nl\/wp-content\/uploads\/sites\/2\/2026\/01\/Vooruitstrevende-Saoedische-academicus-beschuldigt-de-VAE-van-Trojaans-paard.jpg\",\"contentUrl\":\"https:\/\/dualar.com\/nl\/wp-content\/uploads\/sites\/2\/2026\/01\/Vooruitstrevende-Saoedische-academicus-beschuldigt-de-VAE-van-Trojaans-paard.jpg\",\"width\":1361,\"height\":766,\"caption\":\"Vooruitstrevende Saoedische academicus beschuldigt de VAE van 'Trojaans paard'\"},{\"@type\":\"BreadcrumbList\",\"@id\":\"https:\/\/dualar.com\/nl\/2026\/01\/23\/vooruitstrevende-saoedische-academicus-beschuldigt-de-vae-van-trojaans-paard\/#breadcrumb\",\"itemListElement\":[{\"@type\":\"ListItem\",\"position\":1,\"name\":\"Home\",\"item\":\"https:\/\/dualar.com\/nl\/\"},{\"@type\":\"ListItem\",\"position\":2,\"name\":\"Vooruitstrevende Saoedische academicus beschuldigt de VAE van &#8216;Trojaans paard&#8217;\"}]},{\"@type\":\"WebSite\",\"@id\":\"https:\/\/dualar.com\/nl\/#website\",\"url\":\"https:\/\/dualar.com\/nl\/\",\"name\":\"Dualar.com\/nl\",\"description\":\"Gebeden die u op elk moment inspireren\",\"publisher\":{\"@id\":\"https:\/\/dualar.com\/nl\/#organization\"},\"potentialAction\":[{\"@type\":\"SearchAction\",\"target\":{\"@type\":\"EntryPoint\",\"urlTemplate\":\"https:\/\/dualar.com\/nl\/?s={search_term_string}\"},\"query-input\":{\"@type\":\"PropertyValueSpecification\",\"valueRequired\":true,\"valueName\":\"search_term_string\"}}],\"inLanguage\":\"nl-NL\"},{\"@type\":\"Organization\",\"@id\":\"https:\/\/dualar.com\/nl\/#organization\",\"name\":\"Dualar.com\/nl\",\"url\":\"https:\/\/dualar.com\/nl\/\",\"logo\":{\"@type\":\"ImageObject\",\"inLanguage\":\"nl-NL\",\"@id\":\"https:\/\/dualar.com\/nl\/#\/schema\/logo\/image\/\",\"url\":\"https:\/\/dualar.com\/nl\/wp-content\/uploads\/sites\/2\/2024\/11\/Her-Aniniza-Ilham-Veren-Dualar-1.png\",\"contentUrl\":\"https:\/\/dualar.com\/nl\/wp-content\/uploads\/sites\/2\/2024\/11\/Her-Aniniza-Ilham-Veren-Dualar-1.png\",\"width\":1000,\"height\":300,\"caption\":\"Dualar.com\/nl\"},\"image\":{\"@id\":\"https:\/\/dualar.com\/nl\/#\/schema\/logo\/image\/\"}},{\"@type\":\"Person\",\"@id\":\"https:\/\/dualar.com\/nl\/#\/schema\/person\/d920bfed24e7ef4d145c3664464931fd\",\"name\":\"info@blueappleagency.nl\",\"image\":{\"@type\":\"ImageObject\",\"inLanguage\":\"nl-NL\",\"@id\":\"https:\/\/dualar.com\/nl\/#\/schema\/person\/image\/\",\"url\":\"https:\/\/secure.gravatar.com\/avatar\/4bcc94ad74be7f14c7e9a39e3f95a587?s=96&d=mm&r=g\",\"contentUrl\":\"https:\/\/secure.gravatar.com\/avatar\/4bcc94ad74be7f14c7e9a39e3f95a587?s=96&d=mm&r=g\",\"caption\":\"info@blueappleagency.nl\"},\"sameAs\":[\"http:\/\/dualar.com\"],\"url\":\"#\"}]}<\/script>\n<!-- \/ Yoast SEO plugin. -->","yoast_head_json":{"title":"Vooruitstrevende Saoedische academicus beschuldigt de VAE van 'Trojaans paard' - Dualar.com\/nl","description":"Saoedische academicus beschuldigt VAE van zionistische banden en destabilisatie van de regio, wat spanningen met Saoedi-Arabi\u00eb vergroot.","robots":{"index":"index","follow":"follow","max-snippet":"max-snippet:-1","max-image-preview":"max-image-preview:large","max-video-preview":"max-video-preview:-1"},"canonical":"https:\/\/dualar.com\/nl\/2026\/01\/23\/vooruitstrevende-saoedische-academicus-beschuldigt-de-vae-van-trojaans-paard\/","og_locale":"nl_NL","og_type":"article","og_title":"Vooruitstrevende Saoedische academicus beschuldigt de VAE van 'Trojaans paard' - Dualar.com\/nl","og_description":"Saoedische academicus beschuldigt VAE van zionistische banden en destabilisatie van de regio, wat spanningen met Saoedi-Arabi\u00eb vergroot.","og_url":"https:\/\/dualar.com\/nl\/2026\/01\/23\/vooruitstrevende-saoedische-academicus-beschuldigt-de-vae-van-trojaans-paard\/","og_site_name":"Dualar.com\/nl","article_published_time":"2026-01-23T21:39:19+00:00","article_modified_time":"2026-01-23T21:39:27+00:00","og_image":[{"width":1361,"height":766,"url":"https:\/\/dualar.com\/nl\/wp-content\/uploads\/sites\/2\/2026\/01\/Vooruitstrevende-Saoedische-academicus-beschuldigt-de-VAE-van-Trojaans-paard.jpg","type":"image\/jpeg"}],"author":"info@blueappleagency.nl","twitter_card":"summary_large_image","twitter_misc":{"Geschreven door":"info@blueappleagency.nl","Geschatte leestijd":"3 minuten"},"schema":{"@context":"https:\/\/schema.org","@graph":[{"@type":"Article","@id":"https:\/\/dualar.com\/nl\/2026\/01\/23\/vooruitstrevende-saoedische-academicus-beschuldigt-de-vae-van-trojaans-paard\/#article","isPartOf":{"@id":"https:\/\/dualar.com\/nl\/2026\/01\/23\/vooruitstrevende-saoedische-academicus-beschuldigt-de-vae-van-trojaans-paard\/"},"author":{"name":"info@blueappleagency.nl","@id":"https:\/\/dualar.com\/nl\/#\/schema\/person\/d920bfed24e7ef4d145c3664464931fd"},"headline":"Vooruitstrevende Saoedische academicus beschuldigt de VAE van &#8216;Trojaans paard&#8217;","datePublished":"2026-01-23T21:39:19+00:00","dateModified":"2026-01-23T21:39:27+00:00","mainEntityOfPage":{"@id":"https:\/\/dualar.com\/nl\/2026\/01\/23\/vooruitstrevende-saoedische-academicus-beschuldigt-de-vae-van-trojaans-paard\/"},"wordCount":538,"commentCount":0,"publisher":{"@id":"https:\/\/dualar.com\/nl\/#organization"},"image":{"@id":"https:\/\/dualar.com\/nl\/2026\/01\/23\/vooruitstrevende-saoedische-academicus-beschuldigt-de-vae-van-trojaans-paard\/#primaryimage"},"thumbnailUrl":"https:\/\/dualar.com\/nl\/wp-content\/uploads\/sites\/2\/2026\/01\/Vooruitstrevende-Saoedische-academicus-beschuldigt-de-VAE-van-Trojaans-paard.jpg","keywords":["academicus","beschuldigt","Saoedische","Trojaans paard","VAE","Vooruitstrevende"],"articleSection":["Mondiaal Moslim Nieuws"],"inLanguage":"nl-NL","potentialAction":[{"@type":"CommentAction","name":"Comment","target":["https:\/\/dualar.com\/nl\/2026\/01\/23\/vooruitstrevende-saoedische-academicus-beschuldigt-de-vae-van-trojaans-paard\/#respond"]}]},{"@type":"WebPage","@id":"https:\/\/dualar.com\/nl\/2026\/01\/23\/vooruitstrevende-saoedische-academicus-beschuldigt-de-vae-van-trojaans-paard\/","url":"https:\/\/dualar.com\/nl\/2026\/01\/23\/vooruitstrevende-saoedische-academicus-beschuldigt-de-vae-van-trojaans-paard\/","name":"Vooruitstrevende Saoedische academicus beschuldigt de VAE van 'Trojaans paard' - Dualar.com\/nl","isPartOf":{"@id":"https:\/\/dualar.com\/nl\/#website"},"primaryImageOfPage":{"@id":"https:\/\/dualar.com\/nl\/2026\/01\/23\/vooruitstrevende-saoedische-academicus-beschuldigt-de-vae-van-trojaans-paard\/#primaryimage"},"image":{"@id":"https:\/\/dualar.com\/nl\/2026\/01\/23\/vooruitstrevende-saoedische-academicus-beschuldigt-de-vae-van-trojaans-paard\/#primaryimage"},"thumbnailUrl":"https:\/\/dualar.com\/nl\/wp-content\/uploads\/sites\/2\/2026\/01\/Vooruitstrevende-Saoedische-academicus-beschuldigt-de-VAE-van-Trojaans-paard.jpg","datePublished":"2026-01-23T21:39:19+00:00","dateModified":"2026-01-23T21:39:27+00:00","description":"Saoedische academicus beschuldigt VAE van zionistische banden en destabilisatie van de regio, wat spanningen met Saoedi-Arabi\u00eb vergroot.","breadcrumb":{"@id":"https:\/\/dualar.com\/nl\/2026\/01\/23\/vooruitstrevende-saoedische-academicus-beschuldigt-de-vae-van-trojaans-paard\/#breadcrumb"},"inLanguage":"nl-NL","potentialAction":[{"@type":"ReadAction","target":["https:\/\/dualar.com\/nl\/2026\/01\/23\/vooruitstrevende-saoedische-academicus-beschuldigt-de-vae-van-trojaans-paard\/"]}]},{"@type":"ImageObject","inLanguage":"nl-NL","@id":"https:\/\/dualar.com\/nl\/2026\/01\/23\/vooruitstrevende-saoedische-academicus-beschuldigt-de-vae-van-trojaans-paard\/#primaryimage","url":"https:\/\/dualar.com\/nl\/wp-content\/uploads\/sites\/2\/2026\/01\/Vooruitstrevende-Saoedische-academicus-beschuldigt-de-VAE-van-Trojaans-paard.jpg","contentUrl":"https:\/\/dualar.com\/nl\/wp-content\/uploads\/sites\/2\/2026\/01\/Vooruitstrevende-Saoedische-academicus-beschuldigt-de-VAE-van-Trojaans-paard.jpg","width":1361,"height":766,"caption":"Vooruitstrevende Saoedische academicus beschuldigt de VAE van 'Trojaans paard'"},{"@type":"BreadcrumbList","@id":"https:\/\/dualar.com\/nl\/2026\/01\/23\/vooruitstrevende-saoedische-academicus-beschuldigt-de-vae-van-trojaans-paard\/#breadcrumb","itemListElement":[{"@type":"ListItem","position":1,"name":"Home","item":"https:\/\/dualar.com\/nl\/"},{"@type":"ListItem","position":2,"name":"Vooruitstrevende Saoedische academicus beschuldigt de VAE van &#8216;Trojaans paard&#8217;"}]},{"@type":"WebSite","@id":"https:\/\/dualar.com\/nl\/#website","url":"https:\/\/dualar.com\/nl\/","name":"Dualar.com\/nl","description":"Gebeden die u op elk moment inspireren","publisher":{"@id":"https:\/\/dualar.com\/nl\/#organization"},"potentialAction":[{"@type":"SearchAction","target":{"@type":"EntryPoint","urlTemplate":"https:\/\/dualar.com\/nl\/?s={search_term_string}"},"query-input":{"@type":"PropertyValueSpecification","valueRequired":true,"valueName":"search_term_string"}}],"inLanguage":"nl-NL"},{"@type":"Organization","@id":"https:\/\/dualar.com\/nl\/#organization","name":"Dualar.com\/nl","url":"https:\/\/dualar.com\/nl\/","logo":{"@type":"ImageObject","inLanguage":"nl-NL","@id":"https:\/\/dualar.com\/nl\/#\/schema\/logo\/image\/","url":"https:\/\/dualar.com\/nl\/wp-content\/uploads\/sites\/2\/2024\/11\/Her-Aniniza-Ilham-Veren-Dualar-1.png","contentUrl":"https:\/\/dualar.com\/nl\/wp-content\/uploads\/sites\/2\/2024\/11\/Her-Aniniza-Ilham-Veren-Dualar-1.png","width":1000,"height":300,"caption":"Dualar.com\/nl"},"image":{"@id":"https:\/\/dualar.com\/nl\/#\/schema\/logo\/image\/"}},{"@type":"Person","@id":"https:\/\/dualar.com\/nl\/#\/schema\/person\/d920bfed24e7ef4d145c3664464931fd","name":"info@blueappleagency.nl","image":{"@type":"ImageObject","inLanguage":"nl-NL","@id":"https:\/\/dualar.com\/nl\/#\/schema\/person\/image\/","url":"https:\/\/secure.gravatar.com\/avatar\/4bcc94ad74be7f14c7e9a39e3f95a587?s=96&d=mm&r=g","contentUrl":"https:\/\/secure.gravatar.com\/avatar\/4bcc94ad74be7f14c7e9a39e3f95a587?s=96&d=mm&r=g","caption":"info@blueappleagency.nl"},"sameAs":["http:\/\/dualar.com"],"url":"#"}]}},"taxonomy_info":{"category":[{"value":2,"label":"Mondiaal Moslim Nieuws"}],"post_tag":[{"value":4215,"label":"academicus"},{"value":2913,"label":"beschuldigt"},{"value":777,"label":"Saoedische"},{"value":4216,"label":"Trojaans paard"},{"value":773,"label":"VAE"},{"value":4214,"label":"Vooruitstrevende"}]},"featured_image_src_large":["https:\/\/dualar.com\/nl\/wp-content\/uploads\/sites\/2\/2026\/01\/Vooruitstrevende-Saoedische-academicus-beschuldigt-de-VAE-van-Trojaans-paard-1024x576.jpg",1024,576,true],"author_info":{"display_name":"info@blueappleagency.nl","author_link":"#"},"comment_info":0,"category_info":[{"term_id":2,"name":"Mondiaal Moslim Nieuws","slug":"mondiaal-moslim-nieuws","term_group":0,"term_taxonomy_id":2,"taxonomy":"category","description":"","parent":0,"count":1312,"filter":"raw","cat_ID":2,"category_count":1312,"category_description":"","cat_name":"Mondiaal Moslim Nieuws","category_nicename":"mondiaal-moslim-nieuws","category_parent":0}],"tag_info":[{"term_id":4215,"name":"academicus","slug":"academicus","term_group":0,"term_taxonomy_id":4215,"taxonomy":"post_tag","description":"","parent":0,"count":1,"filter":"raw"},{"term_id":2913,"name":"beschuldigt","slug":"beschuldigt","term_group":0,"term_taxonomy_id":2913,"taxonomy":"post_tag","description":"","parent":0,"count":3,"filter":"raw"},{"term_id":777,"name":"Saoedische","slug":"saoedische","term_group":0,"term_taxonomy_id":777,"taxonomy":"post_tag","description":"","parent":0,"count":4,"filter":"raw"},{"term_id":4216,"name":"Trojaans paard","slug":"trojaans-paard","term_group":0,"term_taxonomy_id":4216,"taxonomy":"post_tag","description":"","parent":0,"count":1,"filter":"raw"},{"term_id":773,"name":"VAE","slug":"vae","term_group":0,"term_taxonomy_id":773,"taxonomy":"post_tag","description":"","parent":0,"count":32,"filter":"raw"},{"term_id":4214,"name":"Vooruitstrevende","slug":"vooruitstrevende","term_group":0,"term_taxonomy_id":4214,"taxonomy":"post_tag","description":"","parent":0,"count":1,"filter":"raw"}],"_links":{"self":[{"href":"https:\/\/dualar.com\/nl\/wp-json\/wp\/v2\/posts\/6326","targetHints":{"allow":["GET"]}}],"collection":[{"href":"https:\/\/dualar.com\/nl\/wp-json\/wp\/v2\/posts"}],"about":[{"href":"https:\/\/dualar.com\/nl\/wp-json\/wp\/v2\/types\/post"}],"author":[{"embeddable":true,"href":"https:\/\/dualar.com\/nl\/wp-json\/wp\/v2\/users\/1"}],"replies":[{"embeddable":true,"href":"https:\/\/dualar.com\/nl\/wp-json\/wp\/v2\/comments?post=6326"}],"version-history":[{"count":1,"href":"https:\/\/dualar.com\/nl\/wp-json\/wp\/v2\/posts\/6326\/revisions"}],"predecessor-version":[{"id":6328,"href":"https:\/\/dualar.com\/nl\/wp-json\/wp\/v2\/posts\/6326\/revisions\/6328"}],"wp:featuredmedia":[{"embeddable":true,"href":"https:\/\/dualar.com\/nl\/wp-json\/wp\/v2\/media\/6327"}],"wp:attachment":[{"href":"https:\/\/dualar.com\/nl\/wp-json\/wp\/v2\/media?parent=6326"}],"wp:term":[{"taxonomy":"category","embeddable":true,"href":"https:\/\/dualar.com\/nl\/wp-json\/wp\/v2\/categories?post=6326"},{"taxonomy":"post_tag","embeddable":true,"href":"https:\/\/dualar.com\/nl\/wp-json\/wp\/v2\/tags?post=6326"}],"curies":[{"name":"wp","href":"https:\/\/api.w.org\/{rel}","templated":true}]}}