{"id":6341,"date":"2026-01-27T14:26:36","date_gmt":"2026-01-27T13:26:36","guid":{"rendered":"https:\/\/dualar.com\/nl\/2026\/01\/27\/australie-heeft-het-visum-van-de-influencer-ingetrokken-vanwege-het-verspreiden-van-haat\/"},"modified":"2026-01-27T14:26:45","modified_gmt":"2026-01-27T13:26:45","slug":"australie-heeft-het-visum-van-de-influencer-ingetrokken-vanwege-het-verspreiden-van-haat","status":"publish","type":"post","link":"https:\/\/dualar.com\/nl\/2026\/01\/27\/australie-heeft-het-visum-van-de-influencer-ingetrokken-vanwege-het-verspreiden-van-haat\/","title":{"rendered":"Australi\u00eb heeft het visum van de influencer ingetrokken vanwege het verspreiden van haat"},"content":{"rendered":"<div>\n<p><strong>Australi\u00eb heeft het visum van de Britse-Isra\u00eblische influencer die pleit voor het verbannen van de islam ingetrokken<\/strong><\/p>\n<p>Australi\u00eb heeft het visum van de Britse-Isra\u00eblische influencer Sammy Yahood ingetrokken, die pleit voor het verbannen van de islam, met de mededeling dat het geen bezoekers zal toelaten die haat verspreiden. Yahood, die 171.000 volgers heeft, had de islam omschreven als een &#8220;walgelijke ideologie&#8221;. Zijn visum werd drie uur voor zijn vlucht uit Isra\u00ebl geannuleerd. Yahood was van plan om op verschillende evenementen in Australi\u00eb te spreken en zelfverdedigingsworkshops te organiseren.<\/p>\n<p><strong>Annulering van het visum en verklaring van de regering<\/strong><\/p>\n<p>De Australische minister van Binnenlandse Zaken, Tony Burke, bevestigde de annulering van Yahoods visum en zei: &#8220;Haat verspreiden is geen goede reden.&#8221;<\/p>\n<ul>\n<li><strong>Verklaringen van de minister<\/strong>: \u201cAls iemand Australi\u00eb wil binnenkomen, moet hij de juiste visumaanvraag indienen en met een goede reden komen,\u201d zei hij.<\/li>\n<\/ul>\n<p>Yahood is vrijwillig instructeur van Krav Maga, ontwikkeld door het Isra\u00eblische leger. Yahood, die in Londen is opgegroeid, is recentelijk naar Isra\u00ebl verhuisd.<\/p>\n<p><strong>Yahoods reactie en sociale media-uitingen<\/strong><\/p>\n<p>Na deze beslissing noemde Yahood Burke op sociale media een &#8220;bully&#8221; en herhaalde hij zijn opmerkingen over de islam.<\/p>\n<ul>\n<li><strong>Uitspraak op sociale media<\/strong>: \u201cIk ben illegaal uit Australi\u00eb verbannen en ik zal juridische stappen ondernemen,\u201d schreef hij en bedankte de Verenigde Arabische Emiraten voor het accepteren van hem.<\/li>\n<li>Yahood verklaarde: \u201cDe islam toont geen tolerantie voor niet-gelovigen, afvalligen, vrouwenrechten, kinderrechten of homo-rechten.\u201d<\/li>\n<\/ul>\n<p><strong>Effecten op de samenleving en wetgeving<\/strong><\/p>\n<p>Deze situatie in Australi\u00eb heeft brede reacties in de samenleving uitgelokt. Het Australische Schrijversfestival werd geannuleerd omdat het geen Palestijnse schrijver uitnodigde. Bovendien heeft Australi\u00eb na de massale gewapende aanval tijdens een Joods festival in Sydney de krachtigste federale wetgeving tegen haatzaaien in de geschiedenis aangenomen.<\/p>\n<ul>\n<li><strong>Nieuwe wettelijke regelingen<\/strong>: Deze wet bevat bepalingen voor het opsommen van groepen die haat of maatschappelijke geweld aanmoedigen door de overheid, het uitzetten van betrokken individuen en verhoogde straffen voor leiders die haatmisdrijven en geweld aanmoedigen.<\/li>\n<\/ul>\n<p><strong>Conclusie en gedachten<\/strong><\/p>\n<p>Eerder had Australi\u00eb al het visum ingetrokken van de extreemrechtse Isra\u00eblische parlementari\u00ebr Simcha Rothman, die beschuldigd werd van het &#8220;verdelen&#8221; van het land. Ook was het bezoekersvisum van de Isra\u00eblisch-Amerikaanse activist Hillel Fuld ingetrokken vanwege &#8220;islamofobe uitspraken&#8221;.<\/p>\n<p>Deze gebeurtenissen maken duidelijk wat de maatschappelijke waarden van Australi\u00eb zijn en hoe het staat tegenover haatzaaien. Wat zijn uw gedachten over deze kwestie? Voor meer informatie kunt u relevante artikelen lezen of uw mening delen.<\/p>\n<\/div>\n","protected":false},"excerpt":{"rendered":"<p>Australi\u00eb heeft het visum van de Britse-Isra\u00eblische influencer Sammy Yahood ingetrokken, die pleit voor het verbannen van de islam en deze als een &#8220;walgelijke ideologie&#8221; beschouwde. Minister Tony Burke bevestigde de annulering, waarbij hij verklaarde dat haat verspreiden geen goede reden is om Australi\u00eb binnen te komen. Yahood, die Krav Maga-instructeur is, noemde Burke een &#8220;bully&#8221; en kondigde juridische stappen aan. De situatie leidde tot brede reacties in de samenleving, inclusief de annulering van het Australische Schrijversfestival. Australi\u00eb heeft ook nieuwe wetgeving aangenomen tegen haatzaaien en het uitzetten van individuen die haat aanmoedigen.<\/p>\n","protected":false},"author":1,"featured_media":6342,"comment_status":"open","ping_status":"open","sticky":false,"template":"","format":"standard","meta":{"_kad_blocks_custom_css":"","_kad_blocks_head_custom_js":"","_kad_blocks_body_custom_js":"","_kad_blocks_footer_custom_js":"","_kadence_starter_templates_imported_post":false,"_kad_post_transparent":"","_kad_post_title":"","_kad_post_layout":"","_kad_post_sidebar_id":"","_kad_post_content_style":"","_kad_post_vertical_padding":"","_kad_post_feature":"","_kad_post_feature_position":"","_kad_post_header":false,"_kad_post_footer":false,"footnotes":""},"categories":[2],"tags":[886,2140,4224,1478,1921,1476],"class_list":["post-6341","post","type-post","status-publish","format-standard","has-post-thumbnail","hentry","category-mondiaal-moslim-nieuws","tag-australie","tag-haat","tag-influencer","tag-ingetrokken","tag-verspreiden","tag-visum"],"yoast_head":"<!-- This site is optimized with the Yoast SEO plugin v23.9 - https:\/\/yoast.com\/wordpress\/plugins\/seo\/ -->\n<title>Australi\u00eb heeft het visum van de influencer ingetrokken vanwege het verspreiden van haat - Dualar.com\/nl<\/title>\n<meta name=\"description\" content=\"Australi\u00eb heeft het visum van influencer Sammy Yahood ingetrokken wegens haatzaaien tegen de islam, drie uur voor zijn vlucht.\" \/>\n<meta name=\"robots\" content=\"index, follow, max-snippet:-1, max-image-preview:large, max-video-preview:-1\" \/>\n<link rel=\"canonical\" href=\"https:\/\/dualar.com\/nl\/2026\/01\/27\/australie-heeft-het-visum-van-de-influencer-ingetrokken-vanwege-het-verspreiden-van-haat\/\" \/>\n<meta property=\"og:locale\" content=\"nl_NL\" \/>\n<meta property=\"og:type\" content=\"article\" \/>\n<meta property=\"og:title\" content=\"Australi\u00eb heeft het visum van de influencer ingetrokken vanwege het verspreiden van haat - Dualar.com\/nl\" \/>\n<meta property=\"og:description\" content=\"Australi\u00eb heeft het visum van influencer Sammy Yahood ingetrokken wegens haatzaaien tegen de islam, drie uur voor zijn vlucht.\" \/>\n<meta property=\"og:url\" content=\"https:\/\/dualar.com\/nl\/2026\/01\/27\/australie-heeft-het-visum-van-de-influencer-ingetrokken-vanwege-het-verspreiden-van-haat\/\" \/>\n<meta property=\"og:site_name\" content=\"Dualar.com\/nl\" \/>\n<meta property=\"article:published_time\" content=\"2026-01-27T13:26:36+00:00\" \/>\n<meta property=\"article:modified_time\" content=\"2026-01-27T13:26:45+00:00\" \/>\n<meta property=\"og:image\" content=\"https:\/\/dualar.com\/nl\/wp-content\/uploads\/sites\/2\/2026\/01\/Australie-heeft-het-visum-van-de-influencer-ingetrokken-vanwege-het.jpg\" \/>\n\t<meta property=\"og:image:width\" content=\"1400\" \/>\n\t<meta property=\"og:image:height\" content=\"788\" \/>\n\t<meta property=\"og:image:type\" content=\"image\/jpeg\" \/>\n<meta name=\"author\" content=\"info@blueappleagency.nl\" \/>\n<meta name=\"twitter:card\" content=\"summary_large_image\" \/>\n<meta name=\"twitter:label1\" content=\"Geschreven door\" \/>\n\t<meta name=\"twitter:data1\" content=\"info@blueappleagency.nl\" \/>\n\t<meta name=\"twitter:label2\" content=\"Geschatte leestijd\" \/>\n\t<meta name=\"twitter:data2\" content=\"2 minuten\" \/>\n<script type=\"application\/ld+json\" class=\"yoast-schema-graph\">{\"@context\":\"https:\/\/schema.org\",\"@graph\":[{\"@type\":\"Article\",\"@id\":\"https:\/\/dualar.com\/nl\/2026\/01\/27\/australie-heeft-het-visum-van-de-influencer-ingetrokken-vanwege-het-verspreiden-van-haat\/#article\",\"isPartOf\":{\"@id\":\"https:\/\/dualar.com\/nl\/2026\/01\/27\/australie-heeft-het-visum-van-de-influencer-ingetrokken-vanwege-het-verspreiden-van-haat\/\"},\"author\":{\"name\":\"info@blueappleagency.nl\",\"@id\":\"https:\/\/dualar.com\/nl\/#\/schema\/person\/d920bfed24e7ef4d145c3664464931fd\"},\"headline\":\"Australi\u00eb heeft het visum van de influencer ingetrokken vanwege het verspreiden van haat\",\"datePublished\":\"2026-01-27T13:26:36+00:00\",\"dateModified\":\"2026-01-27T13:26:45+00:00\",\"mainEntityOfPage\":{\"@id\":\"https:\/\/dualar.com\/nl\/2026\/01\/27\/australie-heeft-het-visum-van-de-influencer-ingetrokken-vanwege-het-verspreiden-van-haat\/\"},\"wordCount\":416,\"commentCount\":0,\"publisher\":{\"@id\":\"https:\/\/dualar.com\/nl\/#organization\"},\"image\":{\"@id\":\"https:\/\/dualar.com\/nl\/2026\/01\/27\/australie-heeft-het-visum-van-de-influencer-ingetrokken-vanwege-het-verspreiden-van-haat\/#primaryimage\"},\"thumbnailUrl\":\"https:\/\/dualar.com\/nl\/wp-content\/uploads\/sites\/2\/2026\/01\/Australie-heeft-het-visum-van-de-influencer-ingetrokken-vanwege-het.jpg\",\"keywords\":[\"Australi\u00eb\",\"haat\",\"influencer\",\"ingetrokken\",\"verspreiden\",\"visum\"],\"articleSection\":[\"Mondiaal Moslim Nieuws\"],\"inLanguage\":\"nl-NL\",\"potentialAction\":[{\"@type\":\"CommentAction\",\"name\":\"Comment\",\"target\":[\"https:\/\/dualar.com\/nl\/2026\/01\/27\/australie-heeft-het-visum-van-de-influencer-ingetrokken-vanwege-het-verspreiden-van-haat\/#respond\"]}]},{\"@type\":\"WebPage\",\"@id\":\"https:\/\/dualar.com\/nl\/2026\/01\/27\/australie-heeft-het-visum-van-de-influencer-ingetrokken-vanwege-het-verspreiden-van-haat\/\",\"url\":\"https:\/\/dualar.com\/nl\/2026\/01\/27\/australie-heeft-het-visum-van-de-influencer-ingetrokken-vanwege-het-verspreiden-van-haat\/\",\"name\":\"Australi\u00eb heeft het visum van de influencer ingetrokken vanwege het verspreiden van haat - Dualar.com\/nl\",\"isPartOf\":{\"@id\":\"https:\/\/dualar.com\/nl\/#website\"},\"primaryImageOfPage\":{\"@id\":\"https:\/\/dualar.com\/nl\/2026\/01\/27\/australie-heeft-het-visum-van-de-influencer-ingetrokken-vanwege-het-verspreiden-van-haat\/#primaryimage\"},\"image\":{\"@id\":\"https:\/\/dualar.com\/nl\/2026\/01\/27\/australie-heeft-het-visum-van-de-influencer-ingetrokken-vanwege-het-verspreiden-van-haat\/#primaryimage\"},\"thumbnailUrl\":\"https:\/\/dualar.com\/nl\/wp-content\/uploads\/sites\/2\/2026\/01\/Australie-heeft-het-visum-van-de-influencer-ingetrokken-vanwege-het.jpg\",\"datePublished\":\"2026-01-27T13:26:36+00:00\",\"dateModified\":\"2026-01-27T13:26:45+00:00\",\"description\":\"Australi\u00eb heeft het visum van influencer Sammy Yahood ingetrokken wegens haatzaaien tegen de islam, drie uur voor zijn vlucht.\",\"breadcrumb\":{\"@id\":\"https:\/\/dualar.com\/nl\/2026\/01\/27\/australie-heeft-het-visum-van-de-influencer-ingetrokken-vanwege-het-verspreiden-van-haat\/#breadcrumb\"},\"inLanguage\":\"nl-NL\",\"potentialAction\":[{\"@type\":\"ReadAction\",\"target\":[\"https:\/\/dualar.com\/nl\/2026\/01\/27\/australie-heeft-het-visum-van-de-influencer-ingetrokken-vanwege-het-verspreiden-van-haat\/\"]}]},{\"@type\":\"ImageObject\",\"inLanguage\":\"nl-NL\",\"@id\":\"https:\/\/dualar.com\/nl\/2026\/01\/27\/australie-heeft-het-visum-van-de-influencer-ingetrokken-vanwege-het-verspreiden-van-haat\/#primaryimage\",\"url\":\"https:\/\/dualar.com\/nl\/wp-content\/uploads\/sites\/2\/2026\/01\/Australie-heeft-het-visum-van-de-influencer-ingetrokken-vanwege-het.jpg\",\"contentUrl\":\"https:\/\/dualar.com\/nl\/wp-content\/uploads\/sites\/2\/2026\/01\/Australie-heeft-het-visum-van-de-influencer-ingetrokken-vanwege-het.jpg\",\"width\":1400,\"height\":788,\"caption\":\"Australi\u00eb heeft het visum van de influencer ingetrokken vanwege het verspreiden van haat\"},{\"@type\":\"BreadcrumbList\",\"@id\":\"https:\/\/dualar.com\/nl\/2026\/01\/27\/australie-heeft-het-visum-van-de-influencer-ingetrokken-vanwege-het-verspreiden-van-haat\/#breadcrumb\",\"itemListElement\":[{\"@type\":\"ListItem\",\"position\":1,\"name\":\"Home\",\"item\":\"https:\/\/dualar.com\/nl\/\"},{\"@type\":\"ListItem\",\"position\":2,\"name\":\"Australi\u00eb heeft het visum van de influencer ingetrokken vanwege het verspreiden van haat\"}]},{\"@type\":\"WebSite\",\"@id\":\"https:\/\/dualar.com\/nl\/#website\",\"url\":\"https:\/\/dualar.com\/nl\/\",\"name\":\"Dualar.com\/nl\",\"description\":\"Gebeden die u op elk moment inspireren\",\"publisher\":{\"@id\":\"https:\/\/dualar.com\/nl\/#organization\"},\"potentialAction\":[{\"@type\":\"SearchAction\",\"target\":{\"@type\":\"EntryPoint\",\"urlTemplate\":\"https:\/\/dualar.com\/nl\/?s={search_term_string}\"},\"query-input\":{\"@type\":\"PropertyValueSpecification\",\"valueRequired\":true,\"valueName\":\"search_term_string\"}}],\"inLanguage\":\"nl-NL\"},{\"@type\":\"Organization\",\"@id\":\"https:\/\/dualar.com\/nl\/#organization\",\"name\":\"Dualar.com\/nl\",\"url\":\"https:\/\/dualar.com\/nl\/\",\"logo\":{\"@type\":\"ImageObject\",\"inLanguage\":\"nl-NL\",\"@id\":\"https:\/\/dualar.com\/nl\/#\/schema\/logo\/image\/\",\"url\":\"https:\/\/dualar.com\/nl\/wp-content\/uploads\/sites\/2\/2024\/11\/Her-Aniniza-Ilham-Veren-Dualar-1.png\",\"contentUrl\":\"https:\/\/dualar.com\/nl\/wp-content\/uploads\/sites\/2\/2024\/11\/Her-Aniniza-Ilham-Veren-Dualar-1.png\",\"width\":1000,\"height\":300,\"caption\":\"Dualar.com\/nl\"},\"image\":{\"@id\":\"https:\/\/dualar.com\/nl\/#\/schema\/logo\/image\/\"}},{\"@type\":\"Person\",\"@id\":\"https:\/\/dualar.com\/nl\/#\/schema\/person\/d920bfed24e7ef4d145c3664464931fd\",\"name\":\"info@blueappleagency.nl\",\"image\":{\"@type\":\"ImageObject\",\"inLanguage\":\"nl-NL\",\"@id\":\"https:\/\/dualar.com\/nl\/#\/schema\/person\/image\/\",\"url\":\"https:\/\/secure.gravatar.com\/avatar\/4bcc94ad74be7f14c7e9a39e3f95a587?s=96&d=mm&r=g\",\"contentUrl\":\"https:\/\/secure.gravatar.com\/avatar\/4bcc94ad74be7f14c7e9a39e3f95a587?s=96&d=mm&r=g\",\"caption\":\"info@blueappleagency.nl\"},\"sameAs\":[\"http:\/\/dualar.com\"],\"url\":\"#\"}]}<\/script>\n<!-- \/ Yoast SEO plugin. -->","yoast_head_json":{"title":"Australi\u00eb heeft het visum van de influencer ingetrokken vanwege het verspreiden van haat - Dualar.com\/nl","description":"Australi\u00eb heeft het visum van influencer Sammy Yahood ingetrokken wegens haatzaaien tegen de islam, drie uur voor zijn vlucht.","robots":{"index":"index","follow":"follow","max-snippet":"max-snippet:-1","max-image-preview":"max-image-preview:large","max-video-preview":"max-video-preview:-1"},"canonical":"https:\/\/dualar.com\/nl\/2026\/01\/27\/australie-heeft-het-visum-van-de-influencer-ingetrokken-vanwege-het-verspreiden-van-haat\/","og_locale":"nl_NL","og_type":"article","og_title":"Australi\u00eb heeft het visum van de influencer ingetrokken vanwege het verspreiden van haat - Dualar.com\/nl","og_description":"Australi\u00eb heeft het visum van influencer Sammy Yahood ingetrokken wegens haatzaaien tegen de islam, drie uur voor zijn vlucht.","og_url":"https:\/\/dualar.com\/nl\/2026\/01\/27\/australie-heeft-het-visum-van-de-influencer-ingetrokken-vanwege-het-verspreiden-van-haat\/","og_site_name":"Dualar.com\/nl","article_published_time":"2026-01-27T13:26:36+00:00","article_modified_time":"2026-01-27T13:26:45+00:00","og_image":[{"width":1400,"height":788,"url":"https:\/\/dualar.com\/nl\/wp-content\/uploads\/sites\/2\/2026\/01\/Australie-heeft-het-visum-van-de-influencer-ingetrokken-vanwege-het.jpg","type":"image\/jpeg"}],"author":"info@blueappleagency.nl","twitter_card":"summary_large_image","twitter_misc":{"Geschreven door":"info@blueappleagency.nl","Geschatte leestijd":"2 minuten"},"schema":{"@context":"https:\/\/schema.org","@graph":[{"@type":"Article","@id":"https:\/\/dualar.com\/nl\/2026\/01\/27\/australie-heeft-het-visum-van-de-influencer-ingetrokken-vanwege-het-verspreiden-van-haat\/#article","isPartOf":{"@id":"https:\/\/dualar.com\/nl\/2026\/01\/27\/australie-heeft-het-visum-van-de-influencer-ingetrokken-vanwege-het-verspreiden-van-haat\/"},"author":{"name":"info@blueappleagency.nl","@id":"https:\/\/dualar.com\/nl\/#\/schema\/person\/d920bfed24e7ef4d145c3664464931fd"},"headline":"Australi\u00eb heeft het visum van de influencer ingetrokken vanwege het verspreiden van haat","datePublished":"2026-01-27T13:26:36+00:00","dateModified":"2026-01-27T13:26:45+00:00","mainEntityOfPage":{"@id":"https:\/\/dualar.com\/nl\/2026\/01\/27\/australie-heeft-het-visum-van-de-influencer-ingetrokken-vanwege-het-verspreiden-van-haat\/"},"wordCount":416,"commentCount":0,"publisher":{"@id":"https:\/\/dualar.com\/nl\/#organization"},"image":{"@id":"https:\/\/dualar.com\/nl\/2026\/01\/27\/australie-heeft-het-visum-van-de-influencer-ingetrokken-vanwege-het-verspreiden-van-haat\/#primaryimage"},"thumbnailUrl":"https:\/\/dualar.com\/nl\/wp-content\/uploads\/sites\/2\/2026\/01\/Australie-heeft-het-visum-van-de-influencer-ingetrokken-vanwege-het.jpg","keywords":["Australi\u00eb","haat","influencer","ingetrokken","verspreiden","visum"],"articleSection":["Mondiaal Moslim Nieuws"],"inLanguage":"nl-NL","potentialAction":[{"@type":"CommentAction","name":"Comment","target":["https:\/\/dualar.com\/nl\/2026\/01\/27\/australie-heeft-het-visum-van-de-influencer-ingetrokken-vanwege-het-verspreiden-van-haat\/#respond"]}]},{"@type":"WebPage","@id":"https:\/\/dualar.com\/nl\/2026\/01\/27\/australie-heeft-het-visum-van-de-influencer-ingetrokken-vanwege-het-verspreiden-van-haat\/","url":"https:\/\/dualar.com\/nl\/2026\/01\/27\/australie-heeft-het-visum-van-de-influencer-ingetrokken-vanwege-het-verspreiden-van-haat\/","name":"Australi\u00eb heeft het visum van de influencer ingetrokken vanwege het verspreiden van haat - Dualar.com\/nl","isPartOf":{"@id":"https:\/\/dualar.com\/nl\/#website"},"primaryImageOfPage":{"@id":"https:\/\/dualar.com\/nl\/2026\/01\/27\/australie-heeft-het-visum-van-de-influencer-ingetrokken-vanwege-het-verspreiden-van-haat\/#primaryimage"},"image":{"@id":"https:\/\/dualar.com\/nl\/2026\/01\/27\/australie-heeft-het-visum-van-de-influencer-ingetrokken-vanwege-het-verspreiden-van-haat\/#primaryimage"},"thumbnailUrl":"https:\/\/dualar.com\/nl\/wp-content\/uploads\/sites\/2\/2026\/01\/Australie-heeft-het-visum-van-de-influencer-ingetrokken-vanwege-het.jpg","datePublished":"2026-01-27T13:26:36+00:00","dateModified":"2026-01-27T13:26:45+00:00","description":"Australi\u00eb heeft het visum van influencer Sammy Yahood ingetrokken wegens haatzaaien tegen de islam, drie uur voor zijn vlucht.","breadcrumb":{"@id":"https:\/\/dualar.com\/nl\/2026\/01\/27\/australie-heeft-het-visum-van-de-influencer-ingetrokken-vanwege-het-verspreiden-van-haat\/#breadcrumb"},"inLanguage":"nl-NL","potentialAction":[{"@type":"ReadAction","target":["https:\/\/dualar.com\/nl\/2026\/01\/27\/australie-heeft-het-visum-van-de-influencer-ingetrokken-vanwege-het-verspreiden-van-haat\/"]}]},{"@type":"ImageObject","inLanguage":"nl-NL","@id":"https:\/\/dualar.com\/nl\/2026\/01\/27\/australie-heeft-het-visum-van-de-influencer-ingetrokken-vanwege-het-verspreiden-van-haat\/#primaryimage","url":"https:\/\/dualar.com\/nl\/wp-content\/uploads\/sites\/2\/2026\/01\/Australie-heeft-het-visum-van-de-influencer-ingetrokken-vanwege-het.jpg","contentUrl":"https:\/\/dualar.com\/nl\/wp-content\/uploads\/sites\/2\/2026\/01\/Australie-heeft-het-visum-van-de-influencer-ingetrokken-vanwege-het.jpg","width":1400,"height":788,"caption":"Australi\u00eb heeft het visum van de influencer ingetrokken vanwege het verspreiden van haat"},{"@type":"BreadcrumbList","@id":"https:\/\/dualar.com\/nl\/2026\/01\/27\/australie-heeft-het-visum-van-de-influencer-ingetrokken-vanwege-het-verspreiden-van-haat\/#breadcrumb","itemListElement":[{"@type":"ListItem","position":1,"name":"Home","item":"https:\/\/dualar.com\/nl\/"},{"@type":"ListItem","position":2,"name":"Australi\u00eb heeft het visum van de influencer ingetrokken vanwege het verspreiden van haat"}]},{"@type":"WebSite","@id":"https:\/\/dualar.com\/nl\/#website","url":"https:\/\/dualar.com\/nl\/","name":"Dualar.com\/nl","description":"Gebeden die u op elk moment inspireren","publisher":{"@id":"https:\/\/dualar.com\/nl\/#organization"},"potentialAction":[{"@type":"SearchAction","target":{"@type":"EntryPoint","urlTemplate":"https:\/\/dualar.com\/nl\/?s={search_term_string}"},"query-input":{"@type":"PropertyValueSpecification","valueRequired":true,"valueName":"search_term_string"}}],"inLanguage":"nl-NL"},{"@type":"Organization","@id":"https:\/\/dualar.com\/nl\/#organization","name":"Dualar.com\/nl","url":"https:\/\/dualar.com\/nl\/","logo":{"@type":"ImageObject","inLanguage":"nl-NL","@id":"https:\/\/dualar.com\/nl\/#\/schema\/logo\/image\/","url":"https:\/\/dualar.com\/nl\/wp-content\/uploads\/sites\/2\/2024\/11\/Her-Aniniza-Ilham-Veren-Dualar-1.png","contentUrl":"https:\/\/dualar.com\/nl\/wp-content\/uploads\/sites\/2\/2024\/11\/Her-Aniniza-Ilham-Veren-Dualar-1.png","width":1000,"height":300,"caption":"Dualar.com\/nl"},"image":{"@id":"https:\/\/dualar.com\/nl\/#\/schema\/logo\/image\/"}},{"@type":"Person","@id":"https:\/\/dualar.com\/nl\/#\/schema\/person\/d920bfed24e7ef4d145c3664464931fd","name":"info@blueappleagency.nl","image":{"@type":"ImageObject","inLanguage":"nl-NL","@id":"https:\/\/dualar.com\/nl\/#\/schema\/person\/image\/","url":"https:\/\/secure.gravatar.com\/avatar\/4bcc94ad74be7f14c7e9a39e3f95a587?s=96&d=mm&r=g","contentUrl":"https:\/\/secure.gravatar.com\/avatar\/4bcc94ad74be7f14c7e9a39e3f95a587?s=96&d=mm&r=g","caption":"info@blueappleagency.nl"},"sameAs":["http:\/\/dualar.com"],"url":"#"}]}},"taxonomy_info":{"category":[{"value":2,"label":"Mondiaal Moslim Nieuws"}],"post_tag":[{"value":886,"label":"Australi\u00eb"},{"value":2140,"label":"haat"},{"value":4224,"label":"influencer"},{"value":1478,"label":"ingetrokken"},{"value":1921,"label":"verspreiden"},{"value":1476,"label":"visum"}]},"featured_image_src_large":["https:\/\/dualar.com\/nl\/wp-content\/uploads\/sites\/2\/2026\/01\/Australie-heeft-het-visum-van-de-influencer-ingetrokken-vanwege-het-1024x576.jpg",1024,576,true],"author_info":{"display_name":"info@blueappleagency.nl","author_link":"#"},"comment_info":0,"category_info":[{"term_id":2,"name":"Mondiaal Moslim Nieuws","slug":"mondiaal-moslim-nieuws","term_group":0,"term_taxonomy_id":2,"taxonomy":"category","description":"","parent":0,"count":1312,"filter":"raw","cat_ID":2,"category_count":1312,"category_description":"","cat_name":"Mondiaal Moslim Nieuws","category_nicename":"mondiaal-moslim-nieuws","category_parent":0}],"tag_info":[{"term_id":886,"name":"Australi\u00eb","slug":"australie","term_group":0,"term_taxonomy_id":886,"taxonomy":"post_tag","description":"","parent":0,"count":10,"filter":"raw"},{"term_id":2140,"name":"haat","slug":"haat","term_group":0,"term_taxonomy_id":2140,"taxonomy":"post_tag","description":"","parent":0,"count":7,"filter":"raw"},{"term_id":4224,"name":"influencer","slug":"influencer","term_group":0,"term_taxonomy_id":4224,"taxonomy":"post_tag","description":"","parent":0,"count":1,"filter":"raw"},{"term_id":1478,"name":"ingetrokken","slug":"ingetrokken","term_group":0,"term_taxonomy_id":1478,"taxonomy":"post_tag","description":"","parent":0,"count":4,"filter":"raw"},{"term_id":1921,"name":"verspreiden","slug":"verspreiden","term_group":0,"term_taxonomy_id":1921,"taxonomy":"post_tag","description":"","parent":0,"count":2,"filter":"raw"},{"term_id":1476,"name":"visum","slug":"visum","term_group":0,"term_taxonomy_id":1476,"taxonomy":"post_tag","description":"","parent":0,"count":2,"filter":"raw"}],"_links":{"self":[{"href":"https:\/\/dualar.com\/nl\/wp-json\/wp\/v2\/posts\/6341","targetHints":{"allow":["GET"]}}],"collection":[{"href":"https:\/\/dualar.com\/nl\/wp-json\/wp\/v2\/posts"}],"about":[{"href":"https:\/\/dualar.com\/nl\/wp-json\/wp\/v2\/types\/post"}],"author":[{"embeddable":true,"href":"https:\/\/dualar.com\/nl\/wp-json\/wp\/v2\/users\/1"}],"replies":[{"embeddable":true,"href":"https:\/\/dualar.com\/nl\/wp-json\/wp\/v2\/comments?post=6341"}],"version-history":[{"count":1,"href":"https:\/\/dualar.com\/nl\/wp-json\/wp\/v2\/posts\/6341\/revisions"}],"predecessor-version":[{"id":6343,"href":"https:\/\/dualar.com\/nl\/wp-json\/wp\/v2\/posts\/6341\/revisions\/6343"}],"wp:featuredmedia":[{"embeddable":true,"href":"https:\/\/dualar.com\/nl\/wp-json\/wp\/v2\/media\/6342"}],"wp:attachment":[{"href":"https:\/\/dualar.com\/nl\/wp-json\/wp\/v2\/media?parent=6341"}],"wp:term":[{"taxonomy":"category","embeddable":true,"href":"https:\/\/dualar.com\/nl\/wp-json\/wp\/v2\/categories?post=6341"},{"taxonomy":"post_tag","embeddable":true,"href":"https:\/\/dualar.com\/nl\/wp-json\/wp\/v2\/tags?post=6341"}],"curies":[{"name":"wp","href":"https:\/\/api.w.org\/{rel}","templated":true}]}}