{"id":6782,"date":"2026-03-12T17:36:18","date_gmt":"2026-03-12T16:36:18","guid":{"rendered":"https:\/\/dualar.com\/nl\/2026\/03\/12\/reactie-van-moslimlanden-op-de-sluiting-van-de-al-aqsa-moskee-door-israel\/"},"modified":"2026-03-12T17:36:56","modified_gmt":"2026-03-12T16:36:56","slug":"reactie-van-moslimlanden-op-de-sluiting-van-de-al-aqsa-moskee-door-israel","status":"publish","type":"post","link":"https:\/\/dualar.com\/nl\/2026\/03\/12\/reactie-van-moslimlanden-op-de-sluiting-van-de-al-aqsa-moskee-door-israel\/","title":{"rendered":"Reactie van Moslimlanden op de sluiting van de Al-Aqsa Moskee door Isra\u00ebl"},"content":{"rendered":"<div>\n<p><strong>Sluiting van de Al-Aqsa Moskee: Strenge Reactie van Moslimlanden tegen Isra\u00ebl<\/strong><\/p>\n<p>Acht overwegend islamitische landen hebben de &#8220;onrechtmatige&#8221; sluiting van de Al-Aqsa Moskee tijdens de Ramadan veroordeeld en verklaard dat Isra\u00ebl geen &#8220;soevereiniteit&#8221; heeft over deze heilige plaats en dat de beperkingen onmiddellijk opgeheven moeten worden. Deze situatie heeft geleid tot grote reacties in de internationale gemeenschap en wordt gezien als een bedreiging voor de vrijheid van erediensten voor moslims.<\/p>\n<p><strong>Isra\u00ebl&#8217;s Besluit tot Sluiting en Reacties<\/strong><\/p>\n<p>De ministers van Buitenlandse Zaken van Egypte, Indonesi\u00eb, Jordani\u00eb, Pakistan, Qatar, Saoedi-Arabi\u00eb, Turkije en de Verenigde Arabische Emiraten hebben woensdag in een gezamenlijke verklaring het besluit van Isra\u00ebl veroordeeld om de toegang tot het moskeeterrein en de Oude Stad daaromheen te blokkeren. De ministers zeiden dat deze beperkingen een duidelijke schending zijn van &#8220;het internationaal recht, het internationaal humanitair recht, de historische en juridische status en het principe van onbeperkte toegang tot plaatsen van aanbidding&#8221;.<\/p>\n<ul>\n<li>De beperkingen werden als &#8220;illegaal en onrechtmatig&#8221; gekarakteriseerd.<\/li>\n<li>De ministers veroordeelden de &#8220;provocerende acties&#8221; van Isra\u00ebl tegen moslimgelovigen.<\/li>\n<li>Ze benadrukten dat Isra\u00ebl geen soevereiniteit heeft over het door Isra\u00ebl bezette Jeruzalem of de Islamitische en Christelijke heilige plaatsen.<\/li>\n<\/ul>\n<p>De Isra\u00eblische politie heeft begin deze week aangekondigd dat alle religieuze gebieden in de Oude Stad \u2013 inclusief de Al-Aqsa Moskee, de Klaagmuur en de Heilige Grafkerk \u2013 om veiligheidsredenen gesloten blijven. Dit besluit volgde op de lancering van luchtaanvallen op Iran door Isra\u00ebl, samen met de Verenigde Staten, en leidde tot een verdere escalatie van een regionale oorlog.<\/p>\n<p><strong>Toegenomen Beperkingen tijdens de Ramadan<\/strong><\/p>\n<p>De sluiting volgde op de toenemende beperkingen voor moslimgelovigen in de Al-Aqsa Moskee tijdens de Ramadan. Begin deze maand verboden de Isra\u00eblische autoriteiten om &#8220;veiligheidsredenen&#8221; het houden van vrijdaggebeden in de Al-Aqsa. Ondertussen werden de Joodse Purim vieringen in de stad wel toegestaan. Dit werd door Palestijnen en religieuze autoriteiten gezien als het onthouden van gelovigen van de moskee tijdens een van de drukste bezoekperioden.<\/p>\n<p>Het Palestijnse Ministerie van Buitenlandse Zaken verklaarde dat de voortdurende sluiting een &#8220;duidelijke schending van de rechten van de Palestijnen&#8221; is. Hamas noemde het een &#8220;gevaarlijk historisch precedent&#8221; en een schending van de vrijheid van erediensten.<\/p>\n<p><strong>Internationale Regeling en Toekomst<\/strong><\/p>\n<p>De Al-Aqsa Moskee wordt al geruime tijd beheerd door een internationale regeling die haar religieuze status als een volledig islamitische site waarborgt. Onder deze status is het beheer en de toegang tot het terrein in handen van de Islamitische Waqf in Jeruzalem. Echter, door de Isra\u00eblische bezetting van Oost-Jeruzalem is deze regeling in de afgelopen jaren steeds verder verzwakt en zijn de beperkingen voor moslimgelovigen toegenomen.<\/p>\n<p><strong>Conclusie en Lezerscommentaar<\/strong><\/p>\n<p>De sluiting van de Al-Aqsa Moskee roept ernstige zorgen op over de vrijheid van erediensten voor moslims. We nodigen onze lezers uit om hun gedachten over dit onderwerp te delen en andere relevante artikelen te lezen. Voor meer details kunt u betrouwbare bronnen zoals <a href=\"https:\/\/www.middleeasteye.net\">MEE<\/a> en <a href=\"https:\/\/www.aljazeera.com\">Al Jazeera<\/a> raadplegen.<\/p>\n<\/div>\n","protected":false},"excerpt":{"rendered":"<p>Acht islamitische landen hebben de sluiting van de Al-Aqsa Moskee tijdens de Ramadan door Isra\u00ebl veroordeeld. Ze claimen dat Isra\u00ebl geen soevereiniteit heeft over deze heilige plaats en eisen opheffing van de beperkingen. De Isra\u00eblische politie sloten de moskee en andere religieuze gebieden om veiligheidsredenen, wat leidde tot internationale verontwaardiging en beschuldigingen van schending van mensenrechten. De situatie escaleert verder door recente conflicten in de regio. Het Palestijnse Ministerie van Buitenlandse Zaken noemt de sluiting een schending van Palestijnse rechten, terwijl Hamas spreekt van een gevaarlijk precedent voor de vrijheid van erediensten.<\/p>\n","protected":false},"author":1,"featured_media":6783,"comment_status":"open","ping_status":"open","sticky":false,"template":"","format":"standard","meta":{"_kad_blocks_custom_css":"","_kad_blocks_head_custom_js":"","_kad_blocks_body_custom_js":"","_kad_blocks_footer_custom_js":"","_kadence_starter_templates_imported_post":false,"_kad_post_transparent":"","_kad_post_title":"","_kad_post_layout":"","_kad_post_sidebar_id":"","_kad_post_content_style":"","_kad_post_vertical_padding":"","_kad_post_feature":"","_kad_post_feature_position":"","_kad_post_header":false,"_kad_post_footer":false,"footnotes":""},"categories":[2],"tags":[1870,38,704,1351,811],"class_list":["post-6782","post","type-post","status-publish","format-standard","has-post-thumbnail","hentry","category-mondiaal-moslim-nieuws","tag-al-aqsa-moskee","tag-israel","tag-moslimlanden","tag-reactie","tag-sluiting"],"yoast_head":"<!-- This site is optimized with the Yoast SEO plugin v23.9 - https:\/\/yoast.com\/wordpress\/plugins\/seo\/ -->\n<title>Reactie van Moslimlanden op de sluiting van de Al-Aqsa Moskee door Isra\u00ebl - Dualar.com\/nl<\/title>\n<meta name=\"description\" content=\"Acht moslimlanden veroordelen Isra\u00ebl&#039;s sluiting van de Al-Aqsa Moskee tijdens Ramadan als onrechtmatig en eisen onmiddellijke opheffing.\" \/>\n<meta name=\"robots\" content=\"index, follow, max-snippet:-1, max-image-preview:large, max-video-preview:-1\" \/>\n<link rel=\"canonical\" href=\"https:\/\/dualar.com\/nl\/2026\/03\/12\/reactie-van-moslimlanden-op-de-sluiting-van-de-al-aqsa-moskee-door-israel\/\" \/>\n<meta property=\"og:locale\" content=\"nl_NL\" \/>\n<meta property=\"og:type\" content=\"article\" \/>\n<meta property=\"og:title\" content=\"Reactie van Moslimlanden op de sluiting van de Al-Aqsa Moskee door Isra\u00ebl - Dualar.com\/nl\" \/>\n<meta property=\"og:description\" content=\"Acht moslimlanden veroordelen Isra\u00ebl&#039;s sluiting van de Al-Aqsa Moskee tijdens Ramadan als onrechtmatig en eisen onmiddellijke opheffing.\" \/>\n<meta property=\"og:url\" content=\"https:\/\/dualar.com\/nl\/2026\/03\/12\/reactie-van-moslimlanden-op-de-sluiting-van-de-al-aqsa-moskee-door-israel\/\" \/>\n<meta property=\"og:site_name\" content=\"Dualar.com\/nl\" \/>\n<meta property=\"article:published_time\" content=\"2026-03-12T16:36:18+00:00\" \/>\n<meta property=\"article:modified_time\" content=\"2026-03-12T16:36:56+00:00\" \/>\n<meta property=\"og:image\" content=\"https:\/\/dualar.com\/nl\/wp-content\/uploads\/sites\/2\/2026\/03\/Reactie-van-Moslimlanden-op-de-sluiting-van-de-Al-Aqsa-Moskee.jpg\" \/>\n\t<meta property=\"og:image:width\" content=\"1024\" \/>\n\t<meta property=\"og:image:height\" content=\"576\" \/>\n\t<meta property=\"og:image:type\" content=\"image\/jpeg\" \/>\n<meta name=\"author\" content=\"info@blueappleagency.nl\" \/>\n<meta name=\"twitter:card\" content=\"summary_large_image\" \/>\n<meta name=\"twitter:label1\" content=\"Geschreven door\" \/>\n\t<meta name=\"twitter:data1\" content=\"info@blueappleagency.nl\" \/>\n\t<meta name=\"twitter:label2\" content=\"Geschatte leestijd\" \/>\n\t<meta name=\"twitter:data2\" content=\"2 minuten\" \/>\n<script type=\"application\/ld+json\" class=\"yoast-schema-graph\">{\"@context\":\"https:\/\/schema.org\",\"@graph\":[{\"@type\":\"Article\",\"@id\":\"https:\/\/dualar.com\/nl\/2026\/03\/12\/reactie-van-moslimlanden-op-de-sluiting-van-de-al-aqsa-moskee-door-israel\/#article\",\"isPartOf\":{\"@id\":\"https:\/\/dualar.com\/nl\/2026\/03\/12\/reactie-van-moslimlanden-op-de-sluiting-van-de-al-aqsa-moskee-door-israel\/\"},\"author\":{\"name\":\"info@blueappleagency.nl\",\"@id\":\"https:\/\/dualar.com\/nl\/#\/schema\/person\/d920bfed24e7ef4d145c3664464931fd\"},\"headline\":\"Reactie van Moslimlanden op de sluiting van de Al-Aqsa Moskee door Isra\u00ebl\",\"datePublished\":\"2026-03-12T16:36:18+00:00\",\"dateModified\":\"2026-03-12T16:36:56+00:00\",\"mainEntityOfPage\":{\"@id\":\"https:\/\/dualar.com\/nl\/2026\/03\/12\/reactie-van-moslimlanden-op-de-sluiting-van-de-al-aqsa-moskee-door-israel\/\"},\"wordCount\":499,\"commentCount\":0,\"publisher\":{\"@id\":\"https:\/\/dualar.com\/nl\/#organization\"},\"image\":{\"@id\":\"https:\/\/dualar.com\/nl\/2026\/03\/12\/reactie-van-moslimlanden-op-de-sluiting-van-de-al-aqsa-moskee-door-israel\/#primaryimage\"},\"thumbnailUrl\":\"https:\/\/dualar.com\/nl\/wp-content\/uploads\/sites\/2\/2026\/03\/Reactie-van-Moslimlanden-op-de-sluiting-van-de-Al-Aqsa-Moskee.jpg\",\"keywords\":[\"Al-Aqsa-moskee\",\"Isra\u00ebl\",\"moslimlanden\",\"reactie\",\"sluiting\"],\"articleSection\":[\"Mondiaal Moslim Nieuws\"],\"inLanguage\":\"nl-NL\",\"potentialAction\":[{\"@type\":\"CommentAction\",\"name\":\"Comment\",\"target\":[\"https:\/\/dualar.com\/nl\/2026\/03\/12\/reactie-van-moslimlanden-op-de-sluiting-van-de-al-aqsa-moskee-door-israel\/#respond\"]}]},{\"@type\":\"WebPage\",\"@id\":\"https:\/\/dualar.com\/nl\/2026\/03\/12\/reactie-van-moslimlanden-op-de-sluiting-van-de-al-aqsa-moskee-door-israel\/\",\"url\":\"https:\/\/dualar.com\/nl\/2026\/03\/12\/reactie-van-moslimlanden-op-de-sluiting-van-de-al-aqsa-moskee-door-israel\/\",\"name\":\"Reactie van Moslimlanden op de sluiting van de Al-Aqsa Moskee door Isra\u00ebl - Dualar.com\/nl\",\"isPartOf\":{\"@id\":\"https:\/\/dualar.com\/nl\/#website\"},\"primaryImageOfPage\":{\"@id\":\"https:\/\/dualar.com\/nl\/2026\/03\/12\/reactie-van-moslimlanden-op-de-sluiting-van-de-al-aqsa-moskee-door-israel\/#primaryimage\"},\"image\":{\"@id\":\"https:\/\/dualar.com\/nl\/2026\/03\/12\/reactie-van-moslimlanden-op-de-sluiting-van-de-al-aqsa-moskee-door-israel\/#primaryimage\"},\"thumbnailUrl\":\"https:\/\/dualar.com\/nl\/wp-content\/uploads\/sites\/2\/2026\/03\/Reactie-van-Moslimlanden-op-de-sluiting-van-de-Al-Aqsa-Moskee.jpg\",\"datePublished\":\"2026-03-12T16:36:18+00:00\",\"dateModified\":\"2026-03-12T16:36:56+00:00\",\"description\":\"Acht moslimlanden veroordelen Isra\u00ebl's sluiting van de Al-Aqsa Moskee tijdens Ramadan als onrechtmatig en eisen onmiddellijke opheffing.\",\"breadcrumb\":{\"@id\":\"https:\/\/dualar.com\/nl\/2026\/03\/12\/reactie-van-moslimlanden-op-de-sluiting-van-de-al-aqsa-moskee-door-israel\/#breadcrumb\"},\"inLanguage\":\"nl-NL\",\"potentialAction\":[{\"@type\":\"ReadAction\",\"target\":[\"https:\/\/dualar.com\/nl\/2026\/03\/12\/reactie-van-moslimlanden-op-de-sluiting-van-de-al-aqsa-moskee-door-israel\/\"]}]},{\"@type\":\"ImageObject\",\"inLanguage\":\"nl-NL\",\"@id\":\"https:\/\/dualar.com\/nl\/2026\/03\/12\/reactie-van-moslimlanden-op-de-sluiting-van-de-al-aqsa-moskee-door-israel\/#primaryimage\",\"url\":\"https:\/\/dualar.com\/nl\/wp-content\/uploads\/sites\/2\/2026\/03\/Reactie-van-Moslimlanden-op-de-sluiting-van-de-Al-Aqsa-Moskee.jpg\",\"contentUrl\":\"https:\/\/dualar.com\/nl\/wp-content\/uploads\/sites\/2\/2026\/03\/Reactie-van-Moslimlanden-op-de-sluiting-van-de-Al-Aqsa-Moskee.jpg\",\"width\":1024,\"height\":576,\"caption\":\"Reactie van Moslimlanden op de sluiting van de Al-Aqsa Moskee door Isra\u00ebl\"},{\"@type\":\"BreadcrumbList\",\"@id\":\"https:\/\/dualar.com\/nl\/2026\/03\/12\/reactie-van-moslimlanden-op-de-sluiting-van-de-al-aqsa-moskee-door-israel\/#breadcrumb\",\"itemListElement\":[{\"@type\":\"ListItem\",\"position\":1,\"name\":\"Home\",\"item\":\"https:\/\/dualar.com\/nl\/\"},{\"@type\":\"ListItem\",\"position\":2,\"name\":\"Reactie van Moslimlanden op de sluiting van de Al-Aqsa Moskee door Isra\u00ebl\"}]},{\"@type\":\"WebSite\",\"@id\":\"https:\/\/dualar.com\/nl\/#website\",\"url\":\"https:\/\/dualar.com\/nl\/\",\"name\":\"Dualar.com\/nl\",\"description\":\"Gebeden die u op elk moment inspireren\",\"publisher\":{\"@id\":\"https:\/\/dualar.com\/nl\/#organization\"},\"potentialAction\":[{\"@type\":\"SearchAction\",\"target\":{\"@type\":\"EntryPoint\",\"urlTemplate\":\"https:\/\/dualar.com\/nl\/?s={search_term_string}\"},\"query-input\":{\"@type\":\"PropertyValueSpecification\",\"valueRequired\":true,\"valueName\":\"search_term_string\"}}],\"inLanguage\":\"nl-NL\"},{\"@type\":\"Organization\",\"@id\":\"https:\/\/dualar.com\/nl\/#organization\",\"name\":\"Dualar.com\/nl\",\"url\":\"https:\/\/dualar.com\/nl\/\",\"logo\":{\"@type\":\"ImageObject\",\"inLanguage\":\"nl-NL\",\"@id\":\"https:\/\/dualar.com\/nl\/#\/schema\/logo\/image\/\",\"url\":\"https:\/\/dualar.com\/nl\/wp-content\/uploads\/sites\/2\/2024\/11\/Her-Aniniza-Ilham-Veren-Dualar-1.png\",\"contentUrl\":\"https:\/\/dualar.com\/nl\/wp-content\/uploads\/sites\/2\/2024\/11\/Her-Aniniza-Ilham-Veren-Dualar-1.png\",\"width\":1000,\"height\":300,\"caption\":\"Dualar.com\/nl\"},\"image\":{\"@id\":\"https:\/\/dualar.com\/nl\/#\/schema\/logo\/image\/\"}},{\"@type\":\"Person\",\"@id\":\"https:\/\/dualar.com\/nl\/#\/schema\/person\/d920bfed24e7ef4d145c3664464931fd\",\"name\":\"info@blueappleagency.nl\",\"image\":{\"@type\":\"ImageObject\",\"inLanguage\":\"nl-NL\",\"@id\":\"https:\/\/dualar.com\/nl\/#\/schema\/person\/image\/\",\"url\":\"https:\/\/secure.gravatar.com\/avatar\/4bcc94ad74be7f14c7e9a39e3f95a587?s=96&d=mm&r=g\",\"contentUrl\":\"https:\/\/secure.gravatar.com\/avatar\/4bcc94ad74be7f14c7e9a39e3f95a587?s=96&d=mm&r=g\",\"caption\":\"info@blueappleagency.nl\"},\"sameAs\":[\"http:\/\/dualar.com\"],\"url\":\"#\"}]}<\/script>\n<!-- \/ Yoast SEO plugin. -->","yoast_head_json":{"title":"Reactie van Moslimlanden op de sluiting van de Al-Aqsa Moskee door Isra\u00ebl - Dualar.com\/nl","description":"Acht moslimlanden veroordelen Isra\u00ebl's sluiting van de Al-Aqsa Moskee tijdens Ramadan als onrechtmatig en eisen onmiddellijke opheffing.","robots":{"index":"index","follow":"follow","max-snippet":"max-snippet:-1","max-image-preview":"max-image-preview:large","max-video-preview":"max-video-preview:-1"},"canonical":"https:\/\/dualar.com\/nl\/2026\/03\/12\/reactie-van-moslimlanden-op-de-sluiting-van-de-al-aqsa-moskee-door-israel\/","og_locale":"nl_NL","og_type":"article","og_title":"Reactie van Moslimlanden op de sluiting van de Al-Aqsa Moskee door Isra\u00ebl - Dualar.com\/nl","og_description":"Acht moslimlanden veroordelen Isra\u00ebl's sluiting van de Al-Aqsa Moskee tijdens Ramadan als onrechtmatig en eisen onmiddellijke opheffing.","og_url":"https:\/\/dualar.com\/nl\/2026\/03\/12\/reactie-van-moslimlanden-op-de-sluiting-van-de-al-aqsa-moskee-door-israel\/","og_site_name":"Dualar.com\/nl","article_published_time":"2026-03-12T16:36:18+00:00","article_modified_time":"2026-03-12T16:36:56+00:00","og_image":[{"width":1024,"height":576,"url":"https:\/\/dualar.com\/nl\/wp-content\/uploads\/sites\/2\/2026\/03\/Reactie-van-Moslimlanden-op-de-sluiting-van-de-Al-Aqsa-Moskee.jpg","type":"image\/jpeg"}],"author":"info@blueappleagency.nl","twitter_card":"summary_large_image","twitter_misc":{"Geschreven door":"info@blueappleagency.nl","Geschatte leestijd":"2 minuten"},"schema":{"@context":"https:\/\/schema.org","@graph":[{"@type":"Article","@id":"https:\/\/dualar.com\/nl\/2026\/03\/12\/reactie-van-moslimlanden-op-de-sluiting-van-de-al-aqsa-moskee-door-israel\/#article","isPartOf":{"@id":"https:\/\/dualar.com\/nl\/2026\/03\/12\/reactie-van-moslimlanden-op-de-sluiting-van-de-al-aqsa-moskee-door-israel\/"},"author":{"name":"info@blueappleagency.nl","@id":"https:\/\/dualar.com\/nl\/#\/schema\/person\/d920bfed24e7ef4d145c3664464931fd"},"headline":"Reactie van Moslimlanden op de sluiting van de Al-Aqsa Moskee door Isra\u00ebl","datePublished":"2026-03-12T16:36:18+00:00","dateModified":"2026-03-12T16:36:56+00:00","mainEntityOfPage":{"@id":"https:\/\/dualar.com\/nl\/2026\/03\/12\/reactie-van-moslimlanden-op-de-sluiting-van-de-al-aqsa-moskee-door-israel\/"},"wordCount":499,"commentCount":0,"publisher":{"@id":"https:\/\/dualar.com\/nl\/#organization"},"image":{"@id":"https:\/\/dualar.com\/nl\/2026\/03\/12\/reactie-van-moslimlanden-op-de-sluiting-van-de-al-aqsa-moskee-door-israel\/#primaryimage"},"thumbnailUrl":"https:\/\/dualar.com\/nl\/wp-content\/uploads\/sites\/2\/2026\/03\/Reactie-van-Moslimlanden-op-de-sluiting-van-de-Al-Aqsa-Moskee.jpg","keywords":["Al-Aqsa-moskee","Isra\u00ebl","moslimlanden","reactie","sluiting"],"articleSection":["Mondiaal Moslim Nieuws"],"inLanguage":"nl-NL","potentialAction":[{"@type":"CommentAction","name":"Comment","target":["https:\/\/dualar.com\/nl\/2026\/03\/12\/reactie-van-moslimlanden-op-de-sluiting-van-de-al-aqsa-moskee-door-israel\/#respond"]}]},{"@type":"WebPage","@id":"https:\/\/dualar.com\/nl\/2026\/03\/12\/reactie-van-moslimlanden-op-de-sluiting-van-de-al-aqsa-moskee-door-israel\/","url":"https:\/\/dualar.com\/nl\/2026\/03\/12\/reactie-van-moslimlanden-op-de-sluiting-van-de-al-aqsa-moskee-door-israel\/","name":"Reactie van Moslimlanden op de sluiting van de Al-Aqsa Moskee door Isra\u00ebl - Dualar.com\/nl","isPartOf":{"@id":"https:\/\/dualar.com\/nl\/#website"},"primaryImageOfPage":{"@id":"https:\/\/dualar.com\/nl\/2026\/03\/12\/reactie-van-moslimlanden-op-de-sluiting-van-de-al-aqsa-moskee-door-israel\/#primaryimage"},"image":{"@id":"https:\/\/dualar.com\/nl\/2026\/03\/12\/reactie-van-moslimlanden-op-de-sluiting-van-de-al-aqsa-moskee-door-israel\/#primaryimage"},"thumbnailUrl":"https:\/\/dualar.com\/nl\/wp-content\/uploads\/sites\/2\/2026\/03\/Reactie-van-Moslimlanden-op-de-sluiting-van-de-Al-Aqsa-Moskee.jpg","datePublished":"2026-03-12T16:36:18+00:00","dateModified":"2026-03-12T16:36:56+00:00","description":"Acht moslimlanden veroordelen Isra\u00ebl's sluiting van de Al-Aqsa Moskee tijdens Ramadan als onrechtmatig en eisen onmiddellijke opheffing.","breadcrumb":{"@id":"https:\/\/dualar.com\/nl\/2026\/03\/12\/reactie-van-moslimlanden-op-de-sluiting-van-de-al-aqsa-moskee-door-israel\/#breadcrumb"},"inLanguage":"nl-NL","potentialAction":[{"@type":"ReadAction","target":["https:\/\/dualar.com\/nl\/2026\/03\/12\/reactie-van-moslimlanden-op-de-sluiting-van-de-al-aqsa-moskee-door-israel\/"]}]},{"@type":"ImageObject","inLanguage":"nl-NL","@id":"https:\/\/dualar.com\/nl\/2026\/03\/12\/reactie-van-moslimlanden-op-de-sluiting-van-de-al-aqsa-moskee-door-israel\/#primaryimage","url":"https:\/\/dualar.com\/nl\/wp-content\/uploads\/sites\/2\/2026\/03\/Reactie-van-Moslimlanden-op-de-sluiting-van-de-Al-Aqsa-Moskee.jpg","contentUrl":"https:\/\/dualar.com\/nl\/wp-content\/uploads\/sites\/2\/2026\/03\/Reactie-van-Moslimlanden-op-de-sluiting-van-de-Al-Aqsa-Moskee.jpg","width":1024,"height":576,"caption":"Reactie van Moslimlanden op de sluiting van de Al-Aqsa Moskee door Isra\u00ebl"},{"@type":"BreadcrumbList","@id":"https:\/\/dualar.com\/nl\/2026\/03\/12\/reactie-van-moslimlanden-op-de-sluiting-van-de-al-aqsa-moskee-door-israel\/#breadcrumb","itemListElement":[{"@type":"ListItem","position":1,"name":"Home","item":"https:\/\/dualar.com\/nl\/"},{"@type":"ListItem","position":2,"name":"Reactie van Moslimlanden op de sluiting van de Al-Aqsa Moskee door Isra\u00ebl"}]},{"@type":"WebSite","@id":"https:\/\/dualar.com\/nl\/#website","url":"https:\/\/dualar.com\/nl\/","name":"Dualar.com\/nl","description":"Gebeden die u op elk moment inspireren","publisher":{"@id":"https:\/\/dualar.com\/nl\/#organization"},"potentialAction":[{"@type":"SearchAction","target":{"@type":"EntryPoint","urlTemplate":"https:\/\/dualar.com\/nl\/?s={search_term_string}"},"query-input":{"@type":"PropertyValueSpecification","valueRequired":true,"valueName":"search_term_string"}}],"inLanguage":"nl-NL"},{"@type":"Organization","@id":"https:\/\/dualar.com\/nl\/#organization","name":"Dualar.com\/nl","url":"https:\/\/dualar.com\/nl\/","logo":{"@type":"ImageObject","inLanguage":"nl-NL","@id":"https:\/\/dualar.com\/nl\/#\/schema\/logo\/image\/","url":"https:\/\/dualar.com\/nl\/wp-content\/uploads\/sites\/2\/2024\/11\/Her-Aniniza-Ilham-Veren-Dualar-1.png","contentUrl":"https:\/\/dualar.com\/nl\/wp-content\/uploads\/sites\/2\/2024\/11\/Her-Aniniza-Ilham-Veren-Dualar-1.png","width":1000,"height":300,"caption":"Dualar.com\/nl"},"image":{"@id":"https:\/\/dualar.com\/nl\/#\/schema\/logo\/image\/"}},{"@type":"Person","@id":"https:\/\/dualar.com\/nl\/#\/schema\/person\/d920bfed24e7ef4d145c3664464931fd","name":"info@blueappleagency.nl","image":{"@type":"ImageObject","inLanguage":"nl-NL","@id":"https:\/\/dualar.com\/nl\/#\/schema\/person\/image\/","url":"https:\/\/secure.gravatar.com\/avatar\/4bcc94ad74be7f14c7e9a39e3f95a587?s=96&d=mm&r=g","contentUrl":"https:\/\/secure.gravatar.com\/avatar\/4bcc94ad74be7f14c7e9a39e3f95a587?s=96&d=mm&r=g","caption":"info@blueappleagency.nl"},"sameAs":["http:\/\/dualar.com"],"url":"#"}]}},"taxonomy_info":{"category":[{"value":2,"label":"Mondiaal Moslim Nieuws"}],"post_tag":[{"value":1870,"label":"Al-Aqsa-moskee"},{"value":38,"label":"Isra\u00ebl"},{"value":704,"label":"moslimlanden"},{"value":1351,"label":"reactie"},{"value":811,"label":"sluiting"}]},"featured_image_src_large":["https:\/\/dualar.com\/nl\/wp-content\/uploads\/sites\/2\/2026\/03\/Reactie-van-Moslimlanden-op-de-sluiting-van-de-Al-Aqsa-Moskee.jpg",1024,576,false],"author_info":{"display_name":"info@blueappleagency.nl","author_link":"#"},"comment_info":0,"category_info":[{"term_id":2,"name":"Mondiaal Moslim Nieuws","slug":"mondiaal-moslim-nieuws","term_group":0,"term_taxonomy_id":2,"taxonomy":"category","description":"","parent":0,"count":1312,"filter":"raw","cat_ID":2,"category_count":1312,"category_description":"","cat_name":"Mondiaal Moslim Nieuws","category_nicename":"mondiaal-moslim-nieuws","category_parent":0}],"tag_info":[{"term_id":1870,"name":"Al-Aqsa-moskee","slug":"al-aqsa-moskee","term_group":0,"term_taxonomy_id":1870,"taxonomy":"post_tag","description":"","parent":0,"count":12,"filter":"raw"},{"term_id":38,"name":"Isra\u00ebl","slug":"israel","term_group":0,"term_taxonomy_id":38,"taxonomy":"post_tag","description":"","parent":0,"count":230,"filter":"raw"},{"term_id":704,"name":"moslimlanden","slug":"moslimlanden","term_group":0,"term_taxonomy_id":704,"taxonomy":"post_tag","description":"","parent":0,"count":6,"filter":"raw"},{"term_id":1351,"name":"reactie","slug":"reactie","term_group":0,"term_taxonomy_id":1351,"taxonomy":"post_tag","description":"","parent":0,"count":7,"filter":"raw"},{"term_id":811,"name":"sluiting","slug":"sluiting","term_group":0,"term_taxonomy_id":811,"taxonomy":"post_tag","description":"","parent":0,"count":4,"filter":"raw"}],"_links":{"self":[{"href":"https:\/\/dualar.com\/nl\/wp-json\/wp\/v2\/posts\/6782","targetHints":{"allow":["GET"]}}],"collection":[{"href":"https:\/\/dualar.com\/nl\/wp-json\/wp\/v2\/posts"}],"about":[{"href":"https:\/\/dualar.com\/nl\/wp-json\/wp\/v2\/types\/post"}],"author":[{"embeddable":true,"href":"https:\/\/dualar.com\/nl\/wp-json\/wp\/v2\/users\/1"}],"replies":[{"embeddable":true,"href":"https:\/\/dualar.com\/nl\/wp-json\/wp\/v2\/comments?post=6782"}],"version-history":[{"count":1,"href":"https:\/\/dualar.com\/nl\/wp-json\/wp\/v2\/posts\/6782\/revisions"}],"predecessor-version":[{"id":6784,"href":"https:\/\/dualar.com\/nl\/wp-json\/wp\/v2\/posts\/6782\/revisions\/6784"}],"wp:featuredmedia":[{"embeddable":true,"href":"https:\/\/dualar.com\/nl\/wp-json\/wp\/v2\/media\/6783"}],"wp:attachment":[{"href":"https:\/\/dualar.com\/nl\/wp-json\/wp\/v2\/media?parent=6782"}],"wp:term":[{"taxonomy":"category","embeddable":true,"href":"https:\/\/dualar.com\/nl\/wp-json\/wp\/v2\/categories?post=6782"},{"taxonomy":"post_tag","embeddable":true,"href":"https:\/\/dualar.com\/nl\/wp-json\/wp\/v2\/tags?post=6782"}],"curies":[{"name":"wp","href":"https:\/\/api.w.org\/{rel}","templated":true}]}}