{"id":6809,"date":"2026-03-17T07:18:33","date_gmt":"2026-03-17T06:18:33","guid":{"rendered":"https:\/\/dualar.com\/nl\/2026\/03\/17\/israels-gebruik-van-de-oorlog-met-iran-om-religieuze-gebieden-in-jeruzalem-te-controleren\/"},"modified":"2026-03-17T07:18:41","modified_gmt":"2026-03-17T06:18:41","slug":"israels-gebruik-van-de-oorlog-met-iran-om-religieuze-gebieden-in-jeruzalem-te-controleren","status":"publish","type":"post","link":"https:\/\/dualar.com\/nl\/2026\/03\/17\/israels-gebruik-van-de-oorlog-met-iran-om-religieuze-gebieden-in-jeruzalem-te-controleren\/","title":{"rendered":"Isra\u00ebl&#8217;s gebruik van de oorlog met Iran om religieuze gebieden in Jeruzalem te controleren"},"content":{"rendered":"<div>\n<p><strong>De Situatie in Jeruzalem: Het Verdiepen van de Angst en de Controle<\/strong><\/p>\n<p>Onlangs, terwijl we stonden bij de Damascuspoort om de leegte van de Oude Stad van Jeruzalem in de laatste dagen van de Ramadan waar te nemen, realiseerden we ons dat we omringd waren door meerdere volledig uitgeruste Isra\u00eblische politieagenten. In deze angstaanjagende atmosfeer stelde mijn vriend voor dat we moesten vertrekken voor onze veiligheid. Terwijl we liepen, accepteerden we de nieuwe situatie die Isra\u00ebl had opgelegd: een dieper verankerde angstatmosfeer dan ooit tevoren.<\/p>\n<p>Tijdens onze wandeling door de straten van Jeruzalem &#8217;s nachts bespraken we hoezeer onze stad in de afgelopen jaren was veranderd. Waar het normaal gesproken een stad was die overspoeld werd door mensen die komen bidden, is het nu omsingeld door een zware militaire aanwezigheid. We dachten terug aan een decennium geleden, toen de inwoners van Jeruzalem protesteerden tegen de installatie van beveiligingsbarri\u00e8res op het Al-Aqsa moskeeterrein. Vandaag de dag zou zo&#8217;n protest worden geconfronteerd met wrede militaire onderdrukking en wraakzuchtige gevolgen.<\/p>\n<h3>De Normalisatie van Militaire Onderdrukking in Jeruzalem<\/h3>\n<p>Terwijl we doorgingen met lopen, zagen we Isra\u00eblische troepen die jonge Palestijnse mannen willekeurig stopten en onderwierpen aan vernederende fysieke inspecties. Deze provocatieve praktijk, die nu genormaliseerd is in Jeruzalem, maakt het dagelijkse leven van mensen nog moeilijker.<\/p>\n<p>Tijdens mijn bezoek aan de Oude Stad kon ik slechts \u00e9\u00e9n keer het Al-Aqsa moskeecomplex betreden. Zelfs op dat moment waren de meeste deuren gesloten door Isra\u00eblische autoriteiten en leidde een vastgestelde route langs metalen barri\u00e8res. Sinds de start van de oorlog tegen Iran is het Al-Aqsa moskeecomplex afgesloten. Isra\u00eblische autoriteiten geven aan dat er zorgen zijn over de veiligheid van de gelovigen. Maar te midden van de twee jaar durende genocide in Gaza en de verschillende onderdrukkende maatregelen tegen alle Palestijnen onder bezetting, is deze ironie erg duidelijk.<\/p>\n<h3>De Verdieping van de Controle en de Vrees voor de Toekomst<\/h3>\n<p>Blijkbaar wordt de oorlog van Isra\u00ebl tegen Iran gebruikt als een subtiele excuus om de controle over religieuze locaties in Jeruzalem en de bezette Palestijnse gebieden uit te breiden. Recentelijk is deze situatie verder bevestigd door maatregelen zoals het overdragen van de plannings- en bouwbevoegdheden van de Ibrahim Moskee van de gemeente Hebron naar Isra\u00eblische entiteiten.<\/p>\n<p>De meeste van mijn recente gesprekken met vrienden en familie in Jeruzalem draaien om de afwezigheid van toekomstperspectieven voor Palestina onder de steeds groeiendere invloed van de bezetting. Waar je ook kijkt, word je geconfronteerd met een verslechterende realiteit; dit breekt je ziel keer op keer.<\/p>\n<h3>Jarenlange Straffeloosheid van de Bezette Gebieden<\/h3>\n<p>In zulke momenten raakt het me te zien dat we onder het masker van &#8220;discriminatie&#8221; minder wrede vormen van onderdrukking normaliseren. Als je voortdurend direct in contact staat met de bezetter, wordt het handhaven van je bestaan je enige middel van verzet. De huidige situatie in de bezette Palestijnse gebieden laat de internationale gemeenschap op een kritiek kruispunt achter. De onverschilligheid van Isra\u00ebl ten opzichte van het internationale recht is een directe uitkomst van de voortdurende passiviteit van de wereldgemeenschap.<\/p>\n<p>De jarenlange straffeloosheid van de Isra\u00eblische staat kan niet langer worden behandeld met lege veroordelingen. Als de wereld oprecht ge\u00efnteresseerd is in de handhaving van internationale regels, moeten staten veel sterkere economische en diplomatieke sancties toepassen. Anders zullen de gevolgen voor de hele wereld onomkeerbaar worden.<\/p>\n<h3>Conclusie en Oproep aan de Lezers<\/h3>\n<p>De situatie in Jeruzalem is niet alleen een lokale kwestie, maar ook een internationaal probleem. Daarom moedigen we de lezers aan om over dit onderwerp na te denken en gerelateerde artikelen te lezen voor meer informatie. Deel alstublieft uw gedachten om de ontwikkelingen in Jeruzalem te volgen en meer informatie te verkrijgen.<\/p>\n<\/div>\n","protected":false},"excerpt":{"rendered":"<p>De situatie in Jeruzalem verergert, met een toenemende aanwezigheid van Isra\u00eblische politie en militaire controle, vooral rondom de Oude Stad en het Al-Aqsa moskeecomplex. De angst onder de bevolking groeit, terwijl Palestijnen systematisch worden ge\u00efnspecteerd en onderdrukt. De controle over religieuze locaties wordt uitgebreid onder het mom van veiligheid, met weinig toekomstperspectief voor de Palestijnen. De jarenlange straffeloosheid van Isra\u00ebl roept vragen op over de rol van de internationale gemeenschap, die sterkere sancties moet overwegen om verandering teweeg te brengen. De situatie in Jeruzalem vraagt om wereldwijde aandacht en betrokkenheid.<\/p>\n","protected":false},"author":1,"featured_media":6810,"comment_status":"open","ping_status":"open","sticky":false,"template":"","format":"standard","meta":{"_kad_blocks_custom_css":"","_kad_blocks_head_custom_js":"","_kad_blocks_body_custom_js":"","_kad_blocks_footer_custom_js":"","_kadence_starter_templates_imported_post":false,"_kad_post_transparent":"","_kad_post_title":"","_kad_post_layout":"","_kad_post_sidebar_id":"","_kad_post_content_style":"","_kad_post_vertical_padding":"","_kad_post_feature":"","_kad_post_feature_position":"","_kad_post_header":false,"_kad_post_footer":false,"footnotes":""},"categories":[2],"tags":[513,569,38,2373,220,4504],"class_list":["post-6809","post","type-post","status-publish","format-standard","has-post-thumbnail","hentry","category-mondiaal-moslim-nieuws","tag-controle","tag-iran","tag-israel","tag-jeruzalem","tag-oorlog","tag-religieuze-gebieden"],"yoast_head":"<!-- This site is optimized with the Yoast SEO plugin v23.9 - https:\/\/yoast.com\/wordpress\/plugins\/seo\/ -->\n<title>Isra\u00ebl&#039;s gebruik van de oorlog met Iran om religieuze gebieden in Jeruzalem te controleren - Dualar.com\/nl<\/title>\n<meta name=\"description\" content=\"De situatie in Jeruzalem verergert, met militaire controle en angst onder Palestijnen. De internationale gemeenschap moet actie ondernemen.\" \/>\n<meta name=\"robots\" content=\"index, follow, max-snippet:-1, max-image-preview:large, max-video-preview:-1\" \/>\n<link rel=\"canonical\" href=\"https:\/\/dualar.com\/nl\/2026\/03\/17\/israels-gebruik-van-de-oorlog-met-iran-om-religieuze-gebieden-in-jeruzalem-te-controleren\/\" \/>\n<meta property=\"og:locale\" content=\"nl_NL\" \/>\n<meta property=\"og:type\" content=\"article\" \/>\n<meta property=\"og:title\" content=\"Isra\u00ebl&#039;s gebruik van de oorlog met Iran om religieuze gebieden in Jeruzalem te controleren - Dualar.com\/nl\" \/>\n<meta property=\"og:description\" content=\"De situatie in Jeruzalem verergert, met militaire controle en angst onder Palestijnen. De internationale gemeenschap moet actie ondernemen.\" \/>\n<meta property=\"og:url\" content=\"https:\/\/dualar.com\/nl\/2026\/03\/17\/israels-gebruik-van-de-oorlog-met-iran-om-religieuze-gebieden-in-jeruzalem-te-controleren\/\" \/>\n<meta property=\"og:site_name\" content=\"Dualar.com\/nl\" \/>\n<meta property=\"article:published_time\" content=\"2026-03-17T06:18:33+00:00\" \/>\n<meta property=\"article:modified_time\" content=\"2026-03-17T06:18:41+00:00\" \/>\n<meta property=\"og:image\" content=\"https:\/\/dualar.com\/nl\/wp-content\/uploads\/sites\/2\/2026\/03\/Israels-gebruik-van-de-oorlog-met-Iran-om-religieuze-gebieden.jpeg\" \/>\n\t<meta property=\"og:image:width\" content=\"1600\" \/>\n\t<meta property=\"og:image:height\" content=\"900\" \/>\n\t<meta property=\"og:image:type\" content=\"image\/jpeg\" \/>\n<meta name=\"author\" content=\"info@blueappleagency.nl\" \/>\n<meta name=\"twitter:card\" content=\"summary_large_image\" \/>\n<meta name=\"twitter:label1\" content=\"Geschreven door\" \/>\n\t<meta name=\"twitter:data1\" content=\"info@blueappleagency.nl\" \/>\n\t<meta name=\"twitter:label2\" content=\"Geschatte leestijd\" \/>\n\t<meta name=\"twitter:data2\" content=\"3 minuten\" \/>\n<script type=\"application\/ld+json\" class=\"yoast-schema-graph\">{\"@context\":\"https:\/\/schema.org\",\"@graph\":[{\"@type\":\"Article\",\"@id\":\"https:\/\/dualar.com\/nl\/2026\/03\/17\/israels-gebruik-van-de-oorlog-met-iran-om-religieuze-gebieden-in-jeruzalem-te-controleren\/#article\",\"isPartOf\":{\"@id\":\"https:\/\/dualar.com\/nl\/2026\/03\/17\/israels-gebruik-van-de-oorlog-met-iran-om-religieuze-gebieden-in-jeruzalem-te-controleren\/\"},\"author\":{\"name\":\"info@blueappleagency.nl\",\"@id\":\"https:\/\/dualar.com\/nl\/#\/schema\/person\/d920bfed24e7ef4d145c3664464931fd\"},\"headline\":\"Isra\u00ebl&#8217;s gebruik van de oorlog met Iran om religieuze gebieden in Jeruzalem te controleren\",\"datePublished\":\"2026-03-17T06:18:33+00:00\",\"dateModified\":\"2026-03-17T06:18:41+00:00\",\"mainEntityOfPage\":{\"@id\":\"https:\/\/dualar.com\/nl\/2026\/03\/17\/israels-gebruik-van-de-oorlog-met-iran-om-religieuze-gebieden-in-jeruzalem-te-controleren\/\"},\"wordCount\":633,\"commentCount\":0,\"publisher\":{\"@id\":\"https:\/\/dualar.com\/nl\/#organization\"},\"image\":{\"@id\":\"https:\/\/dualar.com\/nl\/2026\/03\/17\/israels-gebruik-van-de-oorlog-met-iran-om-religieuze-gebieden-in-jeruzalem-te-controleren\/#primaryimage\"},\"thumbnailUrl\":\"https:\/\/dualar.com\/nl\/wp-content\/uploads\/sites\/2\/2026\/03\/Israels-gebruik-van-de-oorlog-met-Iran-om-religieuze-gebieden.jpeg\",\"keywords\":[\"controle\",\"Iran\",\"Isra\u00ebl\",\"Jeruzalem\",\"oorlog\",\"religieuze gebieden\"],\"articleSection\":[\"Mondiaal Moslim Nieuws\"],\"inLanguage\":\"nl-NL\",\"potentialAction\":[{\"@type\":\"CommentAction\",\"name\":\"Comment\",\"target\":[\"https:\/\/dualar.com\/nl\/2026\/03\/17\/israels-gebruik-van-de-oorlog-met-iran-om-religieuze-gebieden-in-jeruzalem-te-controleren\/#respond\"]}]},{\"@type\":\"WebPage\",\"@id\":\"https:\/\/dualar.com\/nl\/2026\/03\/17\/israels-gebruik-van-de-oorlog-met-iran-om-religieuze-gebieden-in-jeruzalem-te-controleren\/\",\"url\":\"https:\/\/dualar.com\/nl\/2026\/03\/17\/israels-gebruik-van-de-oorlog-met-iran-om-religieuze-gebieden-in-jeruzalem-te-controleren\/\",\"name\":\"Isra\u00ebl's gebruik van de oorlog met Iran om religieuze gebieden in Jeruzalem te controleren - Dualar.com\/nl\",\"isPartOf\":{\"@id\":\"https:\/\/dualar.com\/nl\/#website\"},\"primaryImageOfPage\":{\"@id\":\"https:\/\/dualar.com\/nl\/2026\/03\/17\/israels-gebruik-van-de-oorlog-met-iran-om-religieuze-gebieden-in-jeruzalem-te-controleren\/#primaryimage\"},\"image\":{\"@id\":\"https:\/\/dualar.com\/nl\/2026\/03\/17\/israels-gebruik-van-de-oorlog-met-iran-om-religieuze-gebieden-in-jeruzalem-te-controleren\/#primaryimage\"},\"thumbnailUrl\":\"https:\/\/dualar.com\/nl\/wp-content\/uploads\/sites\/2\/2026\/03\/Israels-gebruik-van-de-oorlog-met-Iran-om-religieuze-gebieden.jpeg\",\"datePublished\":\"2026-03-17T06:18:33+00:00\",\"dateModified\":\"2026-03-17T06:18:41+00:00\",\"description\":\"De situatie in Jeruzalem verergert, met militaire controle en angst onder Palestijnen. De internationale gemeenschap moet actie ondernemen.\",\"breadcrumb\":{\"@id\":\"https:\/\/dualar.com\/nl\/2026\/03\/17\/israels-gebruik-van-de-oorlog-met-iran-om-religieuze-gebieden-in-jeruzalem-te-controleren\/#breadcrumb\"},\"inLanguage\":\"nl-NL\",\"potentialAction\":[{\"@type\":\"ReadAction\",\"target\":[\"https:\/\/dualar.com\/nl\/2026\/03\/17\/israels-gebruik-van-de-oorlog-met-iran-om-religieuze-gebieden-in-jeruzalem-te-controleren\/\"]}]},{\"@type\":\"ImageObject\",\"inLanguage\":\"nl-NL\",\"@id\":\"https:\/\/dualar.com\/nl\/2026\/03\/17\/israels-gebruik-van-de-oorlog-met-iran-om-religieuze-gebieden-in-jeruzalem-te-controleren\/#primaryimage\",\"url\":\"https:\/\/dualar.com\/nl\/wp-content\/uploads\/sites\/2\/2026\/03\/Israels-gebruik-van-de-oorlog-met-Iran-om-religieuze-gebieden.jpeg\",\"contentUrl\":\"https:\/\/dualar.com\/nl\/wp-content\/uploads\/sites\/2\/2026\/03\/Israels-gebruik-van-de-oorlog-met-Iran-om-religieuze-gebieden.jpeg\",\"width\":1600,\"height\":900,\"caption\":\"Isra\u00ebl's gebruik van de oorlog met Iran om religieuze gebieden in Jeruzalem te controleren\"},{\"@type\":\"BreadcrumbList\",\"@id\":\"https:\/\/dualar.com\/nl\/2026\/03\/17\/israels-gebruik-van-de-oorlog-met-iran-om-religieuze-gebieden-in-jeruzalem-te-controleren\/#breadcrumb\",\"itemListElement\":[{\"@type\":\"ListItem\",\"position\":1,\"name\":\"Home\",\"item\":\"https:\/\/dualar.com\/nl\/\"},{\"@type\":\"ListItem\",\"position\":2,\"name\":\"Isra\u00ebl&#8217;s gebruik van de oorlog met Iran om religieuze gebieden in Jeruzalem te controleren\"}]},{\"@type\":\"WebSite\",\"@id\":\"https:\/\/dualar.com\/nl\/#website\",\"url\":\"https:\/\/dualar.com\/nl\/\",\"name\":\"Dualar.com\/nl\",\"description\":\"Gebeden die u op elk moment inspireren\",\"publisher\":{\"@id\":\"https:\/\/dualar.com\/nl\/#organization\"},\"potentialAction\":[{\"@type\":\"SearchAction\",\"target\":{\"@type\":\"EntryPoint\",\"urlTemplate\":\"https:\/\/dualar.com\/nl\/?s={search_term_string}\"},\"query-input\":{\"@type\":\"PropertyValueSpecification\",\"valueRequired\":true,\"valueName\":\"search_term_string\"}}],\"inLanguage\":\"nl-NL\"},{\"@type\":\"Organization\",\"@id\":\"https:\/\/dualar.com\/nl\/#organization\",\"name\":\"Dualar.com\/nl\",\"url\":\"https:\/\/dualar.com\/nl\/\",\"logo\":{\"@type\":\"ImageObject\",\"inLanguage\":\"nl-NL\",\"@id\":\"https:\/\/dualar.com\/nl\/#\/schema\/logo\/image\/\",\"url\":\"https:\/\/dualar.com\/nl\/wp-content\/uploads\/sites\/2\/2024\/11\/Her-Aniniza-Ilham-Veren-Dualar-1.png\",\"contentUrl\":\"https:\/\/dualar.com\/nl\/wp-content\/uploads\/sites\/2\/2024\/11\/Her-Aniniza-Ilham-Veren-Dualar-1.png\",\"width\":1000,\"height\":300,\"caption\":\"Dualar.com\/nl\"},\"image\":{\"@id\":\"https:\/\/dualar.com\/nl\/#\/schema\/logo\/image\/\"}},{\"@type\":\"Person\",\"@id\":\"https:\/\/dualar.com\/nl\/#\/schema\/person\/d920bfed24e7ef4d145c3664464931fd\",\"name\":\"info@blueappleagency.nl\",\"image\":{\"@type\":\"ImageObject\",\"inLanguage\":\"nl-NL\",\"@id\":\"https:\/\/dualar.com\/nl\/#\/schema\/person\/image\/\",\"url\":\"https:\/\/secure.gravatar.com\/avatar\/4bcc94ad74be7f14c7e9a39e3f95a587?s=96&d=mm&r=g\",\"contentUrl\":\"https:\/\/secure.gravatar.com\/avatar\/4bcc94ad74be7f14c7e9a39e3f95a587?s=96&d=mm&r=g\",\"caption\":\"info@blueappleagency.nl\"},\"sameAs\":[\"http:\/\/dualar.com\"],\"url\":\"#\"}]}<\/script>\n<!-- \/ Yoast SEO plugin. -->","yoast_head_json":{"title":"Isra\u00ebl's gebruik van de oorlog met Iran om religieuze gebieden in Jeruzalem te controleren - Dualar.com\/nl","description":"De situatie in Jeruzalem verergert, met militaire controle en angst onder Palestijnen. De internationale gemeenschap moet actie ondernemen.","robots":{"index":"index","follow":"follow","max-snippet":"max-snippet:-1","max-image-preview":"max-image-preview:large","max-video-preview":"max-video-preview:-1"},"canonical":"https:\/\/dualar.com\/nl\/2026\/03\/17\/israels-gebruik-van-de-oorlog-met-iran-om-religieuze-gebieden-in-jeruzalem-te-controleren\/","og_locale":"nl_NL","og_type":"article","og_title":"Isra\u00ebl's gebruik van de oorlog met Iran om religieuze gebieden in Jeruzalem te controleren - Dualar.com\/nl","og_description":"De situatie in Jeruzalem verergert, met militaire controle en angst onder Palestijnen. De internationale gemeenschap moet actie ondernemen.","og_url":"https:\/\/dualar.com\/nl\/2026\/03\/17\/israels-gebruik-van-de-oorlog-met-iran-om-religieuze-gebieden-in-jeruzalem-te-controleren\/","og_site_name":"Dualar.com\/nl","article_published_time":"2026-03-17T06:18:33+00:00","article_modified_time":"2026-03-17T06:18:41+00:00","og_image":[{"width":1600,"height":900,"url":"https:\/\/dualar.com\/nl\/wp-content\/uploads\/sites\/2\/2026\/03\/Israels-gebruik-van-de-oorlog-met-Iran-om-religieuze-gebieden.jpeg","type":"image\/jpeg"}],"author":"info@blueappleagency.nl","twitter_card":"summary_large_image","twitter_misc":{"Geschreven door":"info@blueappleagency.nl","Geschatte leestijd":"3 minuten"},"schema":{"@context":"https:\/\/schema.org","@graph":[{"@type":"Article","@id":"https:\/\/dualar.com\/nl\/2026\/03\/17\/israels-gebruik-van-de-oorlog-met-iran-om-religieuze-gebieden-in-jeruzalem-te-controleren\/#article","isPartOf":{"@id":"https:\/\/dualar.com\/nl\/2026\/03\/17\/israels-gebruik-van-de-oorlog-met-iran-om-religieuze-gebieden-in-jeruzalem-te-controleren\/"},"author":{"name":"info@blueappleagency.nl","@id":"https:\/\/dualar.com\/nl\/#\/schema\/person\/d920bfed24e7ef4d145c3664464931fd"},"headline":"Isra\u00ebl&#8217;s gebruik van de oorlog met Iran om religieuze gebieden in Jeruzalem te controleren","datePublished":"2026-03-17T06:18:33+00:00","dateModified":"2026-03-17T06:18:41+00:00","mainEntityOfPage":{"@id":"https:\/\/dualar.com\/nl\/2026\/03\/17\/israels-gebruik-van-de-oorlog-met-iran-om-religieuze-gebieden-in-jeruzalem-te-controleren\/"},"wordCount":633,"commentCount":0,"publisher":{"@id":"https:\/\/dualar.com\/nl\/#organization"},"image":{"@id":"https:\/\/dualar.com\/nl\/2026\/03\/17\/israels-gebruik-van-de-oorlog-met-iran-om-religieuze-gebieden-in-jeruzalem-te-controleren\/#primaryimage"},"thumbnailUrl":"https:\/\/dualar.com\/nl\/wp-content\/uploads\/sites\/2\/2026\/03\/Israels-gebruik-van-de-oorlog-met-Iran-om-religieuze-gebieden.jpeg","keywords":["controle","Iran","Isra\u00ebl","Jeruzalem","oorlog","religieuze gebieden"],"articleSection":["Mondiaal Moslim Nieuws"],"inLanguage":"nl-NL","potentialAction":[{"@type":"CommentAction","name":"Comment","target":["https:\/\/dualar.com\/nl\/2026\/03\/17\/israels-gebruik-van-de-oorlog-met-iran-om-religieuze-gebieden-in-jeruzalem-te-controleren\/#respond"]}]},{"@type":"WebPage","@id":"https:\/\/dualar.com\/nl\/2026\/03\/17\/israels-gebruik-van-de-oorlog-met-iran-om-religieuze-gebieden-in-jeruzalem-te-controleren\/","url":"https:\/\/dualar.com\/nl\/2026\/03\/17\/israels-gebruik-van-de-oorlog-met-iran-om-religieuze-gebieden-in-jeruzalem-te-controleren\/","name":"Isra\u00ebl's gebruik van de oorlog met Iran om religieuze gebieden in Jeruzalem te controleren - Dualar.com\/nl","isPartOf":{"@id":"https:\/\/dualar.com\/nl\/#website"},"primaryImageOfPage":{"@id":"https:\/\/dualar.com\/nl\/2026\/03\/17\/israels-gebruik-van-de-oorlog-met-iran-om-religieuze-gebieden-in-jeruzalem-te-controleren\/#primaryimage"},"image":{"@id":"https:\/\/dualar.com\/nl\/2026\/03\/17\/israels-gebruik-van-de-oorlog-met-iran-om-religieuze-gebieden-in-jeruzalem-te-controleren\/#primaryimage"},"thumbnailUrl":"https:\/\/dualar.com\/nl\/wp-content\/uploads\/sites\/2\/2026\/03\/Israels-gebruik-van-de-oorlog-met-Iran-om-religieuze-gebieden.jpeg","datePublished":"2026-03-17T06:18:33+00:00","dateModified":"2026-03-17T06:18:41+00:00","description":"De situatie in Jeruzalem verergert, met militaire controle en angst onder Palestijnen. De internationale gemeenschap moet actie ondernemen.","breadcrumb":{"@id":"https:\/\/dualar.com\/nl\/2026\/03\/17\/israels-gebruik-van-de-oorlog-met-iran-om-religieuze-gebieden-in-jeruzalem-te-controleren\/#breadcrumb"},"inLanguage":"nl-NL","potentialAction":[{"@type":"ReadAction","target":["https:\/\/dualar.com\/nl\/2026\/03\/17\/israels-gebruik-van-de-oorlog-met-iran-om-religieuze-gebieden-in-jeruzalem-te-controleren\/"]}]},{"@type":"ImageObject","inLanguage":"nl-NL","@id":"https:\/\/dualar.com\/nl\/2026\/03\/17\/israels-gebruik-van-de-oorlog-met-iran-om-religieuze-gebieden-in-jeruzalem-te-controleren\/#primaryimage","url":"https:\/\/dualar.com\/nl\/wp-content\/uploads\/sites\/2\/2026\/03\/Israels-gebruik-van-de-oorlog-met-Iran-om-religieuze-gebieden.jpeg","contentUrl":"https:\/\/dualar.com\/nl\/wp-content\/uploads\/sites\/2\/2026\/03\/Israels-gebruik-van-de-oorlog-met-Iran-om-religieuze-gebieden.jpeg","width":1600,"height":900,"caption":"Isra\u00ebl's gebruik van de oorlog met Iran om religieuze gebieden in Jeruzalem te controleren"},{"@type":"BreadcrumbList","@id":"https:\/\/dualar.com\/nl\/2026\/03\/17\/israels-gebruik-van-de-oorlog-met-iran-om-religieuze-gebieden-in-jeruzalem-te-controleren\/#breadcrumb","itemListElement":[{"@type":"ListItem","position":1,"name":"Home","item":"https:\/\/dualar.com\/nl\/"},{"@type":"ListItem","position":2,"name":"Isra\u00ebl&#8217;s gebruik van de oorlog met Iran om religieuze gebieden in Jeruzalem te controleren"}]},{"@type":"WebSite","@id":"https:\/\/dualar.com\/nl\/#website","url":"https:\/\/dualar.com\/nl\/","name":"Dualar.com\/nl","description":"Gebeden die u op elk moment inspireren","publisher":{"@id":"https:\/\/dualar.com\/nl\/#organization"},"potentialAction":[{"@type":"SearchAction","target":{"@type":"EntryPoint","urlTemplate":"https:\/\/dualar.com\/nl\/?s={search_term_string}"},"query-input":{"@type":"PropertyValueSpecification","valueRequired":true,"valueName":"search_term_string"}}],"inLanguage":"nl-NL"},{"@type":"Organization","@id":"https:\/\/dualar.com\/nl\/#organization","name":"Dualar.com\/nl","url":"https:\/\/dualar.com\/nl\/","logo":{"@type":"ImageObject","inLanguage":"nl-NL","@id":"https:\/\/dualar.com\/nl\/#\/schema\/logo\/image\/","url":"https:\/\/dualar.com\/nl\/wp-content\/uploads\/sites\/2\/2024\/11\/Her-Aniniza-Ilham-Veren-Dualar-1.png","contentUrl":"https:\/\/dualar.com\/nl\/wp-content\/uploads\/sites\/2\/2024\/11\/Her-Aniniza-Ilham-Veren-Dualar-1.png","width":1000,"height":300,"caption":"Dualar.com\/nl"},"image":{"@id":"https:\/\/dualar.com\/nl\/#\/schema\/logo\/image\/"}},{"@type":"Person","@id":"https:\/\/dualar.com\/nl\/#\/schema\/person\/d920bfed24e7ef4d145c3664464931fd","name":"info@blueappleagency.nl","image":{"@type":"ImageObject","inLanguage":"nl-NL","@id":"https:\/\/dualar.com\/nl\/#\/schema\/person\/image\/","url":"https:\/\/secure.gravatar.com\/avatar\/4bcc94ad74be7f14c7e9a39e3f95a587?s=96&d=mm&r=g","contentUrl":"https:\/\/secure.gravatar.com\/avatar\/4bcc94ad74be7f14c7e9a39e3f95a587?s=96&d=mm&r=g","caption":"info@blueappleagency.nl"},"sameAs":["http:\/\/dualar.com"],"url":"#"}]}},"taxonomy_info":{"category":[{"value":2,"label":"Mondiaal Moslim Nieuws"}],"post_tag":[{"value":513,"label":"controle"},{"value":569,"label":"Iran"},{"value":38,"label":"Isra\u00ebl"},{"value":2373,"label":"Jeruzalem"},{"value":220,"label":"oorlog"},{"value":4504,"label":"religieuze gebieden"}]},"featured_image_src_large":["https:\/\/dualar.com\/nl\/wp-content\/uploads\/sites\/2\/2026\/03\/Israels-gebruik-van-de-oorlog-met-Iran-om-religieuze-gebieden-1024x576.jpeg",1024,576,true],"author_info":{"display_name":"info@blueappleagency.nl","author_link":"#"},"comment_info":0,"category_info":[{"term_id":2,"name":"Mondiaal Moslim Nieuws","slug":"mondiaal-moslim-nieuws","term_group":0,"term_taxonomy_id":2,"taxonomy":"category","description":"","parent":0,"count":1312,"filter":"raw","cat_ID":2,"category_count":1312,"category_description":"","cat_name":"Mondiaal Moslim Nieuws","category_nicename":"mondiaal-moslim-nieuws","category_parent":0}],"tag_info":[{"term_id":513,"name":"controle","slug":"controle","term_group":0,"term_taxonomy_id":513,"taxonomy":"post_tag","description":"","parent":0,"count":4,"filter":"raw"},{"term_id":569,"name":"Iran","slug":"iran","term_group":0,"term_taxonomy_id":569,"taxonomy":"post_tag","description":"","parent":0,"count":50,"filter":"raw"},{"term_id":38,"name":"Isra\u00ebl","slug":"israel","term_group":0,"term_taxonomy_id":38,"taxonomy":"post_tag","description":"","parent":0,"count":230,"filter":"raw"},{"term_id":2373,"name":"Jeruzalem","slug":"jeruzalem","term_group":0,"term_taxonomy_id":2373,"taxonomy":"post_tag","description":"","parent":0,"count":10,"filter":"raw"},{"term_id":220,"name":"oorlog","slug":"oorlog","term_group":0,"term_taxonomy_id":220,"taxonomy":"post_tag","description":"","parent":0,"count":44,"filter":"raw"},{"term_id":4504,"name":"religieuze gebieden","slug":"religieuze-gebieden","term_group":0,"term_taxonomy_id":4504,"taxonomy":"post_tag","description":"","parent":0,"count":1,"filter":"raw"}],"_links":{"self":[{"href":"https:\/\/dualar.com\/nl\/wp-json\/wp\/v2\/posts\/6809","targetHints":{"allow":["GET"]}}],"collection":[{"href":"https:\/\/dualar.com\/nl\/wp-json\/wp\/v2\/posts"}],"about":[{"href":"https:\/\/dualar.com\/nl\/wp-json\/wp\/v2\/types\/post"}],"author":[{"embeddable":true,"href":"https:\/\/dualar.com\/nl\/wp-json\/wp\/v2\/users\/1"}],"replies":[{"embeddable":true,"href":"https:\/\/dualar.com\/nl\/wp-json\/wp\/v2\/comments?post=6809"}],"version-history":[{"count":1,"href":"https:\/\/dualar.com\/nl\/wp-json\/wp\/v2\/posts\/6809\/revisions"}],"predecessor-version":[{"id":6811,"href":"https:\/\/dualar.com\/nl\/wp-json\/wp\/v2\/posts\/6809\/revisions\/6811"}],"wp:featuredmedia":[{"embeddable":true,"href":"https:\/\/dualar.com\/nl\/wp-json\/wp\/v2\/media\/6810"}],"wp:attachment":[{"href":"https:\/\/dualar.com\/nl\/wp-json\/wp\/v2\/media?parent=6809"}],"wp:term":[{"taxonomy":"category","embeddable":true,"href":"https:\/\/dualar.com\/nl\/wp-json\/wp\/v2\/categories?post=6809"},{"taxonomy":"post_tag","embeddable":true,"href":"https:\/\/dualar.com\/nl\/wp-json\/wp\/v2\/tags?post=6809"}],"curies":[{"name":"wp","href":"https:\/\/api.w.org\/{rel}","templated":true}]}}